{"id":72285,"date":"2020-04-07T09:50:07","date_gmt":"2020-04-07T08:50:07","guid":{"rendered":"https:\/\/www.colt.net\/?p=72285"},"modified":"2020-05-29T18:45:57","modified_gmt":"2020-05-29T17:45:57","slug":"covid-19-limpegno-di-colt-per-le-proprie-persone","status":"publish","type":"post","link":"https:\/\/legacy.colt.net\/it\/resources\/covid-19-limpegno-di-colt-per-le-proprie-persone\/","title":{"rendered":"L\u2019impegno di Colt per le proprie persone nel corso della pandemia di Covid-19"},"content":{"rendered":"<p>Come ha recentemente scritto il CEO di Colt, <a href=\"https:\/\/legacy.colt.net\/it\/resources\/lettera-dal-nostro-ceo-su-covid-19\/\">sono giorni di incertezza e preoccupazione senza precedenti.<\/a><\/p>\n<p>Come per molte altre aziende, non c\u2019\u00e8 ufficio o collega che non sia condizionato dalla diffusione del virus Covid-19 e dalle misure che l\u2019emergenza ci sta costringendo ad adottare.<\/p>\n<p>Sappiamo che <strong>le nostre persone sono la risorsa pi\u00f9 preziosa<\/strong> e nelle ultime settimane, con l\u2019evolversi della situazione, ogni decisione che abbiamo preso ha posto al centro la loro salute e protezione.<\/p>\n<p>Dall\u2019inizio della pandemia, abbiamo monitorato continuamente la situazione e attraverso molteplici email, news sulla intranet e teleconferenze settimanali, abbiamo condiviso gli aggiornamenti e <strong>le misure che stiamo mettendo in atto per supportare i dipendenti in questo momento cos\u00ec difficile<\/strong>, nel rispetto delle disposizioni Governative e delle Autorit\u00e0 Sanitarie e in coerenza con le linee guida del Gruppo.<\/p>\n<p>Le nostre risorse hanno lavorato 24 ore su 24 per garantire che i nostri clienti fossero preparati ad affrontare le sfide poste dall\u2019improvvisa digitalizzazione e noi, come Leadership Team, volevamo essere al loro fianco. A tal proposito, vogliamo condividere gli impegni che stiamo portando avanti per gli oltre 5.000 dipendenti di Colt.<\/p>\n<ul>\n<li><strong>Congedo per malattia<\/strong><\/li>\n<\/ul>\n<p>Colt, al livello globale garantir\u00e0 un minimo di 90 giorni di congedo per malattia completamente retribuito per tutti i colleghi che hanno contratto il virus Covid-19. In Italia verr\u00e0 applicato il CCNL che prevede condizioni migliorative.<\/p>\n<ul>\n<li><strong>Ferie e stipendi <\/strong><\/li>\n<\/ul>\n<p>Non \u00e8 stata imposta alcuna fruizione di ferie ma anzi, \u00e8 stata data la possibilit\u00e0 ai dipendenti di usufruirne in futuro, in base alle loro esigenze personali e familiari. Inoltre, l\u2019azienda non ha fatto ricorso agli ammortizzatori sociali previsti dal decreto Cura Italia pagando quindi regolarmente gli stipendi. Allo stesso modo, nel mese di marzo, sono stati pagati bonus dal 100 al 120% per chi ha raggiunto gli obiettivi 2019. Anche la salary review annuale, \u00e8 stata processata secondo i piani iniziali con effetto dal primo aprile, nonostante lo stato di pandemia fosse gi\u00e0 conclamato.<\/p>\n<ul>\n<li><strong>Safe Workspace Allowance<\/strong><\/li>\n<\/ul>\n<p>I nostri dipendenti potranno richiedere il rimborso fino a 226 \u20ac (valore valido per l\u2019Italia) per l\u2019acquisto di strumenti necessari a creare un ambiente di lavoro sicuro e confortevole a casa.<\/p>\n<ul>\n<li><strong>Fondo di assistenza speciale<\/strong><\/li>\n<\/ul>\n<p>Colt ha stanziato 250.000 \u20ac per aiutare i dipendenti che potrebbero avere difficolt\u00e0 finanziarie in questo periodo.<\/p>\n<ul>\n<li><strong>Assicurazione sanitaria integrativa<\/strong><\/li>\n<\/ul>\n<p>Colt Italia ha stipulato una polizza assicurativa a favore dei dipendenti dell\u2019azienda, inclusi coloro che hanno un contratto a tempo determinato, a copertura di un pacchetto di prestazioni assistenziali a seguito di diagnosi dell\u2019infezione Covid 19.<\/p>\n<p>&nbsp;<\/p>\n<p>Siamo orgogliosi di poter offrire queste misure a tutti i dipendenti e sentiamo il dovere di farlo perch\u00e9 sappiamo di essere, come azienda, in una posizione solida e quindi privilegiata. Continueremo a valutare la possibilit\u00e0 di promuovere ulteriori iniziative man mano che la situazione evolve.<\/p>\n<p>Tuttavia, \u00e8 anche doveroso pensare alle sfide che il sistema sanitario nazionale sta affrontando, in particolare nelle zone pi\u00f9 colpite dalla malattia. Per questo, con il team di <strong><a href=\"https:\/\/buonacausa.org\/cause\/coltcovid19\">Corporate Social Responsibility italiano, abbiamo predisposto una raccolta fondi, i cui proventi saranno destinati agli ospedali di Bergamo Est<\/a> (Seriate, Alzano Lombardo, Gazzaniga, Piario, Lovere, Trescore e Sarnico) per l\u2019acquisto di materiali utili a far fronte all\u2019emergenza.<\/strong> Inoltre, in occasione del raggiungimento degli obiettivi trimestrali di Colt, abbiamo donato la cena con pizze e cannoli siciliani ai medici ed operatori sanitari dell\u2019<strong>Ospedale Sacco di Milano<\/strong>, al fine di ringraziarli per quanto stanno facendo per tutti noi.<\/p>\n<p><strong>Cura quindi delle nostre persone, ma cura anche della comunit\u00e0 intorno a Colt<\/strong>, con l\u2019auspicio che questo periodo di incertezza possa presto concludersi.<\/p>\n<p>Monitoreremo attentamente la situazione e terremo informate tutte le persone perch\u00e9 ora sappiamo pi\u00f9 che mai che essere interconnessi pu\u00f2 fare la differenza: \u201cconnectivity matters\u201d.<\/p>\n<p><em>Flora Lombardo \u2013 HR Manager Colt Italia<\/em><\/p>\n","protected":false},"excerpt":{"rendered":"<p>Come ha recentemente scritto il CEO di Colt, sono giorni di incertezza e preoccupazione senza precedenti. Come per molte altre aziende, non c\u2019\u00e8 ufficio o collega che non sia condizionato dalla diffusione del virus Covid-19 e dalle misure che l\u2019emergenza ci sta costringendo ad adottare. Sappiamo che le nostre persone sono la risorsa pi\u00f9 preziosa&#8230;<\/p>\n","protected":false},"author":2,"featured_media":75275,"comment_status":"closed","ping_status":"closed","sticky":false,"template":"","format":"standard","meta":{"_acf_changed":false,"footnotes":""},"colt_type":[1171],"colt_ind":[1210,1251],"colt_products":[],"colt_solutions":[],"class_list":["post-72285","post","type-post","status-publish","format-standard","has-post-thumbnail","hentry","colt_type-blog-it","colt_ind-business-it","colt_ind-technology-it"],"acf":[],"yoast_head":"<!-- This site is optimized with the Yoast SEO plugin v26.8 - https:\/\/yoast.com\/product\/yoast-seo-wordpress\/ -->\n<title>Covid-19: l&#039;impegno di Colt per le proprie persone<\/title>\n<meta name=\"description\" content=\"Sono giorni di incertezza e preoccupazione senza precedenti per le nostre persone a causa della diffusione del virus Covid-19.\" \/>\n<meta name=\"robots\" content=\"noindex, follow, max-snippet:-1, max-image-preview:large, max-video-preview:-1\" \/>\n<meta property=\"og:locale\" content=\"it_IT\" \/>\n<meta property=\"og:type\" content=\"article\" \/>\n<meta property=\"og:title\" content=\"Covid-19: l&#039;impegno di Colt per le proprie persone\" \/>\n<meta property=\"og:description\" content=\"Sono giorni di incertezza e preoccupazione senza precedenti per le nostre persone a causa della diffusione del virus Covid-19.\" \/>\n<meta property=\"og:url\" content=\"https:\/\/legacy.colt.net\/it\/resources\/covid-19-limpegno-di-colt-per-le-proprie-persone\/\" \/>\n<meta property=\"og:site_name\" content=\"Colt Technology Services\" \/>\n<meta property=\"article:publisher\" content=\"https:\/\/www.facebook.com\/ColtTechnologyServices\/\" \/>\n<meta property=\"article:published_time\" content=\"2020-04-07T08:50:07+00:00\" \/>\n<meta property=\"article:modified_time\" content=\"2020-05-29T17:45:57+00:00\" \/>\n<meta property=\"og:image\" content=\"https:\/\/legacy.colt.net\/wp-content\/uploads\/2020\/04\/flora_Mar-2016.jpg\" \/>\n\t<meta property=\"og:image:width\" content=\"1280\" \/>\n\t<meta property=\"og:image:height\" content=\"1917\" \/>\n\t<meta property=\"og:image:type\" content=\"image\/jpeg\" \/>\n<meta name=\"author\" content=\"Colt Technology Services\" \/>\n<meta name=\"twitter:card\" content=\"summary_large_image\" \/>\n<meta name=\"twitter:image\" content=\"https:\/\/legacy.colt.net\/wp-content\/uploads\/2020\/04\/flora_Mar-2016.jpg\" \/>\n<meta name=\"twitter:creator\" content=\"@colt_technology\" \/>\n<meta name=\"twitter:site\" content=\"@colt_technology\" \/>\n<meta name=\"twitter:label1\" content=\"Written by\" \/>\n\t<meta name=\"twitter:data1\" content=\"Colt Technology Services\" \/>\n\t<meta name=\"twitter:label2\" content=\"Est. reading time\" \/>\n\t<meta name=\"twitter:data2\" content=\"3 minutes\" \/>\n<script type=\"application\/ld+json\" class=\"yoast-schema-graph\">{\"@context\":\"https:\/\/schema.org\",\"@graph\":[{\"@type\":\"Article\",\"@id\":\"https:\/\/legacy.colt.net\/it\/resources\/covid-19-limpegno-di-colt-per-le-proprie-persone\/#article\",\"isPartOf\":{\"@id\":\"https:\/\/legacy.colt.net\/it\/resources\/covid-19-limpegno-di-colt-per-le-proprie-persone\/\"},\"author\":{\"name\":\"Colt Technology Services\",\"@id\":\"https:\/\/legacy.colt.net\/#\/schema\/person\/09439f92d8793dbc4008ae5e9c2dfcea\"},\"headline\":\"L\u2019impegno di Colt per le proprie persone nel corso della pandemia di Covid-19\",\"datePublished\":\"2020-04-07T08:50:07+00:00\",\"dateModified\":\"2020-05-29T17:45:57+00:00\",\"mainEntityOfPage\":{\"@id\":\"https:\/\/legacy.colt.net\/it\/resources\/covid-19-limpegno-di-colt-per-le-proprie-persone\/\"},\"wordCount\":632,\"publisher\":{\"@id\":\"https:\/\/legacy.colt.net\/#organization\"},\"image\":{\"@id\":\"https:\/\/legacy.colt.net\/it\/resources\/covid-19-limpegno-di-colt-per-le-proprie-persone\/#primaryimage\"},\"thumbnailUrl\":\"https:\/\/legacy.colt.net\/wp-content\/uploads\/2020\/04\/flora_Mar-2016.jpg\",\"inLanguage\":\"it-IT\"},{\"@type\":\"WebPage\",\"@id\":\"https:\/\/legacy.colt.net\/it\/resources\/covid-19-limpegno-di-colt-per-le-proprie-persone\/\",\"url\":\"https:\/\/legacy.colt.net\/it\/resources\/covid-19-limpegno-di-colt-per-le-proprie-persone\/\",\"name\":\"Covid-19: l'impegno di Colt per le proprie persone\",\"isPartOf\":{\"@id\":\"https:\/\/legacy.colt.net\/#website\"},\"primaryImageOfPage\":{\"@id\":\"https:\/\/legacy.colt.net\/it\/resources\/covid-19-limpegno-di-colt-per-le-proprie-persone\/#primaryimage\"},\"image\":{\"@id\":\"https:\/\/legacy.colt.net\/it\/resources\/covid-19-limpegno-di-colt-per-le-proprie-persone\/#primaryimage\"},\"thumbnailUrl\":\"https:\/\/legacy.colt.net\/wp-content\/uploads\/2020\/04\/flora_Mar-2016.jpg\",\"datePublished\":\"2020-04-07T08:50:07+00:00\",\"dateModified\":\"2020-05-29T17:45:57+00:00\",\"description\":\"Sono giorni di incertezza e preoccupazione senza precedenti per le nostre persone a causa della diffusione del virus Covid-19.\",\"breadcrumb\":{\"@id\":\"https:\/\/legacy.colt.net\/it\/resources\/covid-19-limpegno-di-colt-per-le-proprie-persone\/#breadcrumb\"},\"inLanguage\":\"it-IT\",\"potentialAction\":[{\"@type\":\"ReadAction\",\"target\":[\"https:\/\/legacy.colt.net\/it\/resources\/covid-19-limpegno-di-colt-per-le-proprie-persone\/\"]}]},{\"@type\":\"ImageObject\",\"inLanguage\":\"it-IT\",\"@id\":\"https:\/\/legacy.colt.net\/it\/resources\/covid-19-limpegno-di-colt-per-le-proprie-persone\/#primaryimage\",\"url\":\"https:\/\/legacy.colt.net\/wp-content\/uploads\/2020\/04\/flora_Mar-2016.jpg\",\"contentUrl\":\"https:\/\/legacy.colt.net\/wp-content\/uploads\/2020\/04\/flora_Mar-2016.jpg\",\"width\":1280,\"height\":1917,\"caption\":\"Flora Lombardo Colt Italia HR Manager\"},{\"@type\":\"BreadcrumbList\",\"@id\":\"https:\/\/legacy.colt.net\/it\/resources\/covid-19-limpegno-di-colt-per-le-proprie-persone\/#breadcrumb\",\"itemListElement\":[{\"@type\":\"ListItem\",\"position\":1,\"name\":\"Home\",\"item\":\"https:\/\/legacy.colt.net\/it\/\"},{\"@type\":\"ListItem\",\"position\":2,\"name\":\"Blogs\",\"item\":\"https:\/\/legacy.colt.net\/it\/resources\/type\/blog-it\/\"},{\"@type\":\"ListItem\",\"position\":3,\"name\":\"L\u2019impegno di Colt per le proprie persone nel corso della pandemia di Covid-19\"}]},{\"@type\":\"WebSite\",\"@id\":\"https:\/\/legacy.colt.net\/#website\",\"url\":\"https:\/\/legacy.colt.net\/\",\"name\":\"Colt\u30c6\u30af\u30ce\u30ed\u30b8\u30fc\u30b5\u30fc\u30d3\u30b9\u682a\u5f0f\u4f1a\u793e\",\"description\":\"Managed Network &amp; Voice Services Provider\",\"publisher\":{\"@id\":\"https:\/\/legacy.colt.net\/#organization\"},\"potentialAction\":[{\"@type\":\"SearchAction\",\"target\":{\"@type\":\"EntryPoint\",\"urlTemplate\":\"https:\/\/legacy.colt.net\/?s={search_term_string}\"},\"query-input\":{\"@type\":\"PropertyValueSpecification\",\"valueRequired\":true,\"valueName\":\"search_term_string\"}}],\"inLanguage\":\"it-IT\"},{\"@type\":\"Organization\",\"@id\":\"https:\/\/legacy.colt.net\/#organization\",\"name\":\"Colt Technology Services\",\"url\":\"https:\/\/legacy.colt.net\/\",\"logo\":{\"@type\":\"ImageObject\",\"inLanguage\":\"it-IT\",\"@id\":\"https:\/\/legacy.colt.net\/#\/schema\/logo\/image\/\",\"url\":\"https:\/\/legacy.colt.net\/wp-content\/uploads\/2019\/02\/Colt-Logo.png\",\"contentUrl\":\"https:\/\/legacy.colt.net\/wp-content\/uploads\/2019\/02\/Colt-Logo.png\",\"width\":195,\"height\":77,\"caption\":\"Colt Technology Services\"},\"image\":{\"@id\":\"https:\/\/legacy.colt.net\/#\/schema\/logo\/image\/\"},\"sameAs\":[\"https:\/\/www.facebook.com\/ColtTechnologyServices\/\",\"https:\/\/x.com\/colt_technology\",\"https:\/\/www.instagram.com\/colttechnologyservices\/\",\"https:\/\/www.linkedin.com\/company\/colt-technology-services\",\"https:\/\/www.youtube.com\/user\/ColtTechnology\"]},{\"@type\":\"Person\",\"@id\":\"https:\/\/legacy.colt.net\/#\/schema\/person\/09439f92d8793dbc4008ae5e9c2dfcea\",\"name\":\"Colt Technology Services\",\"image\":{\"@type\":\"ImageObject\",\"inLanguage\":\"it-IT\",\"@id\":\"https:\/\/legacy.colt.net\/#\/schema\/person\/image\/\",\"url\":\"https:\/\/secure.gravatar.com\/avatar\/6b9a881ba14db66fdade203b02c05780e2538ba69b96f23bf61453fb9bbaabba?s=96&d=mm&r=g\",\"contentUrl\":\"https:\/\/secure.gravatar.com\/avatar\/6b9a881ba14db66fdade203b02c05780e2538ba69b96f23bf61453fb9bbaabba?s=96&d=mm&r=g\",\"caption\":\"Colt Technology Services\"},\"description\":\"As an industry-leading global digital infrastructure company, Colt helps businesses succeed by creating extraordinary connections. Powered by amazing people, like-minded partners and innovative technology, Colt is driven by its purpose: to put the power of the digital universe in the hands of its customers \u2013 whenever, wherever and however they want.\",\"url\":\"https:\/\/legacy.colt.net\/it\/resources\/author\/colt\/\"}]}<\/script>\n<!-- \/ Yoast SEO plugin. -->","yoast_head_json":{"title":"Covid-19: l'impegno di Colt per le proprie persone","description":"Sono giorni di incertezza e preoccupazione senza precedenti per le nostre persone a causa della diffusione del virus Covid-19.","robots":{"index":"noindex","follow":"follow","max-snippet":"max-snippet:-1","max-image-preview":"max-image-preview:large","max-video-preview":"max-video-preview:-1"},"og_locale":"it_IT","og_type":"article","og_title":"Covid-19: l'impegno di Colt per le proprie persone","og_description":"Sono giorni di incertezza e preoccupazione senza precedenti per le nostre persone a causa della diffusione del virus Covid-19.","og_url":"https:\/\/legacy.colt.net\/it\/resources\/covid-19-limpegno-di-colt-per-le-proprie-persone\/","og_site_name":"Colt Technology Services","article_publisher":"https:\/\/www.facebook.com\/ColtTechnologyServices\/","article_published_time":"2020-04-07T08:50:07+00:00","article_modified_time":"2020-05-29T17:45:57+00:00","og_image":[{"width":1280,"height":1917,"url":"https:\/\/legacy.colt.net\/wp-content\/uploads\/2020\/04\/flora_Mar-2016.jpg","type":"image\/jpeg"}],"author":"Colt Technology Services","twitter_card":"summary_large_image","twitter_image":"https:\/\/legacy.colt.net\/wp-content\/uploads\/2020\/04\/flora_Mar-2016.jpg","twitter_creator":"@colt_technology","twitter_site":"@colt_technology","twitter_misc":{"Written by":"Colt Technology Services","Est. reading time":"3 minutes"},"schema":{"@context":"https:\/\/schema.org","@graph":[{"@type":"Article","@id":"https:\/\/legacy.colt.net\/it\/resources\/covid-19-limpegno-di-colt-per-le-proprie-persone\/#article","isPartOf":{"@id":"https:\/\/legacy.colt.net\/it\/resources\/covid-19-limpegno-di-colt-per-le-proprie-persone\/"},"author":{"name":"Colt Technology Services","@id":"https:\/\/legacy.colt.net\/#\/schema\/person\/09439f92d8793dbc4008ae5e9c2dfcea"},"headline":"L\u2019impegno di Colt per le proprie persone nel corso della pandemia di Covid-19","datePublished":"2020-04-07T08:50:07+00:00","dateModified":"2020-05-29T17:45:57+00:00","mainEntityOfPage":{"@id":"https:\/\/legacy.colt.net\/it\/resources\/covid-19-limpegno-di-colt-per-le-proprie-persone\/"},"wordCount":632,"publisher":{"@id":"https:\/\/legacy.colt.net\/#organization"},"image":{"@id":"https:\/\/legacy.colt.net\/it\/resources\/covid-19-limpegno-di-colt-per-le-proprie-persone\/#primaryimage"},"thumbnailUrl":"https:\/\/legacy.colt.net\/wp-content\/uploads\/2020\/04\/flora_Mar-2016.jpg","inLanguage":"it-IT"},{"@type":"WebPage","@id":"https:\/\/legacy.colt.net\/it\/resources\/covid-19-limpegno-di-colt-per-le-proprie-persone\/","url":"https:\/\/legacy.colt.net\/it\/resources\/covid-19-limpegno-di-colt-per-le-proprie-persone\/","name":"Covid-19: l'impegno di Colt per le proprie persone","isPartOf":{"@id":"https:\/\/legacy.colt.net\/#website"},"primaryImageOfPage":{"@id":"https:\/\/legacy.colt.net\/it\/resources\/covid-19-limpegno-di-colt-per-le-proprie-persone\/#primaryimage"},"image":{"@id":"https:\/\/legacy.colt.net\/it\/resources\/covid-19-limpegno-di-colt-per-le-proprie-persone\/#primaryimage"},"thumbnailUrl":"https:\/\/legacy.colt.net\/wp-content\/uploads\/2020\/04\/flora_Mar-2016.jpg","datePublished":"2020-04-07T08:50:07+00:00","dateModified":"2020-05-29T17:45:57+00:00","description":"Sono giorni di incertezza e preoccupazione senza precedenti per le nostre persone a causa della diffusione del virus Covid-19.","breadcrumb":{"@id":"https:\/\/legacy.colt.net\/it\/resources\/covid-19-limpegno-di-colt-per-le-proprie-persone\/#breadcrumb"},"inLanguage":"it-IT","potentialAction":[{"@type":"ReadAction","target":["https:\/\/legacy.colt.net\/it\/resources\/covid-19-limpegno-di-colt-per-le-proprie-persone\/"]}]},{"@type":"ImageObject","inLanguage":"it-IT","@id":"https:\/\/legacy.colt.net\/it\/resources\/covid-19-limpegno-di-colt-per-le-proprie-persone\/#primaryimage","url":"https:\/\/legacy.colt.net\/wp-content\/uploads\/2020\/04\/flora_Mar-2016.jpg","contentUrl":"https:\/\/legacy.colt.net\/wp-content\/uploads\/2020\/04\/flora_Mar-2016.jpg","width":1280,"height":1917,"caption":"Flora Lombardo Colt Italia HR Manager"},{"@type":"BreadcrumbList","@id":"https:\/\/legacy.colt.net\/it\/resources\/covid-19-limpegno-di-colt-per-le-proprie-persone\/#breadcrumb","itemListElement":[{"@type":"ListItem","position":1,"name":"Home","item":"https:\/\/legacy.colt.net\/it\/"},{"@type":"ListItem","position":2,"name":"Blogs","item":"https:\/\/legacy.colt.net\/it\/resources\/type\/blog-it\/"},{"@type":"ListItem","position":3,"name":"L\u2019impegno di Colt per le proprie persone nel corso della pandemia di Covid-19"}]},{"@type":"WebSite","@id":"https:\/\/legacy.colt.net\/#website","url":"https:\/\/legacy.colt.net\/","name":"Colt\u30c6\u30af\u30ce\u30ed\u30b8\u30fc\u30b5\u30fc\u30d3\u30b9\u682a\u5f0f\u4f1a\u793e","description":"Managed Network &amp; Voice Services Provider","publisher":{"@id":"https:\/\/legacy.colt.net\/#organization"},"potentialAction":[{"@type":"SearchAction","target":{"@type":"EntryPoint","urlTemplate":"https:\/\/legacy.colt.net\/?s={search_term_string}"},"query-input":{"@type":"PropertyValueSpecification","valueRequired":true,"valueName":"search_term_string"}}],"inLanguage":"it-IT"},{"@type":"Organization","@id":"https:\/\/legacy.colt.net\/#organization","name":"Colt Technology Services","url":"https:\/\/legacy.colt.net\/","logo":{"@type":"ImageObject","inLanguage":"it-IT","@id":"https:\/\/legacy.colt.net\/#\/schema\/logo\/image\/","url":"https:\/\/legacy.colt.net\/wp-content\/uploads\/2019\/02\/Colt-Logo.png","contentUrl":"https:\/\/legacy.colt.net\/wp-content\/uploads\/2019\/02\/Colt-Logo.png","width":195,"height":77,"caption":"Colt Technology Services"},"image":{"@id":"https:\/\/legacy.colt.net\/#\/schema\/logo\/image\/"},"sameAs":["https:\/\/www.facebook.com\/ColtTechnologyServices\/","https:\/\/x.com\/colt_technology","https:\/\/www.instagram.com\/colttechnologyservices\/","https:\/\/www.linkedin.com\/company\/colt-technology-services","https:\/\/www.youtube.com\/user\/ColtTechnology"]},{"@type":"Person","@id":"https:\/\/legacy.colt.net\/#\/schema\/person\/09439f92d8793dbc4008ae5e9c2dfcea","name":"Colt Technology Services","image":{"@type":"ImageObject","inLanguage":"it-IT","@id":"https:\/\/legacy.colt.net\/#\/schema\/person\/image\/","url":"https:\/\/secure.gravatar.com\/avatar\/6b9a881ba14db66fdade203b02c05780e2538ba69b96f23bf61453fb9bbaabba?s=96&d=mm&r=g","contentUrl":"https:\/\/secure.gravatar.com\/avatar\/6b9a881ba14db66fdade203b02c05780e2538ba69b96f23bf61453fb9bbaabba?s=96&d=mm&r=g","caption":"Colt Technology Services"},"description":"As an industry-leading global digital infrastructure company, Colt helps businesses succeed by creating extraordinary connections. Powered by amazing people, like-minded partners and innovative technology, Colt is driven by its purpose: to put the power of the digital universe in the hands of its customers \u2013 whenever, wherever and however they want.","url":"https:\/\/legacy.colt.net\/it\/resources\/author\/colt\/"}]}},"_links":{"self":[{"href":"https:\/\/legacy.colt.net\/it\/wp-json\/wp\/v2\/posts\/72285","targetHints":{"allow":["GET"]}}],"collection":[{"href":"https:\/\/legacy.colt.net\/it\/wp-json\/wp\/v2\/posts"}],"about":[{"href":"https:\/\/legacy.colt.net\/it\/wp-json\/wp\/v2\/types\/post"}],"author":[{"embeddable":true,"href":"https:\/\/legacy.colt.net\/it\/wp-json\/wp\/v2\/users\/2"}],"replies":[{"embeddable":true,"href":"https:\/\/legacy.colt.net\/it\/wp-json\/wp\/v2\/comments?post=72285"}],"version-history":[{"count":0,"href":"https:\/\/legacy.colt.net\/it\/wp-json\/wp\/v2\/posts\/72285\/revisions"}],"wp:featuredmedia":[{"embeddable":true,"href":"https:\/\/legacy.colt.net\/it\/wp-json\/wp\/v2\/media\/75275"}],"wp:attachment":[{"href":"https:\/\/legacy.colt.net\/it\/wp-json\/wp\/v2\/media?parent=72285"}],"wp:term":[{"taxonomy":"colt_type","embeddable":true,"href":"https:\/\/legacy.colt.net\/it\/wp-json\/wp\/v2\/colt_type?post=72285"},{"taxonomy":"colt_ind","embeddable":true,"href":"https:\/\/legacy.colt.net\/it\/wp-json\/wp\/v2\/colt_ind?post=72285"},{"taxonomy":"colt_products","embeddable":true,"href":"https:\/\/legacy.colt.net\/it\/wp-json\/wp\/v2\/colt_products?post=72285"},{"taxonomy":"colt_solutions","embeddable":true,"href":"https:\/\/legacy.colt.net\/it\/wp-json\/wp\/v2\/colt_solutions?post=72285"}],"curies":[{"name":"wp","href":"https:\/\/api.w.org\/{rel}","templated":true}]}}