{"id":65866,"date":"2019-11-20T12:47:06","date_gmt":"2019-11-20T12:47:06","guid":{"rendered":"https:\/\/www.colt.net\/?p=65866"},"modified":"2019-11-20T13:23:23","modified_gmt":"2019-11-20T13:23:23","slug":"colt-inaugura-i-nuovi-uffici-a-milano","status":"publish","type":"post","link":"https:\/\/legacy.colt.net\/it\/resources\/colt-inaugura-i-nuovi-uffici-a-milano\/","title":{"rendered":"Colt inaugura i nuovi uffici a Milano"},"content":{"rendered":"<p><em>L\u2019azienda leader nell\u2019abilitare la trasformazione digitale delle aziende celebra il fattore umano come una delle chiavi del successo della sua strategia a lungo termine.<\/em><\/p>\n<p><em>\u00a0<\/em><strong>Milano, 20 Novembre 2019<\/strong> \u2013 <a href=\"https:\/\/legacy.colt.net\">Colt Technology Services<\/a> inaugura oggi i nuovi uffici a Milano in Viale Lancetti 23. Per l\u2019azienda si tratta di un\u2019ulteriore occasione per dimostrare come, nonostante operi in un ambito altamente tecnologico, il <strong>fattore umano<\/strong> rimanga l\u2019elemento discriminante di una storia di successo, il vero vantaggio competitivo nei confronti della concorrenza.<\/p>\n<p><strong>Flessibilit\u00e0<\/strong> \u00e8 una delle parole chiave in Colt, applicata tanto nelle soluzioni tecnologiche offerte, come la pioneristica fornitura di servizi On-Demand, finalizzati a garantire alla clientela business la massima flessibilit\u00e0 di banda, quanto nell\u2019approccio con i dipendenti, ai quali vengono garantite condizioni di lavoro ottimali, capaci di offrire un migliore bilanciamento tra vita lavorativa e vita privata.<\/p>\n<p>Lo <strong>smart-working<\/strong> viene infatti applicato nella sua accezione pi\u00f9 ampia: si tratta della possibilit\u00e0 per le persone di riorientare il proprio modo di lavorare, beneficiando di una maggiore libert\u00e0 basata sulla reciproca fiducia, la collaborazione e la comunicazione di intenti e obiettivi. Al centro dell\u2019attivit\u00e0 di Colt rimane sempre la <strong>soddisfazione del Cliente<\/strong>, raggiunta attraverso la capacit\u00e0 di offrire ulteriore valore al Cliente, lavorando meglio in teamwork.<\/p>\n<p>\u201cIn Colt il nostro impegno \u00e8 volto a dare forma al mondo che ci piace immaginare, &#8211; spiega Mimmo Zappi, Country Manager e Enterprise Sales Director South Region e US di Colt \u2013 e pensiamo che la <strong>connettivit\u00e0<\/strong> e la capacit\u00e0 delle persone di essere interconnesse, siano fondamentali per il raggiungimento di questo obiettivo. In un mondo in cui l\u2019innovazione guida le nostre scelte e spesso procedure codificate governano il modus operandi, sono le persone a fare la differenza. E\u2019 quindi importante avere cura dei dipendenti, in quanto ci\u00f2 significa che essi avranno ancora pi\u00f9 cura dei nostri Clienti: per questo in Colt stiamo migliorando il nostro sistema di welfare aziendale e abbiamo recentemente adottato ulteriori misure a sostegno della maternit\u00e0 e del <em>childcare<\/em>, programmi di mentoring e di formazione continua, ed attivit\u00e0 volte a migliorare la Corporate Social Responsibility.\u201d<\/p>\n<p>Uno dei prossimi obbiettivi per Colt Italia \u00e8 raggiungere entro il 2021 il 30% di quote rosa, in particolare in ruoli manageriali e strategici.<\/p>\n<p>&nbsp;<\/p>\n<p><strong>Contatti per la stampa<\/strong>:<\/p>\n<p>Archetype<\/p>\n<p>Piazzale Principessa Clotilde, 8 \u2013 20121, Milano, Italy<\/p>\n<p>Luisella Lucchini\/Amelia Marino\/Camilla Tomadini<\/p>\n<p>E-mail: milancolt@archetype.co<\/p>\n","protected":false},"excerpt":{"rendered":"<p>L\u2019azienda leader nell\u2019abilitare la trasformazione digitale delle aziende celebra il fattore umano come una delle chiavi del successo della sua strategia a lungo termine. \u00a0Milano, 20 Novembre 2019 \u2013 Colt Technology Services inaugura oggi i nuovi uffici a Milano in Viale Lancetti 23. Per l\u2019azienda si tratta di un\u2019ulteriore occasione per dimostrare come, nonostante operi&#8230;<\/p>\n","protected":false},"author":46,"featured_media":65867,"comment_status":"closed","ping_status":"closed","sticky":false,"template":"","format":"standard","meta":{"_acf_changed":false,"footnotes":""},"colt_type":[1171,1182],"colt_ind":[1210,1251],"colt_products":[1262],"colt_solutions":[],"class_list":["post-65866","post","type-post","status-publish","format-standard","has-post-thumbnail","hentry","colt_type-blog-it","colt_type-news-it","colt_ind-business-it","colt_ind-technology-it","colt_products-business-connect-it"],"acf":[],"yoast_head":"<!-- This site is optimized with the Yoast SEO plugin v26.8 - https:\/\/yoast.com\/product\/yoast-seo-wordpress\/ -->\n<title>Colt inaugura i nuovi uffici a Milano e celebra le persone<\/title>\n<meta name=\"description\" content=\"L\u2019azienda leader nell\u2019abilitare la trasformazione digitale delle aziende celebra il fattore umano come una delle chiavi del successo della sua strategia.\" \/>\n<meta name=\"robots\" content=\"noindex, follow, max-snippet:-1, max-image-preview:large, max-video-preview:-1\" \/>\n<meta property=\"og:locale\" content=\"it_IT\" \/>\n<meta property=\"og:type\" content=\"article\" \/>\n<meta property=\"og:title\" content=\"Colt inaugura i nuovi uffici a Milano e celebra le persone\" \/>\n<meta property=\"og:description\" content=\"L\u2019azienda leader nell\u2019abilitare la trasformazione digitale delle aziende celebra il fattore umano come una delle chiavi del successo della sua strategia.\" \/>\n<meta property=\"og:url\" content=\"https:\/\/legacy.colt.net\/it\/resources\/colt-inaugura-i-nuovi-uffici-a-milano\/\" \/>\n<meta property=\"og:site_name\" content=\"Colt Technology Services\" \/>\n<meta property=\"article:publisher\" content=\"https:\/\/www.facebook.com\/ColtTechnologyServices\/\" \/>\n<meta property=\"article:published_time\" content=\"2019-11-20T12:47:06+00:00\" \/>\n<meta property=\"article:modified_time\" content=\"2019-11-20T13:23:23+00:00\" \/>\n<meta property=\"og:image\" content=\"https:\/\/legacy.colt.net\/wp-content\/uploads\/2019\/11\/Colt-Milan-Reception_L.png\" \/>\n\t<meta property=\"og:image:width\" content=\"1024\" \/>\n\t<meta property=\"og:image:height\" content=\"680\" \/>\n\t<meta property=\"og:image:type\" content=\"image\/png\" \/>\n<meta name=\"author\" content=\"Lavinia Danisi\" \/>\n<meta name=\"twitter:card\" content=\"summary_large_image\" \/>\n<meta name=\"twitter:image\" content=\"https:\/\/legacy.colt.net\/wp-content\/uploads\/2019\/11\/Colt-Milan-Reception_L.png\" \/>\n<meta name=\"twitter:creator\" content=\"@colt_technology\" \/>\n<meta name=\"twitter:site\" content=\"@colt_technology\" \/>\n<meta name=\"twitter:label1\" content=\"Written by\" \/>\n\t<meta name=\"twitter:data1\" content=\"Lavinia Danisi\" \/>\n\t<meta name=\"twitter:label2\" content=\"Est. reading time\" \/>\n\t<meta name=\"twitter:data2\" content=\"2 minutes\" \/>\n<script type=\"application\/ld+json\" class=\"yoast-schema-graph\">{\"@context\":\"https:\/\/schema.org\",\"@graph\":[{\"@type\":\"Article\",\"@id\":\"https:\/\/legacy.colt.net\/it\/resources\/colt-inaugura-i-nuovi-uffici-a-milano\/#article\",\"isPartOf\":{\"@id\":\"https:\/\/legacy.colt.net\/it\/resources\/colt-inaugura-i-nuovi-uffici-a-milano\/\"},\"author\":{\"name\":\"Lavinia Danisi\",\"@id\":\"https:\/\/legacy.colt.net\/#\/schema\/person\/9575186f578f97829b7bafa1eb019800\"},\"headline\":\"Colt inaugura i nuovi uffici a Milano\",\"datePublished\":\"2019-11-20T12:47:06+00:00\",\"dateModified\":\"2019-11-20T13:23:23+00:00\",\"mainEntityOfPage\":{\"@id\":\"https:\/\/legacy.colt.net\/it\/resources\/colt-inaugura-i-nuovi-uffici-a-milano\/\"},\"wordCount\":393,\"publisher\":{\"@id\":\"https:\/\/legacy.colt.net\/#organization\"},\"image\":{\"@id\":\"https:\/\/legacy.colt.net\/it\/resources\/colt-inaugura-i-nuovi-uffici-a-milano\/#primaryimage\"},\"thumbnailUrl\":\"https:\/\/legacy.colt.net\/wp-content\/uploads\/2019\/11\/Colt-Milan-Reception_L.png\",\"inLanguage\":\"it-IT\"},{\"@type\":\"WebPage\",\"@id\":\"https:\/\/legacy.colt.net\/it\/resources\/colt-inaugura-i-nuovi-uffici-a-milano\/\",\"url\":\"https:\/\/legacy.colt.net\/it\/resources\/colt-inaugura-i-nuovi-uffici-a-milano\/\",\"name\":\"Colt inaugura i nuovi uffici a Milano e celebra le persone\",\"isPartOf\":{\"@id\":\"https:\/\/legacy.colt.net\/#website\"},\"primaryImageOfPage\":{\"@id\":\"https:\/\/legacy.colt.net\/it\/resources\/colt-inaugura-i-nuovi-uffici-a-milano\/#primaryimage\"},\"image\":{\"@id\":\"https:\/\/legacy.colt.net\/it\/resources\/colt-inaugura-i-nuovi-uffici-a-milano\/#primaryimage\"},\"thumbnailUrl\":\"https:\/\/legacy.colt.net\/wp-content\/uploads\/2019\/11\/Colt-Milan-Reception_L.png\",\"datePublished\":\"2019-11-20T12:47:06+00:00\",\"dateModified\":\"2019-11-20T13:23:23+00:00\",\"description\":\"L\u2019azienda leader nell\u2019abilitare la trasformazione digitale delle aziende celebra il fattore umano come una delle chiavi del successo della sua strategia.\",\"breadcrumb\":{\"@id\":\"https:\/\/legacy.colt.net\/it\/resources\/colt-inaugura-i-nuovi-uffici-a-milano\/#breadcrumb\"},\"inLanguage\":\"it-IT\",\"potentialAction\":[{\"@type\":\"ReadAction\",\"target\":[\"https:\/\/legacy.colt.net\/it\/resources\/colt-inaugura-i-nuovi-uffici-a-milano\/\"]}]},{\"@type\":\"ImageObject\",\"inLanguage\":\"it-IT\",\"@id\":\"https:\/\/legacy.colt.net\/it\/resources\/colt-inaugura-i-nuovi-uffici-a-milano\/#primaryimage\",\"url\":\"https:\/\/legacy.colt.net\/wp-content\/uploads\/2019\/11\/Colt-Milan-Reception_L.png\",\"contentUrl\":\"https:\/\/legacy.colt.net\/wp-content\/uploads\/2019\/11\/Colt-Milan-Reception_L.png\",\"width\":3789,\"height\":2517},{\"@type\":\"BreadcrumbList\",\"@id\":\"https:\/\/legacy.colt.net\/it\/resources\/colt-inaugura-i-nuovi-uffici-a-milano\/#breadcrumb\",\"itemListElement\":[{\"@type\":\"ListItem\",\"position\":1,\"name\":\"Home\",\"item\":\"https:\/\/legacy.colt.net\/it\/\"},{\"@type\":\"ListItem\",\"position\":2,\"name\":\"Blogs\",\"item\":\"https:\/\/legacy.colt.net\/it\/resources\/type\/blog-it\/\"},{\"@type\":\"ListItem\",\"position\":3,\"name\":\"Colt inaugura i nuovi uffici a Milano\"}]},{\"@type\":\"WebSite\",\"@id\":\"https:\/\/legacy.colt.net\/#website\",\"url\":\"https:\/\/legacy.colt.net\/\",\"name\":\"Colt\u30c6\u30af\u30ce\u30ed\u30b8\u30fc\u30b5\u30fc\u30d3\u30b9\u682a\u5f0f\u4f1a\u793e\",\"description\":\"Managed Network &amp; Voice Services Provider\",\"publisher\":{\"@id\":\"https:\/\/legacy.colt.net\/#organization\"},\"potentialAction\":[{\"@type\":\"SearchAction\",\"target\":{\"@type\":\"EntryPoint\",\"urlTemplate\":\"https:\/\/legacy.colt.net\/?s={search_term_string}\"},\"query-input\":{\"@type\":\"PropertyValueSpecification\",\"valueRequired\":true,\"valueName\":\"search_term_string\"}}],\"inLanguage\":\"it-IT\"},{\"@type\":\"Organization\",\"@id\":\"https:\/\/legacy.colt.net\/#organization\",\"name\":\"Colt Technology Services\",\"url\":\"https:\/\/legacy.colt.net\/\",\"logo\":{\"@type\":\"ImageObject\",\"inLanguage\":\"it-IT\",\"@id\":\"https:\/\/legacy.colt.net\/#\/schema\/logo\/image\/\",\"url\":\"https:\/\/legacy.colt.net\/wp-content\/uploads\/2019\/02\/Colt-Logo.png\",\"contentUrl\":\"https:\/\/legacy.colt.net\/wp-content\/uploads\/2019\/02\/Colt-Logo.png\",\"width\":195,\"height\":77,\"caption\":\"Colt Technology Services\"},\"image\":{\"@id\":\"https:\/\/legacy.colt.net\/#\/schema\/logo\/image\/\"},\"sameAs\":[\"https:\/\/www.facebook.com\/ColtTechnologyServices\/\",\"https:\/\/x.com\/colt_technology\",\"https:\/\/www.instagram.com\/colttechnologyservices\/\",\"https:\/\/www.linkedin.com\/company\/colt-technology-services\",\"https:\/\/www.youtube.com\/user\/ColtTechnology\"]},{\"@type\":\"Person\",\"@id\":\"https:\/\/legacy.colt.net\/#\/schema\/person\/9575186f578f97829b7bafa1eb019800\",\"name\":\"Lavinia Danisi\",\"image\":{\"@type\":\"ImageObject\",\"inLanguage\":\"it-IT\",\"@id\":\"https:\/\/legacy.colt.net\/#\/schema\/person\/image\/\",\"url\":\"https:\/\/secure.gravatar.com\/avatar\/1f9a22bb87f0aee8527cddfbb74e8dbc9eed2b86ccd6a82a2f44f308afd45823?s=96&d=mm&r=g\",\"contentUrl\":\"https:\/\/secure.gravatar.com\/avatar\/1f9a22bb87f0aee8527cddfbb74e8dbc9eed2b86ccd6a82a2f44f308afd45823?s=96&d=mm&r=g\",\"caption\":\"Lavinia Danisi\"},\"url\":\"https:\/\/legacy.colt.net\/it\/resources\/author\/laviniadanisi\/\"}]}<\/script>\n<!-- \/ Yoast SEO plugin. -->","yoast_head_json":{"title":"Colt inaugura i nuovi uffici a Milano e celebra le persone","description":"L\u2019azienda leader nell\u2019abilitare la trasformazione digitale delle aziende celebra il fattore umano come una delle chiavi del successo della sua strategia.","robots":{"index":"noindex","follow":"follow","max-snippet":"max-snippet:-1","max-image-preview":"max-image-preview:large","max-video-preview":"max-video-preview:-1"},"og_locale":"it_IT","og_type":"article","og_title":"Colt inaugura i nuovi uffici a Milano e celebra le persone","og_description":"L\u2019azienda leader nell\u2019abilitare la trasformazione digitale delle aziende celebra il fattore umano come una delle chiavi del successo della sua strategia.","og_url":"https:\/\/legacy.colt.net\/it\/resources\/colt-inaugura-i-nuovi-uffici-a-milano\/","og_site_name":"Colt Technology Services","article_publisher":"https:\/\/www.facebook.com\/ColtTechnologyServices\/","article_published_time":"2019-11-20T12:47:06+00:00","article_modified_time":"2019-11-20T13:23:23+00:00","og_image":[{"width":1024,"height":680,"url":"https:\/\/legacy.colt.net\/wp-content\/uploads\/2019\/11\/Colt-Milan-Reception_L.png","type":"image\/png"}],"author":"Lavinia Danisi","twitter_card":"summary_large_image","twitter_image":"https:\/\/legacy.colt.net\/wp-content\/uploads\/2019\/11\/Colt-Milan-Reception_L.png","twitter_creator":"@colt_technology","twitter_site":"@colt_technology","twitter_misc":{"Written by":"Lavinia Danisi","Est. reading time":"2 minutes"},"schema":{"@context":"https:\/\/schema.org","@graph":[{"@type":"Article","@id":"https:\/\/legacy.colt.net\/it\/resources\/colt-inaugura-i-nuovi-uffici-a-milano\/#article","isPartOf":{"@id":"https:\/\/legacy.colt.net\/it\/resources\/colt-inaugura-i-nuovi-uffici-a-milano\/"},"author":{"name":"Lavinia Danisi","@id":"https:\/\/legacy.colt.net\/#\/schema\/person\/9575186f578f97829b7bafa1eb019800"},"headline":"Colt inaugura i nuovi uffici a Milano","datePublished":"2019-11-20T12:47:06+00:00","dateModified":"2019-11-20T13:23:23+00:00","mainEntityOfPage":{"@id":"https:\/\/legacy.colt.net\/it\/resources\/colt-inaugura-i-nuovi-uffici-a-milano\/"},"wordCount":393,"publisher":{"@id":"https:\/\/legacy.colt.net\/#organization"},"image":{"@id":"https:\/\/legacy.colt.net\/it\/resources\/colt-inaugura-i-nuovi-uffici-a-milano\/#primaryimage"},"thumbnailUrl":"https:\/\/legacy.colt.net\/wp-content\/uploads\/2019\/11\/Colt-Milan-Reception_L.png","inLanguage":"it-IT"},{"@type":"WebPage","@id":"https:\/\/legacy.colt.net\/it\/resources\/colt-inaugura-i-nuovi-uffici-a-milano\/","url":"https:\/\/legacy.colt.net\/it\/resources\/colt-inaugura-i-nuovi-uffici-a-milano\/","name":"Colt inaugura i nuovi uffici a Milano e celebra le persone","isPartOf":{"@id":"https:\/\/legacy.colt.net\/#website"},"primaryImageOfPage":{"@id":"https:\/\/legacy.colt.net\/it\/resources\/colt-inaugura-i-nuovi-uffici-a-milano\/#primaryimage"},"image":{"@id":"https:\/\/legacy.colt.net\/it\/resources\/colt-inaugura-i-nuovi-uffici-a-milano\/#primaryimage"},"thumbnailUrl":"https:\/\/legacy.colt.net\/wp-content\/uploads\/2019\/11\/Colt-Milan-Reception_L.png","datePublished":"2019-11-20T12:47:06+00:00","dateModified":"2019-11-20T13:23:23+00:00","description":"L\u2019azienda leader nell\u2019abilitare la trasformazione digitale delle aziende celebra il fattore umano come una delle chiavi del successo della sua strategia.","breadcrumb":{"@id":"https:\/\/legacy.colt.net\/it\/resources\/colt-inaugura-i-nuovi-uffici-a-milano\/#breadcrumb"},"inLanguage":"it-IT","potentialAction":[{"@type":"ReadAction","target":["https:\/\/legacy.colt.net\/it\/resources\/colt-inaugura-i-nuovi-uffici-a-milano\/"]}]},{"@type":"ImageObject","inLanguage":"it-IT","@id":"https:\/\/legacy.colt.net\/it\/resources\/colt-inaugura-i-nuovi-uffici-a-milano\/#primaryimage","url":"https:\/\/legacy.colt.net\/wp-content\/uploads\/2019\/11\/Colt-Milan-Reception_L.png","contentUrl":"https:\/\/legacy.colt.net\/wp-content\/uploads\/2019\/11\/Colt-Milan-Reception_L.png","width":3789,"height":2517},{"@type":"BreadcrumbList","@id":"https:\/\/legacy.colt.net\/it\/resources\/colt-inaugura-i-nuovi-uffici-a-milano\/#breadcrumb","itemListElement":[{"@type":"ListItem","position":1,"name":"Home","item":"https:\/\/legacy.colt.net\/it\/"},{"@type":"ListItem","position":2,"name":"Blogs","item":"https:\/\/legacy.colt.net\/it\/resources\/type\/blog-it\/"},{"@type":"ListItem","position":3,"name":"Colt inaugura i nuovi uffici a Milano"}]},{"@type":"WebSite","@id":"https:\/\/legacy.colt.net\/#website","url":"https:\/\/legacy.colt.net\/","name":"Colt\u30c6\u30af\u30ce\u30ed\u30b8\u30fc\u30b5\u30fc\u30d3\u30b9\u682a\u5f0f\u4f1a\u793e","description":"Managed Network &amp; Voice Services Provider","publisher":{"@id":"https:\/\/legacy.colt.net\/#organization"},"potentialAction":[{"@type":"SearchAction","target":{"@type":"EntryPoint","urlTemplate":"https:\/\/legacy.colt.net\/?s={search_term_string}"},"query-input":{"@type":"PropertyValueSpecification","valueRequired":true,"valueName":"search_term_string"}}],"inLanguage":"it-IT"},{"@type":"Organization","@id":"https:\/\/legacy.colt.net\/#organization","name":"Colt Technology Services","url":"https:\/\/legacy.colt.net\/","logo":{"@type":"ImageObject","inLanguage":"it-IT","@id":"https:\/\/legacy.colt.net\/#\/schema\/logo\/image\/","url":"https:\/\/legacy.colt.net\/wp-content\/uploads\/2019\/02\/Colt-Logo.png","contentUrl":"https:\/\/legacy.colt.net\/wp-content\/uploads\/2019\/02\/Colt-Logo.png","width":195,"height":77,"caption":"Colt Technology Services"},"image":{"@id":"https:\/\/legacy.colt.net\/#\/schema\/logo\/image\/"},"sameAs":["https:\/\/www.facebook.com\/ColtTechnologyServices\/","https:\/\/x.com\/colt_technology","https:\/\/www.instagram.com\/colttechnologyservices\/","https:\/\/www.linkedin.com\/company\/colt-technology-services","https:\/\/www.youtube.com\/user\/ColtTechnology"]},{"@type":"Person","@id":"https:\/\/legacy.colt.net\/#\/schema\/person\/9575186f578f97829b7bafa1eb019800","name":"Lavinia Danisi","image":{"@type":"ImageObject","inLanguage":"it-IT","@id":"https:\/\/legacy.colt.net\/#\/schema\/person\/image\/","url":"https:\/\/secure.gravatar.com\/avatar\/1f9a22bb87f0aee8527cddfbb74e8dbc9eed2b86ccd6a82a2f44f308afd45823?s=96&d=mm&r=g","contentUrl":"https:\/\/secure.gravatar.com\/avatar\/1f9a22bb87f0aee8527cddfbb74e8dbc9eed2b86ccd6a82a2f44f308afd45823?s=96&d=mm&r=g","caption":"Lavinia Danisi"},"url":"https:\/\/legacy.colt.net\/it\/resources\/author\/laviniadanisi\/"}]}},"_links":{"self":[{"href":"https:\/\/legacy.colt.net\/it\/wp-json\/wp\/v2\/posts\/65866","targetHints":{"allow":["GET"]}}],"collection":[{"href":"https:\/\/legacy.colt.net\/it\/wp-json\/wp\/v2\/posts"}],"about":[{"href":"https:\/\/legacy.colt.net\/it\/wp-json\/wp\/v2\/types\/post"}],"author":[{"embeddable":true,"href":"https:\/\/legacy.colt.net\/it\/wp-json\/wp\/v2\/users\/46"}],"replies":[{"embeddable":true,"href":"https:\/\/legacy.colt.net\/it\/wp-json\/wp\/v2\/comments?post=65866"}],"version-history":[{"count":0,"href":"https:\/\/legacy.colt.net\/it\/wp-json\/wp\/v2\/posts\/65866\/revisions"}],"wp:featuredmedia":[{"embeddable":true,"href":"https:\/\/legacy.colt.net\/it\/wp-json\/wp\/v2\/media\/65867"}],"wp:attachment":[{"href":"https:\/\/legacy.colt.net\/it\/wp-json\/wp\/v2\/media?parent=65866"}],"wp:term":[{"taxonomy":"colt_type","embeddable":true,"href":"https:\/\/legacy.colt.net\/it\/wp-json\/wp\/v2\/colt_type?post=65866"},{"taxonomy":"colt_ind","embeddable":true,"href":"https:\/\/legacy.colt.net\/it\/wp-json\/wp\/v2\/colt_ind?post=65866"},{"taxonomy":"colt_products","embeddable":true,"href":"https:\/\/legacy.colt.net\/it\/wp-json\/wp\/v2\/colt_products?post=65866"},{"taxonomy":"colt_solutions","embeddable":true,"href":"https:\/\/legacy.colt.net\/it\/wp-json\/wp\/v2\/colt_solutions?post=65866"}],"curies":[{"name":"wp","href":"https:\/\/api.w.org\/{rel}","templated":true}]}}