{"id":46639,"date":"2017-09-19T00:00:00","date_gmt":"2017-09-18T23:00:00","guid":{"rendered":"https:\/\/www.colt.net\/resources\/colt-charity-bike-ride-le-interviste-barbara\/"},"modified":"2017-09-19T00:00:00","modified_gmt":"2017-09-18T23:00:00","slug":"colt-charity-bike-ride-le-interviste-barbara","status":"publish","type":"post","link":"https:\/\/legacy.colt.net\/it\/resources\/colt-charity-bike-ride-le-interviste-barbara\/","title":{"rendered":"Colt Charity Bike Ride &#8211; Le interviste &#8211; Barbara"},"content":{"rendered":"<p>Ormai ci siamo! Domani avr\u00e0 finalmente inizio l&#8217;edizione 2017 della Charity Bike Ride di Colt. I partecipanti dovranno affrontare in bici il percorso di 470 km che separa Barcellona da Valencia, da domani fino al 25 settembre. Il ricavato sar\u00e0 devoluto a diverse Onlus scelte dai Paesi partecipanti; in Italia, le donazioni andranno all&#8217;associazione &#8220;Amatrice, l&#8217;alba dei piccoli passi&#8221;, che mira a ricostruire un clima di serenit\u00e0 per i minori delle zone devastate dal terremoto del 2016.<\/p>\n<p>L&#8217;ultima a sottoporsi alle nostre domande \u00e8 Barbara Tessarin, dall&#8217;ufficio di Torino!<\/p>\n<p><strong>Parlaci un p\u00f2 di te.<\/strong><\/p>\n<p>Sono Barbara Tessarin, Channel Account Manager di Colt, e sono responsabile di alcune agenzie dell&#8217;area Nord Ovest.<\/p>\n<p><strong>Perch\u00e9 hai deciso di partecipare alla Charity Bike Ride?<\/strong><\/p>\n<p>Per unire la mia passione per la bicicletta ad una buona causa, e aiutare chi \u00e8 meno fortunato di me.<\/p>\n<p><strong>Qual \u00e8 la cosa che preferisci della Charity Bike Ride?<\/strong><\/p>\n<p>La condivisione di questa esperienza ludica, che poi di fatto aiuta a creare o consolidare i rapporti fra colleghi, influendo positivamente sulle attivit\u00e0 lavorative.<\/p>\n<p><strong>Puoi darci dei consigli per quanto riguarda l\u2019allenamento?<\/strong><\/p>\n<p>Sicuramente occorre arrivare preparati, allenandosi costantemente, ma di fatto la Bike Ride \u00e8 alla portata di tutti. Basta pensarci un po\u2019 prima e allenarsi magari con qualche collega. Le distanze vengono percorse considerando lo spirito dell\u2019evento, nessuno viene lasciato indietro, non c\u2019\u00e8 nessuna competizione.<\/p>\n<p><strong>Qual \u00e8 la parte pi\u00f9 dura della Charity Bike Ride?<\/strong><\/p>\n<p>Da un punto di vista fisico potrei pensare alla continuit\u00e0 o alle salite che si incontrano, ma i gruppi che si creano fanno scordare anche la fatica e fanno superare i momenti di sconforto.<\/p>\n<p><strong>Cosa diresti a chi ha intenzione di partecipare alla prossima edizione? <\/strong><\/p>\n<p>Di buttare il cuore oltre l\u2019ostacolo, di non avere inutili paure e provare quest\u2019esperienza che rimane tra i migliori ricordi. Quando poi ci si rende conto che il tutto sar\u00e0 servito per aiutare le ONLUS scelte dalle varie country, allora il tutto sar\u00e0 ancora pi\u00f9 bello e gratificante.<\/p>\n<p><em>Ringraziamo Barbara e vi invitiamo a seguire il Live su Twitter (@Colt_IT) a partire da domani!<\/em><\/p>\n<h3 style=\"text-align: center\">Per scoprire di pi\u00f9 sulla Bike Ride e supportare la causa con una donazione visita il sito <a href=\"https:\/\/re.tc\/coltcharity\"><u>https:\/\/re.tc\/coltcharity<\/u><\/a><\/h3>\n","protected":false},"excerpt":{"rendered":"<p>Leggi le interviste ai riders italiani che parteciperanno alla Colt Charity Bike Ride 2017, per una buona causa! Da Barcellona a Valencia, 22 &#8211; 25 settembre<\/p>\n","protected":false},"author":112,"featured_media":46640,"comment_status":"closed","ping_status":"closed","sticky":false,"template":"","format":"standard","meta":{"_acf_changed":false,"footnotes":""},"colt_type":[1171],"colt_ind":[1255],"colt_products":[1262],"colt_solutions":[],"class_list":["post-46639","post","type-post","status-publish","format-standard","has-post-thumbnail","hentry","colt_type-blog-it","colt_ind-telecoms-it","colt_products-business-connect-it"],"acf":[],"yoast_head":"<!-- This site is optimized with the Yoast SEO plugin v26.8 - https:\/\/yoast.com\/product\/yoast-seo-wordpress\/ -->\n<title>Colt Charity Bike Ride - Le interviste - Barbara - Colt Technology Services<\/title>\n<meta name=\"description\" content=\"Leggi le interviste ai riders italiani che parteciperanno alla Colt Charity Bike Ride 2017, per una buona causa! Da Barcellona a Valencia, 22 - 25 settembre\" \/>\n<meta name=\"robots\" content=\"noindex, follow, max-snippet:-1, max-image-preview:large, max-video-preview:-1\" \/>\n<meta property=\"og:locale\" content=\"it_IT\" \/>\n<meta property=\"og:type\" content=\"article\" \/>\n<meta property=\"og:title\" content=\"Colt Charity Bike Ride - Le interviste - Barbara - Colt Technology Services\" \/>\n<meta property=\"og:description\" content=\"Leggi le interviste ai riders italiani che parteciperanno alla Colt Charity Bike Ride 2017, per una buona causa! Da Barcellona a Valencia, 22 - 25 settembre\" \/>\n<meta property=\"og:url\" content=\"https:\/\/legacy.colt.net\/it\/resources\/colt-charity-bike-ride-le-interviste-barbara\/\" \/>\n<meta property=\"og:site_name\" content=\"Colt Technology Services\" \/>\n<meta property=\"article:publisher\" content=\"https:\/\/www.facebook.com\/ColtTechnologyServices\/\" \/>\n<meta property=\"article:published_time\" content=\"2017-09-18T23:00:00+00:00\" \/>\n<meta property=\"og:image\" content=\"https:\/\/legacy.colt.net\/wp-content\/uploads\/2019\/03\/695x450-Blog-Charity-Ride.v3-1.jpg\" \/>\n\t<meta property=\"og:image:width\" content=\"695\" \/>\n\t<meta property=\"og:image:height\" content=\"450\" \/>\n\t<meta property=\"og:image:type\" content=\"image\/jpeg\" \/>\n<meta name=\"author\" content=\"Make Do\" \/>\n<meta name=\"twitter:card\" content=\"summary_large_image\" \/>\n<meta name=\"twitter:image\" content=\"https:\/\/legacy.colt.net\/wp-content\/uploads\/2019\/03\/695x450-Blog-Charity-Ride.v3-1.jpg\" \/>\n<meta name=\"twitter:creator\" content=\"@colt_technology\" \/>\n<meta name=\"twitter:site\" content=\"@colt_technology\" \/>\n<meta name=\"twitter:label1\" content=\"Written by\" \/>\n\t<meta name=\"twitter:data1\" content=\"Make Do\" \/>\n\t<meta name=\"twitter:label2\" content=\"Est. reading time\" \/>\n\t<meta name=\"twitter:data2\" content=\"2 minutes\" \/>\n<script type=\"application\/ld+json\" class=\"yoast-schema-graph\">{\"@context\":\"https:\/\/schema.org\",\"@graph\":[{\"@type\":\"Article\",\"@id\":\"https:\/\/legacy.colt.net\/it\/resources\/colt-charity-bike-ride-le-interviste-barbara\/#article\",\"isPartOf\":{\"@id\":\"https:\/\/legacy.colt.net\/it\/resources\/colt-charity-bike-ride-le-interviste-barbara\/\"},\"author\":{\"name\":\"Make Do\",\"@id\":\"https:\/\/legacy.colt.net\/#\/schema\/person\/71cb803a99c6757c1c6940a6f0683e57\"},\"headline\":\"Colt Charity Bike Ride &#8211; Le interviste &#8211; Barbara\",\"datePublished\":\"2017-09-18T23:00:00+00:00\",\"mainEntityOfPage\":{\"@id\":\"https:\/\/legacy.colt.net\/it\/resources\/colt-charity-bike-ride-le-interviste-barbara\/\"},\"wordCount\":377,\"publisher\":{\"@id\":\"https:\/\/legacy.colt.net\/#organization\"},\"image\":{\"@id\":\"https:\/\/legacy.colt.net\/it\/resources\/colt-charity-bike-ride-le-interviste-barbara\/#primaryimage\"},\"thumbnailUrl\":\"https:\/\/legacy.colt.net\/wp-content\/uploads\/2019\/03\/695x450-Blog-Charity-Ride.v3-1.jpg\",\"articleSection\":[\"General\"],\"inLanguage\":\"it-IT\"},{\"@type\":\"WebPage\",\"@id\":\"https:\/\/legacy.colt.net\/it\/resources\/colt-charity-bike-ride-le-interviste-barbara\/\",\"url\":\"https:\/\/legacy.colt.net\/it\/resources\/colt-charity-bike-ride-le-interviste-barbara\/\",\"name\":\"Colt Charity Bike Ride - Le interviste - Barbara - Colt Technology Services\",\"isPartOf\":{\"@id\":\"https:\/\/legacy.colt.net\/#website\"},\"primaryImageOfPage\":{\"@id\":\"https:\/\/legacy.colt.net\/it\/resources\/colt-charity-bike-ride-le-interviste-barbara\/#primaryimage\"},\"image\":{\"@id\":\"https:\/\/legacy.colt.net\/it\/resources\/colt-charity-bike-ride-le-interviste-barbara\/#primaryimage\"},\"thumbnailUrl\":\"https:\/\/legacy.colt.net\/wp-content\/uploads\/2019\/03\/695x450-Blog-Charity-Ride.v3-1.jpg\",\"datePublished\":\"2017-09-18T23:00:00+00:00\",\"description\":\"Leggi le interviste ai riders italiani che parteciperanno alla Colt Charity Bike Ride 2017, per una buona causa! Da Barcellona a Valencia, 22 - 25 settembre\",\"breadcrumb\":{\"@id\":\"https:\/\/legacy.colt.net\/it\/resources\/colt-charity-bike-ride-le-interviste-barbara\/#breadcrumb\"},\"inLanguage\":\"it-IT\",\"potentialAction\":[{\"@type\":\"ReadAction\",\"target\":[\"https:\/\/legacy.colt.net\/it\/resources\/colt-charity-bike-ride-le-interviste-barbara\/\"]}]},{\"@type\":\"ImageObject\",\"inLanguage\":\"it-IT\",\"@id\":\"https:\/\/legacy.colt.net\/it\/resources\/colt-charity-bike-ride-le-interviste-barbara\/#primaryimage\",\"url\":\"https:\/\/legacy.colt.net\/wp-content\/uploads\/2019\/03\/695x450-Blog-Charity-Ride.v3-1.jpg\",\"contentUrl\":\"https:\/\/legacy.colt.net\/wp-content\/uploads\/2019\/03\/695x450-Blog-Charity-Ride.v3-1.jpg\",\"width\":695,\"height\":450},{\"@type\":\"BreadcrumbList\",\"@id\":\"https:\/\/legacy.colt.net\/it\/resources\/colt-charity-bike-ride-le-interviste-barbara\/#breadcrumb\",\"itemListElement\":[{\"@type\":\"ListItem\",\"position\":1,\"name\":\"Home\",\"item\":\"https:\/\/legacy.colt.net\/it\/\"},{\"@type\":\"ListItem\",\"position\":2,\"name\":\"Blogs\",\"item\":\"https:\/\/legacy.colt.net\/it\/resources\/type\/blog-it\/\"},{\"@type\":\"ListItem\",\"position\":3,\"name\":\"Colt Charity Bike Ride &#8211; Le interviste &#8211; Barbara\"}]},{\"@type\":\"WebSite\",\"@id\":\"https:\/\/legacy.colt.net\/#website\",\"url\":\"https:\/\/legacy.colt.net\/\",\"name\":\"Colt\u30c6\u30af\u30ce\u30ed\u30b8\u30fc\u30b5\u30fc\u30d3\u30b9\u682a\u5f0f\u4f1a\u793e\",\"description\":\"Managed Network &amp; Voice Services Provider\",\"publisher\":{\"@id\":\"https:\/\/legacy.colt.net\/#organization\"},\"potentialAction\":[{\"@type\":\"SearchAction\",\"target\":{\"@type\":\"EntryPoint\",\"urlTemplate\":\"https:\/\/legacy.colt.net\/?s={search_term_string}\"},\"query-input\":{\"@type\":\"PropertyValueSpecification\",\"valueRequired\":true,\"valueName\":\"search_term_string\"}}],\"inLanguage\":\"it-IT\"},{\"@type\":\"Organization\",\"@id\":\"https:\/\/legacy.colt.net\/#organization\",\"name\":\"Colt Technology Services\",\"url\":\"https:\/\/legacy.colt.net\/\",\"logo\":{\"@type\":\"ImageObject\",\"inLanguage\":\"it-IT\",\"@id\":\"https:\/\/legacy.colt.net\/#\/schema\/logo\/image\/\",\"url\":\"https:\/\/legacy.colt.net\/wp-content\/uploads\/2019\/02\/Colt-Logo.png\",\"contentUrl\":\"https:\/\/legacy.colt.net\/wp-content\/uploads\/2019\/02\/Colt-Logo.png\",\"width\":195,\"height\":77,\"caption\":\"Colt Technology Services\"},\"image\":{\"@id\":\"https:\/\/legacy.colt.net\/#\/schema\/logo\/image\/\"},\"sameAs\":[\"https:\/\/www.facebook.com\/ColtTechnologyServices\/\",\"https:\/\/x.com\/colt_technology\",\"https:\/\/www.instagram.com\/colttechnologyservices\/\",\"https:\/\/www.linkedin.com\/company\/colt-technology-services\",\"https:\/\/www.youtube.com\/user\/ColtTechnology\"]},{\"@type\":\"Person\",\"@id\":\"https:\/\/legacy.colt.net\/#\/schema\/person\/71cb803a99c6757c1c6940a6f0683e57\",\"name\":\"Make Do\",\"image\":{\"@type\":\"ImageObject\",\"inLanguage\":\"it-IT\",\"@id\":\"https:\/\/legacy.colt.net\/#\/schema\/person\/image\/\",\"url\":\"https:\/\/secure.gravatar.com\/avatar\/fe73597d3286e48e5f95eb7e1bd97ea091a03336686cad88ca44eadaa6287761?s=96&d=mm&r=g\",\"contentUrl\":\"https:\/\/secure.gravatar.com\/avatar\/fe73597d3286e48e5f95eb7e1bd97ea091a03336686cad88ca44eadaa6287761?s=96&d=mm&r=g\",\"caption\":\"Make Do\"},\"sameAs\":[\"https:\/\/makedo.net\"],\"url\":\"https:\/\/legacy.colt.net\/it\/resources\/author\/makedo\/\"}]}<\/script>\n<!-- \/ Yoast SEO plugin. -->","yoast_head_json":{"title":"Colt Charity Bike Ride - Le interviste - Barbara - Colt Technology Services","description":"Leggi le interviste ai riders italiani che parteciperanno alla Colt Charity Bike Ride 2017, per una buona causa! Da Barcellona a Valencia, 22 - 25 settembre","robots":{"index":"noindex","follow":"follow","max-snippet":"max-snippet:-1","max-image-preview":"max-image-preview:large","max-video-preview":"max-video-preview:-1"},"og_locale":"it_IT","og_type":"article","og_title":"Colt Charity Bike Ride - Le interviste - Barbara - Colt Technology Services","og_description":"Leggi le interviste ai riders italiani che parteciperanno alla Colt Charity Bike Ride 2017, per una buona causa! Da Barcellona a Valencia, 22 - 25 settembre","og_url":"https:\/\/legacy.colt.net\/it\/resources\/colt-charity-bike-ride-le-interviste-barbara\/","og_site_name":"Colt Technology Services","article_publisher":"https:\/\/www.facebook.com\/ColtTechnologyServices\/","article_published_time":"2017-09-18T23:00:00+00:00","og_image":[{"width":695,"height":450,"url":"https:\/\/legacy.colt.net\/wp-content\/uploads\/2019\/03\/695x450-Blog-Charity-Ride.v3-1.jpg","type":"image\/jpeg"}],"author":"Make Do","twitter_card":"summary_large_image","twitter_image":"https:\/\/legacy.colt.net\/wp-content\/uploads\/2019\/03\/695x450-Blog-Charity-Ride.v3-1.jpg","twitter_creator":"@colt_technology","twitter_site":"@colt_technology","twitter_misc":{"Written by":"Make Do","Est. reading time":"2 minutes"},"schema":{"@context":"https:\/\/schema.org","@graph":[{"@type":"Article","@id":"https:\/\/legacy.colt.net\/it\/resources\/colt-charity-bike-ride-le-interviste-barbara\/#article","isPartOf":{"@id":"https:\/\/legacy.colt.net\/it\/resources\/colt-charity-bike-ride-le-interviste-barbara\/"},"author":{"name":"Make Do","@id":"https:\/\/legacy.colt.net\/#\/schema\/person\/71cb803a99c6757c1c6940a6f0683e57"},"headline":"Colt Charity Bike Ride &#8211; Le interviste &#8211; Barbara","datePublished":"2017-09-18T23:00:00+00:00","mainEntityOfPage":{"@id":"https:\/\/legacy.colt.net\/it\/resources\/colt-charity-bike-ride-le-interviste-barbara\/"},"wordCount":377,"publisher":{"@id":"https:\/\/legacy.colt.net\/#organization"},"image":{"@id":"https:\/\/legacy.colt.net\/it\/resources\/colt-charity-bike-ride-le-interviste-barbara\/#primaryimage"},"thumbnailUrl":"https:\/\/legacy.colt.net\/wp-content\/uploads\/2019\/03\/695x450-Blog-Charity-Ride.v3-1.jpg","articleSection":["General"],"inLanguage":"it-IT"},{"@type":"WebPage","@id":"https:\/\/legacy.colt.net\/it\/resources\/colt-charity-bike-ride-le-interviste-barbara\/","url":"https:\/\/legacy.colt.net\/it\/resources\/colt-charity-bike-ride-le-interviste-barbara\/","name":"Colt Charity Bike Ride - Le interviste - Barbara - Colt Technology Services","isPartOf":{"@id":"https:\/\/legacy.colt.net\/#website"},"primaryImageOfPage":{"@id":"https:\/\/legacy.colt.net\/it\/resources\/colt-charity-bike-ride-le-interviste-barbara\/#primaryimage"},"image":{"@id":"https:\/\/legacy.colt.net\/it\/resources\/colt-charity-bike-ride-le-interviste-barbara\/#primaryimage"},"thumbnailUrl":"https:\/\/legacy.colt.net\/wp-content\/uploads\/2019\/03\/695x450-Blog-Charity-Ride.v3-1.jpg","datePublished":"2017-09-18T23:00:00+00:00","description":"Leggi le interviste ai riders italiani che parteciperanno alla Colt Charity Bike Ride 2017, per una buona causa! Da Barcellona a Valencia, 22 - 25 settembre","breadcrumb":{"@id":"https:\/\/legacy.colt.net\/it\/resources\/colt-charity-bike-ride-le-interviste-barbara\/#breadcrumb"},"inLanguage":"it-IT","potentialAction":[{"@type":"ReadAction","target":["https:\/\/legacy.colt.net\/it\/resources\/colt-charity-bike-ride-le-interviste-barbara\/"]}]},{"@type":"ImageObject","inLanguage":"it-IT","@id":"https:\/\/legacy.colt.net\/it\/resources\/colt-charity-bike-ride-le-interviste-barbara\/#primaryimage","url":"https:\/\/legacy.colt.net\/wp-content\/uploads\/2019\/03\/695x450-Blog-Charity-Ride.v3-1.jpg","contentUrl":"https:\/\/legacy.colt.net\/wp-content\/uploads\/2019\/03\/695x450-Blog-Charity-Ride.v3-1.jpg","width":695,"height":450},{"@type":"BreadcrumbList","@id":"https:\/\/legacy.colt.net\/it\/resources\/colt-charity-bike-ride-le-interviste-barbara\/#breadcrumb","itemListElement":[{"@type":"ListItem","position":1,"name":"Home","item":"https:\/\/legacy.colt.net\/it\/"},{"@type":"ListItem","position":2,"name":"Blogs","item":"https:\/\/legacy.colt.net\/it\/resources\/type\/blog-it\/"},{"@type":"ListItem","position":3,"name":"Colt Charity Bike Ride &#8211; Le interviste &#8211; Barbara"}]},{"@type":"WebSite","@id":"https:\/\/legacy.colt.net\/#website","url":"https:\/\/legacy.colt.net\/","name":"Colt\u30c6\u30af\u30ce\u30ed\u30b8\u30fc\u30b5\u30fc\u30d3\u30b9\u682a\u5f0f\u4f1a\u793e","description":"Managed Network &amp; Voice Services Provider","publisher":{"@id":"https:\/\/legacy.colt.net\/#organization"},"potentialAction":[{"@type":"SearchAction","target":{"@type":"EntryPoint","urlTemplate":"https:\/\/legacy.colt.net\/?s={search_term_string}"},"query-input":{"@type":"PropertyValueSpecification","valueRequired":true,"valueName":"search_term_string"}}],"inLanguage":"it-IT"},{"@type":"Organization","@id":"https:\/\/legacy.colt.net\/#organization","name":"Colt Technology Services","url":"https:\/\/legacy.colt.net\/","logo":{"@type":"ImageObject","inLanguage":"it-IT","@id":"https:\/\/legacy.colt.net\/#\/schema\/logo\/image\/","url":"https:\/\/legacy.colt.net\/wp-content\/uploads\/2019\/02\/Colt-Logo.png","contentUrl":"https:\/\/legacy.colt.net\/wp-content\/uploads\/2019\/02\/Colt-Logo.png","width":195,"height":77,"caption":"Colt Technology Services"},"image":{"@id":"https:\/\/legacy.colt.net\/#\/schema\/logo\/image\/"},"sameAs":["https:\/\/www.facebook.com\/ColtTechnologyServices\/","https:\/\/x.com\/colt_technology","https:\/\/www.instagram.com\/colttechnologyservices\/","https:\/\/www.linkedin.com\/company\/colt-technology-services","https:\/\/www.youtube.com\/user\/ColtTechnology"]},{"@type":"Person","@id":"https:\/\/legacy.colt.net\/#\/schema\/person\/71cb803a99c6757c1c6940a6f0683e57","name":"Make Do","image":{"@type":"ImageObject","inLanguage":"it-IT","@id":"https:\/\/legacy.colt.net\/#\/schema\/person\/image\/","url":"https:\/\/secure.gravatar.com\/avatar\/fe73597d3286e48e5f95eb7e1bd97ea091a03336686cad88ca44eadaa6287761?s=96&d=mm&r=g","contentUrl":"https:\/\/secure.gravatar.com\/avatar\/fe73597d3286e48e5f95eb7e1bd97ea091a03336686cad88ca44eadaa6287761?s=96&d=mm&r=g","caption":"Make Do"},"sameAs":["https:\/\/makedo.net"],"url":"https:\/\/legacy.colt.net\/it\/resources\/author\/makedo\/"}]}},"_links":{"self":[{"href":"https:\/\/legacy.colt.net\/it\/wp-json\/wp\/v2\/posts\/46639","targetHints":{"allow":["GET"]}}],"collection":[{"href":"https:\/\/legacy.colt.net\/it\/wp-json\/wp\/v2\/posts"}],"about":[{"href":"https:\/\/legacy.colt.net\/it\/wp-json\/wp\/v2\/types\/post"}],"author":[{"embeddable":true,"href":"https:\/\/legacy.colt.net\/it\/wp-json\/wp\/v2\/users\/112"}],"replies":[{"embeddable":true,"href":"https:\/\/legacy.colt.net\/it\/wp-json\/wp\/v2\/comments?post=46639"}],"version-history":[{"count":0,"href":"https:\/\/legacy.colt.net\/it\/wp-json\/wp\/v2\/posts\/46639\/revisions"}],"wp:featuredmedia":[{"embeddable":true,"href":"https:\/\/legacy.colt.net\/it\/wp-json\/wp\/v2\/media\/46640"}],"wp:attachment":[{"href":"https:\/\/legacy.colt.net\/it\/wp-json\/wp\/v2\/media?parent=46639"}],"wp:term":[{"taxonomy":"colt_type","embeddable":true,"href":"https:\/\/legacy.colt.net\/it\/wp-json\/wp\/v2\/colt_type?post=46639"},{"taxonomy":"colt_ind","embeddable":true,"href":"https:\/\/legacy.colt.net\/it\/wp-json\/wp\/v2\/colt_ind?post=46639"},{"taxonomy":"colt_products","embeddable":true,"href":"https:\/\/legacy.colt.net\/it\/wp-json\/wp\/v2\/colt_products?post=46639"},{"taxonomy":"colt_solutions","embeddable":true,"href":"https:\/\/legacy.colt.net\/it\/wp-json\/wp\/v2\/colt_solutions?post=46639"}],"curies":[{"name":"wp","href":"https:\/\/api.w.org\/{rel}","templated":true}]}}