{"id":46342,"date":"2015-09-10T00:00:00","date_gmt":"2015-09-09T23:00:00","guid":{"rendered":"https:\/\/www.colt.net\/resources\/comunicato-stampa-bikeride-2015-di-colt-ai-nastri-di-partenza\/"},"modified":"2021-03-29T20:44:48","modified_gmt":"2021-03-29T19:44:48","slug":"comunicato-stampa-bikeride-2015-di-colt-ai-nastri-di-partenza","status":"publish","type":"post","link":"https:\/\/legacy.colt.net\/it\/resources\/comunicato-stampa-bikeride-2015-di-colt-ai-nastri-di-partenza\/","title":{"rendered":"La Charity BikeRide 2015 di Colt ai nastri di partenza"},"content":{"rendered":"<p><strong><a href=\"https:\/\/legacy.colt.net\/wp-content\/uploads\/2019\/03\/corsa.jpg\"><img loading=\"lazy\" decoding=\"async\" class=\"alignnone size-full wp-image-7256\" src=\"https:\/\/legacy.colt.net\/wp-content\/uploads\/2019\/03\/corsa.jpg\" alt=\"corsa\" width=\"924\" height=\"265\" \/><\/a>L\u2019evento ciclistico, giunto alla sua quarta edizione, collegher\u00e0 le citt\u00e0 di Francoforte e Zurigo tra l\u201911 e il 14 settembre. Su Buonacausa.org \u00e8 possibile partecipare alla raccolta dei fondi da destinare a iniziative benefiche.<\/strong><\/p>\n<p><strong>Milano, 10 settembre 2015 \u2013<\/strong> Ha inizio domani la quarta edizione della Charity BikeRide, iniziativa benefica organizzata da <a href=\"https:\/\/legacy.colt.net\/it\/\">Colt<\/a> che partir\u00e0 da Francoforte sul Meno per raggiungere\u00a0 Zurigo luned\u00ec 15 settembre.<\/p>\n<p>La Colt Charity BikeRide \u00e8 un appuntamento ormai tradizionale organizzato a livello europeo da Colt per raccogliere fondi da devolvere in beneficenza. Colt, fornitore di servizi di rete, voce e data centre \u00e8 una realt\u00e0 che offre ai suoi clienti una rete estesa su 169.000 km di connessioni tra 29 data centre dislocati in tutto il mondo e ha deciso di proseguire con questa iniziativa che collega idealmente diverse citt\u00e0 europee. Nel 2012 la gara \u00e8 partita da Londra per raggiungere Parigi, nel 2013 si \u00e8 svolta tra Parigi ad Amsterdam, nel 2014 da Amsterdam a Francoforte sul Meno e quest\u2019anno riparte dagli uffici di Colt nella rinomata citt\u00e0 tedesca per raggiungere Zurigo &#8211; con tappe a Strasburgo e Basilea &#8211; per un totale di 450 km in 4 giorni.<\/p>\n<p>Lo scopo dell\u2019iniziativa, che si inserisce all\u2019interno dei progetti di Responsabilit\u00e0 Sociale d\u2019Impresa di Colt, \u00e8 di raccogliere fondi con un obiettivo totale di 54.000 Euro, di cui 4.800 Euro \u00e8 il target per l\u2019Italia. Sono 90 i dipendenti di Colt, tra cui 8 ciclisti italiani, che parteciperanno con entusiasmo e che si allenano da tempo per la gara.<\/p>\n<p>Oltre ad avere uno scopo benefico, la Charity BikeRide \u00e8 un progetto che rappresenta anche un&#8217;occasione per stimolare lo spirito di squadra e sostenere una cultura della condivisione e della solidariet\u00e0 all&#8217;interno di Colt, dove i preparativi della gara sono iniziati da 3 mesi. Colt si impegna, come ogni anno, a incrementare la somma totale raggiunta grazie alla raccolta fondi tramite la donazione di un corrispettivodi pari entit\u00e0 che verr\u00e0 devoluto agli enti prescelti dai dipendenti nei diversi Paesi, raddoppiando di fatto la portata dell\u2019iniziativa.<\/p>\n<p>In Italia Colt sostiene il <a href=\"https:\/\/www.cavambrosiano.it\/\"><strong>Cav \u2013 Centro Ambrosiano di Aiuto alla Vita<\/strong><\/a> , un\u2019associazione no profit che ha l\u2019obiettivo di sostenere sia moralmente sia materialmente le donne e le famiglie che in concomitanza di una gravidanza si trovano in difficolt\u00e0.<\/p>\n<p><em>\u201cSiamo onorati di essere l\u2019oggetto della raccolta fondi legata a questa straordinaria\u00a0 gara ciclistica a livello internazionale, con la quale sposiamo il valore della cultura della condivisione e della solidariet\u00e0 \u201cafferma <strong>Giuseppe Del Giudice, Presidente del CAV<\/strong> che prosegue \u201dabbiamo potuto conoscere bene alcuni dipendenti Colt Italia proprio grazie alla loro collaborazione mensile presso la nostra sede. In veste di volontari ci hanno aiutato, e hanno in programma di proseguire anche quest\u2019anno, nel lavoro di smistamento e selezione del materiale che ci viene portato.\u00a0 Il loro contributo \u00e8 veramente prezioso e ci permette di aiutare le mamme con maggior entusiasmo.\u00a0 Le richieste sono sempre tante e con questo aiuto riusciremo a far fronte alle situazioni pi\u00f9 difficili. Lo scorso anno abbiamo seguito circa 500 mamme e sono nati 332 bambini <strong>mentre sono stati accolti 20 nuclei mamma &#8211; bambino nelle apposite<\/strong> <strong>strutture di accoglienza, che fanno sempre parte delle attivit\u00e0 gestite dal Centro Ambrosiano di Aiuto alla Vita<\/strong>. Invitiamo tutti a contribuire a quest\u2019iniziativa che, con grande sinergia di intenti, va direttamente a favore di mamme e bambini che stanno attraversando un momento di difficolt\u00e0 e che si stanno affacciando ad una <strong><u>nuova tappa<\/u><\/strong> della vita.\u201c<\/em><\/p>\n<p><strong>Al link qui di seguito \u00e8 possibile partecipare alla raccolta dei fondi da devolvere in beneficenza, fino alla fine di settembre: <\/strong><a href=\"https:\/\/buonacausa.org\/cause\/francoforte-zurigo-in-bici-per-una-buona-causa\"><strong>buonacausa.org.<\/strong><\/a><\/p>\n<p>L\u2019evento vede tra gli sponsor partecipanti, per il quarto anno consecutivo, il fornitore di reti di trasporto intelligenti <a href=\"https:\/\/www.infinera.com\/\">Infinera<\/a>.<\/p>\n<p>Nella scorsa edizione della Charity BikeRide, i fondi raccolti dall\u2019Italia sono andati a sostegno della onlus <em>Villaggi dei Bambini<\/em>, per contribuire al sostegno dei costi di psicoterapia e supporto psicologico dedicati ai bambini e adolescenti, dei costi di formazione per la supervisione clinica per gli operatori e di mediazione familiare, dei costi di allestimento degli spazi neutri per gli incontri protetti tra i bambini e le famiglie.<\/p>\n<p><strong>La Colt Charity BikeRide \u00e8 anche social e potr\u00e0 essere seguita online sull\u2019account di Twitter <\/strong><a href=\"https:\/\/twitter.com\/colt_it\"><strong>@Colt_IT<\/strong><\/a><strong> e con l\u2019hashtag #ColtBikeRide. <\/strong><\/p>\n<p><strong>Informazioni su Colt <\/strong><\/p>\n<p>Colt fornisce servizi di rete, voce e data centre a migliaia di aziende nel mondo, consentendo loro di focalizzarsi sui rispettivi obiettivi di business al posto di preoccuparsi dell\u2019infrastruttura sottostante. Tra i clienti si annoverano 18 delle top 25 Banche e Gruppi finanziari, 19 delle top 25 aziende a livello globale del settore Media e Telecomunicazioni (Forbes 2.000, 2014). Inoltre, Colt collabora con oltre 50 piazze borsistiche e 13 Banche Centrali Europee.<\/p>\n<p>Colt opera in Europa, in Asia e nel Nord America, con collegamenti\u00a0in oltre 200 citt\u00e0 a livello globale.<\/p>\n<p>Recentemente ha completato l&#8217;acquisizione di KVH &#8211; che ora opera con il marchio Colt &#8211; una societ\u00e0 di servizi gestiti di infrastruttura IT e\u00a0 di comunicazione, con sede principale a Tokyo e sedi operative a Hong Kong, Seoul e Singapore.<\/p>\n<p>Colt \u00e8 quotata alla borsa di Londra (Colt).<\/p>\n<p><strong>Contatti per la stampa:<\/strong><\/p>\n<p><strong>\u00a0<\/strong><strong>Colt<\/strong><\/p>\n<p><strong>Emanuela Col\u00f2<\/strong><\/p>\n<p>Tel. +39 02 30333611<\/p>\n<p>Cell. +39 360 1043307<\/p>\n<p><strong>Email<\/strong>: <a href=\"mailto:emanuela.colo@colt.net\">emanuela.colo@colt.net<\/a><\/p>\n<p><strong>Weber Shandwick<\/strong><\/p>\n<p>Roberto Conte<br \/>\nTel.: + 39 02 57378321<\/p>\n<p>Cell. +39 342 7912129<\/p>\n<p>Email: <a href=\"mailto:rconte@webershandwick.com\">rconte@webershandwick.com<\/a> <u>\u00a0<\/u><\/p>\n<p><strong>Segui Colt Technology Services<\/strong><\/p>\n<p>&nbsp;<\/p>\n","protected":false},"excerpt":{"rendered":"<p>L\u2019evento ciclistico, giunto alla sua quarta edizione, collegher\u00e0 le citt\u00e0 di Francoforte e Zurigo tra l\u201911 e il 14 settembre. Su Buonacausa.org \u00e8 possibile partecipare alla raccolta dei fondi da destinare a iniziative benefiche. Milano, 10 settembre 2015 \u2013 Ha inizio domani la quarta edizione della Charity BikeRide, iniziativa benefica organizzata da Colt che partir\u00e0&#8230;<\/p>\n","protected":false},"author":112,"featured_media":46263,"comment_status":"closed","ping_status":"closed","sticky":false,"template":"","format":"standard","meta":{"_acf_changed":false,"footnotes":""},"colt_type":[1182],"colt_ind":[],"colt_products":[],"colt_solutions":[],"class_list":["post-46342","post","type-post","status-publish","format-standard","has-post-thumbnail","hentry","colt_type-news-it"],"acf":[],"yoast_head":"<!-- This site is optimized with the Yoast SEO plugin v26.8 - https:\/\/yoast.com\/product\/yoast-seo-wordpress\/ -->\n<title>La Charity BikeRide 2015 di Colt ai nastri di partenza - Colt Technology Services<\/title>\n<meta name=\"description\" content=\"La Charity BikeRide 2015 di Colt ai nastri di partenza Colt Technology Services\" \/>\n<meta name=\"robots\" content=\"noindex, follow, max-snippet:-1, max-image-preview:large, max-video-preview:-1\" \/>\n<meta property=\"og:locale\" content=\"it_IT\" \/>\n<meta property=\"og:type\" content=\"article\" \/>\n<meta property=\"og:title\" content=\"La Charity BikeRide 2015 di Colt ai nastri di partenza - Colt Technology Services\" \/>\n<meta property=\"og:description\" content=\"La Charity BikeRide 2015 di Colt ai nastri di partenza Colt Technology Services\" \/>\n<meta property=\"og:url\" content=\"https:\/\/legacy.colt.net\/it\/resources\/comunicato-stampa-bikeride-2015-di-colt-ai-nastri-di-partenza\/\" \/>\n<meta property=\"og:site_name\" content=\"Colt Technology Services\" \/>\n<meta property=\"article:publisher\" content=\"https:\/\/www.facebook.com\/ColtTechnologyServices\/\" \/>\n<meta property=\"article:published_time\" content=\"2015-09-09T23:00:00+00:00\" \/>\n<meta property=\"article:modified_time\" content=\"2021-03-29T19:44:48+00:00\" \/>\n<meta property=\"og:image\" content=\"https:\/\/legacy.colt.net\/wp-content\/uploads\/2019\/03\/corsa.jpg\" \/>\n\t<meta property=\"og:image:width\" content=\"924\" \/>\n\t<meta property=\"og:image:height\" content=\"265\" \/>\n\t<meta property=\"og:image:type\" content=\"image\/jpeg\" \/>\n<meta name=\"author\" content=\"Make Do\" \/>\n<meta name=\"twitter:card\" content=\"summary_large_image\" \/>\n<meta name=\"twitter:image\" content=\"https:\/\/legacy.colt.net\/wp-content\/uploads\/2019\/03\/corsa.jpg\" \/>\n<meta name=\"twitter:creator\" content=\"@colt_technology\" \/>\n<meta name=\"twitter:site\" content=\"@colt_technology\" \/>\n<meta name=\"twitter:label1\" content=\"Written by\" \/>\n\t<meta name=\"twitter:data1\" content=\"Make Do\" \/>\n\t<meta name=\"twitter:label2\" content=\"Est. reading time\" \/>\n\t<meta name=\"twitter:data2\" content=\"5 minutes\" \/>\n<script type=\"application\/ld+json\" class=\"yoast-schema-graph\">{\"@context\":\"https:\/\/schema.org\",\"@graph\":[{\"@type\":\"Article\",\"@id\":\"https:\/\/legacy.colt.net\/it\/resources\/comunicato-stampa-bikeride-2015-di-colt-ai-nastri-di-partenza\/#article\",\"isPartOf\":{\"@id\":\"https:\/\/legacy.colt.net\/it\/resources\/comunicato-stampa-bikeride-2015-di-colt-ai-nastri-di-partenza\/\"},\"author\":{\"name\":\"Make Do\",\"@id\":\"https:\/\/legacy.colt.net\/#\/schema\/person\/71cb803a99c6757c1c6940a6f0683e57\"},\"headline\":\"La Charity BikeRide 2015 di Colt ai nastri di partenza\",\"datePublished\":\"2015-09-09T23:00:00+00:00\",\"dateModified\":\"2021-03-29T19:44:48+00:00\",\"mainEntityOfPage\":{\"@id\":\"https:\/\/legacy.colt.net\/it\/resources\/comunicato-stampa-bikeride-2015-di-colt-ai-nastri-di-partenza\/\"},\"wordCount\":864,\"publisher\":{\"@id\":\"https:\/\/legacy.colt.net\/#organization\"},\"image\":{\"@id\":\"https:\/\/legacy.colt.net\/it\/resources\/comunicato-stampa-bikeride-2015-di-colt-ai-nastri-di-partenza\/#primaryimage\"},\"thumbnailUrl\":\"https:\/\/legacy.colt.net\/wp-content\/uploads\/2019\/03\/corsa.jpg\",\"inLanguage\":\"it-IT\"},{\"@type\":\"WebPage\",\"@id\":\"https:\/\/legacy.colt.net\/it\/resources\/comunicato-stampa-bikeride-2015-di-colt-ai-nastri-di-partenza\/\",\"url\":\"https:\/\/legacy.colt.net\/it\/resources\/comunicato-stampa-bikeride-2015-di-colt-ai-nastri-di-partenza\/\",\"name\":\"La Charity BikeRide 2015 di Colt ai nastri di partenza - Colt Technology Services\",\"isPartOf\":{\"@id\":\"https:\/\/legacy.colt.net\/#website\"},\"primaryImageOfPage\":{\"@id\":\"https:\/\/legacy.colt.net\/it\/resources\/comunicato-stampa-bikeride-2015-di-colt-ai-nastri-di-partenza\/#primaryimage\"},\"image\":{\"@id\":\"https:\/\/legacy.colt.net\/it\/resources\/comunicato-stampa-bikeride-2015-di-colt-ai-nastri-di-partenza\/#primaryimage\"},\"thumbnailUrl\":\"https:\/\/legacy.colt.net\/wp-content\/uploads\/2019\/03\/corsa.jpg\",\"datePublished\":\"2015-09-09T23:00:00+00:00\",\"dateModified\":\"2021-03-29T19:44:48+00:00\",\"description\":\"La Charity BikeRide 2015 di Colt ai nastri di partenza Colt Technology Services\",\"breadcrumb\":{\"@id\":\"https:\/\/legacy.colt.net\/it\/resources\/comunicato-stampa-bikeride-2015-di-colt-ai-nastri-di-partenza\/#breadcrumb\"},\"inLanguage\":\"it-IT\",\"potentialAction\":[{\"@type\":\"ReadAction\",\"target\":[\"https:\/\/legacy.colt.net\/it\/resources\/comunicato-stampa-bikeride-2015-di-colt-ai-nastri-di-partenza\/\"]}]},{\"@type\":\"ImageObject\",\"inLanguage\":\"it-IT\",\"@id\":\"https:\/\/legacy.colt.net\/it\/resources\/comunicato-stampa-bikeride-2015-di-colt-ai-nastri-di-partenza\/#primaryimage\",\"url\":\"https:\/\/legacy.colt.net\/wp-content\/uploads\/2019\/03\/corsa.jpg\",\"contentUrl\":\"https:\/\/legacy.colt.net\/wp-content\/uploads\/2019\/03\/corsa.jpg\",\"width\":924,\"height\":265},{\"@type\":\"BreadcrumbList\",\"@id\":\"https:\/\/legacy.colt.net\/it\/resources\/comunicato-stampa-bikeride-2015-di-colt-ai-nastri-di-partenza\/#breadcrumb\",\"itemListElement\":[{\"@type\":\"ListItem\",\"position\":1,\"name\":\"Home\",\"item\":\"https:\/\/legacy.colt.net\/it\/\"},{\"@type\":\"ListItem\",\"position\":2,\"name\":\"News\",\"item\":\"https:\/\/legacy.colt.net\/it\/resources\/type\/news-it\/\"},{\"@type\":\"ListItem\",\"position\":3,\"name\":\"La Charity BikeRide 2015 di Colt ai nastri di partenza\"}]},{\"@type\":\"WebSite\",\"@id\":\"https:\/\/legacy.colt.net\/#website\",\"url\":\"https:\/\/legacy.colt.net\/\",\"name\":\"Colt\u30c6\u30af\u30ce\u30ed\u30b8\u30fc\u30b5\u30fc\u30d3\u30b9\u682a\u5f0f\u4f1a\u793e\",\"description\":\"Managed Network &amp; Voice Services Provider\",\"publisher\":{\"@id\":\"https:\/\/legacy.colt.net\/#organization\"},\"potentialAction\":[{\"@type\":\"SearchAction\",\"target\":{\"@type\":\"EntryPoint\",\"urlTemplate\":\"https:\/\/legacy.colt.net\/?s={search_term_string}\"},\"query-input\":{\"@type\":\"PropertyValueSpecification\",\"valueRequired\":true,\"valueName\":\"search_term_string\"}}],\"inLanguage\":\"it-IT\"},{\"@type\":\"Organization\",\"@id\":\"https:\/\/legacy.colt.net\/#organization\",\"name\":\"Colt Technology Services\",\"url\":\"https:\/\/legacy.colt.net\/\",\"logo\":{\"@type\":\"ImageObject\",\"inLanguage\":\"it-IT\",\"@id\":\"https:\/\/legacy.colt.net\/#\/schema\/logo\/image\/\",\"url\":\"https:\/\/legacy.colt.net\/wp-content\/uploads\/2019\/02\/Colt-Logo.png\",\"contentUrl\":\"https:\/\/legacy.colt.net\/wp-content\/uploads\/2019\/02\/Colt-Logo.png\",\"width\":195,\"height\":77,\"caption\":\"Colt Technology Services\"},\"image\":{\"@id\":\"https:\/\/legacy.colt.net\/#\/schema\/logo\/image\/\"},\"sameAs\":[\"https:\/\/www.facebook.com\/ColtTechnologyServices\/\",\"https:\/\/x.com\/colt_technology\",\"https:\/\/www.instagram.com\/colttechnologyservices\/\",\"https:\/\/www.linkedin.com\/company\/colt-technology-services\",\"https:\/\/www.youtube.com\/user\/ColtTechnology\"]},{\"@type\":\"Person\",\"@id\":\"https:\/\/legacy.colt.net\/#\/schema\/person\/71cb803a99c6757c1c6940a6f0683e57\",\"name\":\"Make Do\",\"image\":{\"@type\":\"ImageObject\",\"inLanguage\":\"it-IT\",\"@id\":\"https:\/\/legacy.colt.net\/#\/schema\/person\/image\/\",\"url\":\"https:\/\/secure.gravatar.com\/avatar\/fe73597d3286e48e5f95eb7e1bd97ea091a03336686cad88ca44eadaa6287761?s=96&d=mm&r=g\",\"contentUrl\":\"https:\/\/secure.gravatar.com\/avatar\/fe73597d3286e48e5f95eb7e1bd97ea091a03336686cad88ca44eadaa6287761?s=96&d=mm&r=g\",\"caption\":\"Make Do\"},\"sameAs\":[\"https:\/\/makedo.net\"],\"url\":\"https:\/\/legacy.colt.net\/it\/resources\/author\/makedo\/\"}]}<\/script>\n<!-- \/ Yoast SEO plugin. -->","yoast_head_json":{"title":"La Charity BikeRide 2015 di Colt ai nastri di partenza - Colt Technology Services","description":"La Charity BikeRide 2015 di Colt ai nastri di partenza Colt Technology Services","robots":{"index":"noindex","follow":"follow","max-snippet":"max-snippet:-1","max-image-preview":"max-image-preview:large","max-video-preview":"max-video-preview:-1"},"og_locale":"it_IT","og_type":"article","og_title":"La Charity BikeRide 2015 di Colt ai nastri di partenza - Colt Technology Services","og_description":"La Charity BikeRide 2015 di Colt ai nastri di partenza Colt Technology Services","og_url":"https:\/\/legacy.colt.net\/it\/resources\/comunicato-stampa-bikeride-2015-di-colt-ai-nastri-di-partenza\/","og_site_name":"Colt Technology Services","article_publisher":"https:\/\/www.facebook.com\/ColtTechnologyServices\/","article_published_time":"2015-09-09T23:00:00+00:00","article_modified_time":"2021-03-29T19:44:48+00:00","og_image":[{"width":924,"height":265,"url":"https:\/\/legacy.colt.net\/wp-content\/uploads\/2019\/03\/corsa.jpg","type":"image\/jpeg"}],"author":"Make Do","twitter_card":"summary_large_image","twitter_image":"https:\/\/legacy.colt.net\/wp-content\/uploads\/2019\/03\/corsa.jpg","twitter_creator":"@colt_technology","twitter_site":"@colt_technology","twitter_misc":{"Written by":"Make Do","Est. reading time":"5 minutes"},"schema":{"@context":"https:\/\/schema.org","@graph":[{"@type":"Article","@id":"https:\/\/legacy.colt.net\/it\/resources\/comunicato-stampa-bikeride-2015-di-colt-ai-nastri-di-partenza\/#article","isPartOf":{"@id":"https:\/\/legacy.colt.net\/it\/resources\/comunicato-stampa-bikeride-2015-di-colt-ai-nastri-di-partenza\/"},"author":{"name":"Make Do","@id":"https:\/\/legacy.colt.net\/#\/schema\/person\/71cb803a99c6757c1c6940a6f0683e57"},"headline":"La Charity BikeRide 2015 di Colt ai nastri di partenza","datePublished":"2015-09-09T23:00:00+00:00","dateModified":"2021-03-29T19:44:48+00:00","mainEntityOfPage":{"@id":"https:\/\/legacy.colt.net\/it\/resources\/comunicato-stampa-bikeride-2015-di-colt-ai-nastri-di-partenza\/"},"wordCount":864,"publisher":{"@id":"https:\/\/legacy.colt.net\/#organization"},"image":{"@id":"https:\/\/legacy.colt.net\/it\/resources\/comunicato-stampa-bikeride-2015-di-colt-ai-nastri-di-partenza\/#primaryimage"},"thumbnailUrl":"https:\/\/legacy.colt.net\/wp-content\/uploads\/2019\/03\/corsa.jpg","inLanguage":"it-IT"},{"@type":"WebPage","@id":"https:\/\/legacy.colt.net\/it\/resources\/comunicato-stampa-bikeride-2015-di-colt-ai-nastri-di-partenza\/","url":"https:\/\/legacy.colt.net\/it\/resources\/comunicato-stampa-bikeride-2015-di-colt-ai-nastri-di-partenza\/","name":"La Charity BikeRide 2015 di Colt ai nastri di partenza - Colt Technology Services","isPartOf":{"@id":"https:\/\/legacy.colt.net\/#website"},"primaryImageOfPage":{"@id":"https:\/\/legacy.colt.net\/it\/resources\/comunicato-stampa-bikeride-2015-di-colt-ai-nastri-di-partenza\/#primaryimage"},"image":{"@id":"https:\/\/legacy.colt.net\/it\/resources\/comunicato-stampa-bikeride-2015-di-colt-ai-nastri-di-partenza\/#primaryimage"},"thumbnailUrl":"https:\/\/legacy.colt.net\/wp-content\/uploads\/2019\/03\/corsa.jpg","datePublished":"2015-09-09T23:00:00+00:00","dateModified":"2021-03-29T19:44:48+00:00","description":"La Charity BikeRide 2015 di Colt ai nastri di partenza Colt Technology Services","breadcrumb":{"@id":"https:\/\/legacy.colt.net\/it\/resources\/comunicato-stampa-bikeride-2015-di-colt-ai-nastri-di-partenza\/#breadcrumb"},"inLanguage":"it-IT","potentialAction":[{"@type":"ReadAction","target":["https:\/\/legacy.colt.net\/it\/resources\/comunicato-stampa-bikeride-2015-di-colt-ai-nastri-di-partenza\/"]}]},{"@type":"ImageObject","inLanguage":"it-IT","@id":"https:\/\/legacy.colt.net\/it\/resources\/comunicato-stampa-bikeride-2015-di-colt-ai-nastri-di-partenza\/#primaryimage","url":"https:\/\/legacy.colt.net\/wp-content\/uploads\/2019\/03\/corsa.jpg","contentUrl":"https:\/\/legacy.colt.net\/wp-content\/uploads\/2019\/03\/corsa.jpg","width":924,"height":265},{"@type":"BreadcrumbList","@id":"https:\/\/legacy.colt.net\/it\/resources\/comunicato-stampa-bikeride-2015-di-colt-ai-nastri-di-partenza\/#breadcrumb","itemListElement":[{"@type":"ListItem","position":1,"name":"Home","item":"https:\/\/legacy.colt.net\/it\/"},{"@type":"ListItem","position":2,"name":"News","item":"https:\/\/legacy.colt.net\/it\/resources\/type\/news-it\/"},{"@type":"ListItem","position":3,"name":"La Charity BikeRide 2015 di Colt ai nastri di partenza"}]},{"@type":"WebSite","@id":"https:\/\/legacy.colt.net\/#website","url":"https:\/\/legacy.colt.net\/","name":"Colt\u30c6\u30af\u30ce\u30ed\u30b8\u30fc\u30b5\u30fc\u30d3\u30b9\u682a\u5f0f\u4f1a\u793e","description":"Managed Network &amp; Voice Services Provider","publisher":{"@id":"https:\/\/legacy.colt.net\/#organization"},"potentialAction":[{"@type":"SearchAction","target":{"@type":"EntryPoint","urlTemplate":"https:\/\/legacy.colt.net\/?s={search_term_string}"},"query-input":{"@type":"PropertyValueSpecification","valueRequired":true,"valueName":"search_term_string"}}],"inLanguage":"it-IT"},{"@type":"Organization","@id":"https:\/\/legacy.colt.net\/#organization","name":"Colt Technology Services","url":"https:\/\/legacy.colt.net\/","logo":{"@type":"ImageObject","inLanguage":"it-IT","@id":"https:\/\/legacy.colt.net\/#\/schema\/logo\/image\/","url":"https:\/\/legacy.colt.net\/wp-content\/uploads\/2019\/02\/Colt-Logo.png","contentUrl":"https:\/\/legacy.colt.net\/wp-content\/uploads\/2019\/02\/Colt-Logo.png","width":195,"height":77,"caption":"Colt Technology Services"},"image":{"@id":"https:\/\/legacy.colt.net\/#\/schema\/logo\/image\/"},"sameAs":["https:\/\/www.facebook.com\/ColtTechnologyServices\/","https:\/\/x.com\/colt_technology","https:\/\/www.instagram.com\/colttechnologyservices\/","https:\/\/www.linkedin.com\/company\/colt-technology-services","https:\/\/www.youtube.com\/user\/ColtTechnology"]},{"@type":"Person","@id":"https:\/\/legacy.colt.net\/#\/schema\/person\/71cb803a99c6757c1c6940a6f0683e57","name":"Make Do","image":{"@type":"ImageObject","inLanguage":"it-IT","@id":"https:\/\/legacy.colt.net\/#\/schema\/person\/image\/","url":"https:\/\/secure.gravatar.com\/avatar\/fe73597d3286e48e5f95eb7e1bd97ea091a03336686cad88ca44eadaa6287761?s=96&d=mm&r=g","contentUrl":"https:\/\/secure.gravatar.com\/avatar\/fe73597d3286e48e5f95eb7e1bd97ea091a03336686cad88ca44eadaa6287761?s=96&d=mm&r=g","caption":"Make Do"},"sameAs":["https:\/\/makedo.net"],"url":"https:\/\/legacy.colt.net\/it\/resources\/author\/makedo\/"}]}},"_links":{"self":[{"href":"https:\/\/legacy.colt.net\/it\/wp-json\/wp\/v2\/posts\/46342","targetHints":{"allow":["GET"]}}],"collection":[{"href":"https:\/\/legacy.colt.net\/it\/wp-json\/wp\/v2\/posts"}],"about":[{"href":"https:\/\/legacy.colt.net\/it\/wp-json\/wp\/v2\/types\/post"}],"author":[{"embeddable":true,"href":"https:\/\/legacy.colt.net\/it\/wp-json\/wp\/v2\/users\/112"}],"replies":[{"embeddable":true,"href":"https:\/\/legacy.colt.net\/it\/wp-json\/wp\/v2\/comments?post=46342"}],"version-history":[{"count":0,"href":"https:\/\/legacy.colt.net\/it\/wp-json\/wp\/v2\/posts\/46342\/revisions"}],"wp:featuredmedia":[{"embeddable":true,"href":"https:\/\/legacy.colt.net\/it\/wp-json\/wp\/v2\/media\/46263"}],"wp:attachment":[{"href":"https:\/\/legacy.colt.net\/it\/wp-json\/wp\/v2\/media?parent=46342"}],"wp:term":[{"taxonomy":"colt_type","embeddable":true,"href":"https:\/\/legacy.colt.net\/it\/wp-json\/wp\/v2\/colt_type?post=46342"},{"taxonomy":"colt_ind","embeddable":true,"href":"https:\/\/legacy.colt.net\/it\/wp-json\/wp\/v2\/colt_ind?post=46342"},{"taxonomy":"colt_products","embeddable":true,"href":"https:\/\/legacy.colt.net\/it\/wp-json\/wp\/v2\/colt_products?post=46342"},{"taxonomy":"colt_solutions","embeddable":true,"href":"https:\/\/legacy.colt.net\/it\/wp-json\/wp\/v2\/colt_solutions?post=46342"}],"curies":[{"name":"wp","href":"https:\/\/api.w.org\/{rel}","templated":true}]}}