{"id":46203,"date":"2014-06-17T00:00:00","date_gmt":"2014-06-16T23:00:00","guid":{"rendered":"https:\/\/www.colt.net\/resources\/il-tech-deficit-leuropa-e-chiamata-ad-affrontare-un-nuovo-problema\/"},"modified":"2014-06-17T00:00:00","modified_gmt":"2014-06-16T23:00:00","slug":"il-tech-deficit-leuropa-e-chiamata-ad-affrontare-un-nuovo-problema","status":"publish","type":"post","link":"https:\/\/legacy.colt.net\/it\/resources\/il-tech-deficit-leuropa-e-chiamata-ad-affrontare-un-nuovo-problema\/","title":{"rendered":"Il Tech Deficit- l\u2019Europa \u00e8 chiamata ad affrontare un nuovo problema"},"content":{"rendered":"<p>Un problema \u00e8 reale quando coinvolge aziende di ogni dimensione, ovunque siano in tutte le sedi e richiede una risposta simile da parte di tutti. La nuova economia digitale ha scoperto un &#8216;tech deficit&#8217;, un divario tecnologico che rientra perfettamente in questa definizione. Le statistiche riportate nel report si rivelano una lettura interessante ma scomoda per molti CIO e responsabili IT.<\/p>\n<p>Colt ha commissionato questa <a href=\"https:\/\/colt.docsperfect.com\/reader\/613adf1d235bdc25\" target=\"_blank\" rel=\"noopener noreferrer\">Ricerca<\/a> per identificare la portata e la natura di questo divario. Il rapporto indaga, tramite specifiche tabelle, le origini e la crescita del problema derivante dalla pressione costante che le imprese europee subiscono per rispondere adeguatamente alle richieste dei loro clienti, confrontandosi con la realt\u00e0 operativa e i modelli commerciali presenti all\u2019interno della propria infrastruttura che sono inadeguati.<\/p>\n<p>E\u2019 un campanello d&#8217;allarme, ma tutti i problemi possono trasformarsi in opportunit\u00e0 \u2013 la ricerca infatti individua anche le azioni da sostenere per rispondere a questa sfida e punta a un cambio di approccio che pu\u00f2 produrre benefici a lungo termine per le aziende di tutte le dimensioni in tutta Europa.<\/p>\n<p>Il Tech Deficit \u00e8 il divario che si \u00e8 sviluppato tra gli obiettivi delle imprese e la loro capacit\u00e0 infrastrutturale di supportarli, maggiore \u00e8 la pressione sull\u2019infrastruttura tecnologica maggiore il rischio di non dare risposte adeguate al mercato, a patto che invece si aumentino gli investimenti in IT e si adottino nuovi modelli di servizio. Questo non \u00e8 per\u00f2 ci\u00f2 che accade e la ricerca lo evidenzia testimoniando il divario tra la mancanza di investimenti in IT e la necessit\u00e0 di sfruttare al massimo l\u2019infrastruttura per rimanere al passo con le necessit\u00e0 del mercato che invece cresce, aumentando conseguentemente la profondit\u00e0 del divario. E\u2019 necessario agire subito.<br \/>I dati principali:<\/p>\n","protected":false},"excerpt":{"rendered":"<p>Un problema \u00e8 reale quando coinvolge aziende di ogni dimensione, ovunque siano in tutte le sedi e richiede una risposta simile da parte di tutti. La nuova economia digitale ha scoperto un &#8216;tech deficit&#8217;, un divario tecnologico che rientra perfettamente in questa definizione. Le statistiche riportate nel report si rivelano una lettura interessante ma scomoda&#8230;<\/p>\n","protected":false},"author":112,"featured_media":0,"comment_status":"closed","ping_status":"closed","sticky":false,"template":"","format":"standard","meta":{"_acf_changed":false,"footnotes":""},"colt_type":[],"colt_ind":[],"colt_products":[],"colt_solutions":[],"class_list":["post-46203","post","type-post","status-publish","format-standard","hentry"],"acf":[],"yoast_head":"<!-- This site is optimized with the Yoast SEO plugin v26.8 - https:\/\/yoast.com\/product\/yoast-seo-wordpress\/ -->\n<title>Il Tech Deficit- l\u2019Europa \u00e8 chiamata ad affrontare un nuovo problema - Colt Technology Services<\/title>\n<meta name=\"description\" content=\"Il Tech Deficit- l\u2019Europa \u00e8 chiamata ad affrontare un nuovo problema Colt Technology Services\" \/>\n<meta name=\"robots\" content=\"noindex, follow, max-snippet:-1, max-image-preview:large, max-video-preview:-1\" \/>\n<meta property=\"og:locale\" content=\"it_IT\" \/>\n<meta property=\"og:type\" content=\"article\" \/>\n<meta property=\"og:title\" content=\"Il Tech Deficit- l\u2019Europa \u00e8 chiamata ad affrontare un nuovo problema - Colt Technology Services\" \/>\n<meta property=\"og:description\" content=\"Il Tech Deficit- l\u2019Europa \u00e8 chiamata ad affrontare un nuovo problema Colt Technology Services\" \/>\n<meta property=\"og:url\" content=\"https:\/\/legacy.colt.net\/it\/resources\/il-tech-deficit-leuropa-e-chiamata-ad-affrontare-un-nuovo-problema\/\" \/>\n<meta property=\"og:site_name\" content=\"Colt Technology Services\" \/>\n<meta property=\"article:publisher\" content=\"https:\/\/www.facebook.com\/ColtTechnologyServices\/\" \/>\n<meta property=\"article:published_time\" content=\"2014-06-16T23:00:00+00:00\" \/>\n<meta property=\"og:image\" content=\"https:\/\/legacy.colt.net\/wp-content\/uploads\/2021\/01\/Brand-2021-Stock-17.jpg\" \/>\n\t<meta property=\"og:image:width\" content=\"1000\" \/>\n\t<meta property=\"og:image:height\" content=\"683\" \/>\n\t<meta property=\"og:image:type\" content=\"image\/jpeg\" \/>\n<meta name=\"author\" content=\"Make Do\" \/>\n<meta name=\"twitter:card\" content=\"summary_large_image\" \/>\n<meta name=\"twitter:creator\" content=\"@colt_technology\" \/>\n<meta name=\"twitter:site\" content=\"@colt_technology\" \/>\n<meta name=\"twitter:label1\" content=\"Written by\" \/>\n\t<meta name=\"twitter:data1\" content=\"Make Do\" \/>\n\t<meta name=\"twitter:label2\" content=\"Est. reading time\" \/>\n\t<meta name=\"twitter:data2\" content=\"1 minute\" \/>\n<script type=\"application\/ld+json\" class=\"yoast-schema-graph\">{\"@context\":\"https:\/\/schema.org\",\"@graph\":[{\"@type\":\"Article\",\"@id\":\"https:\/\/legacy.colt.net\/it\/resources\/il-tech-deficit-leuropa-e-chiamata-ad-affrontare-un-nuovo-problema\/#article\",\"isPartOf\":{\"@id\":\"https:\/\/legacy.colt.net\/it\/resources\/il-tech-deficit-leuropa-e-chiamata-ad-affrontare-un-nuovo-problema\/\"},\"author\":{\"name\":\"Make Do\",\"@id\":\"https:\/\/legacy.colt.net\/#\/schema\/person\/71cb803a99c6757c1c6940a6f0683e57\"},\"headline\":\"Il Tech Deficit- l\u2019Europa \u00e8 chiamata ad affrontare un nuovo problema\",\"datePublished\":\"2014-06-16T23:00:00+00:00\",\"mainEntityOfPage\":{\"@id\":\"https:\/\/legacy.colt.net\/it\/resources\/il-tech-deficit-leuropa-e-chiamata-ad-affrontare-un-nuovo-problema\/\"},\"wordCount\":293,\"publisher\":{\"@id\":\"https:\/\/legacy.colt.net\/#organization\"},\"articleSection\":[\"General\"],\"inLanguage\":\"it-IT\"},{\"@type\":\"WebPage\",\"@id\":\"https:\/\/legacy.colt.net\/it\/resources\/il-tech-deficit-leuropa-e-chiamata-ad-affrontare-un-nuovo-problema\/\",\"url\":\"https:\/\/legacy.colt.net\/it\/resources\/il-tech-deficit-leuropa-e-chiamata-ad-affrontare-un-nuovo-problema\/\",\"name\":\"Il Tech Deficit- l\u2019Europa \u00e8 chiamata ad affrontare un nuovo problema - Colt Technology Services\",\"isPartOf\":{\"@id\":\"https:\/\/legacy.colt.net\/#website\"},\"datePublished\":\"2014-06-16T23:00:00+00:00\",\"description\":\"Il Tech Deficit- l\u2019Europa \u00e8 chiamata ad affrontare un nuovo problema Colt Technology Services\",\"breadcrumb\":{\"@id\":\"https:\/\/legacy.colt.net\/it\/resources\/il-tech-deficit-leuropa-e-chiamata-ad-affrontare-un-nuovo-problema\/#breadcrumb\"},\"inLanguage\":\"it-IT\",\"potentialAction\":[{\"@type\":\"ReadAction\",\"target\":[\"https:\/\/legacy.colt.net\/it\/resources\/il-tech-deficit-leuropa-e-chiamata-ad-affrontare-un-nuovo-problema\/\"]}]},{\"@type\":\"BreadcrumbList\",\"@id\":\"https:\/\/legacy.colt.net\/it\/resources\/il-tech-deficit-leuropa-e-chiamata-ad-affrontare-un-nuovo-problema\/#breadcrumb\",\"itemListElement\":[{\"@type\":\"ListItem\",\"position\":1,\"name\":\"Home\",\"item\":\"https:\/\/legacy.colt.net\/it\/\"},{\"@type\":\"ListItem\",\"position\":2,\"name\":\"Il Tech Deficit- l\u2019Europa \u00e8 chiamata ad affrontare un nuovo problema\"}]},{\"@type\":\"WebSite\",\"@id\":\"https:\/\/legacy.colt.net\/#website\",\"url\":\"https:\/\/legacy.colt.net\/\",\"name\":\"Colt\u30c6\u30af\u30ce\u30ed\u30b8\u30fc\u30b5\u30fc\u30d3\u30b9\u682a\u5f0f\u4f1a\u793e\",\"description\":\"Managed Network &amp; Voice Services Provider\",\"publisher\":{\"@id\":\"https:\/\/legacy.colt.net\/#organization\"},\"potentialAction\":[{\"@type\":\"SearchAction\",\"target\":{\"@type\":\"EntryPoint\",\"urlTemplate\":\"https:\/\/legacy.colt.net\/?s={search_term_string}\"},\"query-input\":{\"@type\":\"PropertyValueSpecification\",\"valueRequired\":true,\"valueName\":\"search_term_string\"}}],\"inLanguage\":\"it-IT\"},{\"@type\":\"Organization\",\"@id\":\"https:\/\/legacy.colt.net\/#organization\",\"name\":\"Colt Technology Services\",\"url\":\"https:\/\/legacy.colt.net\/\",\"logo\":{\"@type\":\"ImageObject\",\"inLanguage\":\"it-IT\",\"@id\":\"https:\/\/legacy.colt.net\/#\/schema\/logo\/image\/\",\"url\":\"https:\/\/legacy.colt.net\/wp-content\/uploads\/2019\/02\/Colt-Logo.png\",\"contentUrl\":\"https:\/\/legacy.colt.net\/wp-content\/uploads\/2019\/02\/Colt-Logo.png\",\"width\":195,\"height\":77,\"caption\":\"Colt Technology Services\"},\"image\":{\"@id\":\"https:\/\/legacy.colt.net\/#\/schema\/logo\/image\/\"},\"sameAs\":[\"https:\/\/www.facebook.com\/ColtTechnologyServices\/\",\"https:\/\/x.com\/colt_technology\",\"https:\/\/www.instagram.com\/colttechnologyservices\/\",\"https:\/\/www.linkedin.com\/company\/colt-technology-services\",\"https:\/\/www.youtube.com\/user\/ColtTechnology\"]},{\"@type\":\"Person\",\"@id\":\"https:\/\/legacy.colt.net\/#\/schema\/person\/71cb803a99c6757c1c6940a6f0683e57\",\"name\":\"Make Do\",\"image\":{\"@type\":\"ImageObject\",\"inLanguage\":\"it-IT\",\"@id\":\"https:\/\/legacy.colt.net\/#\/schema\/person\/image\/\",\"url\":\"https:\/\/secure.gravatar.com\/avatar\/fe73597d3286e48e5f95eb7e1bd97ea091a03336686cad88ca44eadaa6287761?s=96&d=mm&r=g\",\"contentUrl\":\"https:\/\/secure.gravatar.com\/avatar\/fe73597d3286e48e5f95eb7e1bd97ea091a03336686cad88ca44eadaa6287761?s=96&d=mm&r=g\",\"caption\":\"Make Do\"},\"sameAs\":[\"https:\/\/makedo.net\"],\"url\":\"https:\/\/legacy.colt.net\/it\/resources\/author\/makedo\/\"}]}<\/script>\n<!-- \/ Yoast SEO plugin. -->","yoast_head_json":{"title":"Il Tech Deficit- l\u2019Europa \u00e8 chiamata ad affrontare un nuovo problema - Colt Technology Services","description":"Il Tech Deficit- l\u2019Europa \u00e8 chiamata ad affrontare un nuovo problema Colt Technology Services","robots":{"index":"noindex","follow":"follow","max-snippet":"max-snippet:-1","max-image-preview":"max-image-preview:large","max-video-preview":"max-video-preview:-1"},"og_locale":"it_IT","og_type":"article","og_title":"Il Tech Deficit- l\u2019Europa \u00e8 chiamata ad affrontare un nuovo problema - Colt Technology Services","og_description":"Il Tech Deficit- l\u2019Europa \u00e8 chiamata ad affrontare un nuovo problema Colt Technology Services","og_url":"https:\/\/legacy.colt.net\/it\/resources\/il-tech-deficit-leuropa-e-chiamata-ad-affrontare-un-nuovo-problema\/","og_site_name":"Colt Technology Services","article_publisher":"https:\/\/www.facebook.com\/ColtTechnologyServices\/","article_published_time":"2014-06-16T23:00:00+00:00","og_image":[{"width":1000,"height":683,"url":"https:\/\/legacy.colt.net\/wp-content\/uploads\/2021\/01\/Brand-2021-Stock-17.jpg","type":"image\/jpeg"}],"author":"Make Do","twitter_card":"summary_large_image","twitter_creator":"@colt_technology","twitter_site":"@colt_technology","twitter_misc":{"Written by":"Make Do","Est. reading time":"1 minute"},"schema":{"@context":"https:\/\/schema.org","@graph":[{"@type":"Article","@id":"https:\/\/legacy.colt.net\/it\/resources\/il-tech-deficit-leuropa-e-chiamata-ad-affrontare-un-nuovo-problema\/#article","isPartOf":{"@id":"https:\/\/legacy.colt.net\/it\/resources\/il-tech-deficit-leuropa-e-chiamata-ad-affrontare-un-nuovo-problema\/"},"author":{"name":"Make Do","@id":"https:\/\/legacy.colt.net\/#\/schema\/person\/71cb803a99c6757c1c6940a6f0683e57"},"headline":"Il Tech Deficit- l\u2019Europa \u00e8 chiamata ad affrontare un nuovo problema","datePublished":"2014-06-16T23:00:00+00:00","mainEntityOfPage":{"@id":"https:\/\/legacy.colt.net\/it\/resources\/il-tech-deficit-leuropa-e-chiamata-ad-affrontare-un-nuovo-problema\/"},"wordCount":293,"publisher":{"@id":"https:\/\/legacy.colt.net\/#organization"},"articleSection":["General"],"inLanguage":"it-IT"},{"@type":"WebPage","@id":"https:\/\/legacy.colt.net\/it\/resources\/il-tech-deficit-leuropa-e-chiamata-ad-affrontare-un-nuovo-problema\/","url":"https:\/\/legacy.colt.net\/it\/resources\/il-tech-deficit-leuropa-e-chiamata-ad-affrontare-un-nuovo-problema\/","name":"Il Tech Deficit- l\u2019Europa \u00e8 chiamata ad affrontare un nuovo problema - Colt Technology Services","isPartOf":{"@id":"https:\/\/legacy.colt.net\/#website"},"datePublished":"2014-06-16T23:00:00+00:00","description":"Il Tech Deficit- l\u2019Europa \u00e8 chiamata ad affrontare un nuovo problema Colt Technology Services","breadcrumb":{"@id":"https:\/\/legacy.colt.net\/it\/resources\/il-tech-deficit-leuropa-e-chiamata-ad-affrontare-un-nuovo-problema\/#breadcrumb"},"inLanguage":"it-IT","potentialAction":[{"@type":"ReadAction","target":["https:\/\/legacy.colt.net\/it\/resources\/il-tech-deficit-leuropa-e-chiamata-ad-affrontare-un-nuovo-problema\/"]}]},{"@type":"BreadcrumbList","@id":"https:\/\/legacy.colt.net\/it\/resources\/il-tech-deficit-leuropa-e-chiamata-ad-affrontare-un-nuovo-problema\/#breadcrumb","itemListElement":[{"@type":"ListItem","position":1,"name":"Home","item":"https:\/\/legacy.colt.net\/it\/"},{"@type":"ListItem","position":2,"name":"Il Tech Deficit- l\u2019Europa \u00e8 chiamata ad affrontare un nuovo problema"}]},{"@type":"WebSite","@id":"https:\/\/legacy.colt.net\/#website","url":"https:\/\/legacy.colt.net\/","name":"Colt\u30c6\u30af\u30ce\u30ed\u30b8\u30fc\u30b5\u30fc\u30d3\u30b9\u682a\u5f0f\u4f1a\u793e","description":"Managed Network &amp; Voice Services Provider","publisher":{"@id":"https:\/\/legacy.colt.net\/#organization"},"potentialAction":[{"@type":"SearchAction","target":{"@type":"EntryPoint","urlTemplate":"https:\/\/legacy.colt.net\/?s={search_term_string}"},"query-input":{"@type":"PropertyValueSpecification","valueRequired":true,"valueName":"search_term_string"}}],"inLanguage":"it-IT"},{"@type":"Organization","@id":"https:\/\/legacy.colt.net\/#organization","name":"Colt Technology Services","url":"https:\/\/legacy.colt.net\/","logo":{"@type":"ImageObject","inLanguage":"it-IT","@id":"https:\/\/legacy.colt.net\/#\/schema\/logo\/image\/","url":"https:\/\/legacy.colt.net\/wp-content\/uploads\/2019\/02\/Colt-Logo.png","contentUrl":"https:\/\/legacy.colt.net\/wp-content\/uploads\/2019\/02\/Colt-Logo.png","width":195,"height":77,"caption":"Colt Technology Services"},"image":{"@id":"https:\/\/legacy.colt.net\/#\/schema\/logo\/image\/"},"sameAs":["https:\/\/www.facebook.com\/ColtTechnologyServices\/","https:\/\/x.com\/colt_technology","https:\/\/www.instagram.com\/colttechnologyservices\/","https:\/\/www.linkedin.com\/company\/colt-technology-services","https:\/\/www.youtube.com\/user\/ColtTechnology"]},{"@type":"Person","@id":"https:\/\/legacy.colt.net\/#\/schema\/person\/71cb803a99c6757c1c6940a6f0683e57","name":"Make Do","image":{"@type":"ImageObject","inLanguage":"it-IT","@id":"https:\/\/legacy.colt.net\/#\/schema\/person\/image\/","url":"https:\/\/secure.gravatar.com\/avatar\/fe73597d3286e48e5f95eb7e1bd97ea091a03336686cad88ca44eadaa6287761?s=96&d=mm&r=g","contentUrl":"https:\/\/secure.gravatar.com\/avatar\/fe73597d3286e48e5f95eb7e1bd97ea091a03336686cad88ca44eadaa6287761?s=96&d=mm&r=g","caption":"Make Do"},"sameAs":["https:\/\/makedo.net"],"url":"https:\/\/legacy.colt.net\/it\/resources\/author\/makedo\/"}]}},"_links":{"self":[{"href":"https:\/\/legacy.colt.net\/it\/wp-json\/wp\/v2\/posts\/46203","targetHints":{"allow":["GET"]}}],"collection":[{"href":"https:\/\/legacy.colt.net\/it\/wp-json\/wp\/v2\/posts"}],"about":[{"href":"https:\/\/legacy.colt.net\/it\/wp-json\/wp\/v2\/types\/post"}],"author":[{"embeddable":true,"href":"https:\/\/legacy.colt.net\/it\/wp-json\/wp\/v2\/users\/112"}],"replies":[{"embeddable":true,"href":"https:\/\/legacy.colt.net\/it\/wp-json\/wp\/v2\/comments?post=46203"}],"version-history":[{"count":0,"href":"https:\/\/legacy.colt.net\/it\/wp-json\/wp\/v2\/posts\/46203\/revisions"}],"wp:attachment":[{"href":"https:\/\/legacy.colt.net\/it\/wp-json\/wp\/v2\/media?parent=46203"}],"wp:term":[{"taxonomy":"colt_type","embeddable":true,"href":"https:\/\/legacy.colt.net\/it\/wp-json\/wp\/v2\/colt_type?post=46203"},{"taxonomy":"colt_ind","embeddable":true,"href":"https:\/\/legacy.colt.net\/it\/wp-json\/wp\/v2\/colt_ind?post=46203"},{"taxonomy":"colt_products","embeddable":true,"href":"https:\/\/legacy.colt.net\/it\/wp-json\/wp\/v2\/colt_products?post=46203"},{"taxonomy":"colt_solutions","embeddable":true,"href":"https:\/\/legacy.colt.net\/it\/wp-json\/wp\/v2\/colt_solutions?post=46203"}],"curies":[{"name":"wp","href":"https:\/\/api.w.org\/{rel}","templated":true}]}}