{"id":94286,"date":"2021-04-06T17:05:56","date_gmt":"2021-04-06T16:05:56","guid":{"rendered":"https:\/\/www.colt.net\/?p=94286"},"modified":"2021-04-07T10:42:25","modified_gmt":"2021-04-07T09:42:25","slug":"comment-colt-sengage-a-defendre-linclusion-et-la-diversite","status":"publish","type":"post","link":"https:\/\/legacy.colt.net\/fr\/resources\/comment-colt-sengage-a-defendre-linclusion-et-la-diversite\/","title":{"rendered":"Comment Colt s\u2019engage \u00e0 d\u00e9fendre l\u2019inclusion et la diversit\u00e9"},"content":{"rendered":"<p>La pand\u00e9mie de COVID-19 a transform\u00e9 notre vie \u00e0 de nombreux \u00e9gards. Nous traversons une p\u00e9riode marqu\u00e9e par une incertitude pesante et des niveaux de tension rarement atteints. Dans ce contexte, nous sommes nombreux \u00e0 repenser la fa\u00e7on dont nous nous engageons dans diff\u00e9rents domaines, qu\u2019il s\u2019agisse de notre \u00e9panouissement au travail, de l\u2019\u00e9quilibre entre notre vie professionnelle et notre sph\u00e8re priv\u00e9e, ou du soutien que nous pouvons apporter \u00e0 ceux qui nous entourent \u2014 notamment aux plus vuln\u00e9rables. Cette situation a \u00e9t\u00e9 l\u2019occasion de discussions approfondies quant \u00e0 la mani\u00e8re d\u2019accompagner les salari\u00e9s en t\u00e9l\u00e9travail, d\u2019instiller de la flexibilit\u00e9 sur le lieu de travail et d\u2019accorder une plus grande attention \u00e0 la sant\u00e9 mentale.<\/p>\n<p>La conjoncture nous a par ailleurs amen\u00e9s \u00e0 \u00e9valuer la mani\u00e8re dont nous communiquons et travaillons les uns avec les autres. S\u2019il ne fait aucun doute que nous cherchons \u00e0 am\u00e9liorer notre comportement, notamment \u00e0 un moment o\u00f9 il est impossible de se voir quotidiennement, plusieurs \u00e9tudes indiquent que les personnes r\u00e9guli\u00e8rement victimes de pr\u00e9jug\u00e9s inconscients sont en moins bonne sant\u00e9 et qu\u2019elles rencontrent des difficult\u00e9s mentales.<\/p>\n<p>Chez Colt, nous entendons cr\u00e9er une culture o\u00f9 chacun peut \u00e9voluer en ayant une chance \u00e9quitable de s\u2019\u00e9panouir et de progresser. Nous voulons atteindre une plus grande diversit\u00e9 au sein de nos \u00e9quipes internationales pour b\u00e9n\u00e9ficier de perspectives originales et de puiser dans un vivier de talents aussi vaste que possible. C\u2019est pourquoi nous c\u00e9l\u00e9brons la Journ\u00e9e de la Diversit\u00e9 Colt le 18 novembre. Cet \u00e9v\u00e9nement a pour vocation de rappeler \u00e0 chaque collaborateur de Colt l\u2019importance de la diversit\u00e9 sous toutes ses formes, et pourquoi il est important et positif de prendre conscience de nos pr\u00e9jug\u00e9s inconscients pour mieux les g\u00e9rer.<\/p>\n<p>Nous avons d\u00e9cid\u00e9 de cr\u00e9er la Journ\u00e9e de la Diversit\u00e9 en apprenant que Colt figurait au classement annuel des <a href=\"https:\/\/www.ft.com\/content\/cb8978ea-f901-4842-9957-cca0cb3fe7cc\">Diversity Leaders publi\u00e9 par le Financial Times<\/a>. \u00c0 l\u2019issue d\u2019une enqu\u00eate ind\u00e9pendante men\u00e9e aupr\u00e8s de plus de 100\u00a0000 employ\u00e9s de 15\u00a0000 entreprises, Colt se classe \u00e0 la 44<sup>e<\/sup> place parmi les 850 meilleurs employeurs d\u2019Europe, ainsi que dans le peloton de t\u00eate du secteur des t\u00e9l\u00e9communications. Nous sommes bien s\u00fbr tr\u00e8s fiers d\u2019\u00eatre reconnus pour le travail accompli \u00e0 ce jour en vue de cr\u00e9er une culture davantage inclusive, mais nous savons que nous voulons faire plus.<\/p>\n<p>La Journ\u00e9e de la Diversit\u00e9 n\u2019est qu\u2019une \u00e9tape d\u2019un voyage qui doit permettre \u00e0 chacun de continuer \u00e0 apprendre pour permettre au plus grand nombre de prosp\u00e9rer et d\u2019aller plus loin ensemble.<\/p>\n<p>Il est \u00e9galement essentiel que notre entreprise s\u2019engage publiquement sur ce qu\u2019elle compte r\u00e9aliser au cours de mois \u00e0 venir en faveur de l\u2019inclusion et de la diversit\u00e9. \u00c0 ce titre, nous profiterons du Black Friday, non pour diffuser des messages institutionnels, mais pour amplifier la voix de nos collaborateurs qui expliqueront ce qu\u2019ils entendent faire pour rendre notre entreprise aussi inclusive que possible.<\/p>\n<p>Nous savons que si l\u2019exemple doit venir du sommet de l\u2019entreprise, il est essentiel qu\u2019une culture tourn\u00e9e vers l\u2019inclusion re\u00e7oive l\u2019adh\u00e9sion de toutes ses forces vives. C\u2019est pourquoi je suis tr\u00e8s fi\u00e8re que Colt ait pris ces mesures en faveur de l\u2019inclusion et de la diversit\u00e9.<\/p>\n<p>Retrouvez les messages de notre personnel sur l\u2019inclusion <a href=\"https:\/\/legacy.colt.net\/resources\/blackout-friday\/\">en cliquant ici<\/a> (en anglais).<\/p>\n<p>Louisa Gregory, vice-pr\u00e9sidente Inclusion et Diversit\u00e9 chez Colt.<\/p>\n","protected":false},"excerpt":{"rendered":"<p>La pand\u00e9mie de COVID-19 a transform\u00e9 notre vie \u00e0 de nombreux \u00e9gards. Nous traversons une p\u00e9riode marqu\u00e9e par une incertitude pesante et des niveaux de tension rarement atteints. Dans ce contexte, nous sommes nombreux \u00e0 repenser la fa\u00e7on dont nous nous engageons dans diff\u00e9rents domaines, qu\u2019il s\u2019agisse de notre \u00e9panouissement au travail, de l\u2019\u00e9quilibre entre&#8230;<\/p>\n","protected":false},"author":2,"featured_media":0,"comment_status":"closed","ping_status":"closed","sticky":false,"template":"","format":"standard","meta":{"_acf_changed":false,"footnotes":""},"colt_type":[1487],"colt_ind":[1212],"colt_products":[],"colt_solutions":[],"class_list":["post-94286","post","type-post","status-publish","format-standard","hentry","colt_type-blog-fr","colt_ind-business-fr"],"acf":[],"yoast_head":"<!-- This site is optimized with the Yoast SEO plugin v26.8 - https:\/\/yoast.com\/product\/yoast-seo-wordpress\/ -->\n<title>Comment Colt s\u2019engage \u00e0 d\u00e9fendre l\u2019inclusion et la diversit\u00e9 - Colt Technology Services<\/title>\n<meta name=\"description\" content=\"Comment Colt s\u2019engage \u00e0 d\u00e9fendre l\u2019inclusion et la diversit\u00e9 Colt Technology Services\" \/>\n<meta name=\"robots\" content=\"noindex, follow, max-snippet:-1, max-image-preview:large, max-video-preview:-1\" \/>\n<meta property=\"og:locale\" content=\"fr_FR\" \/>\n<meta property=\"og:type\" content=\"article\" \/>\n<meta property=\"og:title\" content=\"Comment Colt s\u2019engage \u00e0 d\u00e9fendre l\u2019inclusion et la diversit\u00e9 - Colt Technology Services\" \/>\n<meta property=\"og:description\" content=\"Comment Colt s\u2019engage \u00e0 d\u00e9fendre l\u2019inclusion et la diversit\u00e9 Colt Technology Services\" \/>\n<meta property=\"og:url\" content=\"https:\/\/legacy.colt.net\/fr\/resources\/comment-colt-sengage-a-defendre-linclusion-et-la-diversite\/\" \/>\n<meta property=\"og:site_name\" content=\"Colt Technology Services\" \/>\n<meta property=\"article:publisher\" content=\"https:\/\/www.facebook.com\/ColtTechnologyServices\/\" \/>\n<meta property=\"article:published_time\" content=\"2021-04-06T16:05:56+00:00\" \/>\n<meta property=\"article:modified_time\" content=\"2021-04-07T09:42:25+00:00\" \/>\n<meta property=\"og:image\" content=\"https:\/\/legacy.colt.net\/wp-content\/uploads\/2021\/01\/Brand-2021-Stock-13.jpg\" \/>\n\t<meta property=\"og:image:width\" content=\"1000\" \/>\n\t<meta property=\"og:image:height\" content=\"667\" \/>\n\t<meta property=\"og:image:type\" content=\"image\/jpeg\" \/>\n<meta name=\"author\" content=\"Colt Technology Services\" \/>\n<meta name=\"twitter:card\" content=\"summary_large_image\" \/>\n<meta name=\"twitter:creator\" content=\"@colt_technology\" \/>\n<meta name=\"twitter:site\" content=\"@colt_technology\" \/>\n<meta name=\"twitter:label1\" content=\"Written by\" \/>\n\t<meta name=\"twitter:data1\" content=\"Colt Technology Services\" \/>\n\t<meta name=\"twitter:label2\" content=\"Est. reading time\" \/>\n\t<meta name=\"twitter:data2\" content=\"3 minutes\" \/>\n<script type=\"application\/ld+json\" class=\"yoast-schema-graph\">{\"@context\":\"https:\/\/schema.org\",\"@graph\":[{\"@type\":\"Article\",\"@id\":\"https:\/\/legacy.colt.net\/fr\/resources\/comment-colt-sengage-a-defendre-linclusion-et-la-diversite\/#article\",\"isPartOf\":{\"@id\":\"https:\/\/legacy.colt.net\/fr\/resources\/comment-colt-sengage-a-defendre-linclusion-et-la-diversite\/\"},\"author\":{\"name\":\"Colt Technology Services\",\"@id\":\"https:\/\/legacy.colt.net\/#\/schema\/person\/09439f92d8793dbc4008ae5e9c2dfcea\"},\"headline\":\"Comment Colt s\u2019engage \u00e0 d\u00e9fendre l\u2019inclusion et la diversit\u00e9\",\"datePublished\":\"2021-04-06T16:05:56+00:00\",\"dateModified\":\"2021-04-07T09:42:25+00:00\",\"mainEntityOfPage\":{\"@id\":\"https:\/\/legacy.colt.net\/fr\/resources\/comment-colt-sengage-a-defendre-linclusion-et-la-diversite\/\"},\"wordCount\":618,\"publisher\":{\"@id\":\"https:\/\/legacy.colt.net\/#organization\"},\"inLanguage\":\"fr-FR\"},{\"@type\":\"WebPage\",\"@id\":\"https:\/\/legacy.colt.net\/fr\/resources\/comment-colt-sengage-a-defendre-linclusion-et-la-diversite\/\",\"url\":\"https:\/\/legacy.colt.net\/fr\/resources\/comment-colt-sengage-a-defendre-linclusion-et-la-diversite\/\",\"name\":\"Comment Colt s\u2019engage \u00e0 d\u00e9fendre l\u2019inclusion et la diversit\u00e9 - Colt Technology Services\",\"isPartOf\":{\"@id\":\"https:\/\/legacy.colt.net\/#website\"},\"datePublished\":\"2021-04-06T16:05:56+00:00\",\"dateModified\":\"2021-04-07T09:42:25+00:00\",\"description\":\"Comment Colt s\u2019engage \u00e0 d\u00e9fendre l\u2019inclusion et la diversit\u00e9 Colt Technology Services\",\"breadcrumb\":{\"@id\":\"https:\/\/legacy.colt.net\/fr\/resources\/comment-colt-sengage-a-defendre-linclusion-et-la-diversite\/#breadcrumb\"},\"inLanguage\":\"fr-FR\",\"potentialAction\":[{\"@type\":\"ReadAction\",\"target\":[\"https:\/\/legacy.colt.net\/fr\/resources\/comment-colt-sengage-a-defendre-linclusion-et-la-diversite\/\"]}]},{\"@type\":\"BreadcrumbList\",\"@id\":\"https:\/\/legacy.colt.net\/fr\/resources\/comment-colt-sengage-a-defendre-linclusion-et-la-diversite\/#breadcrumb\",\"itemListElement\":[{\"@type\":\"ListItem\",\"position\":1,\"name\":\"Home\",\"item\":\"https:\/\/legacy.colt.net\/fr\/\"},{\"@type\":\"ListItem\",\"position\":2,\"name\":\"Blogs\",\"item\":\"https:\/\/legacy.colt.net\/fr\/resources\/type\/blog-fr\/\"},{\"@type\":\"ListItem\",\"position\":3,\"name\":\"Comment Colt s\u2019engage \u00e0 d\u00e9fendre l\u2019inclusion et la diversit\u00e9\"}]},{\"@type\":\"WebSite\",\"@id\":\"https:\/\/legacy.colt.net\/#website\",\"url\":\"https:\/\/legacy.colt.net\/\",\"name\":\"Colt\u30c6\u30af\u30ce\u30ed\u30b8\u30fc\u30b5\u30fc\u30d3\u30b9\u682a\u5f0f\u4f1a\u793e\",\"description\":\"Managed Network &amp; Voice Services Provider\",\"publisher\":{\"@id\":\"https:\/\/legacy.colt.net\/#organization\"},\"potentialAction\":[{\"@type\":\"SearchAction\",\"target\":{\"@type\":\"EntryPoint\",\"urlTemplate\":\"https:\/\/legacy.colt.net\/?s={search_term_string}\"},\"query-input\":{\"@type\":\"PropertyValueSpecification\",\"valueRequired\":true,\"valueName\":\"search_term_string\"}}],\"inLanguage\":\"fr-FR\"},{\"@type\":\"Organization\",\"@id\":\"https:\/\/legacy.colt.net\/#organization\",\"name\":\"Colt Technology Services\",\"url\":\"https:\/\/legacy.colt.net\/\",\"logo\":{\"@type\":\"ImageObject\",\"inLanguage\":\"fr-FR\",\"@id\":\"https:\/\/legacy.colt.net\/#\/schema\/logo\/image\/\",\"url\":\"https:\/\/legacy.colt.net\/wp-content\/uploads\/2019\/02\/Colt-Logo.png\",\"contentUrl\":\"https:\/\/legacy.colt.net\/wp-content\/uploads\/2019\/02\/Colt-Logo.png\",\"width\":195,\"height\":77,\"caption\":\"Colt Technology Services\"},\"image\":{\"@id\":\"https:\/\/legacy.colt.net\/#\/schema\/logo\/image\/\"},\"sameAs\":[\"https:\/\/www.facebook.com\/ColtTechnologyServices\/\",\"https:\/\/x.com\/colt_technology\",\"https:\/\/www.instagram.com\/colttechnologyservices\/\",\"https:\/\/www.linkedin.com\/company\/colt-technology-services\",\"https:\/\/www.youtube.com\/user\/ColtTechnology\"]},{\"@type\":\"Person\",\"@id\":\"https:\/\/legacy.colt.net\/#\/schema\/person\/09439f92d8793dbc4008ae5e9c2dfcea\",\"name\":\"Colt Technology Services\",\"image\":{\"@type\":\"ImageObject\",\"inLanguage\":\"fr-FR\",\"@id\":\"https:\/\/legacy.colt.net\/#\/schema\/person\/image\/\",\"url\":\"https:\/\/secure.gravatar.com\/avatar\/6b9a881ba14db66fdade203b02c05780e2538ba69b96f23bf61453fb9bbaabba?s=96&d=mm&r=g\",\"contentUrl\":\"https:\/\/secure.gravatar.com\/avatar\/6b9a881ba14db66fdade203b02c05780e2538ba69b96f23bf61453fb9bbaabba?s=96&d=mm&r=g\",\"caption\":\"Colt Technology Services\"},\"description\":\"As an industry-leading global digital infrastructure company, Colt helps businesses succeed by creating extraordinary connections. Powered by amazing people, like-minded partners and innovative technology, Colt is driven by its purpose: to put the power of the digital universe in the hands of its customers \u2013 whenever, wherever and however they want.\",\"url\":\"https:\/\/legacy.colt.net\/fr\/resources\/author\/colt\/\"}]}<\/script>\n<!-- \/ Yoast SEO plugin. -->","yoast_head_json":{"title":"Comment Colt s\u2019engage \u00e0 d\u00e9fendre l\u2019inclusion et la diversit\u00e9 - Colt Technology Services","description":"Comment Colt s\u2019engage \u00e0 d\u00e9fendre l\u2019inclusion et la diversit\u00e9 Colt Technology Services","robots":{"index":"noindex","follow":"follow","max-snippet":"max-snippet:-1","max-image-preview":"max-image-preview:large","max-video-preview":"max-video-preview:-1"},"og_locale":"fr_FR","og_type":"article","og_title":"Comment Colt s\u2019engage \u00e0 d\u00e9fendre l\u2019inclusion et la diversit\u00e9 - Colt Technology Services","og_description":"Comment Colt s\u2019engage \u00e0 d\u00e9fendre l\u2019inclusion et la diversit\u00e9 Colt Technology Services","og_url":"https:\/\/legacy.colt.net\/fr\/resources\/comment-colt-sengage-a-defendre-linclusion-et-la-diversite\/","og_site_name":"Colt Technology Services","article_publisher":"https:\/\/www.facebook.com\/ColtTechnologyServices\/","article_published_time":"2021-04-06T16:05:56+00:00","article_modified_time":"2021-04-07T09:42:25+00:00","og_image":[{"width":1000,"height":667,"url":"https:\/\/legacy.colt.net\/wp-content\/uploads\/2021\/01\/Brand-2021-Stock-13.jpg","type":"image\/jpeg"}],"author":"Colt Technology Services","twitter_card":"summary_large_image","twitter_creator":"@colt_technology","twitter_site":"@colt_technology","twitter_misc":{"Written by":"Colt Technology Services","Est. reading time":"3 minutes"},"schema":{"@context":"https:\/\/schema.org","@graph":[{"@type":"Article","@id":"https:\/\/legacy.colt.net\/fr\/resources\/comment-colt-sengage-a-defendre-linclusion-et-la-diversite\/#article","isPartOf":{"@id":"https:\/\/legacy.colt.net\/fr\/resources\/comment-colt-sengage-a-defendre-linclusion-et-la-diversite\/"},"author":{"name":"Colt Technology Services","@id":"https:\/\/legacy.colt.net\/#\/schema\/person\/09439f92d8793dbc4008ae5e9c2dfcea"},"headline":"Comment Colt s\u2019engage \u00e0 d\u00e9fendre l\u2019inclusion et la diversit\u00e9","datePublished":"2021-04-06T16:05:56+00:00","dateModified":"2021-04-07T09:42:25+00:00","mainEntityOfPage":{"@id":"https:\/\/legacy.colt.net\/fr\/resources\/comment-colt-sengage-a-defendre-linclusion-et-la-diversite\/"},"wordCount":618,"publisher":{"@id":"https:\/\/legacy.colt.net\/#organization"},"inLanguage":"fr-FR"},{"@type":"WebPage","@id":"https:\/\/legacy.colt.net\/fr\/resources\/comment-colt-sengage-a-defendre-linclusion-et-la-diversite\/","url":"https:\/\/legacy.colt.net\/fr\/resources\/comment-colt-sengage-a-defendre-linclusion-et-la-diversite\/","name":"Comment Colt s\u2019engage \u00e0 d\u00e9fendre l\u2019inclusion et la diversit\u00e9 - Colt Technology Services","isPartOf":{"@id":"https:\/\/legacy.colt.net\/#website"},"datePublished":"2021-04-06T16:05:56+00:00","dateModified":"2021-04-07T09:42:25+00:00","description":"Comment Colt s\u2019engage \u00e0 d\u00e9fendre l\u2019inclusion et la diversit\u00e9 Colt Technology Services","breadcrumb":{"@id":"https:\/\/legacy.colt.net\/fr\/resources\/comment-colt-sengage-a-defendre-linclusion-et-la-diversite\/#breadcrumb"},"inLanguage":"fr-FR","potentialAction":[{"@type":"ReadAction","target":["https:\/\/legacy.colt.net\/fr\/resources\/comment-colt-sengage-a-defendre-linclusion-et-la-diversite\/"]}]},{"@type":"BreadcrumbList","@id":"https:\/\/legacy.colt.net\/fr\/resources\/comment-colt-sengage-a-defendre-linclusion-et-la-diversite\/#breadcrumb","itemListElement":[{"@type":"ListItem","position":1,"name":"Home","item":"https:\/\/legacy.colt.net\/fr\/"},{"@type":"ListItem","position":2,"name":"Blogs","item":"https:\/\/legacy.colt.net\/fr\/resources\/type\/blog-fr\/"},{"@type":"ListItem","position":3,"name":"Comment Colt s\u2019engage \u00e0 d\u00e9fendre l\u2019inclusion et la diversit\u00e9"}]},{"@type":"WebSite","@id":"https:\/\/legacy.colt.net\/#website","url":"https:\/\/legacy.colt.net\/","name":"Colt\u30c6\u30af\u30ce\u30ed\u30b8\u30fc\u30b5\u30fc\u30d3\u30b9\u682a\u5f0f\u4f1a\u793e","description":"Managed Network &amp; Voice Services Provider","publisher":{"@id":"https:\/\/legacy.colt.net\/#organization"},"potentialAction":[{"@type":"SearchAction","target":{"@type":"EntryPoint","urlTemplate":"https:\/\/legacy.colt.net\/?s={search_term_string}"},"query-input":{"@type":"PropertyValueSpecification","valueRequired":true,"valueName":"search_term_string"}}],"inLanguage":"fr-FR"},{"@type":"Organization","@id":"https:\/\/legacy.colt.net\/#organization","name":"Colt Technology Services","url":"https:\/\/legacy.colt.net\/","logo":{"@type":"ImageObject","inLanguage":"fr-FR","@id":"https:\/\/legacy.colt.net\/#\/schema\/logo\/image\/","url":"https:\/\/legacy.colt.net\/wp-content\/uploads\/2019\/02\/Colt-Logo.png","contentUrl":"https:\/\/legacy.colt.net\/wp-content\/uploads\/2019\/02\/Colt-Logo.png","width":195,"height":77,"caption":"Colt Technology Services"},"image":{"@id":"https:\/\/legacy.colt.net\/#\/schema\/logo\/image\/"},"sameAs":["https:\/\/www.facebook.com\/ColtTechnologyServices\/","https:\/\/x.com\/colt_technology","https:\/\/www.instagram.com\/colttechnologyservices\/","https:\/\/www.linkedin.com\/company\/colt-technology-services","https:\/\/www.youtube.com\/user\/ColtTechnology"]},{"@type":"Person","@id":"https:\/\/legacy.colt.net\/#\/schema\/person\/09439f92d8793dbc4008ae5e9c2dfcea","name":"Colt Technology Services","image":{"@type":"ImageObject","inLanguage":"fr-FR","@id":"https:\/\/legacy.colt.net\/#\/schema\/person\/image\/","url":"https:\/\/secure.gravatar.com\/avatar\/6b9a881ba14db66fdade203b02c05780e2538ba69b96f23bf61453fb9bbaabba?s=96&d=mm&r=g","contentUrl":"https:\/\/secure.gravatar.com\/avatar\/6b9a881ba14db66fdade203b02c05780e2538ba69b96f23bf61453fb9bbaabba?s=96&d=mm&r=g","caption":"Colt Technology Services"},"description":"As an industry-leading global digital infrastructure company, Colt helps businesses succeed by creating extraordinary connections. Powered by amazing people, like-minded partners and innovative technology, Colt is driven by its purpose: to put the power of the digital universe in the hands of its customers \u2013 whenever, wherever and however they want.","url":"https:\/\/legacy.colt.net\/fr\/resources\/author\/colt\/"}]}},"_links":{"self":[{"href":"https:\/\/legacy.colt.net\/fr\/wp-json\/wp\/v2\/posts\/94286","targetHints":{"allow":["GET"]}}],"collection":[{"href":"https:\/\/legacy.colt.net\/fr\/wp-json\/wp\/v2\/posts"}],"about":[{"href":"https:\/\/legacy.colt.net\/fr\/wp-json\/wp\/v2\/types\/post"}],"author":[{"embeddable":true,"href":"https:\/\/legacy.colt.net\/fr\/wp-json\/wp\/v2\/users\/2"}],"replies":[{"embeddable":true,"href":"https:\/\/legacy.colt.net\/fr\/wp-json\/wp\/v2\/comments?post=94286"}],"version-history":[{"count":0,"href":"https:\/\/legacy.colt.net\/fr\/wp-json\/wp\/v2\/posts\/94286\/revisions"}],"wp:attachment":[{"href":"https:\/\/legacy.colt.net\/fr\/wp-json\/wp\/v2\/media?parent=94286"}],"wp:term":[{"taxonomy":"colt_type","embeddable":true,"href":"https:\/\/legacy.colt.net\/fr\/wp-json\/wp\/v2\/colt_type?post=94286"},{"taxonomy":"colt_ind","embeddable":true,"href":"https:\/\/legacy.colt.net\/fr\/wp-json\/wp\/v2\/colt_ind?post=94286"},{"taxonomy":"colt_products","embeddable":true,"href":"https:\/\/legacy.colt.net\/fr\/wp-json\/wp\/v2\/colt_products?post=94286"},{"taxonomy":"colt_solutions","embeddable":true,"href":"https:\/\/legacy.colt.net\/fr\/wp-json\/wp\/v2\/colt_solutions?post=94286"}],"curies":[{"name":"wp","href":"https:\/\/api.w.org\/{rel}","templated":true}]}}