{"id":89593,"date":"2021-01-21T11:26:56","date_gmt":"2021-01-21T11:26:56","guid":{"rendered":"https:\/\/www.colt.net\/?p=89593"},"modified":"2021-01-21T11:26:56","modified_gmt":"2021-01-21T11:26:56","slug":"colt-annonce-la-nomination-de-tessa-raum-au-poste-dexecutive-vice-president-des-ressources-humaines","status":"publish","type":"post","link":"https:\/\/legacy.colt.net\/fr\/resources\/colt-annonce-la-nomination-de-tessa-raum-au-poste-dexecutive-vice-president-des-ressources-humaines\/","title":{"rendered":"Colt annonce la nomination de Tessa Raum au poste d&#8217;Executive Vice President des ressources humaines"},"content":{"rendered":"<p style=\"text-align: center\"><em>Dans ses nouuvelles fonctions, elle <\/em><em>va apporter une riche exp\u00e9rience en ressources humaines du secteur IT et de celui des t\u00e9l\u00e9communications.<\/em><\/p>\n<p><strong>Paris, le 21\u00a0 janvier 2021<\/strong> &#8211; <a href=\"https:\/\/legacy.colt.net\/fr\">Colt Technology Services<\/a> annonce la nomination de Tessa Raum au poste d\u2019Executive Vice President (EVP) pour les ressources humaines. Dans le cadre de cette fonction, Tessa rejoint l&#8217;\u00e9quipe de direction, qui d\u00e9pend directement de Keri Gilder, CEO de Colt Technology Services. Professionnelle des ressources humaines, passionn\u00e9e et comp\u00e9tente, Tessa aura en charge la direction des ressources humaines de Colt et la mise en \u0153uvre de la strat\u00e9gie sur 3 ans de l\u2019ensemble de l\u2019entreprise. Cette strat\u00e9gie a \u00e9t\u00e9 r\u00e9cemment d\u00e9voil\u00e9 par Keri Gilder. Dans ses diff\u00e9rentes missions, Tessa Raum poursuivra la promotion de la culture de l\u2019innovation de Colt et contribuera \u00e0 l\u2019acc\u00e9l\u00e9ration de la croissance en s\u2019appuyant sur les collaborateurs.<\/p>\n<p>C\u2019est en juillet 2019 que Tessa a d\u00e9cid\u00e9 de rejoindre Colt en qualit\u00e9 de vice-pr\u00e9sidente des ressources humaines. Avant cela, elle a travaill\u00e9 dans plusieurs entreprises du secteur technologique, notamment dans le domaine des logiciels (dont eMoney Advisor, Beyond (aujourd&#8217;hui Nexxt) et Analytical Graphics, Inc.). Dans ses pr\u00e9c\u00e9dentes exp\u00e9riences professionnelles, elle a pu acqu\u00e9rir de solides connaissances de ce secteur particuli\u00e8rement agile. Ces exp\u00e9riences seront pr\u00e9cieuses pour Colt qui met en oeuvre sa nouvelle strat\u00e9gie pour apporter plus d\u2019agilit\u00e9 aux entreprises afin de les aider \u00e0 relever les d\u00e9fis commerciaux actuels.<\/p>\n<p>\u00ab\u00a0<em>Tessa fait preuve d\u2019une grande qualit\u00e9 de leadership depuis son arriv\u00e9e chez Colt. Elle dispose d\u2019une riche exp\u00e9rience et d\u2019un grand enthousiasme pour men<\/em><em>er \u00e0 bien notre strat\u00e9gie en ressources humaines dans notre strat\u00e9gie de croissance,<\/em>\u00a0\u00bb contaste <strong>Keri Gilder, CEO de Colt Technology Services.<\/strong> \u00ab\u00a0<em>Je me f\u00e9licite que Tessa rejoigne notre \u00e9quipe de direction, car elle incarne ce en quoi nous croyons passionn\u00e9ment en tant qu&#8217;\u00e9quipe de direction, \u00e0 savoir que nos collaborateurs sont la cl\u00e9 de notre succ\u00e8s. C&#8217;est pourquoi ils doivent \u00eatre au centre de nos activit\u00e9s et, \u00e0 notre tour, nous devons, en tant qu&#8217;organisation, veiller \u00e0 ce que nous soyons en mesure d\u2019assure leur bien-\u00eatre mental et leur \u00e9volution, afin que nous puissions tous nous \u00e9panouir.<\/em>\u00bb<\/p>\n<p>Commentant sa nomination, Tessa Raum indique\u00a0: \u00ab\u00a0<em>c&#8217;est une p\u00e9riode de grands changements pour le march\u00e9, pour Colt et pour les entre<\/em><em>prises du\u00a0<\/em><em>monde entier. Au cours de l&#8217;ann\u00e9e derni\u00e8re, nos collaborateurs ont travaill\u00e9 sans rel\u00e2che pour soutenir nos clients et je n&#8217;ai jamais \u00e9t\u00e9 aussi fi\u00e8re de faire partie de Colt. Avec notre nouvelle strat\u00e9gie d\u00e9finie pour les trois prochaines ann\u00e9es, je suis heureuse de pouvoir fournir \u00e0 nos collaborateurs les moyens de la mettre en \u0153uvre, afin que nous puissions tous jouer un r\u00f4le dans l&#8217;\u00e9volution de Colt.<\/em>\u00a0\u00bb<\/p>\n<p>\u00ab\u00a0<em>Le fait que nous puissions recruter quelqu\u2019un en interne pour ce poste d\u00e9montre \u00e9galement des talents que nous avons dans la grande famille Colt, et je me r\u00e9jouis de voir la r\u00e9ussite de Tessa,<\/em>\u00bb ajoute Keri Gilder.<\/p>\n<p>Tessa est bas\u00e9e \u00e0 Londres et occupe ses nouvelles fonctions d\u00e8s \u00e0 pr\u00e9sent.<\/p>\n<p><strong>A propos de Colt<\/strong><\/p>\n<p>Colt met tout en \u0153uvre pour transformer la mani\u00e8re dont travaillent les entreprises en utilisant la puissance de la connectivit\u00e9. Le r\u00e9seau Colt IQ Network connecte plus de 900 centres de donn\u00e9es \u00e0 travers l\u2019Europe, l\u2019Asie, les plus grands centres d\u2019affaires d\u2019Am\u00e9rique du Nord et un nombre croissant de points d\u2019acc\u00e8s au cloud avec plus de 29 000 b\u00e2timents connect\u00e9s. Parfaitement au fait des exigences de connectivit\u00e9 des entreprises, Colt propose des solutions large bande de haute performance qui contribuent au succ\u00e8s de ses clients. Dans cette optique, Colt s\u2019appuie sur une vision qui en fait l\u2019entreprise la plus orient\u00e9e-client de son secteur.<\/p>\n<p>Parmi ses clients, Colt compte des entreprises utilisatrices de grandes quantit\u00e9s de donn\u00e9es r\u00e9parties dans plus de 210 agglom\u00e9rations connect\u00e9es dans une trentaine de pays. Colt est \u00e9galement reconnu comme un acteur innovant et pionnier du SDN (r\u00e9seau d\u00e9fini par logiciel) et de la NFV (virtualisation des fonctions r\u00e9seau). D\u00e9tenue de mani\u00e8re priv\u00e9e, Colt est l\u2019une des entreprises les plus solides financi\u00e8rement de son secteur, offrant la meilleure exp\u00e9rience client \u00e0 des tarifs avantageux. Pour de plus amples informations, consultez le site: <a href=\"https:\/\/legacy.colt.net\/fr\/\">https:\/\/legacy.colt.net\/fr\/<\/a><\/p>\n","protected":false},"excerpt":{"rendered":"<p>Dans ses nouuvelles fonctions, elle va apporter une riche exp\u00e9rience en ressources humaines du secteur IT et de celui des t\u00e9l\u00e9communications. Paris, le 21\u00a0 janvier 2021 &#8211; Colt Technology Services annonce la nomination de Tessa Raum au poste d\u2019Executive Vice President (EVP) pour les ressources humaines. Dans le cadre de cette fonction, Tessa rejoint l&#8217;\u00e9quipe&#8230;<\/p>\n","protected":false},"author":40,"featured_media":0,"comment_status":"closed","ping_status":"closed","sticky":false,"template":"","format":"standard","meta":{"_acf_changed":false,"footnotes":""},"colt_type":[1671],"colt_ind":[1212],"colt_products":[],"colt_solutions":[],"class_list":["post-89593","post","type-post","status-publish","format-standard","hentry","colt_type-news-fr","colt_ind-business-fr"],"acf":[],"yoast_head":"<!-- This site is optimized with the Yoast SEO plugin v26.8 - https:\/\/yoast.com\/product\/yoast-seo-wordpress\/ -->\n<title>Colt annonce la nomination de Tessa Raum au poste d&#039;Executive Vice President des ressources humaines - Colt Technology Services<\/title>\n<meta name=\"description\" content=\"Colt annonce la nomination de Tessa Raum au poste d&#039;Executive Vice President des ressources humaines Colt Technology Services\" \/>\n<meta name=\"robots\" content=\"noindex, follow, max-snippet:-1, max-image-preview:large, max-video-preview:-1\" \/>\n<meta property=\"og:locale\" content=\"fr_FR\" \/>\n<meta property=\"og:type\" content=\"article\" \/>\n<meta property=\"og:title\" content=\"Colt annonce la nomination de Tessa Raum au poste d&#039;Executive Vice President des ressources humaines - Colt Technology Services\" \/>\n<meta property=\"og:description\" content=\"Colt annonce la nomination de Tessa Raum au poste d&#039;Executive Vice President des ressources humaines Colt Technology Services\" \/>\n<meta property=\"og:url\" content=\"https:\/\/legacy.colt.net\/fr\/resources\/colt-annonce-la-nomination-de-tessa-raum-au-poste-dexecutive-vice-president-des-ressources-humaines\/\" \/>\n<meta property=\"og:site_name\" content=\"Colt Technology Services\" \/>\n<meta property=\"article:publisher\" content=\"https:\/\/www.facebook.com\/ColtTechnologyServices\/\" \/>\n<meta property=\"article:published_time\" content=\"2021-01-21T11:26:56+00:00\" \/>\n<meta property=\"og:image\" content=\"https:\/\/legacy.colt.net\/wp-content\/uploads\/2021\/01\/Brand-2021-Stock-17.jpg\" \/>\n\t<meta property=\"og:image:width\" content=\"1000\" \/>\n\t<meta property=\"og:image:height\" content=\"683\" \/>\n\t<meta property=\"og:image:type\" content=\"image\/jpeg\" \/>\n<meta name=\"author\" content=\"Robert Ba\" \/>\n<meta name=\"twitter:card\" content=\"summary_large_image\" \/>\n<meta name=\"twitter:creator\" content=\"@colt_technology\" \/>\n<meta name=\"twitter:site\" content=\"@colt_technology\" \/>\n<meta name=\"twitter:label1\" content=\"Written by\" \/>\n\t<meta name=\"twitter:data1\" content=\"Robert Ba\" \/>\n\t<meta name=\"twitter:label2\" content=\"Est. reading time\" \/>\n\t<meta name=\"twitter:data2\" content=\"3 minutes\" \/>\n<script type=\"application\/ld+json\" class=\"yoast-schema-graph\">{\"@context\":\"https:\/\/schema.org\",\"@graph\":[{\"@type\":\"Article\",\"@id\":\"https:\/\/legacy.colt.net\/fr\/resources\/colt-annonce-la-nomination-de-tessa-raum-au-poste-dexecutive-vice-president-des-ressources-humaines\/#article\",\"isPartOf\":{\"@id\":\"https:\/\/legacy.colt.net\/fr\/resources\/colt-annonce-la-nomination-de-tessa-raum-au-poste-dexecutive-vice-president-des-ressources-humaines\/\"},\"author\":{\"name\":\"Robert Ba\",\"@id\":\"https:\/\/legacy.colt.net\/#\/schema\/person\/b52e42bb2cb7da752a39308bf6dfd29c\"},\"headline\":\"Colt annonce la nomination de Tessa Raum au poste d&#8217;Executive Vice President des ressources humaines\",\"datePublished\":\"2021-01-21T11:26:56+00:00\",\"mainEntityOfPage\":{\"@id\":\"https:\/\/legacy.colt.net\/fr\/resources\/colt-annonce-la-nomination-de-tessa-raum-au-poste-dexecutive-vice-president-des-ressources-humaines\/\"},\"wordCount\":781,\"publisher\":{\"@id\":\"https:\/\/legacy.colt.net\/#organization\"},\"inLanguage\":\"fr-FR\"},{\"@type\":\"WebPage\",\"@id\":\"https:\/\/legacy.colt.net\/fr\/resources\/colt-annonce-la-nomination-de-tessa-raum-au-poste-dexecutive-vice-president-des-ressources-humaines\/\",\"url\":\"https:\/\/legacy.colt.net\/fr\/resources\/colt-annonce-la-nomination-de-tessa-raum-au-poste-dexecutive-vice-president-des-ressources-humaines\/\",\"name\":\"Colt annonce la nomination de Tessa Raum au poste d'Executive Vice President des ressources humaines - Colt Technology Services\",\"isPartOf\":{\"@id\":\"https:\/\/legacy.colt.net\/#website\"},\"datePublished\":\"2021-01-21T11:26:56+00:00\",\"description\":\"Colt annonce la nomination de Tessa Raum au poste d'Executive Vice President des ressources humaines Colt Technology Services\",\"breadcrumb\":{\"@id\":\"https:\/\/legacy.colt.net\/fr\/resources\/colt-annonce-la-nomination-de-tessa-raum-au-poste-dexecutive-vice-president-des-ressources-humaines\/#breadcrumb\"},\"inLanguage\":\"fr-FR\",\"potentialAction\":[{\"@type\":\"ReadAction\",\"target\":[\"https:\/\/legacy.colt.net\/fr\/resources\/colt-annonce-la-nomination-de-tessa-raum-au-poste-dexecutive-vice-president-des-ressources-humaines\/\"]}]},{\"@type\":\"BreadcrumbList\",\"@id\":\"https:\/\/legacy.colt.net\/fr\/resources\/colt-annonce-la-nomination-de-tessa-raum-au-poste-dexecutive-vice-president-des-ressources-humaines\/#breadcrumb\",\"itemListElement\":[{\"@type\":\"ListItem\",\"position\":1,\"name\":\"Home\",\"item\":\"https:\/\/legacy.colt.net\/fr\/\"},{\"@type\":\"ListItem\",\"position\":2,\"name\":\"News\",\"item\":\"https:\/\/legacy.colt.net\/fr\/resources\/type\/news-fr\/\"},{\"@type\":\"ListItem\",\"position\":3,\"name\":\"Colt annonce la nomination de Tessa Raum au poste d&#8217;Executive Vice President des ressources humaines\"}]},{\"@type\":\"WebSite\",\"@id\":\"https:\/\/legacy.colt.net\/#website\",\"url\":\"https:\/\/legacy.colt.net\/\",\"name\":\"Colt\u30c6\u30af\u30ce\u30ed\u30b8\u30fc\u30b5\u30fc\u30d3\u30b9\u682a\u5f0f\u4f1a\u793e\",\"description\":\"Managed Network &amp; Voice Services Provider\",\"publisher\":{\"@id\":\"https:\/\/legacy.colt.net\/#organization\"},\"potentialAction\":[{\"@type\":\"SearchAction\",\"target\":{\"@type\":\"EntryPoint\",\"urlTemplate\":\"https:\/\/legacy.colt.net\/?s={search_term_string}\"},\"query-input\":{\"@type\":\"PropertyValueSpecification\",\"valueRequired\":true,\"valueName\":\"search_term_string\"}}],\"inLanguage\":\"fr-FR\"},{\"@type\":\"Organization\",\"@id\":\"https:\/\/legacy.colt.net\/#organization\",\"name\":\"Colt Technology Services\",\"url\":\"https:\/\/legacy.colt.net\/\",\"logo\":{\"@type\":\"ImageObject\",\"inLanguage\":\"fr-FR\",\"@id\":\"https:\/\/legacy.colt.net\/#\/schema\/logo\/image\/\",\"url\":\"https:\/\/legacy.colt.net\/wp-content\/uploads\/2019\/02\/Colt-Logo.png\",\"contentUrl\":\"https:\/\/legacy.colt.net\/wp-content\/uploads\/2019\/02\/Colt-Logo.png\",\"width\":195,\"height\":77,\"caption\":\"Colt Technology Services\"},\"image\":{\"@id\":\"https:\/\/legacy.colt.net\/#\/schema\/logo\/image\/\"},\"sameAs\":[\"https:\/\/www.facebook.com\/ColtTechnologyServices\/\",\"https:\/\/x.com\/colt_technology\",\"https:\/\/www.instagram.com\/colttechnologyservices\/\",\"https:\/\/www.linkedin.com\/company\/colt-technology-services\",\"https:\/\/www.youtube.com\/user\/ColtTechnology\"]},{\"@type\":\"Person\",\"@id\":\"https:\/\/legacy.colt.net\/#\/schema\/person\/b52e42bb2cb7da752a39308bf6dfd29c\",\"name\":\"Robert Ba\",\"image\":{\"@type\":\"ImageObject\",\"inLanguage\":\"fr-FR\",\"@id\":\"https:\/\/legacy.colt.net\/#\/schema\/person\/image\/\",\"url\":\"https:\/\/secure.gravatar.com\/avatar\/ec258f338241acab715f7f4666b716a74823ba6b4ec18774d9d5af0cc27545bd?s=96&d=mm&r=g\",\"contentUrl\":\"https:\/\/secure.gravatar.com\/avatar\/ec258f338241acab715f7f4666b716a74823ba6b4ec18774d9d5af0cc27545bd?s=96&d=mm&r=g\",\"caption\":\"Robert Ba\"},\"description\":\"Colt provide world class network and voice connectivity to businesses in Europe, Asia and the US.\",\"url\":\"https:\/\/legacy.colt.net\/fr\/resources\/author\/robertba\/\"}]}<\/script>\n<!-- \/ Yoast SEO plugin. -->","yoast_head_json":{"title":"Colt annonce la nomination de Tessa Raum au poste d'Executive Vice President des ressources humaines - Colt Technology Services","description":"Colt annonce la nomination de Tessa Raum au poste d'Executive Vice President des ressources humaines Colt Technology Services","robots":{"index":"noindex","follow":"follow","max-snippet":"max-snippet:-1","max-image-preview":"max-image-preview:large","max-video-preview":"max-video-preview:-1"},"og_locale":"fr_FR","og_type":"article","og_title":"Colt annonce la nomination de Tessa Raum au poste d'Executive Vice President des ressources humaines - Colt Technology Services","og_description":"Colt annonce la nomination de Tessa Raum au poste d'Executive Vice President des ressources humaines Colt Technology Services","og_url":"https:\/\/legacy.colt.net\/fr\/resources\/colt-annonce-la-nomination-de-tessa-raum-au-poste-dexecutive-vice-president-des-ressources-humaines\/","og_site_name":"Colt Technology Services","article_publisher":"https:\/\/www.facebook.com\/ColtTechnologyServices\/","article_published_time":"2021-01-21T11:26:56+00:00","og_image":[{"width":1000,"height":683,"url":"https:\/\/legacy.colt.net\/wp-content\/uploads\/2021\/01\/Brand-2021-Stock-17.jpg","type":"image\/jpeg"}],"author":"Robert Ba","twitter_card":"summary_large_image","twitter_creator":"@colt_technology","twitter_site":"@colt_technology","twitter_misc":{"Written by":"Robert Ba","Est. reading time":"3 minutes"},"schema":{"@context":"https:\/\/schema.org","@graph":[{"@type":"Article","@id":"https:\/\/legacy.colt.net\/fr\/resources\/colt-annonce-la-nomination-de-tessa-raum-au-poste-dexecutive-vice-president-des-ressources-humaines\/#article","isPartOf":{"@id":"https:\/\/legacy.colt.net\/fr\/resources\/colt-annonce-la-nomination-de-tessa-raum-au-poste-dexecutive-vice-president-des-ressources-humaines\/"},"author":{"name":"Robert Ba","@id":"https:\/\/legacy.colt.net\/#\/schema\/person\/b52e42bb2cb7da752a39308bf6dfd29c"},"headline":"Colt annonce la nomination de Tessa Raum au poste d&#8217;Executive Vice President des ressources humaines","datePublished":"2021-01-21T11:26:56+00:00","mainEntityOfPage":{"@id":"https:\/\/legacy.colt.net\/fr\/resources\/colt-annonce-la-nomination-de-tessa-raum-au-poste-dexecutive-vice-president-des-ressources-humaines\/"},"wordCount":781,"publisher":{"@id":"https:\/\/legacy.colt.net\/#organization"},"inLanguage":"fr-FR"},{"@type":"WebPage","@id":"https:\/\/legacy.colt.net\/fr\/resources\/colt-annonce-la-nomination-de-tessa-raum-au-poste-dexecutive-vice-president-des-ressources-humaines\/","url":"https:\/\/legacy.colt.net\/fr\/resources\/colt-annonce-la-nomination-de-tessa-raum-au-poste-dexecutive-vice-president-des-ressources-humaines\/","name":"Colt annonce la nomination de Tessa Raum au poste d'Executive Vice President des ressources humaines - Colt Technology Services","isPartOf":{"@id":"https:\/\/legacy.colt.net\/#website"},"datePublished":"2021-01-21T11:26:56+00:00","description":"Colt annonce la nomination de Tessa Raum au poste d'Executive Vice President des ressources humaines Colt Technology Services","breadcrumb":{"@id":"https:\/\/legacy.colt.net\/fr\/resources\/colt-annonce-la-nomination-de-tessa-raum-au-poste-dexecutive-vice-president-des-ressources-humaines\/#breadcrumb"},"inLanguage":"fr-FR","potentialAction":[{"@type":"ReadAction","target":["https:\/\/legacy.colt.net\/fr\/resources\/colt-annonce-la-nomination-de-tessa-raum-au-poste-dexecutive-vice-president-des-ressources-humaines\/"]}]},{"@type":"BreadcrumbList","@id":"https:\/\/legacy.colt.net\/fr\/resources\/colt-annonce-la-nomination-de-tessa-raum-au-poste-dexecutive-vice-president-des-ressources-humaines\/#breadcrumb","itemListElement":[{"@type":"ListItem","position":1,"name":"Home","item":"https:\/\/legacy.colt.net\/fr\/"},{"@type":"ListItem","position":2,"name":"News","item":"https:\/\/legacy.colt.net\/fr\/resources\/type\/news-fr\/"},{"@type":"ListItem","position":3,"name":"Colt annonce la nomination de Tessa Raum au poste d&#8217;Executive Vice President des ressources humaines"}]},{"@type":"WebSite","@id":"https:\/\/legacy.colt.net\/#website","url":"https:\/\/legacy.colt.net\/","name":"Colt\u30c6\u30af\u30ce\u30ed\u30b8\u30fc\u30b5\u30fc\u30d3\u30b9\u682a\u5f0f\u4f1a\u793e","description":"Managed Network &amp; Voice Services Provider","publisher":{"@id":"https:\/\/legacy.colt.net\/#organization"},"potentialAction":[{"@type":"SearchAction","target":{"@type":"EntryPoint","urlTemplate":"https:\/\/legacy.colt.net\/?s={search_term_string}"},"query-input":{"@type":"PropertyValueSpecification","valueRequired":true,"valueName":"search_term_string"}}],"inLanguage":"fr-FR"},{"@type":"Organization","@id":"https:\/\/legacy.colt.net\/#organization","name":"Colt Technology Services","url":"https:\/\/legacy.colt.net\/","logo":{"@type":"ImageObject","inLanguage":"fr-FR","@id":"https:\/\/legacy.colt.net\/#\/schema\/logo\/image\/","url":"https:\/\/legacy.colt.net\/wp-content\/uploads\/2019\/02\/Colt-Logo.png","contentUrl":"https:\/\/legacy.colt.net\/wp-content\/uploads\/2019\/02\/Colt-Logo.png","width":195,"height":77,"caption":"Colt Technology Services"},"image":{"@id":"https:\/\/legacy.colt.net\/#\/schema\/logo\/image\/"},"sameAs":["https:\/\/www.facebook.com\/ColtTechnologyServices\/","https:\/\/x.com\/colt_technology","https:\/\/www.instagram.com\/colttechnologyservices\/","https:\/\/www.linkedin.com\/company\/colt-technology-services","https:\/\/www.youtube.com\/user\/ColtTechnology"]},{"@type":"Person","@id":"https:\/\/legacy.colt.net\/#\/schema\/person\/b52e42bb2cb7da752a39308bf6dfd29c","name":"Robert Ba","image":{"@type":"ImageObject","inLanguage":"fr-FR","@id":"https:\/\/legacy.colt.net\/#\/schema\/person\/image\/","url":"https:\/\/secure.gravatar.com\/avatar\/ec258f338241acab715f7f4666b716a74823ba6b4ec18774d9d5af0cc27545bd?s=96&d=mm&r=g","contentUrl":"https:\/\/secure.gravatar.com\/avatar\/ec258f338241acab715f7f4666b716a74823ba6b4ec18774d9d5af0cc27545bd?s=96&d=mm&r=g","caption":"Robert Ba"},"description":"Colt provide world class network and voice connectivity to businesses in Europe, Asia and the US.","url":"https:\/\/legacy.colt.net\/fr\/resources\/author\/robertba\/"}]}},"_links":{"self":[{"href":"https:\/\/legacy.colt.net\/fr\/wp-json\/wp\/v2\/posts\/89593","targetHints":{"allow":["GET"]}}],"collection":[{"href":"https:\/\/legacy.colt.net\/fr\/wp-json\/wp\/v2\/posts"}],"about":[{"href":"https:\/\/legacy.colt.net\/fr\/wp-json\/wp\/v2\/types\/post"}],"author":[{"embeddable":true,"href":"https:\/\/legacy.colt.net\/fr\/wp-json\/wp\/v2\/users\/40"}],"replies":[{"embeddable":true,"href":"https:\/\/legacy.colt.net\/fr\/wp-json\/wp\/v2\/comments?post=89593"}],"version-history":[{"count":0,"href":"https:\/\/legacy.colt.net\/fr\/wp-json\/wp\/v2\/posts\/89593\/revisions"}],"wp:attachment":[{"href":"https:\/\/legacy.colt.net\/fr\/wp-json\/wp\/v2\/media?parent=89593"}],"wp:term":[{"taxonomy":"colt_type","embeddable":true,"href":"https:\/\/legacy.colt.net\/fr\/wp-json\/wp\/v2\/colt_type?post=89593"},{"taxonomy":"colt_ind","embeddable":true,"href":"https:\/\/legacy.colt.net\/fr\/wp-json\/wp\/v2\/colt_ind?post=89593"},{"taxonomy":"colt_products","embeddable":true,"href":"https:\/\/legacy.colt.net\/fr\/wp-json\/wp\/v2\/colt_products?post=89593"},{"taxonomy":"colt_solutions","embeddable":true,"href":"https:\/\/legacy.colt.net\/fr\/wp-json\/wp\/v2\/colt_solutions?post=89593"}],"curies":[{"name":"wp","href":"https:\/\/api.w.org\/{rel}","templated":true}]}}