{"id":89245,"date":"2020-08-28T16:26:25","date_gmt":"2020-08-28T15:26:25","guid":{"rendered":"https:\/\/www.colt.net\/?p=89245"},"modified":"2024-08-08T11:47:42","modified_gmt":"2024-08-08T10:47:42","slug":"how-to-unlock-the-true-value-of-your-cloud-migration","status":"publish","type":"post","link":"https:\/\/legacy.colt.net\/fr\/resources\/how-to-unlock-the-true-value-of-your-cloud-migration\/","title":{"rendered":"La v\u00e9ritable valeur d\u2019une migration ma\u00eetris\u00e9e vers le cloud"},"content":{"rendered":"\n<p style=\"font-size:22px\">De nombreuses entreprises \u00e9voquent l\u2019int\u00e9r\u00eat financier du cloud, mettant l\u2019accent sur la r\u00e9duction des d\u00e9penses gr\u00e2ce \u00e0 une agilit\u00e9 et une efficacit\u00e9 hors pair. Or, la v\u00e9ritable valeur du cloud est ailleurs. Par exemple, cette technologie permet aux entreprises de g\u00e9rer des contrats de grande envergure pour b\u00e9n\u00e9ficier d\u2019abonnements mensuels moins on\u00e9reux, mais \u00e9galement de mettre des outils essentiels \u00e0 la port\u00e9e de tous leurs employ\u00e9s.<\/p>\n\n\n\n<p>Gr\u00e2ce au cloud, les \u00e9quipes gagnent en agilit\u00e9 et les employ\u00e9s en productivit\u00e9, la collaboration devient plus simple, et les entreprises peuvent r\u00e9agir avec une efficacit\u00e9 sans \u00e9gal aux changements qui marquent leur secteur d\u2019activit\u00e9.<br><br>Si l\u2019on consid\u00e8re cette migration sous un angle \u00e9largi, il ne fait aucun doute que l\u2019adoption<br>de plateformes et d\u2019applications bas\u00e9es sur le cloud a des r\u00e9percussions positives au-del\u00e0 de chaque activit\u00e9. Son impact macro\u00e9conomique est immense, et sa contribution sur le plan commercial a donn\u00e9 un solide coup de fouet \u00e0 l\u2019\u00e9conomie mondiale.<\/p>\n\n\n\n<h3 class=\"wp-block-heading\">Comment le cloud aide les industries \u00e0 progresser<\/h3>\n\n\n\n<p style=\"font-size:20px\">Le march\u00e9 mondial du cloud devrait totaliser 295 milliards de dollars en 2021 &#8211; une croissance de 12,5 % par rapport \u00e0 2019 &#8211; et ce, malgr\u00e9 la pand\u00e9mie de COVID-19. Et si l\u2019approche SaaS (Software-as-a-Service) se taille la part du lion, l\u2019IaaS (Infrastructure- as-a-Service) enregistrera cette ann\u00e9e sa progression la plus rapide en raison de la consolidation des datacentres, modifiant au passage la mani\u00e8re dont les entreprises d\u00e9placent leurs charges de travail vers le cloud.<\/p>\n\n\n\n<p>Selon les pr\u00e9visions, plus de <a href=\"https:\/\/www.gartner.com\/en\/newsroom\/press-releases\/2020-01-15-gartner-says-global-it-spending-to-reach-3point9-trillion-in-2020\"><strong>3 900 milliards<\/strong><\/a><strong> <\/strong><a href=\"https:\/\/www.gartner.com\/en\/newsroom\/press-releases\/2020-01-15-gartner-says-global-it-spending-to-reach-3point9-trillion-in-2020\"><strong>de dollars <\/strong><\/a>seront d\u00e9pens\u00e9s en faveur des technologies de l\u2019information, et notamment du cloud, d\u2019ici \u00e0 2022. Depuis quelques ann\u00e9es, l<a href=\"https:\/\/www.decisionmarketing.co.uk\/news\/unstoppable-crm-market-surges-again-to-top-48bn\">a gestion de la relation client (CRM) <\/a>est l\u2019un des domaines les plus pris\u00e9s; soulignons \u00e0 ce titre que les d\u00e9ploiements d\u2019outils de CRM sur le cloud sont plus nombreux que sur site.<\/p>\n\n\n\n<p>Il y a dix ans, la situation \u00e9tait totalement diff\u00e9rente pour les entreprises qui \u00e9voluaient dans l\u2019ombre des g\u00e9ants de l\u2019industrie. Les PME ne pouvaient envisager d\u2019acc\u00e9der aux m\u00eames offres de licences logicielles que leurs concurrents plus hupp\u00e9s et solidement \u00e9tablis. En disposant d\u2019un acc\u00e8s \u00e9largi \u00e0 l\u2019infrastructure informatique et aux applications m\u00e9tier essentielles, ainsi que d\u2019options plus souples pour les acqu\u00e9rir, les entreprises peuvent poursuivre leur croissance tout en adaptant leur culture institutionnelle. De l\u2019alignement des services et d\u00e9partements \u00e0 l\u2019am\u00e9lioration de la communication en passant par une transparence accrue et la prise en charge du t\u00e9l\u00e9travail, le champ des possibles semble infini.<\/p>\n\n\n\n<p>Cette mutation nous am\u00e8ne \u00e0 \u00e9tudier les rendements de valeur que la migration vers le cloud peut apporter \u00e0 une petite \u00e9chelle. Mais pour mesurer le succ\u00e8s, il est essentiel de bien comprendre ce que le cloud va apporter \u00e0 votre entreprise, au-del\u00e0 de ses avantages financiers.<\/p>\n\n\n\n<h3 class=\"wp-block-heading\">Quel objectif pour votre enterprise ?<\/h3>\n\n\n\n<p style=\"font-size:20px\">Le terme \u00ab efficacit\u00e9 \u00bb est important, car il est souvent cit\u00e9 comme l\u2019objectif principal de la migration vers le cloud. Toutefois, cela ne signifie pas que vos r\u00e9sultats augmenteront comme par magie. M\u00eame si \u00ab l\u2019efficacit\u00e9 op\u00e9rationnelle \u00bb permet de r\u00e9duire les co\u00fbts, la v\u00e9ritable valeur ajout\u00e9e r\u00e9side dans le gain de temps, la possibilit\u00e9 de travailler en tous points du monde, la hausse de la productivit\u00e9 et la capacit\u00e9 d\u2019adaptation \u00e0 de nouvelles tendances et \u00e0 de nouveaux besoins.<\/p>\n\n\n\n<p>Les entreprises ne se rendent pas toujours compte des \u00e9conomies imm\u00e9diates et directes rendues possibles par le cloud parce que les gains d\u2019efficacit\u00e9 se mesurent sur le long terme. Dans leurs t\u00e2ches quotidiennes, il est possible que les employ\u00e9s gagnent du temps jusqu\u2019alors consacr\u00e9 \u00e0 la recherche de documents, \u00e0 des communications inutiles ou \u00e0 de poussives mises \u00e0 jour logicielles, tandis que sur le long terme, les employeurs optimiseront l\u2019affectation des ressources, de sorte que leurs employ\u00e9s seront davantage \u00e9panouis, ce qui permettra de fid\u00e9liser les talents et de minimiser les co\u00fbts de recrutement induits.<\/p>\n\n\n\n<p>Certaines entreprises font fausse route, car elles ne savent pas r\u00e9ellement ce qu\u2019elles recherchent et se lancent dans des projets trop ambitieux. R\u00e9sultat, leur choix se porte sur le mauvais fournisseur et les services d\u00e9ploy\u00e9s ne r\u00e9pondent pas \u00e0 leurs objectifs.<\/p>\n\n\n\n<p>Ce probl\u00e8me se produit fr\u00e9quemment lorsque les intervenants impliqu\u00e9s sont nombreux et que chacun propose sa propre vision de la marche \u00e0 suivre. Il revient d\u00e8s lors \u00e0 la DSI de prendre les affaires en main et de d\u00e9finir le cap, parfois en g\u00e9rant de multiples investisseurs, responsables et membres du conseil d\u2019administration. Si votre fournisseur de services cloud, votre partenaire de connectivit\u00e9 et les services et produits adopt\u00e9s ne sont pas capables de r\u00e9soudre les probl\u00e8mes existants, il y a de fortes chances que le projet de migration n\u2019apporte pas l\u2019efficacit\u00e9 ou les \u00e9conomies escompt\u00e9es.<\/p>\n\n\n\n<h3 class=\"wp-block-heading\">Quel r\u00f4le pour la DSI dans la migration vers le cloud ?<\/h3>\n\n\n\n<p style=\"font-size:20px\">Nous l\u2019avons vu, l\u2019une des plus grandes erreurs qu\u2019une entreprise peut commettre est de ne pas avoir d\u00e9fini une strat\u00e9gie ; il incombe, entre autres, \u00e0 la direction des syst\u00e8mes d\u2019information (DSI) de v\u00e9rifier qu\u2019un objectif pr\u00e9cis a \u00e9t\u00e9 fix\u00e9.<\/p>\n\n\n\n<p>Il est essentiel que les responsables IT disposent des outils n\u00e9cessaires pour soutenir l\u2019essor du cloud au sein de leur entreprise, et \u00e0 ce titre, la responsabilit\u00e9 occupe une place essentielle. Un employ\u00e9 doit se positionner comme l\u2019avocat du projet de migration, \u00eatre un d\u00e9cideur cl\u00e9 qui jonglera avec les desiderata des diff\u00e9rents partenaires, et s\u2019affichera en interne comme l\u2019incontournable expert en la mati\u00e8re. Dans ce contexte, il est capital de pr\u00e9senter un dossier solide aux d\u00e9cideurs. L\u2019adh\u00e9sion des diff\u00e9rents partenaires est cruciale pour la r\u00e9ussite du projet, et l\u2019analyse de rentabilit\u00e9 doit \u00eatre \u00e0 la fois r\u00e9aliste et suffisamment<br>pointue pour d\u00e9montrer que les attentes seront satisfaites et l\u2019objectif atteint en respectant le budget. Un projet de migration de grande envergure est une exp\u00e9rience charni\u00e8re dans la carri\u00e8re d\u2019un DSI. S\u2019il \u00e9choue ou si les promesses ne sont pas tenues, il perdra confiance, toute cr\u00e9dibilit\u00e9, et parfois m\u00eame son emploi.<\/p>\n\n\n\n<p><strong>Constituer une \u00e9quipe taill\u00e9e pour le cloud<\/strong><\/p>\n\n\n\n<p>Toute entreprise pr\u00e9sente sur le cloud doit se doter d\u2019un \u00ab <a href=\"https:\/\/www.cloudops.com\/fr\/2019\/09\/evolution-vers-un-centre-infonuagique-dexcellence-dans-aws\/\">centre infonuagique d\u2019excellence <\/a>\u00bb (CCoE). Invent\u00e9e par <a href=\"https:\/\/medium.com\/aws-enterprise-collection\/how-to-create-a-cloud-center-of-excellence-in-your-enterprise-8ed3a97adcc6\">Stephen Orban en 2016<\/a>, cette expression d\u00e9signe un groupe de personnes charg\u00e9es de d\u00e9velopper un cadre d\u2019exploitation du cloud. L\u2019un des r\u00f4les fondamentaux du CCoE est de r\u00e9gir l\u2019infrastructure informatique tout en d\u00e9finissant les bonnes pratiques devant \u00eatre suivies par chacun des services concern\u00e9s.<\/p>\n\n\n\n<p>D\u2019une certaine mani\u00e8re, le r\u00f4le de ce centre d\u2019excellence se rapproche du DevOps, en ce sens o\u00f9 il aide l\u2019entreprise \u00e0 suivre une approche commune en vue d\u2019am\u00e9liorer la collaboration et la communication tout en se focalisant sur la \u00ab gestion du changement \u00bb. Cette gestion du changement doit \u00eatre prise en compte \u00e0 chaque \u00e9tape, dans la mesure o\u00f9 elle clarifie tous les paliers qu\u2019une entreprise doit franchir lorsqu\u2019elle quitte l\u2019infrastructure existante. Elle permet de faire face aux probl\u00e9matiques de s\u00e9curit\u00e9, de conformit\u00e9, de connectivit\u00e9, d\u2019efficacit\u00e9 et d\u2019int\u00e9gration des employ\u00e9s \u00e0 tous les niveaux.<\/p>\n\n\n\n<p>Si 66 % des entreprises sont d\u00e9j\u00e0 dot\u00e9es d\u2019une \u00e9quipe de gestion du cloud, 21 % pr\u00e9voient d\u2019en former une \u00e0 court terme. En outre, ces services IT centralis\u00e9s contribuent \u00e0 optimiser ou am\u00e9liorer les op\u00e9rations suivantes :<\/p>\n\n\n\n<ul class=\"wp-block-list\">\n<li>r\u00e9duire le co\u00fbt du cloud ;<\/li>\n\n\n\n<li>d\u00e9terminer quelles applications fonctionneront sur quel type de cloud ;<\/li>\n\n\n\n<li>mettre en place des r\u00e8gles d\u2019utilisation du cloud ;<\/li>\n\n\n\n<li>optimiser les performances des applications.<\/li>\n<\/ul>\n\n\n\n<p><strong>D\u00e9placer les applications les plus importantes vers le cloud<\/strong><br>Alors qu\u2019un nombre croissant d\u2019entreprises d\u00e9placent leurs charges de travail vers le cloud, il est plus important que jamais de pouvoir s\u2019appuyer sur un solide leadership dans le domaine informatique. Selon les conclusions de <a href=\"https:\/\/legacy.colt.net\/fr\/go\/state-of-the-cloud\/\">l\u2019enqu\u00eate <\/a>men\u00e9e r\u00e9cemment aupr\u00e8s de hauts dirigeants informatiques, de nombreux services m\u00e9tier essentiels ont d\u00e9j\u00e0 \u00e9t\u00e9 d\u00e9plac\u00e9s vers le cloud.<\/p>\n\n\n\n<p><strong>Quels syst\u00e8mes ou fonctions critiques avez-vous migr\u00e9 dans le cloud ?<\/strong><br><\/p>\n\n\n\n<figure class=\"wp-block-image size-full is-resized\"><img loading=\"lazy\" decoding=\"async\" width=\"442\" height=\"597\" src=\"https:\/\/legacy.colt.net\/wp-content\/uploads\/2024\/08\/True-Value-of-your-Cloud-Migration-Graph-FR.png\" alt=\"\" class=\"wp-image-139944\" style=\"width:514px;height:auto\" srcset=\"https:\/\/legacy.colt.net\/wp-content\/uploads\/2024\/08\/True-Value-of-your-Cloud-Migration-Graph-FR.png 442w, https:\/\/legacy.colt.net\/wp-content\/uploads\/2024\/08\/True-Value-of-your-Cloud-Migration-Graph-FR-222x300.png 222w, https:\/\/legacy.colt.net\/wp-content\/uploads\/2024\/08\/True-Value-of-your-Cloud-Migration-Graph-FR-296x400.png 296w\" sizes=\"auto, (max-width: 442px) 100vw, 442px\" \/><\/figure>\n\n\n\n<h3 class=\"wp-block-heading\"><strong>Comment g\u00e9rer une migration parfaitement fluide vers le cloud ?<\/strong><\/h3>\n\n\n\n<p>Le p\u00e9riple vers le cloud est complexe et doit suivre une orientation claire et pr\u00e9cise. Au fil des diff\u00e9rentes \u00e9tapes, la connectivit\u00e9 joue un r\u00f4le primordial dans le succ\u00e8s de votre programme. D\u2019ailleurs, 88 % des responsables informatiques interrog\u00e9s dans le cadre de notre enqu\u00eate ont d\u00e9clar\u00e9 avoir mis en place une connectivit\u00e9 d\u00e9di\u00e9e afin d\u2019am\u00e9liorer les performances des services d\u00e9plac\u00e9s vers le cloud.<\/p>\n\n\n\n<figure class=\"wp-block-image size-full\"><img loading=\"lazy\" decoding=\"async\" width=\"396\" height=\"344\" src=\"https:\/\/legacy.colt.net\/wp-content\/uploads\/2024\/08\/True-Value-of-your-Cloud-Migration-Graph-2-FR.png\" alt=\"\" class=\"wp-image-139950\" srcset=\"https:\/\/legacy.colt.net\/wp-content\/uploads\/2024\/08\/True-Value-of-your-Cloud-Migration-Graph-2-FR.png 396w, https:\/\/legacy.colt.net\/wp-content\/uploads\/2024\/08\/True-Value-of-your-Cloud-Migration-Graph-2-FR-300x261.png 300w\" sizes=\"auto, (max-width: 396px) 100vw, 396px\" \/><\/figure>\n\n\n\n<p><strong>Initiation et recherche<\/strong><br>Au cours de cette premi\u00e8re \u00e9tape, vous devrez prendre contact avec les partenaires int\u00e9ress\u00e9s et entamer le dialogue avec tous les services potentiellement concern\u00e9s. La phase de recherche doit porter sur les objectifs de l\u2019entreprise et en mettant l\u2019accent sur les processus m\u00e9tier dans le but d\u2019identifier les domaines pouvant \u00eatre am\u00e9lior\u00e9s.<\/p>\n\n\n\n<p>C\u2019est \u00e9galement au cours de cette phase que les descriptions de poste sont r\u00e9dig\u00e9es et\/ou actualis\u00e9es pour que les employ\u00e9s soient inform\u00e9s des responsabilit\u00e9s requises en cas de lancement d\u2019un projet.<\/p>\n\n\n\n<p><strong>\u00c9valuation<\/strong><br>Cette seconde phase n\u00e9cessite un examen approfondi de votre entreprise afin de d\u00e9cider si elle est pr\u00eate \u00e0 entamer le processus de migration. Cette \u00e9valuation concerne la faisabilit\u00e9 technique, les options de financement, la constitution d\u2019une \u00e9tude de faisabilit\u00e9 (business case) et les \u00e9ventuelles r\u00e9percussions sur le plan op\u00e9rationnel. Il ne suffit pas d\u2019examiner l\u2019environnement existant : vous devez \u00e9galement penser \u00e0 l\u2019avenir, ainsi qu\u2019\u00e0 la mani\u00e8re dont vous pr\u00e9voyez d\u2019\u00e9tendre votre r\u00e9seau, de d\u00e9velopper votre entreprise par rapport \u00e0 la demande et d\u2019induire une souplesse suffisante pour porter votre croissance. Tous ces \u00e9l\u00e9ments doivent \u00eatre pris en compte dans votre plan de migration.<\/p>\n\n\n\n<p><strong>Mise en \u0153uvre<\/strong><br>La mise en \u0153uvre repr\u00e9sente la phase la plus critique et la plus complexe de ce projet. Plusieurs sous-domaines devront \u00eatre trait\u00e9s avec soin :<\/p>\n\n\n\n<ul class=\"wp-block-list\">\n<li>planification de la migration ;<\/li>\n\n\n\n<li>exigences et conception ;<\/li>\n\n\n\n<li>tests<\/li>\n\n\n\n<li>essais de recettes utilisateur (UAT \u2014 User Acceptance Testing)<\/li>\n\n\n\n<li>transfert et prise en charge<\/li>\n<\/ul>\n\n\n\n<p>\u00c0 ce stade du projet, la gouvernance du service IT constituera un facteur critique, et les \u00e9quipes devront disposer des outils n\u00e9cessaires pour travailler ensemble, avec notamment un acc\u00e8s \u00e0 distance totalement transparent pour les collaborateurs externes.<\/p>\n\n\n\n<p><strong>Apr\u00e8s la mise en \u0153uvre : revue, essais et surveillance<\/strong><br>La phase de mise en \u0153uvre est suivie par une p\u00e9riode d\u2019examens, de tests et de surveillance continue. Cette \u00e9tape ne doit pas \u00eatre n\u00e9glig\u00e9e, car elle vous permettra de v\u00e9rifier si les objectifs ont \u00e9t\u00e9 remplis et de valider l\u2019efficacit\u00e9 de la gestion du programme afin de tirer des enseignements qui seront utiles pour la suite. Pour identifier les domaines \u00e0 am\u00e9liorer, l\u2019entreprise doit \u00eatre capable de s\u2019adapter<br>et d\u2019apporter les changements requis pour am\u00e9liorer les performances et atteindre les objectifs manqu\u00e9s.<\/p>\n\n\n\n<p><strong>Op\u00e9ration<\/strong><br>La t\u00e2che de surveillance ne s\u2019arr\u00eate pas au moment o\u00f9 d\u00e9marre la phase op\u00e9rationnelle. La gestion et la maintenance du cloud jouent un r\u00f4le cl\u00e9 dans le bon fonctionnement de votre environnement. C\u2019est pourquoi il est important que les entreprises qui souhaitent migrer vers le cloud puissent s\u2019appuyer sur une \u00e9quipe CCoE d\u00e9di\u00e9e.<\/p>\n\n\n\n<h3 class=\"wp-block-heading\">Une migration mal g\u00e9r\u00e9e peut co\u00fbter cher<\/h3>\n\n\n\n<p style=\"font-size:20px\">Une gestion efficace est indispensable pour que votre environnement cloud donne sa pleine mesure. En outre, une migration mal g\u00e9r\u00e9e peut rapidement peser lourd sur le plan financier.<\/p>\n\n\n\n<p>Plusieurs probl\u00e8mes peuvent survenir tout au long d\u2019un projet de migration. D\u2019apr\u00e8s notre enqu\u00eate, les principaux concernent la s\u00e9curit\u00e9 (59 %), la fiabilit\u00e9 de la connectivit\u00e9 (48 %) et l\u2019immobilisation des syst\u00e8mes (43 %). D\u2019autres pr\u00e9occupations portent sur la surveillance efficace des applications, la possibilit\u00e9 de g\u00e9rer plusieurs types de clouds (\u00ab multi-cloud \u00bb), et la reprise sur sinistre. Pour minimiser les retards, il est essentiel de collaborer \u00e9troitement avec les fournisseurs, de comprendre les d\u00e9fis auxquels votre entreprise risque d\u2019\u00eatre confront\u00e9e et de chercher des moyens de les minimiser d\u00e8s le d\u00e9part. Au cours de la phase d\u2019\u00e9valuation, vous aurez cern\u00e9 les besoins actuels de votre entreprise et identifi\u00e9 ses attentes. \u00c9tudiez les d\u00e9fis correspondant aux deux sc\u00e9narios et, le cas \u00e9ch\u00e9ant, pr\u00e9voyez la flexibilit\u00e9 dont vous aurez besoin pour relever les d\u00e9fis potentiels.<\/p>\n\n\n\n<p><strong>\u00c0 quels d\u00e9fis avez-vous \u00e9t\u00e9 confront\u00e9 ?<\/strong><\/p>\n\n\n\n<figure class=\"wp-block-image size-full is-resized\"><img loading=\"lazy\" decoding=\"async\" width=\"369\" height=\"688\" src=\"https:\/\/legacy.colt.net\/wp-content\/uploads\/2024\/08\/True-Value-of-your-Cloud-Migration-Graph-3-FR.png\" alt=\"\" class=\"wp-image-139956\" style=\"width:472px;height:auto\" srcset=\"https:\/\/legacy.colt.net\/wp-content\/uploads\/2024\/08\/True-Value-of-your-Cloud-Migration-Graph-3-FR.png 369w, https:\/\/legacy.colt.net\/wp-content\/uploads\/2024\/08\/True-Value-of-your-Cloud-Migration-Graph-3-FR-161x300.png 161w, https:\/\/legacy.colt.net\/wp-content\/uploads\/2024\/08\/True-Value-of-your-Cloud-Migration-Graph-3-FR-215x400.png 215w, https:\/\/legacy.colt.net\/wp-content\/uploads\/2024\/08\/True-Value-of-your-Cloud-Migration-Graph-3-FR-322x600.png 322w\" sizes=\"auto, (max-width: 369px) 100vw, 369px\" \/><\/figure>\n\n\n\n<p>Les retards qui freinent un projet peuvent \u00e9galement s\u2019av\u00e9rer extr\u00eamement co\u00fbteux et couper les \u00e9quipes dans leur \u00e9lan. L\u2019absence de communication est l\u2019une des principales causes de retard. \u00c0 ce titre, il est important d\u2019encourager un changement de culture concomitamment \u00e0 l\u2019adoption de nouvelles technologies. Les entreprises doivent op\u00e9rer selon une approche collaborative, en abandonnant les traditionnels \u00ab silos \u00bb et en \u00e9radiquant les \u00ab connaissances tribales \u00bb.<\/p>\n\n\n\n<p>Selon les conclusions de notre enqu\u00eate, pr\u00e8s de la moiti\u00e9 (42 %) des DSI estiment qu\u2019une communication inefficace a provoqu\u00e9 des retards dans le passage au cloud. De plus, les informations r\u00e9v\u00e8lent que les retards peuvent \u00eatre \u00e0 l\u2019origine de lourdes pertes : ainsi, 59 % des entreprises d\u00e9clarent des co\u00fbts compris entre 20 000 et 500 000 euros pour un mois de retard.<\/p>\n\n\n\n<p><strong>Pensez-vous que la m\u00e9diocrit\u00e9 de la communication est \u00e0 l\u2019origine de retards dans le projet de migration ?<\/strong><\/p>\n\n\n\n<figure class=\"wp-block-image size-full\"><img loading=\"lazy\" decoding=\"async\" width=\"396\" height=\"296\" src=\"https:\/\/legacy.colt.net\/wp-content\/uploads\/2024\/08\/True-Value-of-your-Cloud-Migration-Graph-4-FR.png\" alt=\"\" class=\"wp-image-139962\" srcset=\"https:\/\/legacy.colt.net\/wp-content\/uploads\/2024\/08\/True-Value-of-your-Cloud-Migration-Graph-4-FR.png 396w, https:\/\/legacy.colt.net\/wp-content\/uploads\/2024\/08\/True-Value-of-your-Cloud-Migration-Graph-4-FR-300x224.png 300w\" sizes=\"auto, (max-width: 396px) 100vw, 396px\" \/><\/figure>\n\n\n\n<p><strong>Combien a co\u00fbt\u00e9 un retard d\u2019 mois \u00e0 votre projet de migration ?<\/strong><\/p>\n\n\n\n<figure class=\"wp-block-image size-full is-resized\"><img loading=\"lazy\" decoding=\"async\" width=\"371\" height=\"603\" src=\"https:\/\/legacy.colt.net\/wp-content\/uploads\/2024\/08\/True-Value-of-your-Cloud-Migration-Graph-5-FR.png\" alt=\"\" class=\"wp-image-139968\" style=\"width:479px;height:auto\" srcset=\"https:\/\/legacy.colt.net\/wp-content\/uploads\/2024\/08\/True-Value-of-your-Cloud-Migration-Graph-5-FR.png 371w, https:\/\/legacy.colt.net\/wp-content\/uploads\/2024\/08\/True-Value-of-your-Cloud-Migration-Graph-5-FR-185x300.png 185w, https:\/\/legacy.colt.net\/wp-content\/uploads\/2024\/08\/True-Value-of-your-Cloud-Migration-Graph-5-FR-246x400.png 246w, https:\/\/legacy.colt.net\/wp-content\/uploads\/2024\/08\/True-Value-of-your-Cloud-Migration-Graph-5-FR-369x600.png 369w\" sizes=\"auto, (max-width: 371px) 100vw, 371px\" \/><\/figure>\n\n\n\n<figure class=\"wp-block-image size-full is-resized\"><img loading=\"lazy\" decoding=\"async\" width=\"386\" height=\"553\" src=\"https:\/\/legacy.colt.net\/wp-content\/uploads\/2024\/08\/True-Value-of-your-Cloud-Migration-Graph-6-FR.png\" alt=\"\" class=\"wp-image-139974\" style=\"width:468px;height:auto\" srcset=\"https:\/\/legacy.colt.net\/wp-content\/uploads\/2024\/08\/True-Value-of-your-Cloud-Migration-Graph-6-FR.png 386w, https:\/\/legacy.colt.net\/wp-content\/uploads\/2024\/08\/True-Value-of-your-Cloud-Migration-Graph-6-FR-209x300.png 209w, https:\/\/legacy.colt.net\/wp-content\/uploads\/2024\/08\/True-Value-of-your-Cloud-Migration-Graph-6-FR-279x400.png 279w\" sizes=\"auto, (max-width: 386px) 100vw, 386px\" \/><\/figure>\n\n\n\n<h3 class=\"wp-block-heading\">Quelles sont les mesures \u00e0 prendre pour tirer pleinement parti du cloud ?<\/h3>\n\n\n\n<p>La v\u00e9ritable valeur et les avantages qu\u2019offre le cloud ne font gu\u00e8re de doute pour les<br>entreprises qui mesurent parfaitement son utilit\u00e9 pour leurs activit\u00e9s et dont les objectifs sont bien d\u00e9finis. Ce n\u2019est cependant pas toujours le cas, et une gestion hasardeuse peut s\u2019av\u00e9rer catastrophique sur le plan financier.<\/p>\n\n\n\n<p>De nombreux aspects doivent \u00eatre pris en compte avant de d\u00e9placer des applications et des services vers le cloud, et il convient de ne pas oublier que certains avantages ne seront visibles que sur le long terme.<\/p>\n\n\n\n<p>Pour d\u00e9couvrir la v\u00e9ritable valeur que peut apporter le cloud \u00e0 votre entreprise, il convient dans un premier temps de comprendre pourquoi vous envisagez cette \u00e9volution. Si l\u2019efficacit\u00e9<br>est essentielle, tout comme la r\u00e9duction des co\u00fbts, il est indispensable de savoir ce que le cloud rendra possible et am\u00e9liorera au sein de votre entreprise, comment il pourra s\u2019adapter \u00e0 l\u2019\u00e9volution de vos besoins et \u00e0 votre croissance, ainsi que de fixer un objectif clair et pr\u00e9cis. Ensuite, la responsabilisation et l\u2019adh\u00e9sion de l\u2019\u00e9quipe dirigeante vous aideront la poursuite de votre \u00ab objectif cloud \u00bb et accompagneront le d\u00e9veloppement du cloud d\u2019un bout \u00e0 l\u2019autre de votre entreprise. Les hauts dirigeants soutiendront la mise en place de programmes d\u2019adoption du changement, ainsi que la transformation culturelle qui va de pair avec cette transformation au cloud.<\/p>\n\n\n\n<p>Les experts qui la composent vous aideront \u00e0 superviser le processus de migration, de la phase d\u2019\u00e9valuation \u00e0 la mise en \u0153uvre, en passant par la post-impl\u00e9mentation, les contr\u00f4les et les tests. Enfin, les m\u00e9thodes de communication doivent b\u00e9n\u00e9ficier d\u2019un traitement de faveur : en effet, la collaboration va de pair avec l\u2019informatique en cloud. Si vous parvenez \u00e0 promouvoir des \u00e9changes ouverts et transparents, ainsi que des interactions fluides et sans contraintes, tout en maintenant la dynamique et en veillant au moral de vos troupes, vous mettrez les meilleures chances de r\u00e9ussite de votre c\u00f4t\u00e9. Il ne vous restera alors plus qu\u2019\u00e0 tirer pleinement parti des avantages du cloud et d\u2019en extraire la v\u00e9ritable valeur.<\/p>\n","protected":false},"excerpt":{"rendered":"<p>Le march\u00e9 mondial du cloud devrait totaliser 295 milliards de dollars en 2021, en progression de 12,5 % par rapport \u00e0 2019 malgr\u00e9 la pand\u00e9mie de COVID-19. <\/p>\n","protected":false},"author":2,"featured_media":0,"comment_status":"closed","ping_status":"closed","sticky":false,"template":"","format":"standard","meta":{"_acf_changed":false,"footnotes":""},"colt_type":[1674],"colt_ind":[1252,1256],"colt_products":[1498],"colt_solutions":[],"class_list":["post-89245","post","type-post","status-publish","format-standard","hentry","colt_type-whitepaper-fr","colt_ind-technology-fr","colt_ind-telecoms-fr","colt_products-cloud-connect-fr"],"acf":[],"yoast_head":"<!-- This site is optimized with the Yoast SEO plugin v26.8 - https:\/\/yoast.com\/product\/yoast-seo-wordpress\/ -->\n<title>La v\u00e9ritable valeur d\u2019une migration ma\u00eetris\u00e9e vers le cloud - Colt Technology Services<\/title>\n<meta name=\"description\" content=\"Le march\u00e9 mondial du cloud devrait totaliser 295 milliards de dollars en 2021, en progression de 12,5 % par rapport \u00e0 2019 malgr\u00e9 la pand\u00e9mie\" \/>\n<meta name=\"robots\" content=\"noindex, follow, max-snippet:-1, max-image-preview:large, max-video-preview:-1\" \/>\n<meta property=\"og:locale\" content=\"fr_FR\" \/>\n<meta property=\"og:type\" content=\"article\" \/>\n<meta property=\"og:title\" content=\"La v\u00e9ritable valeur d\u2019une migration ma\u00eetris\u00e9e vers le cloud - Colt Technology Services\" \/>\n<meta property=\"og:description\" content=\"Le march\u00e9 mondial du cloud devrait totaliser 295 milliards de dollars en 2021, en progression de 12,5 % par rapport \u00e0 2019 malgr\u00e9 la pand\u00e9mie\" \/>\n<meta property=\"og:url\" content=\"https:\/\/legacy.colt.net\/fr\/resources\/how-to-unlock-the-true-value-of-your-cloud-migration\/\" \/>\n<meta property=\"og:site_name\" content=\"Colt Technology Services\" \/>\n<meta property=\"article:publisher\" content=\"https:\/\/www.facebook.com\/ColtTechnologyServices\/\" \/>\n<meta property=\"article:published_time\" content=\"2020-08-28T15:26:25+00:00\" \/>\n<meta property=\"article:modified_time\" content=\"2024-08-08T10:47:42+00:00\" \/>\n<meta property=\"og:image\" content=\"https:\/\/legacy.colt.net\/wp-content\/uploads\/2024\/08\/True-Value-of-your-Cloud-Migration-Graph-FR.png\" \/>\n<meta name=\"author\" content=\"Colt Technology Services\" \/>\n<meta name=\"twitter:card\" content=\"summary_large_image\" \/>\n<meta name=\"twitter:creator\" content=\"@colt_technology\" \/>\n<meta name=\"twitter:site\" content=\"@colt_technology\" \/>\n<meta name=\"twitter:label1\" content=\"Written by\" \/>\n\t<meta name=\"twitter:data1\" content=\"Colt Technology Services\" \/>\n\t<meta name=\"twitter:label2\" content=\"Est. reading time\" \/>\n\t<meta name=\"twitter:data2\" content=\"12 minutes\" \/>\n<script type=\"application\/ld+json\" class=\"yoast-schema-graph\">{\"@context\":\"https:\/\/schema.org\",\"@graph\":[{\"@type\":\"Article\",\"@id\":\"https:\/\/legacy.colt.net\/fr\/resources\/how-to-unlock-the-true-value-of-your-cloud-migration\/#article\",\"isPartOf\":{\"@id\":\"https:\/\/legacy.colt.net\/fr\/resources\/how-to-unlock-the-true-value-of-your-cloud-migration\/\"},\"author\":{\"name\":\"Colt Technology Services\",\"@id\":\"https:\/\/legacy.colt.net\/#\/schema\/person\/09439f92d8793dbc4008ae5e9c2dfcea\"},\"headline\":\"La v\u00e9ritable valeur d\u2019une migration ma\u00eetris\u00e9e vers le cloud\",\"datePublished\":\"2020-08-28T15:26:25+00:00\",\"dateModified\":\"2024-08-08T10:47:42+00:00\",\"mainEntityOfPage\":{\"@id\":\"https:\/\/legacy.colt.net\/fr\/resources\/how-to-unlock-the-true-value-of-your-cloud-migration\/\"},\"wordCount\":2728,\"publisher\":{\"@id\":\"https:\/\/legacy.colt.net\/#organization\"},\"image\":{\"@id\":\"https:\/\/legacy.colt.net\/fr\/resources\/how-to-unlock-the-true-value-of-your-cloud-migration\/#primaryimage\"},\"thumbnailUrl\":\"https:\/\/legacy.colt.net\/wp-content\/uploads\/2024\/08\/True-Value-of-your-Cloud-Migration-Graph-FR.png\",\"inLanguage\":\"fr-FR\"},{\"@type\":\"WebPage\",\"@id\":\"https:\/\/legacy.colt.net\/fr\/resources\/how-to-unlock-the-true-value-of-your-cloud-migration\/\",\"url\":\"https:\/\/legacy.colt.net\/fr\/resources\/how-to-unlock-the-true-value-of-your-cloud-migration\/\",\"name\":\"La v\u00e9ritable valeur d\u2019une migration ma\u00eetris\u00e9e vers le cloud - Colt Technology Services\",\"isPartOf\":{\"@id\":\"https:\/\/legacy.colt.net\/#website\"},\"primaryImageOfPage\":{\"@id\":\"https:\/\/legacy.colt.net\/fr\/resources\/how-to-unlock-the-true-value-of-your-cloud-migration\/#primaryimage\"},\"image\":{\"@id\":\"https:\/\/legacy.colt.net\/fr\/resources\/how-to-unlock-the-true-value-of-your-cloud-migration\/#primaryimage\"},\"thumbnailUrl\":\"https:\/\/legacy.colt.net\/wp-content\/uploads\/2024\/08\/True-Value-of-your-Cloud-Migration-Graph-FR.png\",\"datePublished\":\"2020-08-28T15:26:25+00:00\",\"dateModified\":\"2024-08-08T10:47:42+00:00\",\"description\":\"Le march\u00e9 mondial du cloud devrait totaliser 295 milliards de dollars en 2021, en progression de 12,5 % par rapport \u00e0 2019 malgr\u00e9 la pand\u00e9mie\",\"breadcrumb\":{\"@id\":\"https:\/\/legacy.colt.net\/fr\/resources\/how-to-unlock-the-true-value-of-your-cloud-migration\/#breadcrumb\"},\"inLanguage\":\"fr-FR\",\"potentialAction\":[{\"@type\":\"ReadAction\",\"target\":[\"https:\/\/legacy.colt.net\/fr\/resources\/how-to-unlock-the-true-value-of-your-cloud-migration\/\"]}]},{\"@type\":\"ImageObject\",\"inLanguage\":\"fr-FR\",\"@id\":\"https:\/\/legacy.colt.net\/fr\/resources\/how-to-unlock-the-true-value-of-your-cloud-migration\/#primaryimage\",\"url\":\"https:\/\/legacy.colt.net\/wp-content\/uploads\/2024\/08\/True-Value-of-your-Cloud-Migration-Graph-FR.png\",\"contentUrl\":\"https:\/\/legacy.colt.net\/wp-content\/uploads\/2024\/08\/True-Value-of-your-Cloud-Migration-Graph-FR.png\"},{\"@type\":\"BreadcrumbList\",\"@id\":\"https:\/\/legacy.colt.net\/fr\/resources\/how-to-unlock-the-true-value-of-your-cloud-migration\/#breadcrumb\",\"itemListElement\":[{\"@type\":\"ListItem\",\"position\":1,\"name\":\"Home\",\"item\":\"https:\/\/legacy.colt.net\/fr\/\"},{\"@type\":\"ListItem\",\"position\":2,\"name\":\"Livres blancs\",\"item\":\"https:\/\/legacy.colt.net\/fr\/resources\/type\/whitepaper-fr\/\"},{\"@type\":\"ListItem\",\"position\":3,\"name\":\"La v\u00e9ritable valeur d\u2019une migration ma\u00eetris\u00e9e vers le cloud\"}]},{\"@type\":\"WebSite\",\"@id\":\"https:\/\/legacy.colt.net\/#website\",\"url\":\"https:\/\/legacy.colt.net\/\",\"name\":\"Colt\u30c6\u30af\u30ce\u30ed\u30b8\u30fc\u30b5\u30fc\u30d3\u30b9\u682a\u5f0f\u4f1a\u793e\",\"description\":\"Managed Network &amp; Voice Services Provider\",\"publisher\":{\"@id\":\"https:\/\/legacy.colt.net\/#organization\"},\"potentialAction\":[{\"@type\":\"SearchAction\",\"target\":{\"@type\":\"EntryPoint\",\"urlTemplate\":\"https:\/\/legacy.colt.net\/?s={search_term_string}\"},\"query-input\":{\"@type\":\"PropertyValueSpecification\",\"valueRequired\":true,\"valueName\":\"search_term_string\"}}],\"inLanguage\":\"fr-FR\"},{\"@type\":\"Organization\",\"@id\":\"https:\/\/legacy.colt.net\/#organization\",\"name\":\"Colt Technology Services\",\"url\":\"https:\/\/legacy.colt.net\/\",\"logo\":{\"@type\":\"ImageObject\",\"inLanguage\":\"fr-FR\",\"@id\":\"https:\/\/legacy.colt.net\/#\/schema\/logo\/image\/\",\"url\":\"https:\/\/legacy.colt.net\/wp-content\/uploads\/2019\/02\/Colt-Logo.png\",\"contentUrl\":\"https:\/\/legacy.colt.net\/wp-content\/uploads\/2019\/02\/Colt-Logo.png\",\"width\":195,\"height\":77,\"caption\":\"Colt Technology Services\"},\"image\":{\"@id\":\"https:\/\/legacy.colt.net\/#\/schema\/logo\/image\/\"},\"sameAs\":[\"https:\/\/www.facebook.com\/ColtTechnologyServices\/\",\"https:\/\/x.com\/colt_technology\",\"https:\/\/www.instagram.com\/colttechnologyservices\/\",\"https:\/\/www.linkedin.com\/company\/colt-technology-services\",\"https:\/\/www.youtube.com\/user\/ColtTechnology\"]},{\"@type\":\"Person\",\"@id\":\"https:\/\/legacy.colt.net\/#\/schema\/person\/09439f92d8793dbc4008ae5e9c2dfcea\",\"name\":\"Colt Technology Services\",\"image\":{\"@type\":\"ImageObject\",\"inLanguage\":\"fr-FR\",\"@id\":\"https:\/\/legacy.colt.net\/#\/schema\/person\/image\/\",\"url\":\"https:\/\/secure.gravatar.com\/avatar\/6b9a881ba14db66fdade203b02c05780e2538ba69b96f23bf61453fb9bbaabba?s=96&d=mm&r=g\",\"contentUrl\":\"https:\/\/secure.gravatar.com\/avatar\/6b9a881ba14db66fdade203b02c05780e2538ba69b96f23bf61453fb9bbaabba?s=96&d=mm&r=g\",\"caption\":\"Colt Technology Services\"},\"description\":\"As an industry-leading global digital infrastructure company, Colt helps businesses succeed by creating extraordinary connections. Powered by amazing people, like-minded partners and innovative technology, Colt is driven by its purpose: to put the power of the digital universe in the hands of its customers \u2013 whenever, wherever and however they want.\",\"url\":\"https:\/\/legacy.colt.net\/fr\/resources\/author\/colt\/\"}]}<\/script>\n<!-- \/ Yoast SEO plugin. -->","yoast_head_json":{"title":"La v\u00e9ritable valeur d\u2019une migration ma\u00eetris\u00e9e vers le cloud - Colt Technology Services","description":"Le march\u00e9 mondial du cloud devrait totaliser 295 milliards de dollars en 2021, en progression de 12,5 % par rapport \u00e0 2019 malgr\u00e9 la pand\u00e9mie","robots":{"index":"noindex","follow":"follow","max-snippet":"max-snippet:-1","max-image-preview":"max-image-preview:large","max-video-preview":"max-video-preview:-1"},"og_locale":"fr_FR","og_type":"article","og_title":"La v\u00e9ritable valeur d\u2019une migration ma\u00eetris\u00e9e vers le cloud - Colt Technology Services","og_description":"Le march\u00e9 mondial du cloud devrait totaliser 295 milliards de dollars en 2021, en progression de 12,5 % par rapport \u00e0 2019 malgr\u00e9 la pand\u00e9mie","og_url":"https:\/\/legacy.colt.net\/fr\/resources\/how-to-unlock-the-true-value-of-your-cloud-migration\/","og_site_name":"Colt Technology Services","article_publisher":"https:\/\/www.facebook.com\/ColtTechnologyServices\/","article_published_time":"2020-08-28T15:26:25+00:00","article_modified_time":"2024-08-08T10:47:42+00:00","og_image":[{"url":"https:\/\/legacy.colt.net\/wp-content\/uploads\/2024\/08\/True-Value-of-your-Cloud-Migration-Graph-FR.png","type":"","width":"","height":""}],"author":"Colt Technology Services","twitter_card":"summary_large_image","twitter_creator":"@colt_technology","twitter_site":"@colt_technology","twitter_misc":{"Written by":"Colt Technology Services","Est. reading time":"12 minutes"},"schema":{"@context":"https:\/\/schema.org","@graph":[{"@type":"Article","@id":"https:\/\/legacy.colt.net\/fr\/resources\/how-to-unlock-the-true-value-of-your-cloud-migration\/#article","isPartOf":{"@id":"https:\/\/legacy.colt.net\/fr\/resources\/how-to-unlock-the-true-value-of-your-cloud-migration\/"},"author":{"name":"Colt Technology Services","@id":"https:\/\/legacy.colt.net\/#\/schema\/person\/09439f92d8793dbc4008ae5e9c2dfcea"},"headline":"La v\u00e9ritable valeur d\u2019une migration ma\u00eetris\u00e9e vers le cloud","datePublished":"2020-08-28T15:26:25+00:00","dateModified":"2024-08-08T10:47:42+00:00","mainEntityOfPage":{"@id":"https:\/\/legacy.colt.net\/fr\/resources\/how-to-unlock-the-true-value-of-your-cloud-migration\/"},"wordCount":2728,"publisher":{"@id":"https:\/\/legacy.colt.net\/#organization"},"image":{"@id":"https:\/\/legacy.colt.net\/fr\/resources\/how-to-unlock-the-true-value-of-your-cloud-migration\/#primaryimage"},"thumbnailUrl":"https:\/\/legacy.colt.net\/wp-content\/uploads\/2024\/08\/True-Value-of-your-Cloud-Migration-Graph-FR.png","inLanguage":"fr-FR"},{"@type":"WebPage","@id":"https:\/\/legacy.colt.net\/fr\/resources\/how-to-unlock-the-true-value-of-your-cloud-migration\/","url":"https:\/\/legacy.colt.net\/fr\/resources\/how-to-unlock-the-true-value-of-your-cloud-migration\/","name":"La v\u00e9ritable valeur d\u2019une migration ma\u00eetris\u00e9e vers le cloud - Colt Technology Services","isPartOf":{"@id":"https:\/\/legacy.colt.net\/#website"},"primaryImageOfPage":{"@id":"https:\/\/legacy.colt.net\/fr\/resources\/how-to-unlock-the-true-value-of-your-cloud-migration\/#primaryimage"},"image":{"@id":"https:\/\/legacy.colt.net\/fr\/resources\/how-to-unlock-the-true-value-of-your-cloud-migration\/#primaryimage"},"thumbnailUrl":"https:\/\/legacy.colt.net\/wp-content\/uploads\/2024\/08\/True-Value-of-your-Cloud-Migration-Graph-FR.png","datePublished":"2020-08-28T15:26:25+00:00","dateModified":"2024-08-08T10:47:42+00:00","description":"Le march\u00e9 mondial du cloud devrait totaliser 295 milliards de dollars en 2021, en progression de 12,5 % par rapport \u00e0 2019 malgr\u00e9 la pand\u00e9mie","breadcrumb":{"@id":"https:\/\/legacy.colt.net\/fr\/resources\/how-to-unlock-the-true-value-of-your-cloud-migration\/#breadcrumb"},"inLanguage":"fr-FR","potentialAction":[{"@type":"ReadAction","target":["https:\/\/legacy.colt.net\/fr\/resources\/how-to-unlock-the-true-value-of-your-cloud-migration\/"]}]},{"@type":"ImageObject","inLanguage":"fr-FR","@id":"https:\/\/legacy.colt.net\/fr\/resources\/how-to-unlock-the-true-value-of-your-cloud-migration\/#primaryimage","url":"https:\/\/legacy.colt.net\/wp-content\/uploads\/2024\/08\/True-Value-of-your-Cloud-Migration-Graph-FR.png","contentUrl":"https:\/\/legacy.colt.net\/wp-content\/uploads\/2024\/08\/True-Value-of-your-Cloud-Migration-Graph-FR.png"},{"@type":"BreadcrumbList","@id":"https:\/\/legacy.colt.net\/fr\/resources\/how-to-unlock-the-true-value-of-your-cloud-migration\/#breadcrumb","itemListElement":[{"@type":"ListItem","position":1,"name":"Home","item":"https:\/\/legacy.colt.net\/fr\/"},{"@type":"ListItem","position":2,"name":"Livres blancs","item":"https:\/\/legacy.colt.net\/fr\/resources\/type\/whitepaper-fr\/"},{"@type":"ListItem","position":3,"name":"La v\u00e9ritable valeur d\u2019une migration ma\u00eetris\u00e9e vers le cloud"}]},{"@type":"WebSite","@id":"https:\/\/legacy.colt.net\/#website","url":"https:\/\/legacy.colt.net\/","name":"Colt\u30c6\u30af\u30ce\u30ed\u30b8\u30fc\u30b5\u30fc\u30d3\u30b9\u682a\u5f0f\u4f1a\u793e","description":"Managed Network &amp; Voice Services Provider","publisher":{"@id":"https:\/\/legacy.colt.net\/#organization"},"potentialAction":[{"@type":"SearchAction","target":{"@type":"EntryPoint","urlTemplate":"https:\/\/legacy.colt.net\/?s={search_term_string}"},"query-input":{"@type":"PropertyValueSpecification","valueRequired":true,"valueName":"search_term_string"}}],"inLanguage":"fr-FR"},{"@type":"Organization","@id":"https:\/\/legacy.colt.net\/#organization","name":"Colt Technology Services","url":"https:\/\/legacy.colt.net\/","logo":{"@type":"ImageObject","inLanguage":"fr-FR","@id":"https:\/\/legacy.colt.net\/#\/schema\/logo\/image\/","url":"https:\/\/legacy.colt.net\/wp-content\/uploads\/2019\/02\/Colt-Logo.png","contentUrl":"https:\/\/legacy.colt.net\/wp-content\/uploads\/2019\/02\/Colt-Logo.png","width":195,"height":77,"caption":"Colt Technology Services"},"image":{"@id":"https:\/\/legacy.colt.net\/#\/schema\/logo\/image\/"},"sameAs":["https:\/\/www.facebook.com\/ColtTechnologyServices\/","https:\/\/x.com\/colt_technology","https:\/\/www.instagram.com\/colttechnologyservices\/","https:\/\/www.linkedin.com\/company\/colt-technology-services","https:\/\/www.youtube.com\/user\/ColtTechnology"]},{"@type":"Person","@id":"https:\/\/legacy.colt.net\/#\/schema\/person\/09439f92d8793dbc4008ae5e9c2dfcea","name":"Colt Technology Services","image":{"@type":"ImageObject","inLanguage":"fr-FR","@id":"https:\/\/legacy.colt.net\/#\/schema\/person\/image\/","url":"https:\/\/secure.gravatar.com\/avatar\/6b9a881ba14db66fdade203b02c05780e2538ba69b96f23bf61453fb9bbaabba?s=96&d=mm&r=g","contentUrl":"https:\/\/secure.gravatar.com\/avatar\/6b9a881ba14db66fdade203b02c05780e2538ba69b96f23bf61453fb9bbaabba?s=96&d=mm&r=g","caption":"Colt Technology Services"},"description":"As an industry-leading global digital infrastructure company, Colt helps businesses succeed by creating extraordinary connections. Powered by amazing people, like-minded partners and innovative technology, Colt is driven by its purpose: to put the power of the digital universe in the hands of its customers \u2013 whenever, wherever and however they want.","url":"https:\/\/legacy.colt.net\/fr\/resources\/author\/colt\/"}]}},"_links":{"self":[{"href":"https:\/\/legacy.colt.net\/fr\/wp-json\/wp\/v2\/posts\/89245","targetHints":{"allow":["GET"]}}],"collection":[{"href":"https:\/\/legacy.colt.net\/fr\/wp-json\/wp\/v2\/posts"}],"about":[{"href":"https:\/\/legacy.colt.net\/fr\/wp-json\/wp\/v2\/types\/post"}],"author":[{"embeddable":true,"href":"https:\/\/legacy.colt.net\/fr\/wp-json\/wp\/v2\/users\/2"}],"replies":[{"embeddable":true,"href":"https:\/\/legacy.colt.net\/fr\/wp-json\/wp\/v2\/comments?post=89245"}],"version-history":[{"count":0,"href":"https:\/\/legacy.colt.net\/fr\/wp-json\/wp\/v2\/posts\/89245\/revisions"}],"wp:attachment":[{"href":"https:\/\/legacy.colt.net\/fr\/wp-json\/wp\/v2\/media?parent=89245"}],"wp:term":[{"taxonomy":"colt_type","embeddable":true,"href":"https:\/\/legacy.colt.net\/fr\/wp-json\/wp\/v2\/colt_type?post=89245"},{"taxonomy":"colt_ind","embeddable":true,"href":"https:\/\/legacy.colt.net\/fr\/wp-json\/wp\/v2\/colt_ind?post=89245"},{"taxonomy":"colt_products","embeddable":true,"href":"https:\/\/legacy.colt.net\/fr\/wp-json\/wp\/v2\/colt_products?post=89245"},{"taxonomy":"colt_solutions","embeddable":true,"href":"https:\/\/legacy.colt.net\/fr\/wp-json\/wp\/v2\/colt_solutions?post=89245"}],"curies":[{"name":"wp","href":"https:\/\/api.w.org\/{rel}","templated":true}]}}