{"id":77453,"date":"2020-07-06T16:31:19","date_gmt":"2020-07-06T15:31:19","guid":{"rendered":"https:\/\/www.colt.net\/?p=77453"},"modified":"2020-07-06T16:36:11","modified_gmt":"2020-07-06T15:36:11","slug":"colt-annonce-la-nomination-de-paula-cogan-au-poste-de-cco","status":"publish","type":"post","link":"https:\/\/legacy.colt.net\/fr\/resources\/colt-annonce-la-nomination-de-paula-cogan-au-poste-de-cco\/","title":{"rendered":"Colt annonce la nomination de Paula Cogan au poste de CCO"},"content":{"rendered":"<p style=\"text-align: center\"><em>Apr\u00e8s la nomination de Keri Gilder au poste de CEO, Colt d\u00e9signe son nouveau CCO pour continuer \u00e0 conduire la strat\u00e9gie de transformation commerciale de l&#8217;entreprise mettant le client et le r\u00e9seau \u00e0 tr\u00e8s haut d\u00e9bit au coeur de celle-ci.<\/em><\/p>\n<p><strong>Paris, le 06 juillet 2020<\/strong> &#8211; <a href=\"https:\/\/legacy.colt.net\/fr\">Colt Technology Services<\/a> annonce la nomination de Paula Cogan au poste de Chief Commercial Officer (CCO). Cogan remplace ainsi Keri Gilder qui occupait ce poste avant de devenir Chief Executive Officer (CEO) r\u00e9cemment. <a href=\"https:\/\/www.linkedin.com\/in\/paulacogan\/\">Paula Cogan<\/a> a jou\u00e9 un r\u00f4le important dans les succ\u00e8s r\u00e9cents de l\u2019entreprise en sa qualit\u00e9 de \u2018<em>Vice President for Enterprise and Capital Market Sales<\/em>.\u2019<\/p>\n<p>Elle a rejoint Colt Technology Services il y a quatre ans. Dans ses nouvelles fonctions, Paula Cogan aura en charge le pilotage de la strat\u00e9gie commerciale de l\u2019entreprise, mais aussi la direction des \u00e9quipes commerciales, avant-ventes et de marketing. Elle travaillera en \u00e9troite collaboration avec l\u2019ensemble de la soci\u00e9t\u00e9 pour que la vision de Colt Technology Services soit une r\u00e9alit\u00e9. Cette vision repose sur la puissance du r\u00e9seau qui contribue \u00e0 la transformation du mode de fonctionnement de notre monde.<\/p>\n<p>\u00ab<em>\u00a0Depuis son arriv\u00e9e chez Colt, les r\u00e9alisations de Paula se sont illustr\u00e9es par ses capacit\u00e9s \u00e0 entretenir des relations solides avec les clients et les partenaires,\u00a0<\/em>\u00bb <strong>souligne Keri Gilder, CEO de Colt Technology Services<\/strong> en \u00e9voquant la promotion de Paula Cogan. \u00ab\u00a0<em>Et cela, tout en restant concentr\u00e9e sur la direction, la gestion et la transformation de nos \u00e9quipes afin d\u2019atteindre l\u2019excellence en mati\u00e8re commerciale. Dans mes fonctions pr\u00e9c\u00e9dentes de CCO, j\u2019ai eu l\u2019occasion de travailler en \u00e9troite collaboration avec Paula et je sais qu\u2019elle continuera \u00e0 obtenir d&#8217;excellents r\u00e9sultats et \u00e0 soutenir l&#8217;\u00e9quipe dans ses efforts pour r\u00e9pondre au mieux aux attentes et aux besoins de nos clients.<\/em>\u00a0\u00bb<\/p>\n<p>\u00ab\u00a0<em>Je suis contente que ce poste de CCO puisse \u00eatre occup\u00e9 par une personne en interne. Cela montre la qualit\u00e9 des talents que nous avons chez Colt et Paula dispose d&#8217;un profil parfait pour occuper cette fonction<\/em>,\u00bb ajoute Keri Gilder.<\/p>\n<p>Paula Cogan n\u2019a pas seulement influenc\u00e9 l\u2019activit\u00e9 commerciale depuis son arriv\u00e9e chez Colt, mais elle a \u00e9galement \u00e9t\u00e9 l\u2019une des membres fondatrices du r\u00e9seau des femmes de Colt. Network 25 est un r\u00e9seau dont l\u2019objectif est d\u2019avoir une meilleure repr\u00e9sentation des femmes dans le secteur des t\u00e9l\u00e9communications.<\/p>\n<p>\u00ab\u00a0<em>Je suis tr\u00e8s fi\u00e8re de travailler pour Colt,<\/em>\u00a0\u00bb <strong>pr\u00e9cise Paula Cogan, Chief Commercial Officer de Colt Technology Services<\/strong>. \u00ab\u00a0Ces derniers mois, je suis encore plus fi\u00e8re. Car j\u2019ai vu notre notre \u00e9quipe commerciale se surpasser pour r\u00e9pondre aux besoins de nos clients en cette p\u00e9riode in\u00e9dite. Nos collaborateurs ont fait tout ce qu&#8217;ils pouvaient pour que nos clients puissent s&#8217;\u00e9panouir dans ce nouvel environnement et je ne peux pas \u00eatre plus enthousiaste pour les diriger dans cette nouvelle phase. Je continuerai \u00e0 donner le meilleur de moi-m\u00eame pour que nous puissions optimiser et faire cro\u00eetre notre activit\u00e9 commerciale.\u00a0\u00bb<\/p>\n<p>********************************************************************<\/p>\n<p><strong>A propos de Colt<\/strong><\/p>\n<p>Colt met tout en \u0153uvre pour transformer la mani\u00e8re dont travaillent les entreprises en utilisant la puissance de la connectivit\u00e9. Le r\u00e9seau Colt IQ Network connecte plus de 900 centres de donn\u00e9es \u00e0 travers l\u2019Europe, l\u2019Asie, les plus grands centres d\u2019affaires d\u2019Am\u00e9rique du Nord et un nombre croissant de points d\u2019acc\u00e8s au cloud avec plus de 29 000 b\u00e2timents connect\u00e9s. Parfaitement au fait des exigences de connectivit\u00e9 des entreprises, Colt propose des solutions large bande de haute performance qui contribuent au succ\u00e8s de ses clients. Dans cette optique, Colt s\u2019appuie sur une vision qui en fait l\u2019entreprise la plus orient\u00e9e-client de son secteur.<\/p>\n<p>Parmi ses clients, Colt compte des entreprises utilisatrices de grandes quantit\u00e9s de donn\u00e9es r\u00e9parties dans plus de 210 agglom\u00e9rations connect\u00e9es dans une trentaine de pays. Colt est \u00e9galement reconnu comme un acteur innovant et pionnier du SDN (r\u00e9seau d\u00e9fini par logiciel) et de la NFV (virtualisation des fonctions r\u00e9seau). D\u00e9tenue de mani\u00e8re priv\u00e9e, Colt est l\u2019une des entreprises les plus solides financi\u00e8rement de son secteur, offrant la meilleure exp\u00e9rience client \u00e0 des tarifs avantageux. Pour de plus amples informations, consultez le site: <a href=\"https:\/\/legacy.colt.net\/fr\/\">https:\/\/legacy.colt.net\/fr\/<\/a><\/p>\n<p>&nbsp;<\/p>\n","protected":false},"excerpt":{"rendered":"<p>Apr\u00e8s la nomination de Keri Gilder au poste de CEO, Colt d\u00e9signe son nouveau CCO pour continuer \u00e0 conduire la strat\u00e9gie de transformation commerciale de l&#8217;entreprise mettant le client et le r\u00e9seau \u00e0 tr\u00e8s haut d\u00e9bit au coeur de celle-ci. Paris, le 06 juillet 2020 &#8211; Colt Technology Services annonce la nomination de Paula Cogan&#8230;<\/p>\n","protected":false},"author":40,"featured_media":77351,"comment_status":"closed","ping_status":"closed","sticky":false,"template":"","format":"standard","meta":{"_acf_changed":false,"footnotes":""},"colt_type":[1671],"colt_ind":[1212],"colt_products":[1260],"colt_solutions":[],"class_list":["post-77453","post","type-post","status-publish","format-standard","has-post-thumbnail","hentry","colt_type-news-fr","colt_ind-business-fr","colt_products-colt-business-connect-fr"],"acf":[],"yoast_head":"<!-- This site is optimized with the Yoast SEO plugin v26.8 - https:\/\/yoast.com\/product\/yoast-seo-wordpress\/ -->\n<title>Colt annonce la nomination de Paula Cogan au poste de CCO - Colt Technology Services<\/title>\n<meta name=\"description\" content=\"Colt annonce la nomination de Paula Cogan au poste de CCO Colt Technology Services\" \/>\n<meta name=\"robots\" content=\"noindex, follow, max-snippet:-1, max-image-preview:large, max-video-preview:-1\" \/>\n<meta property=\"og:locale\" content=\"fr_FR\" \/>\n<meta property=\"og:type\" content=\"article\" \/>\n<meta property=\"og:title\" content=\"Colt annonce la nomination de Paula Cogan au poste de CCO - Colt Technology Services\" \/>\n<meta property=\"og:description\" content=\"Colt annonce la nomination de Paula Cogan au poste de CCO Colt Technology Services\" \/>\n<meta property=\"og:url\" content=\"https:\/\/legacy.colt.net\/fr\/resources\/colt-annonce-la-nomination-de-paula-cogan-au-poste-de-cco\/\" \/>\n<meta property=\"og:site_name\" content=\"Colt Technology Services\" \/>\n<meta property=\"article:publisher\" content=\"https:\/\/www.facebook.com\/ColtTechnologyServices\/\" \/>\n<meta property=\"article:published_time\" content=\"2020-07-06T15:31:19+00:00\" \/>\n<meta property=\"article:modified_time\" content=\"2020-07-06T15:36:11+00:00\" \/>\n<meta property=\"og:image\" content=\"https:\/\/legacy.colt.net\/wp-content\/uploads\/2020\/07\/Paula-Cogan.png\" \/>\n\t<meta property=\"og:image:width\" content=\"1000\" \/>\n\t<meta property=\"og:image:height\" content=\"667\" \/>\n\t<meta property=\"og:image:type\" content=\"image\/png\" \/>\n<meta name=\"author\" content=\"Robert Ba\" \/>\n<meta name=\"twitter:card\" content=\"summary_large_image\" \/>\n<meta name=\"twitter:image\" content=\"https:\/\/legacy.colt.net\/wp-content\/uploads\/2020\/07\/Paula-Cogan.png\" \/>\n<meta name=\"twitter:creator\" content=\"@colt_technology\" \/>\n<meta name=\"twitter:site\" content=\"@colt_technology\" \/>\n<meta name=\"twitter:label1\" content=\"Written by\" \/>\n\t<meta name=\"twitter:data1\" content=\"Robert Ba\" \/>\n\t<meta name=\"twitter:label2\" content=\"Est. reading time\" \/>\n\t<meta name=\"twitter:data2\" content=\"4 minutes\" \/>\n<script type=\"application\/ld+json\" class=\"yoast-schema-graph\">{\"@context\":\"https:\/\/schema.org\",\"@graph\":[{\"@type\":\"Article\",\"@id\":\"https:\/\/legacy.colt.net\/fr\/resources\/colt-annonce-la-nomination-de-paula-cogan-au-poste-de-cco\/#article\",\"isPartOf\":{\"@id\":\"https:\/\/legacy.colt.net\/fr\/resources\/colt-annonce-la-nomination-de-paula-cogan-au-poste-de-cco\/\"},\"author\":{\"name\":\"Robert Ba\",\"@id\":\"https:\/\/legacy.colt.net\/#\/schema\/person\/b52e42bb2cb7da752a39308bf6dfd29c\"},\"headline\":\"Colt annonce la nomination de Paula Cogan au poste de CCO\",\"datePublished\":\"2020-07-06T15:31:19+00:00\",\"dateModified\":\"2020-07-06T15:36:11+00:00\",\"mainEntityOfPage\":{\"@id\":\"https:\/\/legacy.colt.net\/fr\/resources\/colt-annonce-la-nomination-de-paula-cogan-au-poste-de-cco\/\"},\"wordCount\":756,\"publisher\":{\"@id\":\"https:\/\/legacy.colt.net\/#organization\"},\"image\":{\"@id\":\"https:\/\/legacy.colt.net\/fr\/resources\/colt-annonce-la-nomination-de-paula-cogan-au-poste-de-cco\/#primaryimage\"},\"thumbnailUrl\":\"https:\/\/legacy.colt.net\/wp-content\/uploads\/2020\/07\/Paula-Cogan.png\",\"inLanguage\":\"fr-FR\"},{\"@type\":\"WebPage\",\"@id\":\"https:\/\/legacy.colt.net\/fr\/resources\/colt-annonce-la-nomination-de-paula-cogan-au-poste-de-cco\/\",\"url\":\"https:\/\/legacy.colt.net\/fr\/resources\/colt-annonce-la-nomination-de-paula-cogan-au-poste-de-cco\/\",\"name\":\"Colt annonce la nomination de Paula Cogan au poste de CCO - Colt Technology Services\",\"isPartOf\":{\"@id\":\"https:\/\/legacy.colt.net\/#website\"},\"primaryImageOfPage\":{\"@id\":\"https:\/\/legacy.colt.net\/fr\/resources\/colt-annonce-la-nomination-de-paula-cogan-au-poste-de-cco\/#primaryimage\"},\"image\":{\"@id\":\"https:\/\/legacy.colt.net\/fr\/resources\/colt-annonce-la-nomination-de-paula-cogan-au-poste-de-cco\/#primaryimage\"},\"thumbnailUrl\":\"https:\/\/legacy.colt.net\/wp-content\/uploads\/2020\/07\/Paula-Cogan.png\",\"datePublished\":\"2020-07-06T15:31:19+00:00\",\"dateModified\":\"2020-07-06T15:36:11+00:00\",\"description\":\"Colt annonce la nomination de Paula Cogan au poste de CCO Colt Technology Services\",\"breadcrumb\":{\"@id\":\"https:\/\/legacy.colt.net\/fr\/resources\/colt-annonce-la-nomination-de-paula-cogan-au-poste-de-cco\/#breadcrumb\"},\"inLanguage\":\"fr-FR\",\"potentialAction\":[{\"@type\":\"ReadAction\",\"target\":[\"https:\/\/legacy.colt.net\/fr\/resources\/colt-annonce-la-nomination-de-paula-cogan-au-poste-de-cco\/\"]}]},{\"@type\":\"ImageObject\",\"inLanguage\":\"fr-FR\",\"@id\":\"https:\/\/legacy.colt.net\/fr\/resources\/colt-annonce-la-nomination-de-paula-cogan-au-poste-de-cco\/#primaryimage\",\"url\":\"https:\/\/legacy.colt.net\/wp-content\/uploads\/2020\/07\/Paula-Cogan.png\",\"contentUrl\":\"https:\/\/legacy.colt.net\/wp-content\/uploads\/2020\/07\/Paula-Cogan.png\",\"width\":1000,\"height\":667},{\"@type\":\"BreadcrumbList\",\"@id\":\"https:\/\/legacy.colt.net\/fr\/resources\/colt-annonce-la-nomination-de-paula-cogan-au-poste-de-cco\/#breadcrumb\",\"itemListElement\":[{\"@type\":\"ListItem\",\"position\":1,\"name\":\"Home\",\"item\":\"https:\/\/legacy.colt.net\/fr\/\"},{\"@type\":\"ListItem\",\"position\":2,\"name\":\"News\",\"item\":\"https:\/\/legacy.colt.net\/fr\/resources\/type\/news-fr\/\"},{\"@type\":\"ListItem\",\"position\":3,\"name\":\"Colt annonce la nomination de Paula Cogan au poste de CCO\"}]},{\"@type\":\"WebSite\",\"@id\":\"https:\/\/legacy.colt.net\/#website\",\"url\":\"https:\/\/legacy.colt.net\/\",\"name\":\"Colt\u30c6\u30af\u30ce\u30ed\u30b8\u30fc\u30b5\u30fc\u30d3\u30b9\u682a\u5f0f\u4f1a\u793e\",\"description\":\"Managed Network &amp; Voice Services Provider\",\"publisher\":{\"@id\":\"https:\/\/legacy.colt.net\/#organization\"},\"potentialAction\":[{\"@type\":\"SearchAction\",\"target\":{\"@type\":\"EntryPoint\",\"urlTemplate\":\"https:\/\/legacy.colt.net\/?s={search_term_string}\"},\"query-input\":{\"@type\":\"PropertyValueSpecification\",\"valueRequired\":true,\"valueName\":\"search_term_string\"}}],\"inLanguage\":\"fr-FR\"},{\"@type\":\"Organization\",\"@id\":\"https:\/\/legacy.colt.net\/#organization\",\"name\":\"Colt Technology Services\",\"url\":\"https:\/\/legacy.colt.net\/\",\"logo\":{\"@type\":\"ImageObject\",\"inLanguage\":\"fr-FR\",\"@id\":\"https:\/\/legacy.colt.net\/#\/schema\/logo\/image\/\",\"url\":\"https:\/\/legacy.colt.net\/wp-content\/uploads\/2019\/02\/Colt-Logo.png\",\"contentUrl\":\"https:\/\/legacy.colt.net\/wp-content\/uploads\/2019\/02\/Colt-Logo.png\",\"width\":195,\"height\":77,\"caption\":\"Colt Technology Services\"},\"image\":{\"@id\":\"https:\/\/legacy.colt.net\/#\/schema\/logo\/image\/\"},\"sameAs\":[\"https:\/\/www.facebook.com\/ColtTechnologyServices\/\",\"https:\/\/x.com\/colt_technology\",\"https:\/\/www.instagram.com\/colttechnologyservices\/\",\"https:\/\/www.linkedin.com\/company\/colt-technology-services\",\"https:\/\/www.youtube.com\/user\/ColtTechnology\"]},{\"@type\":\"Person\",\"@id\":\"https:\/\/legacy.colt.net\/#\/schema\/person\/b52e42bb2cb7da752a39308bf6dfd29c\",\"name\":\"Robert Ba\",\"image\":{\"@type\":\"ImageObject\",\"inLanguage\":\"fr-FR\",\"@id\":\"https:\/\/legacy.colt.net\/#\/schema\/person\/image\/\",\"url\":\"https:\/\/secure.gravatar.com\/avatar\/ec258f338241acab715f7f4666b716a74823ba6b4ec18774d9d5af0cc27545bd?s=96&d=mm&r=g\",\"contentUrl\":\"https:\/\/secure.gravatar.com\/avatar\/ec258f338241acab715f7f4666b716a74823ba6b4ec18774d9d5af0cc27545bd?s=96&d=mm&r=g\",\"caption\":\"Robert Ba\"},\"description\":\"Colt provide world class network and voice connectivity to businesses in Europe, Asia and the US.\",\"url\":\"https:\/\/legacy.colt.net\/fr\/resources\/author\/robertba\/\"}]}<\/script>\n<!-- \/ Yoast SEO plugin. -->","yoast_head_json":{"title":"Colt annonce la nomination de Paula Cogan au poste de CCO - Colt Technology Services","description":"Colt annonce la nomination de Paula Cogan au poste de CCO Colt Technology Services","robots":{"index":"noindex","follow":"follow","max-snippet":"max-snippet:-1","max-image-preview":"max-image-preview:large","max-video-preview":"max-video-preview:-1"},"og_locale":"fr_FR","og_type":"article","og_title":"Colt annonce la nomination de Paula Cogan au poste de CCO - Colt Technology Services","og_description":"Colt annonce la nomination de Paula Cogan au poste de CCO Colt Technology Services","og_url":"https:\/\/legacy.colt.net\/fr\/resources\/colt-annonce-la-nomination-de-paula-cogan-au-poste-de-cco\/","og_site_name":"Colt Technology Services","article_publisher":"https:\/\/www.facebook.com\/ColtTechnologyServices\/","article_published_time":"2020-07-06T15:31:19+00:00","article_modified_time":"2020-07-06T15:36:11+00:00","og_image":[{"width":1000,"height":667,"url":"https:\/\/legacy.colt.net\/wp-content\/uploads\/2020\/07\/Paula-Cogan.png","type":"image\/png"}],"author":"Robert Ba","twitter_card":"summary_large_image","twitter_image":"https:\/\/legacy.colt.net\/wp-content\/uploads\/2020\/07\/Paula-Cogan.png","twitter_creator":"@colt_technology","twitter_site":"@colt_technology","twitter_misc":{"Written by":"Robert Ba","Est. reading time":"4 minutes"},"schema":{"@context":"https:\/\/schema.org","@graph":[{"@type":"Article","@id":"https:\/\/legacy.colt.net\/fr\/resources\/colt-annonce-la-nomination-de-paula-cogan-au-poste-de-cco\/#article","isPartOf":{"@id":"https:\/\/legacy.colt.net\/fr\/resources\/colt-annonce-la-nomination-de-paula-cogan-au-poste-de-cco\/"},"author":{"name":"Robert Ba","@id":"https:\/\/legacy.colt.net\/#\/schema\/person\/b52e42bb2cb7da752a39308bf6dfd29c"},"headline":"Colt annonce la nomination de Paula Cogan au poste de CCO","datePublished":"2020-07-06T15:31:19+00:00","dateModified":"2020-07-06T15:36:11+00:00","mainEntityOfPage":{"@id":"https:\/\/legacy.colt.net\/fr\/resources\/colt-annonce-la-nomination-de-paula-cogan-au-poste-de-cco\/"},"wordCount":756,"publisher":{"@id":"https:\/\/legacy.colt.net\/#organization"},"image":{"@id":"https:\/\/legacy.colt.net\/fr\/resources\/colt-annonce-la-nomination-de-paula-cogan-au-poste-de-cco\/#primaryimage"},"thumbnailUrl":"https:\/\/legacy.colt.net\/wp-content\/uploads\/2020\/07\/Paula-Cogan.png","inLanguage":"fr-FR"},{"@type":"WebPage","@id":"https:\/\/legacy.colt.net\/fr\/resources\/colt-annonce-la-nomination-de-paula-cogan-au-poste-de-cco\/","url":"https:\/\/legacy.colt.net\/fr\/resources\/colt-annonce-la-nomination-de-paula-cogan-au-poste-de-cco\/","name":"Colt annonce la nomination de Paula Cogan au poste de CCO - Colt Technology Services","isPartOf":{"@id":"https:\/\/legacy.colt.net\/#website"},"primaryImageOfPage":{"@id":"https:\/\/legacy.colt.net\/fr\/resources\/colt-annonce-la-nomination-de-paula-cogan-au-poste-de-cco\/#primaryimage"},"image":{"@id":"https:\/\/legacy.colt.net\/fr\/resources\/colt-annonce-la-nomination-de-paula-cogan-au-poste-de-cco\/#primaryimage"},"thumbnailUrl":"https:\/\/legacy.colt.net\/wp-content\/uploads\/2020\/07\/Paula-Cogan.png","datePublished":"2020-07-06T15:31:19+00:00","dateModified":"2020-07-06T15:36:11+00:00","description":"Colt annonce la nomination de Paula Cogan au poste de CCO Colt Technology Services","breadcrumb":{"@id":"https:\/\/legacy.colt.net\/fr\/resources\/colt-annonce-la-nomination-de-paula-cogan-au-poste-de-cco\/#breadcrumb"},"inLanguage":"fr-FR","potentialAction":[{"@type":"ReadAction","target":["https:\/\/legacy.colt.net\/fr\/resources\/colt-annonce-la-nomination-de-paula-cogan-au-poste-de-cco\/"]}]},{"@type":"ImageObject","inLanguage":"fr-FR","@id":"https:\/\/legacy.colt.net\/fr\/resources\/colt-annonce-la-nomination-de-paula-cogan-au-poste-de-cco\/#primaryimage","url":"https:\/\/legacy.colt.net\/wp-content\/uploads\/2020\/07\/Paula-Cogan.png","contentUrl":"https:\/\/legacy.colt.net\/wp-content\/uploads\/2020\/07\/Paula-Cogan.png","width":1000,"height":667},{"@type":"BreadcrumbList","@id":"https:\/\/legacy.colt.net\/fr\/resources\/colt-annonce-la-nomination-de-paula-cogan-au-poste-de-cco\/#breadcrumb","itemListElement":[{"@type":"ListItem","position":1,"name":"Home","item":"https:\/\/legacy.colt.net\/fr\/"},{"@type":"ListItem","position":2,"name":"News","item":"https:\/\/legacy.colt.net\/fr\/resources\/type\/news-fr\/"},{"@type":"ListItem","position":3,"name":"Colt annonce la nomination de Paula Cogan au poste de CCO"}]},{"@type":"WebSite","@id":"https:\/\/legacy.colt.net\/#website","url":"https:\/\/legacy.colt.net\/","name":"Colt\u30c6\u30af\u30ce\u30ed\u30b8\u30fc\u30b5\u30fc\u30d3\u30b9\u682a\u5f0f\u4f1a\u793e","description":"Managed Network &amp; Voice Services Provider","publisher":{"@id":"https:\/\/legacy.colt.net\/#organization"},"potentialAction":[{"@type":"SearchAction","target":{"@type":"EntryPoint","urlTemplate":"https:\/\/legacy.colt.net\/?s={search_term_string}"},"query-input":{"@type":"PropertyValueSpecification","valueRequired":true,"valueName":"search_term_string"}}],"inLanguage":"fr-FR"},{"@type":"Organization","@id":"https:\/\/legacy.colt.net\/#organization","name":"Colt Technology Services","url":"https:\/\/legacy.colt.net\/","logo":{"@type":"ImageObject","inLanguage":"fr-FR","@id":"https:\/\/legacy.colt.net\/#\/schema\/logo\/image\/","url":"https:\/\/legacy.colt.net\/wp-content\/uploads\/2019\/02\/Colt-Logo.png","contentUrl":"https:\/\/legacy.colt.net\/wp-content\/uploads\/2019\/02\/Colt-Logo.png","width":195,"height":77,"caption":"Colt Technology Services"},"image":{"@id":"https:\/\/legacy.colt.net\/#\/schema\/logo\/image\/"},"sameAs":["https:\/\/www.facebook.com\/ColtTechnologyServices\/","https:\/\/x.com\/colt_technology","https:\/\/www.instagram.com\/colttechnologyservices\/","https:\/\/www.linkedin.com\/company\/colt-technology-services","https:\/\/www.youtube.com\/user\/ColtTechnology"]},{"@type":"Person","@id":"https:\/\/legacy.colt.net\/#\/schema\/person\/b52e42bb2cb7da752a39308bf6dfd29c","name":"Robert Ba","image":{"@type":"ImageObject","inLanguage":"fr-FR","@id":"https:\/\/legacy.colt.net\/#\/schema\/person\/image\/","url":"https:\/\/secure.gravatar.com\/avatar\/ec258f338241acab715f7f4666b716a74823ba6b4ec18774d9d5af0cc27545bd?s=96&d=mm&r=g","contentUrl":"https:\/\/secure.gravatar.com\/avatar\/ec258f338241acab715f7f4666b716a74823ba6b4ec18774d9d5af0cc27545bd?s=96&d=mm&r=g","caption":"Robert Ba"},"description":"Colt provide world class network and voice connectivity to businesses in Europe, Asia and the US.","url":"https:\/\/legacy.colt.net\/fr\/resources\/author\/robertba\/"}]}},"_links":{"self":[{"href":"https:\/\/legacy.colt.net\/fr\/wp-json\/wp\/v2\/posts\/77453","targetHints":{"allow":["GET"]}}],"collection":[{"href":"https:\/\/legacy.colt.net\/fr\/wp-json\/wp\/v2\/posts"}],"about":[{"href":"https:\/\/legacy.colt.net\/fr\/wp-json\/wp\/v2\/types\/post"}],"author":[{"embeddable":true,"href":"https:\/\/legacy.colt.net\/fr\/wp-json\/wp\/v2\/users\/40"}],"replies":[{"embeddable":true,"href":"https:\/\/legacy.colt.net\/fr\/wp-json\/wp\/v2\/comments?post=77453"}],"version-history":[{"count":0,"href":"https:\/\/legacy.colt.net\/fr\/wp-json\/wp\/v2\/posts\/77453\/revisions"}],"wp:featuredmedia":[{"embeddable":true,"href":"https:\/\/legacy.colt.net\/fr\/wp-json\/wp\/v2\/media\/77351"}],"wp:attachment":[{"href":"https:\/\/legacy.colt.net\/fr\/wp-json\/wp\/v2\/media?parent=77453"}],"wp:term":[{"taxonomy":"colt_type","embeddable":true,"href":"https:\/\/legacy.colt.net\/fr\/wp-json\/wp\/v2\/colt_type?post=77453"},{"taxonomy":"colt_ind","embeddable":true,"href":"https:\/\/legacy.colt.net\/fr\/wp-json\/wp\/v2\/colt_ind?post=77453"},{"taxonomy":"colt_products","embeddable":true,"href":"https:\/\/legacy.colt.net\/fr\/wp-json\/wp\/v2\/colt_products?post=77453"},{"taxonomy":"colt_solutions","embeddable":true,"href":"https:\/\/legacy.colt.net\/fr\/wp-json\/wp\/v2\/colt_solutions?post=77453"}],"curies":[{"name":"wp","href":"https:\/\/api.w.org\/{rel}","templated":true}]}}