{"id":44498,"date":"2018-01-11T00:00:00","date_gmt":"2018-01-11T00:00:00","guid":{"rendered":"https:\/\/www.colt.net\/resources\/la-mobilite-au-coeur-des-dispositifs-strategiques-de-lentreprise\/"},"modified":"2019-08-14T11:08:56","modified_gmt":"2019-08-14T10:08:56","slug":"la-mobilite-au-coeur-des-dispositifs-strategiques-de-lentreprise","status":"publish","type":"post","link":"https:\/\/legacy.colt.net\/fr\/resources\/la-mobilite-au-coeur-des-dispositifs-strategiques-de-lentreprise\/","title":{"rendered":"La mobilit\u00e9\u00a0au c\u0153ur des dispositifs strat\u00e9giques"},"content":{"rendered":"<h3><strong>La th\u00e9matique, l\u2019Open DSI et comment collaborer en \u00e9cosyst\u00e8mes, sera mise \u00e0 l\u2019honneur lors de l\u2019\u00e9v\u00e9nement DSI de l\u2019ann\u00e9e.<\/strong><\/h3>\n<p>Nous vivons en ce moment une p\u00e9riode particuli\u00e8rement exaltante. Partout \u00e0 travers le monde, les entreprises de toute taille connaissent une v\u00e9ritable \u00e9mulation et une acc\u00e9l\u00e9ration des changements auxquels contribuent largement les nouvelles technologies, les r\u00e9seaux et les t\u00e9l\u00e9communications. Depuis plusieurs d\u00e9cennies, ces r\u00e9seaux et ces services de communication engendrent des gains de productivit\u00e9 consid\u00e9rables. Gr\u00e2ce aux progr\u00e8s technologiques et aux r\u00e9seaux, on assiste \u00e0 une v\u00e9ritable m\u00e9tamorphose de notre \u00e9cosyst\u00e8me et cela devrait se poursuivre avec beaucoup plus d\u2019impact sur l\u2019ensemble de la soci\u00e9t\u00e9.<\/p>\n<p>Le travail en r\u00e9seau ou en situation de mobilit\u00e9 est d\u00e9sormais au c\u0153ur des dispositifs strat\u00e9giques des entreprises. D\u2019une logique d\u2019efficience, on passe \u00e0 une logique de qualit\u00e9, de polyvalence et d\u2019adaptabilit\u00e9 des collaborateurs dans un \u00e9cosyst\u00e8me de plus en plus comp\u00e9titif. L\u2019\u00e9mergence du travail collaboratif est une r\u00e9alit\u00e9 et l\u2019organisation par projets s\u2019est g\u00e9n\u00e9ralis\u00e9e dans de nombreuses entreprises. Toutes les fonctions de l\u2019entreprise sont impact\u00e9es par cette mutation qui repose sur des \u00e9volutions technologiques sans pour autant \u00eatre uniquement technologiques, car ces \u00e9volutions touchent aussi l\u2019entreprise dans son contexte organisationnel et ses collaborations avec d\u2019autres comme les clients, les fournisseurs et les salari\u00e9s.<\/p>\n<p>C\u2019est dans cette dynamique que le m\u00e9tier de DSI \u00e9volue pour s\u2019adapter aux changements afin d\u2019accompagner l\u2019ensemble des collaborateurs de l\u2019entreprise. Le DSI est un acteur majeur du travail\u00a0collaboratif. Il en est l\u2019un des principaux artisans, mais aussi la pierre angulaire, le gestionnaire et le chef de chantier. Il doit \u00eatre en mesure de d\u00e9ployer de nouveaux services tout en assurant le bon fonctionnement des infrastructures existantes. Pour cela, le DSI doit toujours se tenir au courant des derni\u00e8res tendances du moment. La r\u00e9daction d\u2019IT for Business anime une conf\u00e9rence sur le th\u00e8me de l\u2019Open DSI et comment collaborer en \u00e9cosyst\u00e8mes\u00a0? Cet \u00e9v\u00e9nement se tient dans <a href=\"https:\/\/www.dsidelannee.fr\/\">le cadre de la remise de prix 2018 du DSI de l\u2019ann\u00e9e<\/a> et rassemble des directeurs des syst\u00e8mes d\u2019informations et du num\u00e9rique ainsi que des acteurs influents du secteur.<\/p>\n<p><a href=\"https:\/\/legacy.colt.net\/fr\/\">Colt Technology Services<\/a> participe \u00e0 cet \u00e9v\u00e9nement en tant que sponsor et plusieurs de ses responsables seront heureux de vous y rencontrer.<\/p>\n<p><em><a href=\"https:\/\/www.dsidelannee.fr\/\"><img loading=\"lazy\" decoding=\"async\" class=\"align-none wp-image-25514 size-medium\" src=\"https:\/\/legacy.colt.net\/wp-content\/uploads\/2019\/03\/sponsor-de-l\u00e9v\u00e9nement-1-300x150.png\" alt=\"\" width=\"300\" height=\"150\" \/><\/a><\/em><\/p>\n<p><a href=\"https:\/\/twitter.com\/itforb\">#DSIN<\/a>\u00a0est le hashtag qui correspond \u00e0 l&#8217;\u00e9v\u00e8nement.<\/p>\n","protected":false},"excerpt":{"rendered":"<p>Le travail en situation de mobilit\u00e9 est d\u00e9sormais au c\u0153ur des dispositifs strat\u00e9giques des entreprises dans un \u00e9cosyst\u00e8me de plus en plus comp\u00e9titif.<\/p>\n","protected":false},"author":40,"featured_media":0,"comment_status":"closed","ping_status":"closed","sticky":false,"template":"","format":"standard","meta":{"_acf_changed":false,"footnotes":""},"colt_type":[1487],"colt_ind":[1242,1252,1256],"colt_products":[1260,1492],"colt_solutions":[],"class_list":["post-44498","post","type-post","status-publish","format-standard","hentry","colt_type-blog-fr","colt_ind-media-fr","colt_ind-technology-fr","colt_ind-telecoms-fr","colt_products-colt-business-connect-fr","colt_products-voice"],"acf":[],"yoast_head":"<!-- This site is optimized with the Yoast SEO plugin v26.8 - https:\/\/yoast.com\/product\/yoast-seo-wordpress\/ -->\n<title>La mobilit\u00e9\u00a0au c\u0153ur des dispositifs strat\u00e9giques - Colt Technology Services<\/title>\n<meta name=\"description\" content=\"Le travail en situation de mobilit\u00e9 est d\u00e9sormais au c\u0153ur des dispositifs strat\u00e9giques des entreprises dans un \u00e9cosyst\u00e8me de plus en plus comp\u00e9titif.\" \/>\n<meta name=\"robots\" content=\"noindex, follow, max-snippet:-1, max-image-preview:large, max-video-preview:-1\" \/>\n<meta property=\"og:locale\" content=\"fr_FR\" \/>\n<meta property=\"og:type\" content=\"article\" \/>\n<meta property=\"og:title\" content=\"La mobilit\u00e9\u00a0au c\u0153ur des dispositifs strat\u00e9giques - Colt Technology Services\" \/>\n<meta property=\"og:description\" content=\"Le travail en situation de mobilit\u00e9 est d\u00e9sormais au c\u0153ur des dispositifs strat\u00e9giques des entreprises dans un \u00e9cosyst\u00e8me de plus en plus comp\u00e9titif.\" \/>\n<meta property=\"og:url\" content=\"https:\/\/legacy.colt.net\/fr\/resources\/la-mobilite-au-coeur-des-dispositifs-strategiques-de-lentreprise\/\" \/>\n<meta property=\"og:site_name\" content=\"Colt Technology Services\" \/>\n<meta property=\"article:publisher\" content=\"https:\/\/www.facebook.com\/ColtTechnologyServices\/\" \/>\n<meta property=\"article:published_time\" content=\"2018-01-11T00:00:00+00:00\" \/>\n<meta property=\"article:modified_time\" content=\"2019-08-14T10:08:56+00:00\" \/>\n<meta property=\"og:image\" content=\"https:\/\/legacy.colt.net\/wp-content\/uploads\/2021\/01\/Brand-2021-Stock-11.jpg\" \/>\n\t<meta property=\"og:image:width\" content=\"1000\" \/>\n\t<meta property=\"og:image:height\" content=\"667\" \/>\n\t<meta property=\"og:image:type\" content=\"image\/jpeg\" \/>\n<meta name=\"author\" content=\"Robert Ba\" \/>\n<meta name=\"twitter:card\" content=\"summary_large_image\" \/>\n<meta name=\"twitter:creator\" content=\"@colt_technology\" \/>\n<meta name=\"twitter:site\" content=\"@colt_technology\" \/>\n<meta name=\"twitter:label1\" content=\"Written by\" \/>\n\t<meta name=\"twitter:data1\" content=\"Robert Ba\" \/>\n\t<meta name=\"twitter:label2\" content=\"Est. reading time\" \/>\n\t<meta name=\"twitter:data2\" content=\"2 minutes\" \/>\n<script type=\"application\/ld+json\" class=\"yoast-schema-graph\">{\"@context\":\"https:\/\/schema.org\",\"@graph\":[{\"@type\":\"Article\",\"@id\":\"https:\/\/legacy.colt.net\/fr\/resources\/la-mobilite-au-coeur-des-dispositifs-strategiques-de-lentreprise\/#article\",\"isPartOf\":{\"@id\":\"https:\/\/legacy.colt.net\/fr\/resources\/la-mobilite-au-coeur-des-dispositifs-strategiques-de-lentreprise\/\"},\"author\":{\"name\":\"Robert Ba\",\"@id\":\"https:\/\/legacy.colt.net\/#\/schema\/person\/b52e42bb2cb7da752a39308bf6dfd29c\"},\"headline\":\"La mobilit\u00e9\u00a0au c\u0153ur des dispositifs strat\u00e9giques\",\"datePublished\":\"2018-01-11T00:00:00+00:00\",\"dateModified\":\"2019-08-14T10:08:56+00:00\",\"mainEntityOfPage\":{\"@id\":\"https:\/\/legacy.colt.net\/fr\/resources\/la-mobilite-au-coeur-des-dispositifs-strategiques-de-lentreprise\/\"},\"wordCount\":449,\"publisher\":{\"@id\":\"https:\/\/legacy.colt.net\/#organization\"},\"articleSection\":[\"General\"],\"inLanguage\":\"fr-FR\"},{\"@type\":\"WebPage\",\"@id\":\"https:\/\/legacy.colt.net\/fr\/resources\/la-mobilite-au-coeur-des-dispositifs-strategiques-de-lentreprise\/\",\"url\":\"https:\/\/legacy.colt.net\/fr\/resources\/la-mobilite-au-coeur-des-dispositifs-strategiques-de-lentreprise\/\",\"name\":\"La mobilit\u00e9\u00a0au c\u0153ur des dispositifs strat\u00e9giques - Colt Technology Services\",\"isPartOf\":{\"@id\":\"https:\/\/legacy.colt.net\/#website\"},\"datePublished\":\"2018-01-11T00:00:00+00:00\",\"dateModified\":\"2019-08-14T10:08:56+00:00\",\"description\":\"Le travail en situation de mobilit\u00e9 est d\u00e9sormais au c\u0153ur des dispositifs strat\u00e9giques des entreprises dans un \u00e9cosyst\u00e8me de plus en plus comp\u00e9titif.\",\"breadcrumb\":{\"@id\":\"https:\/\/legacy.colt.net\/fr\/resources\/la-mobilite-au-coeur-des-dispositifs-strategiques-de-lentreprise\/#breadcrumb\"},\"inLanguage\":\"fr-FR\",\"potentialAction\":[{\"@type\":\"ReadAction\",\"target\":[\"https:\/\/legacy.colt.net\/fr\/resources\/la-mobilite-au-coeur-des-dispositifs-strategiques-de-lentreprise\/\"]}]},{\"@type\":\"BreadcrumbList\",\"@id\":\"https:\/\/legacy.colt.net\/fr\/resources\/la-mobilite-au-coeur-des-dispositifs-strategiques-de-lentreprise\/#breadcrumb\",\"itemListElement\":[{\"@type\":\"ListItem\",\"position\":1,\"name\":\"Home\",\"item\":\"https:\/\/legacy.colt.net\/fr\/\"},{\"@type\":\"ListItem\",\"position\":2,\"name\":\"Blogs\",\"item\":\"https:\/\/legacy.colt.net\/fr\/resources\/type\/blog-fr\/\"},{\"@type\":\"ListItem\",\"position\":3,\"name\":\"La mobilit\u00e9\u00a0au c\u0153ur des dispositifs strat\u00e9giques\"}]},{\"@type\":\"WebSite\",\"@id\":\"https:\/\/legacy.colt.net\/#website\",\"url\":\"https:\/\/legacy.colt.net\/\",\"name\":\"Colt\u30c6\u30af\u30ce\u30ed\u30b8\u30fc\u30b5\u30fc\u30d3\u30b9\u682a\u5f0f\u4f1a\u793e\",\"description\":\"Managed Network &amp; Voice Services Provider\",\"publisher\":{\"@id\":\"https:\/\/legacy.colt.net\/#organization\"},\"potentialAction\":[{\"@type\":\"SearchAction\",\"target\":{\"@type\":\"EntryPoint\",\"urlTemplate\":\"https:\/\/legacy.colt.net\/?s={search_term_string}\"},\"query-input\":{\"@type\":\"PropertyValueSpecification\",\"valueRequired\":true,\"valueName\":\"search_term_string\"}}],\"inLanguage\":\"fr-FR\"},{\"@type\":\"Organization\",\"@id\":\"https:\/\/legacy.colt.net\/#organization\",\"name\":\"Colt Technology Services\",\"url\":\"https:\/\/legacy.colt.net\/\",\"logo\":{\"@type\":\"ImageObject\",\"inLanguage\":\"fr-FR\",\"@id\":\"https:\/\/legacy.colt.net\/#\/schema\/logo\/image\/\",\"url\":\"https:\/\/legacy.colt.net\/wp-content\/uploads\/2019\/02\/Colt-Logo.png\",\"contentUrl\":\"https:\/\/legacy.colt.net\/wp-content\/uploads\/2019\/02\/Colt-Logo.png\",\"width\":195,\"height\":77,\"caption\":\"Colt Technology Services\"},\"image\":{\"@id\":\"https:\/\/legacy.colt.net\/#\/schema\/logo\/image\/\"},\"sameAs\":[\"https:\/\/www.facebook.com\/ColtTechnologyServices\/\",\"https:\/\/x.com\/colt_technology\",\"https:\/\/www.instagram.com\/colttechnologyservices\/\",\"https:\/\/www.linkedin.com\/company\/colt-technology-services\",\"https:\/\/www.youtube.com\/user\/ColtTechnology\"]},{\"@type\":\"Person\",\"@id\":\"https:\/\/legacy.colt.net\/#\/schema\/person\/b52e42bb2cb7da752a39308bf6dfd29c\",\"name\":\"Robert Ba\",\"image\":{\"@type\":\"ImageObject\",\"inLanguage\":\"fr-FR\",\"@id\":\"https:\/\/legacy.colt.net\/#\/schema\/person\/image\/\",\"url\":\"https:\/\/secure.gravatar.com\/avatar\/ec258f338241acab715f7f4666b716a74823ba6b4ec18774d9d5af0cc27545bd?s=96&d=mm&r=g\",\"contentUrl\":\"https:\/\/secure.gravatar.com\/avatar\/ec258f338241acab715f7f4666b716a74823ba6b4ec18774d9d5af0cc27545bd?s=96&d=mm&r=g\",\"caption\":\"Robert Ba\"},\"description\":\"Colt provide world class network and voice connectivity to businesses in Europe, Asia and the US.\",\"url\":\"https:\/\/legacy.colt.net\/fr\/resources\/author\/robertba\/\"}]}<\/script>\n<!-- \/ Yoast SEO plugin. -->","yoast_head_json":{"title":"La mobilit\u00e9\u00a0au c\u0153ur des dispositifs strat\u00e9giques - Colt Technology Services","description":"Le travail en situation de mobilit\u00e9 est d\u00e9sormais au c\u0153ur des dispositifs strat\u00e9giques des entreprises dans un \u00e9cosyst\u00e8me de plus en plus comp\u00e9titif.","robots":{"index":"noindex","follow":"follow","max-snippet":"max-snippet:-1","max-image-preview":"max-image-preview:large","max-video-preview":"max-video-preview:-1"},"og_locale":"fr_FR","og_type":"article","og_title":"La mobilit\u00e9\u00a0au c\u0153ur des dispositifs strat\u00e9giques - Colt Technology Services","og_description":"Le travail en situation de mobilit\u00e9 est d\u00e9sormais au c\u0153ur des dispositifs strat\u00e9giques des entreprises dans un \u00e9cosyst\u00e8me de plus en plus comp\u00e9titif.","og_url":"https:\/\/legacy.colt.net\/fr\/resources\/la-mobilite-au-coeur-des-dispositifs-strategiques-de-lentreprise\/","og_site_name":"Colt Technology Services","article_publisher":"https:\/\/www.facebook.com\/ColtTechnologyServices\/","article_published_time":"2018-01-11T00:00:00+00:00","article_modified_time":"2019-08-14T10:08:56+00:00","og_image":[{"width":1000,"height":667,"url":"https:\/\/legacy.colt.net\/wp-content\/uploads\/2021\/01\/Brand-2021-Stock-11.jpg","type":"image\/jpeg"}],"author":"Robert Ba","twitter_card":"summary_large_image","twitter_creator":"@colt_technology","twitter_site":"@colt_technology","twitter_misc":{"Written by":"Robert Ba","Est. reading time":"2 minutes"},"schema":{"@context":"https:\/\/schema.org","@graph":[{"@type":"Article","@id":"https:\/\/legacy.colt.net\/fr\/resources\/la-mobilite-au-coeur-des-dispositifs-strategiques-de-lentreprise\/#article","isPartOf":{"@id":"https:\/\/legacy.colt.net\/fr\/resources\/la-mobilite-au-coeur-des-dispositifs-strategiques-de-lentreprise\/"},"author":{"name":"Robert Ba","@id":"https:\/\/legacy.colt.net\/#\/schema\/person\/b52e42bb2cb7da752a39308bf6dfd29c"},"headline":"La mobilit\u00e9\u00a0au c\u0153ur des dispositifs strat\u00e9giques","datePublished":"2018-01-11T00:00:00+00:00","dateModified":"2019-08-14T10:08:56+00:00","mainEntityOfPage":{"@id":"https:\/\/legacy.colt.net\/fr\/resources\/la-mobilite-au-coeur-des-dispositifs-strategiques-de-lentreprise\/"},"wordCount":449,"publisher":{"@id":"https:\/\/legacy.colt.net\/#organization"},"articleSection":["General"],"inLanguage":"fr-FR"},{"@type":"WebPage","@id":"https:\/\/legacy.colt.net\/fr\/resources\/la-mobilite-au-coeur-des-dispositifs-strategiques-de-lentreprise\/","url":"https:\/\/legacy.colt.net\/fr\/resources\/la-mobilite-au-coeur-des-dispositifs-strategiques-de-lentreprise\/","name":"La mobilit\u00e9\u00a0au c\u0153ur des dispositifs strat\u00e9giques - Colt Technology Services","isPartOf":{"@id":"https:\/\/legacy.colt.net\/#website"},"datePublished":"2018-01-11T00:00:00+00:00","dateModified":"2019-08-14T10:08:56+00:00","description":"Le travail en situation de mobilit\u00e9 est d\u00e9sormais au c\u0153ur des dispositifs strat\u00e9giques des entreprises dans un \u00e9cosyst\u00e8me de plus en plus comp\u00e9titif.","breadcrumb":{"@id":"https:\/\/legacy.colt.net\/fr\/resources\/la-mobilite-au-coeur-des-dispositifs-strategiques-de-lentreprise\/#breadcrumb"},"inLanguage":"fr-FR","potentialAction":[{"@type":"ReadAction","target":["https:\/\/legacy.colt.net\/fr\/resources\/la-mobilite-au-coeur-des-dispositifs-strategiques-de-lentreprise\/"]}]},{"@type":"BreadcrumbList","@id":"https:\/\/legacy.colt.net\/fr\/resources\/la-mobilite-au-coeur-des-dispositifs-strategiques-de-lentreprise\/#breadcrumb","itemListElement":[{"@type":"ListItem","position":1,"name":"Home","item":"https:\/\/legacy.colt.net\/fr\/"},{"@type":"ListItem","position":2,"name":"Blogs","item":"https:\/\/legacy.colt.net\/fr\/resources\/type\/blog-fr\/"},{"@type":"ListItem","position":3,"name":"La mobilit\u00e9\u00a0au c\u0153ur des dispositifs strat\u00e9giques"}]},{"@type":"WebSite","@id":"https:\/\/legacy.colt.net\/#website","url":"https:\/\/legacy.colt.net\/","name":"Colt\u30c6\u30af\u30ce\u30ed\u30b8\u30fc\u30b5\u30fc\u30d3\u30b9\u682a\u5f0f\u4f1a\u793e","description":"Managed Network &amp; Voice Services Provider","publisher":{"@id":"https:\/\/legacy.colt.net\/#organization"},"potentialAction":[{"@type":"SearchAction","target":{"@type":"EntryPoint","urlTemplate":"https:\/\/legacy.colt.net\/?s={search_term_string}"},"query-input":{"@type":"PropertyValueSpecification","valueRequired":true,"valueName":"search_term_string"}}],"inLanguage":"fr-FR"},{"@type":"Organization","@id":"https:\/\/legacy.colt.net\/#organization","name":"Colt Technology Services","url":"https:\/\/legacy.colt.net\/","logo":{"@type":"ImageObject","inLanguage":"fr-FR","@id":"https:\/\/legacy.colt.net\/#\/schema\/logo\/image\/","url":"https:\/\/legacy.colt.net\/wp-content\/uploads\/2019\/02\/Colt-Logo.png","contentUrl":"https:\/\/legacy.colt.net\/wp-content\/uploads\/2019\/02\/Colt-Logo.png","width":195,"height":77,"caption":"Colt Technology Services"},"image":{"@id":"https:\/\/legacy.colt.net\/#\/schema\/logo\/image\/"},"sameAs":["https:\/\/www.facebook.com\/ColtTechnologyServices\/","https:\/\/x.com\/colt_technology","https:\/\/www.instagram.com\/colttechnologyservices\/","https:\/\/www.linkedin.com\/company\/colt-technology-services","https:\/\/www.youtube.com\/user\/ColtTechnology"]},{"@type":"Person","@id":"https:\/\/legacy.colt.net\/#\/schema\/person\/b52e42bb2cb7da752a39308bf6dfd29c","name":"Robert Ba","image":{"@type":"ImageObject","inLanguage":"fr-FR","@id":"https:\/\/legacy.colt.net\/#\/schema\/person\/image\/","url":"https:\/\/secure.gravatar.com\/avatar\/ec258f338241acab715f7f4666b716a74823ba6b4ec18774d9d5af0cc27545bd?s=96&d=mm&r=g","contentUrl":"https:\/\/secure.gravatar.com\/avatar\/ec258f338241acab715f7f4666b716a74823ba6b4ec18774d9d5af0cc27545bd?s=96&d=mm&r=g","caption":"Robert Ba"},"description":"Colt provide world class network and voice connectivity to businesses in Europe, Asia and the US.","url":"https:\/\/legacy.colt.net\/fr\/resources\/author\/robertba\/"}]}},"_links":{"self":[{"href":"https:\/\/legacy.colt.net\/fr\/wp-json\/wp\/v2\/posts\/44498","targetHints":{"allow":["GET"]}}],"collection":[{"href":"https:\/\/legacy.colt.net\/fr\/wp-json\/wp\/v2\/posts"}],"about":[{"href":"https:\/\/legacy.colt.net\/fr\/wp-json\/wp\/v2\/types\/post"}],"author":[{"embeddable":true,"href":"https:\/\/legacy.colt.net\/fr\/wp-json\/wp\/v2\/users\/40"}],"replies":[{"embeddable":true,"href":"https:\/\/legacy.colt.net\/fr\/wp-json\/wp\/v2\/comments?post=44498"}],"version-history":[{"count":0,"href":"https:\/\/legacy.colt.net\/fr\/wp-json\/wp\/v2\/posts\/44498\/revisions"}],"wp:attachment":[{"href":"https:\/\/legacy.colt.net\/fr\/wp-json\/wp\/v2\/media?parent=44498"}],"wp:term":[{"taxonomy":"colt_type","embeddable":true,"href":"https:\/\/legacy.colt.net\/fr\/wp-json\/wp\/v2\/colt_type?post=44498"},{"taxonomy":"colt_ind","embeddable":true,"href":"https:\/\/legacy.colt.net\/fr\/wp-json\/wp\/v2\/colt_ind?post=44498"},{"taxonomy":"colt_products","embeddable":true,"href":"https:\/\/legacy.colt.net\/fr\/wp-json\/wp\/v2\/colt_products?post=44498"},{"taxonomy":"colt_solutions","embeddable":true,"href":"https:\/\/legacy.colt.net\/fr\/wp-json\/wp\/v2\/colt_solutions?post=44498"}],"curies":[{"name":"wp","href":"https:\/\/api.w.org\/{rel}","templated":true}]}}