{"id":43876,"date":"2013-06-12T00:00:00","date_gmt":"2013-06-11T23:00:00","guid":{"rendered":"https:\/\/www.colt.net\/resources\/colt-prevoit-des-economies-denergie-a-lannee-dun-montant-de-300-millions-deuros-pour-le-marche-europeen-du-data-centre\/"},"modified":"2013-06-12T00:00:00","modified_gmt":"2013-06-11T23:00:00","slug":"colt-prevoit-des-economies-denergie-a-lannee-dun-montant-de-300-millions-deuros-pour-le-marche-europeen-du-data-centre","status":"publish","type":"post","link":"https:\/\/legacy.colt.net\/fr\/resources\/colt-prevoit-des-economies-denergie-a-lannee-dun-montant-de-300-millions-deuros-pour-le-marche-europeen-du-data-centre\/","title":{"rendered":"Colt pr\u00e9voit des \u00e9conomies d\u2019\u00e9nergie \u00e0 l\u2019ann\u00e9e d\u2019un montant de 300 millions d&#8217;euros pour le march\u00e9 europ\u00e9en du data centre"},"content":{"rendered":"<div class=\"show_bullets\"> <strong>Paris, le 12 juin 2013<\/strong><\/p>\n<p> Colt, la plateforme d&#8217;\u00e9changes d&#8217;informations pour les entreprises en Europe, annonce une r\u00e9duction de sa consommation d&#8217;\u00e9nergie de 18 % sur l&#8217;ensemble du parc de data centres* \u00e0 l&#8217;\u00e9chelon europ\u00e9en. Cette r\u00e9duction r\u00e9sulte d&#8217;un programme d&#8217;efficience \u00e9nerg\u00e9tique lanc\u00e9 en 2010. En trois ans, le programme a permis de r\u00e9duire la consommation \u00e9lectrique \u00e0 43 Gigawatt.heure (GWh)*, soit l&#8217;\u00e9quivalent d&#8217;une r\u00e9duction de l&#8217;empreinte carbone de 15 000 tonnes<sup>1<\/sup>, pour une \u00e9conomie de 4 millions d&#8217;euros sur la facture \u00e9nerg\u00e9tique<sup>1<\/sup> annuelle. <\/p>\n<p> Si la consommation \u00e9lectrique des data centres \u00e0 l&#8217;\u00e9chelon europ\u00e9en<sup>2<\/sup> est aujourd&#8217;hui de 60 000 GWh (60 TWh), les projections font \u00e9tat d&#8217;un chiffre atteignant 104 TWh \u00e0 l&#8217;horizon 2020. Le secteur est donc soumis \u00e0 une pression constante pour am\u00e9liorer l&#8217;efficience \u00e9nerg\u00e9tique et r\u00e9duire l&#8217;empreinte carbone ainsi que la facture \u00e9nerg\u00e9tique. Repr\u00e9sentant 30 \u00e0 50 % des co\u00fbts d&#8217;exploitation des data centres, la consommation d&#8217;\u00e9nergie constitue \u00e0 l&#8217;heure actuelle une charge \u00e9conomique tr\u00e8s lourde pour les entreprises du secteur.<\/p>\n<p> Dans la continuit\u00e9 du niveau d&#8217;efficience atteint au cours des trois derni\u00e8res ann\u00e9es, et compte tenu des estimations de l&#8217;\u00e2ge de mise en service moyen des data centres en Europe (plus de 9 ans), Colt pense que sans investissement consid\u00e9rable le secteur doit pouvoir r\u00e9duire sa consommation d&#8217;\u00e9nergie annuelle d&#8217;au moins 5 % (3 TWh) sur l&#8217;ensemble du territoire. Une r\u00e9duction de cet ordre \u00e0 l&#8217;\u00e9chelle du secteur entra\u00eenerait une diminution de l&#8217;empreinte carbone<sup>3<\/sup> de plus d&#8217;1,2 million de tonnes et g\u00e9n\u00e9rerait une \u00e9conomie de co\u00fbts d&#8217;exploitation<sup>4<\/sup> de pr\u00e8s de 300 millions d&#8217;euros \u00e0 l&#8217;ann\u00e9e. En termes d&#8217;impact sur l&#8217;environnement, cela \u00e9quivaudrait \u00e0 r\u00e9duire la totalit\u00e9 de la consommation \u00e9lectrique annuelle d&#8217;environ 550 000 foyers<sup>5<\/sup> en France (soit 3,5 fois le nombre de foyers recens\u00e9s dans la ville de Bordeaux). <\/p>\n<p> En application du Code de conduite europ\u00e9en pour l&#8217;efficience \u00e9nerg\u00e9tique des data centres, le programme permanent d&#8217;efficience \u00e9nerg\u00e9tique de Colt couvre 30 000 m<sup>2<\/sup> d&#8217;espace de data centre \u00e0 l&#8217;\u00e9chelon europ\u00e9en, dont trois sites en France. Ce programme \u00e9tait initialement centr\u00e9 sur les salles de donn\u00e9es, et ciblait les projets \u00e0 fort potentiel de gain d&#8217;efficience \u00e9nerg\u00e9tique \u00e0 tr\u00e8s court terme. Ces projets ont permis de g\u00e9n\u00e9rer la majeure partie des 10 % d&#8217;\u00e9conomies r\u00e9alis\u00e9es par Colt sur l&#8217;ensemble du territoire europ\u00e9en au cours des douze premiers mois du programme. <\/p>\n<p> Les deux ann\u00e9es qui ont suivi ont vu les \u00e9conomies augmenter de plus de 8 %, notamment gr\u00e2ce \u00e0 l&#8217;extension du programme aux projets d&#8217;infrastructure. Ces projets, plus co\u00fbteux en termes d&#8217;investissements, ont \u00e9t\u00e9 s\u00e9lectionn\u00e9s sur la base de crit\u00e8res individuels environnementaux et de rentabilit\u00e9 \u00e9conomique des co\u00fbts d&#8217;exploitation sur la dur\u00e9e de vie restante des \u00e9quipements install\u00e9s. Les projets d&#8217;infrastructure incluaient des upgrades des unit\u00e9s de refroidissement, des \u00e9quipements de r\u00e9gulation de la temp\u00e9rature et des syst\u00e8mes d&#8217;alimentation en continu. <\/p>\n<p> Georges Tomie, Directeur Technique chez Colt, indique : \u00ab <em>Tant du point de vue de l\u2019impact environnemental que de la rentabilit\u00e9 des co\u00fbts d&#8217;exploitation, Colt d\u00e9montre qu&#8217;il \u00e9tait possible de r\u00e9aliser des \u00e9conomies d&#8217;\u00e9nergie cons\u00e9quentes en ciblant l&#8217;efficience au niveau de chaque salle de donn\u00e9es et de l&#8217;ensemble de l&#8217;infrastructure de data centre. Notre exp\u00e9rience montre qu&#8217;une grande partie de ces \u00e9conomies est r\u00e9alisable gr\u00e2ce \u00e0 un ensemble de mesures simples produisant des r\u00e9sultats tangibles sur une p\u00e9riode de douze \u00e0 dix-huit mois. \u00c9tant donn\u00e9 la nature et l&#8217;\u00e2ge de mise en service du parc de data centres europ\u00e9ens, il n&#8217;y a aucune raison pour que les r\u00e9ductions observ\u00e9es ne puissent pas \u00eatre r\u00e9pliqu\u00e9es \u00e0 l&#8217;\u00e9chelle du secteur. <\/em>\u00bb<\/p>\n<p> \u00ab <em>Dans la conjoncture \u00e9conomique actuelle, les entreprises cherchent \u00e0 r\u00e9duire les co\u00fbts et \u00e0 am\u00e9liorer l&#8217;efficience. Dans le m\u00eame temps, beaucoup d&#8217;acteurs du secteur pensent que l&#8217;efficience \u00e9nerg\u00e9tique s&#8217;accompagne irr\u00e9m\u00e9diablement d\u2019investissements lourds. C&#8217;est tout simplement faux. La plupart des \u00e9conomies r\u00e9alis\u00e9es par Colt depuis 2010 sont le r\u00e9sultat d&#8217;initiatives ax\u00e9es sur les salles de donn\u00e9es et ayant n\u00e9cessit\u00e9 un investissement initial minimal. Ces initiatives ont notamment \u00e9t\u00e9 men\u00e9es sur l&#8217;am\u00e9lioration de la gestion des flux d&#8217;a\u00e9ration, la pr\u00e9cision des syst\u00e8mes de mesure et la r\u00e9duction des marges de tol\u00e9rance en mati\u00e8re de temp\u00e9rature de l&#8217;air de refroidissement et d&#8217;humidit\u00e9.<\/em> \u00bb<\/p>\n<p> Georges Tomie note que pour les entreprises \u00e9quip\u00e9es de data centres \u00e2g\u00e9s, les investissements en infrastructure peuvent s&#8217;av\u00e9rer infructueux et qu&#8217;il peut \u00eatre plus judicieux de renouveler le parc, notamment lorsqu&#8217;il est possible de faire co\u00efncider les investissements avec les projets de consolidation de l&#8217;infrastructure IT. Les principaux facteurs \u00e0 \u00e9tudier au cours de la phase de conception sont d\u00e8s lors les suivants : efficience des op\u00e9rations et flexibilit\u00e9 des mod\u00e8les d&#8217;alimentation, de refroidissent et d&#8217;occupation de l&#8217;espace afin de garantir une efficience maximale tout au long de la dur\u00e9e de vie des data centres.<\/p>\n<p> * Le programme d\u2019efficience \u00e9nerg\u00e9tique est en cours et ces \u00e9conomies concernent uniquement une partie du parc de data centres de Colt<\/p>\n<h3>\u00c0 propos de Colt<\/h3>\n<p> Colt est la plateforme d&#8217;\u00e9changes d&#8217;informations pour les entreprises et permet \u00e0 ses clients de partager, traiter et stocker leurs informations strat\u00e9giques. Colt est un acteur majeur des solutions r\u00e9seaux et IT manag\u00e9es int\u00e9gr\u00e9es \u00e0 destination des grands comptes, des petites et moyennes entreprises, des op\u00e9rateurs et des fournisseurs de services. Colt, pr\u00e9sent dans 22 pays, a d\u00e9ploy\u00e9 et g\u00e8re un r\u00e9seau de 43 000 km incluant des boucles locales dans 39 grandes villes d\u2019Europe, 19 000 b\u00e2timents connect\u00e9s en fibre optique et 20 data centres Colt ind\u00e9pendants.<\/p>\n<p> L&#8217;activit\u00e9 DCS (Data Centre Services) de Colt, lanc\u00e9e en 2010, d\u00e9ploie des data centres innovants de haute qualit\u00e9 sur les sites Colt et client. Nos data centres innovants sont rapides \u00e0 d\u00e9ployer, flexibles et d&#8217;une grande efficacit\u00e9.<\/p>\n<p> Outre son r\u00e9seau de vente directe, Colt exploite quatre r\u00e9seaux de distribution indirecte : agents, franchis\u00e9s, distributeurs et Wholesale comprenant op\u00e9rateurs, fournisseurs de service, revendeurs \u00e0 valeur ajout\u00e9e et revendeurs de solutions voix.<\/p>\n<p> Colt est cot\u00e9 \u00e0 la Bourse de Londres (COLT).<\/p>\n<h3>R\u00e9f\u00e9rences<\/h3>\n<ol>\n<li>Sur la base de facteur d\u2019\u00e9mission de gaz \u00e0 effet de serre et des co\u00fbts \u00e9nerg\u00e9tiques moyens de Colt<\/li>\n<li>D\u00e9claration du Centre commun de recherche de l&#8217;UE, novembre 2012 <br \/> <a target=\"_blank\" href=\"https:\/\/ec.europa.eu\/dgs\/jrc\/index.cfm?id=1410&amp;dt_code=NWS&amp;obj_id=15680&amp;ori=RSS\" rel=\"noopener noreferrer\">https:\/\/ec.europa.eu\/dgs\/jrc\/index.cfm?id=1410&amp;dt_code=NWS&amp;obj_id=15680&amp;ori=RSS <\/a><\/li>\n<li>Sur la base de la moyenne du secteur (0,4 tonnes d\u2019\u00e9quivalent CO2 par MWh)<\/li>\n<li>Sur la base des co\u00fbts \u00e9nerg\u00e9tiques moyens<\/li>\n<li>Donn\u00e9es Eurostat sur la consommation \u00e9lectrique et les foyers en France, 2011 <br \/> [Remarque : 1 000 tonnes d\u2019\u00e9quivalent p\u00e9trole (tep) = 11,63 GW\/h]<br \/> <a target=\"_blank\" href=\"https:\/\/appsso.eurostat.ec.europa.eu\/nui\/show.do?dataset=lfst_hhnhtych&amp;lang=en\" rel=\"noopener noreferrer\">https:\/\/appsso.eurostat.ec.europa.eu\/nui\/show.do?dataset=lfst_hhnhtych&amp;lang=en<\/a><br \/> <a target=\"_blank\" href=\"https:\/\/epp.eurostat.ec.europa.eu\/tgm\/table.do?tab=table&amp;init=1&amp;plugin=1&amp;language=en&amp;pcode=tsdpc310\" rel=\"noopener noreferrer\">https:\/\/epp.eurostat.ec.europa.eu\/tgm\/table.do?tab=table&amp;init=1&amp;plugin=1&amp;language=en&amp;pcode=tsdpc310<\/a> <\/li>\n<\/ol>\n<h3>Pour toute information compl\u00e9mentaire:<\/h3>\n<p> <strong>Weber Shandwick France<\/strong><br \/> Marie Faber <br \/> T\u00e9l : 01 47 59 56 46 <br \/> E-mails : <a target=\"\" href=\"mailto:mfaber@webershandwick.com\" rel=\"noopener noreferrer\">mfaber@webershandwick.com<\/a><\/p>\n<p> <strong>Colt<\/strong><br \/> Cl\u00e9mence Nizard<br \/> T\u00e9l. : 01 70 99 56 21 \/ 06 61 62 65 59<br \/> E-mail : <a target=\"\" href=\"mailto:clemence.nizard@colt.net\" rel=\"noopener noreferrer\">clemence.nizard@colt.net<\/a>c <\/div>\n","protected":false},"excerpt":{"rendered":"<p>Paris, le 12 juin 2013 Colt, la plateforme d&#8217;\u00e9changes d&#8217;informations pour les entreprises en Europe, annonce une r\u00e9duction de sa consommation d&#8217;\u00e9nergie de 18 % sur l&#8217;ensemble du parc de data centres* \u00e0 l&#8217;\u00e9chelon europ\u00e9en. Cette r\u00e9duction r\u00e9sulte d&#8217;un programme d&#8217;efficience \u00e9nerg\u00e9tique lanc\u00e9 en 2010. En trois ans, le programme a permis de r\u00e9duire la&#8230;<\/p>\n","protected":false},"author":112,"featured_media":0,"comment_status":"closed","ping_status":"closed","sticky":false,"template":"","format":"standard","meta":{"_acf_changed":false,"footnotes":""},"colt_type":[1671],"colt_ind":[],"colt_products":[],"colt_solutions":[],"class_list":["post-43876","post","type-post","status-publish","format-standard","hentry","colt_type-news-fr"],"acf":[],"yoast_head":"<!-- This site is optimized with the Yoast SEO plugin v26.8 - https:\/\/yoast.com\/product\/yoast-seo-wordpress\/ -->\n<title>Colt pr\u00e9voit des \u00e9conomies d\u2019\u00e9nergie \u00e0 l\u2019ann\u00e9e d\u2019un montant de 300 millions d&#039;euros pour le march\u00e9 europ\u00e9en du data centre - Colt Technology Services<\/title>\n<meta name=\"description\" content=\"Colt pr\u00e9voit des \u00e9conomies d\u2019\u00e9nergie \u00e0 l\u2019ann\u00e9e d\u2019un montant de 300 millions d&#039;euros pour le march\u00e9 europ\u00e9en du data centre Colt Technology Services\" \/>\n<meta name=\"robots\" content=\"noindex, follow, max-snippet:-1, max-image-preview:large, max-video-preview:-1\" \/>\n<meta property=\"og:locale\" content=\"fr_FR\" \/>\n<meta property=\"og:type\" content=\"article\" \/>\n<meta property=\"og:title\" content=\"Colt pr\u00e9voit des \u00e9conomies d\u2019\u00e9nergie \u00e0 l\u2019ann\u00e9e d\u2019un montant de 300 millions d&#039;euros pour le march\u00e9 europ\u00e9en du data centre - Colt Technology Services\" \/>\n<meta property=\"og:description\" content=\"Colt pr\u00e9voit des \u00e9conomies d\u2019\u00e9nergie \u00e0 l\u2019ann\u00e9e d\u2019un montant de 300 millions d&#039;euros pour le march\u00e9 europ\u00e9en du data centre Colt Technology Services\" \/>\n<meta property=\"og:url\" content=\"https:\/\/legacy.colt.net\/fr\/resources\/colt-prevoit-des-economies-denergie-a-lannee-dun-montant-de-300-millions-deuros-pour-le-marche-europeen-du-data-centre\/\" \/>\n<meta property=\"og:site_name\" content=\"Colt Technology Services\" \/>\n<meta property=\"article:publisher\" content=\"https:\/\/www.facebook.com\/ColtTechnologyServices\/\" \/>\n<meta property=\"article:published_time\" content=\"2013-06-11T23:00:00+00:00\" \/>\n<meta property=\"og:image\" content=\"https:\/\/legacy.colt.net\/wp-content\/uploads\/2021\/01\/Brand-2021-Stock-37.jpg\" \/>\n\t<meta property=\"og:image:width\" content=\"1000\" \/>\n\t<meta property=\"og:image:height\" content=\"644\" \/>\n\t<meta property=\"og:image:type\" content=\"image\/jpeg\" \/>\n<meta name=\"author\" content=\"Make Do\" \/>\n<meta name=\"twitter:card\" content=\"summary_large_image\" \/>\n<meta name=\"twitter:creator\" content=\"@colt_technology\" \/>\n<meta name=\"twitter:site\" content=\"@colt_technology\" \/>\n<meta name=\"twitter:label1\" content=\"Written by\" \/>\n\t<meta name=\"twitter:data1\" content=\"Make Do\" \/>\n\t<meta name=\"twitter:label2\" content=\"Est. reading time\" \/>\n\t<meta name=\"twitter:data2\" content=\"6 minutes\" \/>\n<script type=\"application\/ld+json\" class=\"yoast-schema-graph\">{\"@context\":\"https:\/\/schema.org\",\"@graph\":[{\"@type\":\"Article\",\"@id\":\"https:\/\/legacy.colt.net\/fr\/resources\/colt-prevoit-des-economies-denergie-a-lannee-dun-montant-de-300-millions-deuros-pour-le-marche-europeen-du-data-centre\/#article\",\"isPartOf\":{\"@id\":\"https:\/\/legacy.colt.net\/fr\/resources\/colt-prevoit-des-economies-denergie-a-lannee-dun-montant-de-300-millions-deuros-pour-le-marche-europeen-du-data-centre\/\"},\"author\":{\"name\":\"Make Do\",\"@id\":\"https:\/\/legacy.colt.net\/#\/schema\/person\/71cb803a99c6757c1c6940a6f0683e57\"},\"headline\":\"Colt pr\u00e9voit des \u00e9conomies d\u2019\u00e9nergie \u00e0 l\u2019ann\u00e9e d\u2019un montant de 300 millions d&#8217;euros pour le march\u00e9 europ\u00e9en du data centre\",\"datePublished\":\"2013-06-11T23:00:00+00:00\",\"mainEntityOfPage\":{\"@id\":\"https:\/\/legacy.colt.net\/fr\/resources\/colt-prevoit-des-economies-denergie-a-lannee-dun-montant-de-300-millions-deuros-pour-le-marche-europeen-du-data-centre\/\"},\"wordCount\":1288,\"publisher\":{\"@id\":\"https:\/\/legacy.colt.net\/#organization\"},\"inLanguage\":\"fr-FR\"},{\"@type\":\"WebPage\",\"@id\":\"https:\/\/legacy.colt.net\/fr\/resources\/colt-prevoit-des-economies-denergie-a-lannee-dun-montant-de-300-millions-deuros-pour-le-marche-europeen-du-data-centre\/\",\"url\":\"https:\/\/legacy.colt.net\/fr\/resources\/colt-prevoit-des-economies-denergie-a-lannee-dun-montant-de-300-millions-deuros-pour-le-marche-europeen-du-data-centre\/\",\"name\":\"Colt pr\u00e9voit des \u00e9conomies d\u2019\u00e9nergie \u00e0 l\u2019ann\u00e9e d\u2019un montant de 300 millions d'euros pour le march\u00e9 europ\u00e9en du data centre - Colt Technology Services\",\"isPartOf\":{\"@id\":\"https:\/\/legacy.colt.net\/#website\"},\"datePublished\":\"2013-06-11T23:00:00+00:00\",\"description\":\"Colt pr\u00e9voit des \u00e9conomies d\u2019\u00e9nergie \u00e0 l\u2019ann\u00e9e d\u2019un montant de 300 millions d'euros pour le march\u00e9 europ\u00e9en du data centre Colt Technology Services\",\"breadcrumb\":{\"@id\":\"https:\/\/legacy.colt.net\/fr\/resources\/colt-prevoit-des-economies-denergie-a-lannee-dun-montant-de-300-millions-deuros-pour-le-marche-europeen-du-data-centre\/#breadcrumb\"},\"inLanguage\":\"fr-FR\",\"potentialAction\":[{\"@type\":\"ReadAction\",\"target\":[\"https:\/\/legacy.colt.net\/fr\/resources\/colt-prevoit-des-economies-denergie-a-lannee-dun-montant-de-300-millions-deuros-pour-le-marche-europeen-du-data-centre\/\"]}]},{\"@type\":\"BreadcrumbList\",\"@id\":\"https:\/\/legacy.colt.net\/fr\/resources\/colt-prevoit-des-economies-denergie-a-lannee-dun-montant-de-300-millions-deuros-pour-le-marche-europeen-du-data-centre\/#breadcrumb\",\"itemListElement\":[{\"@type\":\"ListItem\",\"position\":1,\"name\":\"Home\",\"item\":\"https:\/\/legacy.colt.net\/fr\/\"},{\"@type\":\"ListItem\",\"position\":2,\"name\":\"News\",\"item\":\"https:\/\/legacy.colt.net\/fr\/resources\/type\/news-fr\/\"},{\"@type\":\"ListItem\",\"position\":3,\"name\":\"Colt pr\u00e9voit des \u00e9conomies d\u2019\u00e9nergie \u00e0 l\u2019ann\u00e9e d\u2019un montant de 300 millions d&#8217;euros pour le march\u00e9 europ\u00e9en du data centre\"}]},{\"@type\":\"WebSite\",\"@id\":\"https:\/\/legacy.colt.net\/#website\",\"url\":\"https:\/\/legacy.colt.net\/\",\"name\":\"Colt\u30c6\u30af\u30ce\u30ed\u30b8\u30fc\u30b5\u30fc\u30d3\u30b9\u682a\u5f0f\u4f1a\u793e\",\"description\":\"Managed Network &amp; Voice Services Provider\",\"publisher\":{\"@id\":\"https:\/\/legacy.colt.net\/#organization\"},\"potentialAction\":[{\"@type\":\"SearchAction\",\"target\":{\"@type\":\"EntryPoint\",\"urlTemplate\":\"https:\/\/legacy.colt.net\/?s={search_term_string}\"},\"query-input\":{\"@type\":\"PropertyValueSpecification\",\"valueRequired\":true,\"valueName\":\"search_term_string\"}}],\"inLanguage\":\"fr-FR\"},{\"@type\":\"Organization\",\"@id\":\"https:\/\/legacy.colt.net\/#organization\",\"name\":\"Colt Technology Services\",\"url\":\"https:\/\/legacy.colt.net\/\",\"logo\":{\"@type\":\"ImageObject\",\"inLanguage\":\"fr-FR\",\"@id\":\"https:\/\/legacy.colt.net\/#\/schema\/logo\/image\/\",\"url\":\"https:\/\/legacy.colt.net\/wp-content\/uploads\/2019\/02\/Colt-Logo.png\",\"contentUrl\":\"https:\/\/legacy.colt.net\/wp-content\/uploads\/2019\/02\/Colt-Logo.png\",\"width\":195,\"height\":77,\"caption\":\"Colt Technology Services\"},\"image\":{\"@id\":\"https:\/\/legacy.colt.net\/#\/schema\/logo\/image\/\"},\"sameAs\":[\"https:\/\/www.facebook.com\/ColtTechnologyServices\/\",\"https:\/\/x.com\/colt_technology\",\"https:\/\/www.instagram.com\/colttechnologyservices\/\",\"https:\/\/www.linkedin.com\/company\/colt-technology-services\",\"https:\/\/www.youtube.com\/user\/ColtTechnology\"]},{\"@type\":\"Person\",\"@id\":\"https:\/\/legacy.colt.net\/#\/schema\/person\/71cb803a99c6757c1c6940a6f0683e57\",\"name\":\"Make Do\",\"image\":{\"@type\":\"ImageObject\",\"inLanguage\":\"fr-FR\",\"@id\":\"https:\/\/legacy.colt.net\/#\/schema\/person\/image\/\",\"url\":\"https:\/\/secure.gravatar.com\/avatar\/fe73597d3286e48e5f95eb7e1bd97ea091a03336686cad88ca44eadaa6287761?s=96&d=mm&r=g\",\"contentUrl\":\"https:\/\/secure.gravatar.com\/avatar\/fe73597d3286e48e5f95eb7e1bd97ea091a03336686cad88ca44eadaa6287761?s=96&d=mm&r=g\",\"caption\":\"Make Do\"},\"sameAs\":[\"https:\/\/makedo.net\"],\"url\":\"https:\/\/legacy.colt.net\/fr\/resources\/author\/makedo\/\"}]}<\/script>\n<!-- \/ Yoast SEO plugin. -->","yoast_head_json":{"title":"Colt pr\u00e9voit des \u00e9conomies d\u2019\u00e9nergie \u00e0 l\u2019ann\u00e9e d\u2019un montant de 300 millions d'euros pour le march\u00e9 europ\u00e9en du data centre - Colt Technology Services","description":"Colt pr\u00e9voit des \u00e9conomies d\u2019\u00e9nergie \u00e0 l\u2019ann\u00e9e d\u2019un montant de 300 millions d'euros pour le march\u00e9 europ\u00e9en du data centre Colt Technology Services","robots":{"index":"noindex","follow":"follow","max-snippet":"max-snippet:-1","max-image-preview":"max-image-preview:large","max-video-preview":"max-video-preview:-1"},"og_locale":"fr_FR","og_type":"article","og_title":"Colt pr\u00e9voit des \u00e9conomies d\u2019\u00e9nergie \u00e0 l\u2019ann\u00e9e d\u2019un montant de 300 millions d'euros pour le march\u00e9 europ\u00e9en du data centre - Colt Technology Services","og_description":"Colt pr\u00e9voit des \u00e9conomies d\u2019\u00e9nergie \u00e0 l\u2019ann\u00e9e d\u2019un montant de 300 millions d'euros pour le march\u00e9 europ\u00e9en du data centre Colt Technology Services","og_url":"https:\/\/legacy.colt.net\/fr\/resources\/colt-prevoit-des-economies-denergie-a-lannee-dun-montant-de-300-millions-deuros-pour-le-marche-europeen-du-data-centre\/","og_site_name":"Colt Technology Services","article_publisher":"https:\/\/www.facebook.com\/ColtTechnologyServices\/","article_published_time":"2013-06-11T23:00:00+00:00","og_image":[{"width":1000,"height":644,"url":"https:\/\/legacy.colt.net\/wp-content\/uploads\/2021\/01\/Brand-2021-Stock-37.jpg","type":"image\/jpeg"}],"author":"Make Do","twitter_card":"summary_large_image","twitter_creator":"@colt_technology","twitter_site":"@colt_technology","twitter_misc":{"Written by":"Make Do","Est. reading time":"6 minutes"},"schema":{"@context":"https:\/\/schema.org","@graph":[{"@type":"Article","@id":"https:\/\/legacy.colt.net\/fr\/resources\/colt-prevoit-des-economies-denergie-a-lannee-dun-montant-de-300-millions-deuros-pour-le-marche-europeen-du-data-centre\/#article","isPartOf":{"@id":"https:\/\/legacy.colt.net\/fr\/resources\/colt-prevoit-des-economies-denergie-a-lannee-dun-montant-de-300-millions-deuros-pour-le-marche-europeen-du-data-centre\/"},"author":{"name":"Make Do","@id":"https:\/\/legacy.colt.net\/#\/schema\/person\/71cb803a99c6757c1c6940a6f0683e57"},"headline":"Colt pr\u00e9voit des \u00e9conomies d\u2019\u00e9nergie \u00e0 l\u2019ann\u00e9e d\u2019un montant de 300 millions d&#8217;euros pour le march\u00e9 europ\u00e9en du data centre","datePublished":"2013-06-11T23:00:00+00:00","mainEntityOfPage":{"@id":"https:\/\/legacy.colt.net\/fr\/resources\/colt-prevoit-des-economies-denergie-a-lannee-dun-montant-de-300-millions-deuros-pour-le-marche-europeen-du-data-centre\/"},"wordCount":1288,"publisher":{"@id":"https:\/\/legacy.colt.net\/#organization"},"inLanguage":"fr-FR"},{"@type":"WebPage","@id":"https:\/\/legacy.colt.net\/fr\/resources\/colt-prevoit-des-economies-denergie-a-lannee-dun-montant-de-300-millions-deuros-pour-le-marche-europeen-du-data-centre\/","url":"https:\/\/legacy.colt.net\/fr\/resources\/colt-prevoit-des-economies-denergie-a-lannee-dun-montant-de-300-millions-deuros-pour-le-marche-europeen-du-data-centre\/","name":"Colt pr\u00e9voit des \u00e9conomies d\u2019\u00e9nergie \u00e0 l\u2019ann\u00e9e d\u2019un montant de 300 millions d'euros pour le march\u00e9 europ\u00e9en du data centre - Colt Technology Services","isPartOf":{"@id":"https:\/\/legacy.colt.net\/#website"},"datePublished":"2013-06-11T23:00:00+00:00","description":"Colt pr\u00e9voit des \u00e9conomies d\u2019\u00e9nergie \u00e0 l\u2019ann\u00e9e d\u2019un montant de 300 millions d'euros pour le march\u00e9 europ\u00e9en du data centre Colt Technology Services","breadcrumb":{"@id":"https:\/\/legacy.colt.net\/fr\/resources\/colt-prevoit-des-economies-denergie-a-lannee-dun-montant-de-300-millions-deuros-pour-le-marche-europeen-du-data-centre\/#breadcrumb"},"inLanguage":"fr-FR","potentialAction":[{"@type":"ReadAction","target":["https:\/\/legacy.colt.net\/fr\/resources\/colt-prevoit-des-economies-denergie-a-lannee-dun-montant-de-300-millions-deuros-pour-le-marche-europeen-du-data-centre\/"]}]},{"@type":"BreadcrumbList","@id":"https:\/\/legacy.colt.net\/fr\/resources\/colt-prevoit-des-economies-denergie-a-lannee-dun-montant-de-300-millions-deuros-pour-le-marche-europeen-du-data-centre\/#breadcrumb","itemListElement":[{"@type":"ListItem","position":1,"name":"Home","item":"https:\/\/legacy.colt.net\/fr\/"},{"@type":"ListItem","position":2,"name":"News","item":"https:\/\/legacy.colt.net\/fr\/resources\/type\/news-fr\/"},{"@type":"ListItem","position":3,"name":"Colt pr\u00e9voit des \u00e9conomies d\u2019\u00e9nergie \u00e0 l\u2019ann\u00e9e d\u2019un montant de 300 millions d&#8217;euros pour le march\u00e9 europ\u00e9en du data centre"}]},{"@type":"WebSite","@id":"https:\/\/legacy.colt.net\/#website","url":"https:\/\/legacy.colt.net\/","name":"Colt\u30c6\u30af\u30ce\u30ed\u30b8\u30fc\u30b5\u30fc\u30d3\u30b9\u682a\u5f0f\u4f1a\u793e","description":"Managed Network &amp; Voice Services Provider","publisher":{"@id":"https:\/\/legacy.colt.net\/#organization"},"potentialAction":[{"@type":"SearchAction","target":{"@type":"EntryPoint","urlTemplate":"https:\/\/legacy.colt.net\/?s={search_term_string}"},"query-input":{"@type":"PropertyValueSpecification","valueRequired":true,"valueName":"search_term_string"}}],"inLanguage":"fr-FR"},{"@type":"Organization","@id":"https:\/\/legacy.colt.net\/#organization","name":"Colt Technology Services","url":"https:\/\/legacy.colt.net\/","logo":{"@type":"ImageObject","inLanguage":"fr-FR","@id":"https:\/\/legacy.colt.net\/#\/schema\/logo\/image\/","url":"https:\/\/legacy.colt.net\/wp-content\/uploads\/2019\/02\/Colt-Logo.png","contentUrl":"https:\/\/legacy.colt.net\/wp-content\/uploads\/2019\/02\/Colt-Logo.png","width":195,"height":77,"caption":"Colt Technology Services"},"image":{"@id":"https:\/\/legacy.colt.net\/#\/schema\/logo\/image\/"},"sameAs":["https:\/\/www.facebook.com\/ColtTechnologyServices\/","https:\/\/x.com\/colt_technology","https:\/\/www.instagram.com\/colttechnologyservices\/","https:\/\/www.linkedin.com\/company\/colt-technology-services","https:\/\/www.youtube.com\/user\/ColtTechnology"]},{"@type":"Person","@id":"https:\/\/legacy.colt.net\/#\/schema\/person\/71cb803a99c6757c1c6940a6f0683e57","name":"Make Do","image":{"@type":"ImageObject","inLanguage":"fr-FR","@id":"https:\/\/legacy.colt.net\/#\/schema\/person\/image\/","url":"https:\/\/secure.gravatar.com\/avatar\/fe73597d3286e48e5f95eb7e1bd97ea091a03336686cad88ca44eadaa6287761?s=96&d=mm&r=g","contentUrl":"https:\/\/secure.gravatar.com\/avatar\/fe73597d3286e48e5f95eb7e1bd97ea091a03336686cad88ca44eadaa6287761?s=96&d=mm&r=g","caption":"Make Do"},"sameAs":["https:\/\/makedo.net"],"url":"https:\/\/legacy.colt.net\/fr\/resources\/author\/makedo\/"}]}},"_links":{"self":[{"href":"https:\/\/legacy.colt.net\/fr\/wp-json\/wp\/v2\/posts\/43876","targetHints":{"allow":["GET"]}}],"collection":[{"href":"https:\/\/legacy.colt.net\/fr\/wp-json\/wp\/v2\/posts"}],"about":[{"href":"https:\/\/legacy.colt.net\/fr\/wp-json\/wp\/v2\/types\/post"}],"author":[{"embeddable":true,"href":"https:\/\/legacy.colt.net\/fr\/wp-json\/wp\/v2\/users\/112"}],"replies":[{"embeddable":true,"href":"https:\/\/legacy.colt.net\/fr\/wp-json\/wp\/v2\/comments?post=43876"}],"version-history":[{"count":0,"href":"https:\/\/legacy.colt.net\/fr\/wp-json\/wp\/v2\/posts\/43876\/revisions"}],"wp:attachment":[{"href":"https:\/\/legacy.colt.net\/fr\/wp-json\/wp\/v2\/media?parent=43876"}],"wp:term":[{"taxonomy":"colt_type","embeddable":true,"href":"https:\/\/legacy.colt.net\/fr\/wp-json\/wp\/v2\/colt_type?post=43876"},{"taxonomy":"colt_ind","embeddable":true,"href":"https:\/\/legacy.colt.net\/fr\/wp-json\/wp\/v2\/colt_ind?post=43876"},{"taxonomy":"colt_products","embeddable":true,"href":"https:\/\/legacy.colt.net\/fr\/wp-json\/wp\/v2\/colt_products?post=43876"},{"taxonomy":"colt_solutions","embeddable":true,"href":"https:\/\/legacy.colt.net\/fr\/wp-json\/wp\/v2\/colt_solutions?post=43876"}],"curies":[{"name":"wp","href":"https:\/\/api.w.org\/{rel}","templated":true}]}}