{"id":43817,"date":"2014-08-08T00:00:00","date_gmt":"2014-08-07T23:00:00","guid":{"rendered":"https:\/\/www.colt.net\/resources\/presence-internationale-et-expertise-locale-entretien-avec-falk-weinreich-vice-president-executif-chez-colt\/"},"modified":"2014-08-08T00:00:00","modified_gmt":"2014-08-07T23:00:00","slug":"presence-internationale-et-expertise-locale-entretien-avec-falk-weinreich-vice-president-executif-chez-colt","status":"publish","type":"post","link":"https:\/\/legacy.colt.net\/fr\/resources\/presence-internationale-et-expertise-locale-entretien-avec-falk-weinreich-vice-president-executif-chez-colt\/","title":{"rendered":"\u00ab Pr\u00e9sence internationale et expertise locale \u00bb &#8211; Entretien avec Falk Weinreich, Vice-pr\u00e9sident ex\u00e9cutif chez Colt"},"content":{"rendered":"<p>Vice-pr\u00e9sident ex\u00e9cutif de Colt Communication Services, Falk Weinreich est responsable de la strat\u00e9gie de la division Ventes indirectes de Colt, qui commercialise des services de transactions sous forme de franchise Colt ou en marque blanche. Pr\u00e9sent dans l&#8217;entreprise depuis 1996, il a exerc\u00e9 diverses fonctions de direction au sein de la division Ventes et Marketing.<\/p>\n<p>\u00ab Pr\u00e9sence internationale et expertise locale \u00bb &#8211; Entretien avec Falk Weinreich, Vice-pr\u00e9sident ex\u00e9cutif chez Colt<\/p>\n<p>Engage : M. Weinreich, pour quelles raisons les PME devraient-elles choisir un fournisseur de services comme Colt ?<\/p>\n<p>Falk Weinreich : Fondamentalement, l\u2019offre de Colt repose sur une plateforme d&#8217;\u00e9changes d&#8217;informations. Pr\u00e9sents \u00e0 l&#8217;international, nous poss\u00e9dons un r\u00e9seau couvrant 22 pays europ\u00e9ens et 20 data centres et nous proposons un portefeuille complet de services IT, r\u00e9seau, voix et data centre appuy\u00e9 par une expertise locale. Nous sommes ainsi en mesure d&#8217;offrir une solution adapt\u00e9e \u00e0 chaque PME, ce qu&#8217;aucun autre fournisseur de services ne propose.<\/p>\n<p>Engage : Pourquoi cela est-ce si important pour les PME ?<\/p>\n<p>Un grand nombre de PME, notamment en Allemagne, sont pr\u00e9sentes sur le march\u00e9 international. Elles recherchent n\u00e9anmoins un partenaire de confiance avec des contacts locaux, une pr\u00e9sence financi\u00e8re dans le pays vis\u00e9 et capable de garantir un h\u00e9bergement local des donn\u00e9es. Nous offrons ce service dans toute l&#8217;Europe via un fournisseur unique. Quelle que soit leur implantation, nos clients b\u00e9n\u00e9ficient de la m\u00eame solution, offerte par un seul fournisseur de services, avec un engagement de qualit\u00e9 de service et un point de contact uniques. Cela est rendu possible gr\u00e2ce \u00e0 notre pr\u00e9sence \u00e0 l&#8217;\u00e9chelle pan-europ\u00e9enne, renforc\u00e9e par nos \u00e9quipes de professionnels et leur connaissance et leur expertise approfondies du march\u00e9 local. D&#8217;autres fournisseurs internationaux proposent une offre similaire, mais celle-ci est r\u00e9serv\u00e9e aux entreprises du Fortune 500.<\/p>\n<p>Engage : Dans un tel contexte, quel r\u00f4le joue le r\u00e9seau de distribution ?<\/p>\n<p>Falk Weinreich : Le r\u00e9seau de distribution joue un r\u00f4le d\u00e9terminant dans l&#8217;offre Colt, notamment lorsqu&#8217;il s&#8217;agit de mettre en place des solutions ou d&#8217;accompagner la transformation des infrastructures IT, via le Cloud par exemple. Notre r\u00e9seau de franchises est d&#8217;ailleurs un tr\u00e8s bel exemple de r\u00e9ussite, gr\u00e2ce aux services d&#8217;int\u00e9gration de nos partenaires qui nous permettent d&#8217;offrir aux PME un portefeuille de services encore plus complet. Notre r\u00e9seau de distribution est unique en Europe. J&#8217;ai la conviction que notre approche sera bient\u00f4t adopt\u00e9e par la concurrence, ce qui serait source d\u2019une grande fiert\u00e9 pour nous.<\/p>\n<p>Engage : Vous occupez votre nouveau poste depuis environ six mois. Que pensez-vous du positionnement de Colt sur le march\u00e9, et o\u00f9 voyez-vous l&#8217;entreprise dans cinq ans ?<\/p>\n<p>Falk Weinreich : 2014 est une ann\u00e9e d\u00e9terminante pour Colt, notamment en termes de ventes indirectes. Colt occupe une place de choix sur le march\u00e9 et se d\u00e9marque de ses concurrents par son r\u00e9seau \u00e9tendu de distribution \u00e0 la fois directe et indirecte. Nous mettrons tout en \u0153uvre pour p\u00e9renniser cet avantage. Dans cinq ans, Colt continuera de proposer une offre toujours plus riche et vari\u00e9e avec une qualit\u00e9 de service et un r\u00e9seau de partenaires de distribution uniques.<\/p>\n<p>Merci de nous avoir accord\u00e9 cet entretien<\/p>\n","protected":false},"excerpt":{"rendered":"<p>Vice-pr\u00e9sident ex\u00e9cutif de Colt Communication Services, Falk Weinreich est responsable de la strat\u00e9gie de la division Ventes indirectes de Colt, qui commercialise des services de transactions sous forme de franchise Colt ou en marque blanche. Pr\u00e9sent dans l&#8217;entreprise depuis 1996, il a exerc\u00e9 diverses fonctions de direction au sein de la division Ventes et Marketing.<\/p>\n","protected":false},"author":112,"featured_media":40714,"comment_status":"closed","ping_status":"closed","sticky":false,"template":"","format":"standard","meta":{"_acf_changed":false,"footnotes":""},"colt_type":[1487],"colt_ind":[],"colt_products":[],"colt_solutions":[],"class_list":["post-43817","post","type-post","status-publish","format-standard","has-post-thumbnail","hentry","colt_type-blog-fr"],"acf":[],"yoast_head":"<!-- This site is optimized with the Yoast SEO plugin v26.8 - https:\/\/yoast.com\/product\/yoast-seo-wordpress\/ -->\n<title>\u00ab Pr\u00e9sence internationale et expertise locale \u00bb - Entretien avec Falk Weinreich, Vice-pr\u00e9sident ex\u00e9cutif chez Colt - Colt Technology Services<\/title>\n<meta name=\"description\" content=\"\u00ab Pr\u00e9sence internationale et expertise locale \u00bb - Entretien avec Falk Weinreich, Vice-pr\u00e9sident ex\u00e9cutif chez Colt Colt Technology Services\" \/>\n<meta name=\"robots\" content=\"noindex, follow, max-snippet:-1, max-image-preview:large, max-video-preview:-1\" \/>\n<meta property=\"og:locale\" content=\"fr_FR\" \/>\n<meta property=\"og:type\" content=\"article\" \/>\n<meta property=\"og:title\" content=\"\u00ab Pr\u00e9sence internationale et expertise locale \u00bb - Entretien avec Falk Weinreich, Vice-pr\u00e9sident ex\u00e9cutif chez Colt - Colt Technology Services\" \/>\n<meta property=\"og:description\" content=\"\u00ab Pr\u00e9sence internationale et expertise locale \u00bb - Entretien avec Falk Weinreich, Vice-pr\u00e9sident ex\u00e9cutif chez Colt Colt Technology Services\" \/>\n<meta property=\"og:url\" content=\"https:\/\/legacy.colt.net\/fr\/resources\/presence-internationale-et-expertise-locale-entretien-avec-falk-weinreich-vice-president-executif-chez-colt\/\" \/>\n<meta property=\"og:site_name\" content=\"Colt Technology Services\" \/>\n<meta property=\"article:publisher\" content=\"https:\/\/www.facebook.com\/ColtTechnologyServices\/\" \/>\n<meta property=\"article:published_time\" content=\"2014-08-07T23:00:00+00:00\" \/>\n<meta property=\"og:image\" content=\"https:\/\/legacy.colt.net\/wp-content\/uploads\/2019\/03\/customer-architect-ipad.jpg\" \/>\n\t<meta property=\"og:image:width\" content=\"718\" \/>\n\t<meta property=\"og:image:height\" content=\"360\" \/>\n\t<meta property=\"og:image:type\" content=\"image\/jpeg\" \/>\n<meta name=\"author\" content=\"Make Do\" \/>\n<meta name=\"twitter:card\" content=\"summary_large_image\" \/>\n<meta name=\"twitter:image\" content=\"https:\/\/legacy.colt.net\/wp-content\/uploads\/2019\/03\/customer-architect-ipad.jpg\" \/>\n<meta name=\"twitter:creator\" content=\"@colt_technology\" \/>\n<meta name=\"twitter:site\" content=\"@colt_technology\" \/>\n<meta name=\"twitter:label1\" content=\"Written by\" \/>\n\t<meta name=\"twitter:data1\" content=\"Make Do\" \/>\n\t<meta name=\"twitter:label2\" content=\"Est. reading time\" \/>\n\t<meta name=\"twitter:data2\" content=\"3 minutes\" \/>\n<script type=\"application\/ld+json\" class=\"yoast-schema-graph\">{\"@context\":\"https:\/\/schema.org\",\"@graph\":[{\"@type\":\"Article\",\"@id\":\"https:\/\/legacy.colt.net\/fr\/resources\/presence-internationale-et-expertise-locale-entretien-avec-falk-weinreich-vice-president-executif-chez-colt\/#article\",\"isPartOf\":{\"@id\":\"https:\/\/legacy.colt.net\/fr\/resources\/presence-internationale-et-expertise-locale-entretien-avec-falk-weinreich-vice-president-executif-chez-colt\/\"},\"author\":{\"name\":\"Make Do\",\"@id\":\"https:\/\/legacy.colt.net\/#\/schema\/person\/71cb803a99c6757c1c6940a6f0683e57\"},\"headline\":\"\u00ab Pr\u00e9sence internationale et expertise locale \u00bb &#8211; Entretien avec Falk Weinreich, Vice-pr\u00e9sident ex\u00e9cutif chez Colt\",\"datePublished\":\"2014-08-07T23:00:00+00:00\",\"mainEntityOfPage\":{\"@id\":\"https:\/\/legacy.colt.net\/fr\/resources\/presence-internationale-et-expertise-locale-entretien-avec-falk-weinreich-vice-president-executif-chez-colt\/\"},\"wordCount\":580,\"publisher\":{\"@id\":\"https:\/\/legacy.colt.net\/#organization\"},\"image\":{\"@id\":\"https:\/\/legacy.colt.net\/fr\/resources\/presence-internationale-et-expertise-locale-entretien-avec-falk-weinreich-vice-president-executif-chez-colt\/#primaryimage\"},\"thumbnailUrl\":\"https:\/\/legacy.colt.net\/wp-content\/uploads\/2019\/03\/customer-architect-ipad.jpg\",\"articleSection\":[\"Nos Clients\"],\"inLanguage\":\"fr-FR\"},{\"@type\":\"WebPage\",\"@id\":\"https:\/\/legacy.colt.net\/fr\/resources\/presence-internationale-et-expertise-locale-entretien-avec-falk-weinreich-vice-president-executif-chez-colt\/\",\"url\":\"https:\/\/legacy.colt.net\/fr\/resources\/presence-internationale-et-expertise-locale-entretien-avec-falk-weinreich-vice-president-executif-chez-colt\/\",\"name\":\"\u00ab Pr\u00e9sence internationale et expertise locale \u00bb - Entretien avec Falk Weinreich, Vice-pr\u00e9sident ex\u00e9cutif chez Colt - Colt Technology Services\",\"isPartOf\":{\"@id\":\"https:\/\/legacy.colt.net\/#website\"},\"primaryImageOfPage\":{\"@id\":\"https:\/\/legacy.colt.net\/fr\/resources\/presence-internationale-et-expertise-locale-entretien-avec-falk-weinreich-vice-president-executif-chez-colt\/#primaryimage\"},\"image\":{\"@id\":\"https:\/\/legacy.colt.net\/fr\/resources\/presence-internationale-et-expertise-locale-entretien-avec-falk-weinreich-vice-president-executif-chez-colt\/#primaryimage\"},\"thumbnailUrl\":\"https:\/\/legacy.colt.net\/wp-content\/uploads\/2019\/03\/customer-architect-ipad.jpg\",\"datePublished\":\"2014-08-07T23:00:00+00:00\",\"description\":\"\u00ab Pr\u00e9sence internationale et expertise locale \u00bb - Entretien avec Falk Weinreich, Vice-pr\u00e9sident ex\u00e9cutif chez Colt Colt Technology Services\",\"breadcrumb\":{\"@id\":\"https:\/\/legacy.colt.net\/fr\/resources\/presence-internationale-et-expertise-locale-entretien-avec-falk-weinreich-vice-president-executif-chez-colt\/#breadcrumb\"},\"inLanguage\":\"fr-FR\",\"potentialAction\":[{\"@type\":\"ReadAction\",\"target\":[\"https:\/\/legacy.colt.net\/fr\/resources\/presence-internationale-et-expertise-locale-entretien-avec-falk-weinreich-vice-president-executif-chez-colt\/\"]}]},{\"@type\":\"ImageObject\",\"inLanguage\":\"fr-FR\",\"@id\":\"https:\/\/legacy.colt.net\/fr\/resources\/presence-internationale-et-expertise-locale-entretien-avec-falk-weinreich-vice-president-executif-chez-colt\/#primaryimage\",\"url\":\"https:\/\/legacy.colt.net\/wp-content\/uploads\/2019\/03\/customer-architect-ipad.jpg\",\"contentUrl\":\"https:\/\/legacy.colt.net\/wp-content\/uploads\/2019\/03\/customer-architect-ipad.jpg\",\"width\":718,\"height\":360},{\"@type\":\"BreadcrumbList\",\"@id\":\"https:\/\/legacy.colt.net\/fr\/resources\/presence-internationale-et-expertise-locale-entretien-avec-falk-weinreich-vice-president-executif-chez-colt\/#breadcrumb\",\"itemListElement\":[{\"@type\":\"ListItem\",\"position\":1,\"name\":\"Home\",\"item\":\"https:\/\/legacy.colt.net\/fr\/\"},{\"@type\":\"ListItem\",\"position\":2,\"name\":\"Blogs\",\"item\":\"https:\/\/legacy.colt.net\/fr\/resources\/type\/blog-fr\/\"},{\"@type\":\"ListItem\",\"position\":3,\"name\":\"\u00ab Pr\u00e9sence internationale et expertise locale \u00bb &#8211; Entretien avec Falk Weinreich, Vice-pr\u00e9sident ex\u00e9cutif chez Colt\"}]},{\"@type\":\"WebSite\",\"@id\":\"https:\/\/legacy.colt.net\/#website\",\"url\":\"https:\/\/legacy.colt.net\/\",\"name\":\"Colt\u30c6\u30af\u30ce\u30ed\u30b8\u30fc\u30b5\u30fc\u30d3\u30b9\u682a\u5f0f\u4f1a\u793e\",\"description\":\"Managed Network &amp; Voice Services Provider\",\"publisher\":{\"@id\":\"https:\/\/legacy.colt.net\/#organization\"},\"potentialAction\":[{\"@type\":\"SearchAction\",\"target\":{\"@type\":\"EntryPoint\",\"urlTemplate\":\"https:\/\/legacy.colt.net\/?s={search_term_string}\"},\"query-input\":{\"@type\":\"PropertyValueSpecification\",\"valueRequired\":true,\"valueName\":\"search_term_string\"}}],\"inLanguage\":\"fr-FR\"},{\"@type\":\"Organization\",\"@id\":\"https:\/\/legacy.colt.net\/#organization\",\"name\":\"Colt Technology Services\",\"url\":\"https:\/\/legacy.colt.net\/\",\"logo\":{\"@type\":\"ImageObject\",\"inLanguage\":\"fr-FR\",\"@id\":\"https:\/\/legacy.colt.net\/#\/schema\/logo\/image\/\",\"url\":\"https:\/\/legacy.colt.net\/wp-content\/uploads\/2019\/02\/Colt-Logo.png\",\"contentUrl\":\"https:\/\/legacy.colt.net\/wp-content\/uploads\/2019\/02\/Colt-Logo.png\",\"width\":195,\"height\":77,\"caption\":\"Colt Technology Services\"},\"image\":{\"@id\":\"https:\/\/legacy.colt.net\/#\/schema\/logo\/image\/\"},\"sameAs\":[\"https:\/\/www.facebook.com\/ColtTechnologyServices\/\",\"https:\/\/x.com\/colt_technology\",\"https:\/\/www.instagram.com\/colttechnologyservices\/\",\"https:\/\/www.linkedin.com\/company\/colt-technology-services\",\"https:\/\/www.youtube.com\/user\/ColtTechnology\"]},{\"@type\":\"Person\",\"@id\":\"https:\/\/legacy.colt.net\/#\/schema\/person\/71cb803a99c6757c1c6940a6f0683e57\",\"name\":\"Make Do\",\"image\":{\"@type\":\"ImageObject\",\"inLanguage\":\"fr-FR\",\"@id\":\"https:\/\/legacy.colt.net\/#\/schema\/person\/image\/\",\"url\":\"https:\/\/secure.gravatar.com\/avatar\/fe73597d3286e48e5f95eb7e1bd97ea091a03336686cad88ca44eadaa6287761?s=96&d=mm&r=g\",\"contentUrl\":\"https:\/\/secure.gravatar.com\/avatar\/fe73597d3286e48e5f95eb7e1bd97ea091a03336686cad88ca44eadaa6287761?s=96&d=mm&r=g\",\"caption\":\"Make Do\"},\"sameAs\":[\"https:\/\/makedo.net\"],\"url\":\"https:\/\/legacy.colt.net\/fr\/resources\/author\/makedo\/\"}]}<\/script>\n<!-- \/ Yoast SEO plugin. -->","yoast_head_json":{"title":"\u00ab Pr\u00e9sence internationale et expertise locale \u00bb - Entretien avec Falk Weinreich, Vice-pr\u00e9sident ex\u00e9cutif chez Colt - Colt Technology Services","description":"\u00ab Pr\u00e9sence internationale et expertise locale \u00bb - Entretien avec Falk Weinreich, Vice-pr\u00e9sident ex\u00e9cutif chez Colt Colt Technology Services","robots":{"index":"noindex","follow":"follow","max-snippet":"max-snippet:-1","max-image-preview":"max-image-preview:large","max-video-preview":"max-video-preview:-1"},"og_locale":"fr_FR","og_type":"article","og_title":"\u00ab Pr\u00e9sence internationale et expertise locale \u00bb - Entretien avec Falk Weinreich, Vice-pr\u00e9sident ex\u00e9cutif chez Colt - Colt Technology Services","og_description":"\u00ab Pr\u00e9sence internationale et expertise locale \u00bb - Entretien avec Falk Weinreich, Vice-pr\u00e9sident ex\u00e9cutif chez Colt Colt Technology Services","og_url":"https:\/\/legacy.colt.net\/fr\/resources\/presence-internationale-et-expertise-locale-entretien-avec-falk-weinreich-vice-president-executif-chez-colt\/","og_site_name":"Colt Technology Services","article_publisher":"https:\/\/www.facebook.com\/ColtTechnologyServices\/","article_published_time":"2014-08-07T23:00:00+00:00","og_image":[{"width":718,"height":360,"url":"https:\/\/legacy.colt.net\/wp-content\/uploads\/2019\/03\/customer-architect-ipad.jpg","type":"image\/jpeg"}],"author":"Make Do","twitter_card":"summary_large_image","twitter_image":"https:\/\/legacy.colt.net\/wp-content\/uploads\/2019\/03\/customer-architect-ipad.jpg","twitter_creator":"@colt_technology","twitter_site":"@colt_technology","twitter_misc":{"Written by":"Make Do","Est. reading time":"3 minutes"},"schema":{"@context":"https:\/\/schema.org","@graph":[{"@type":"Article","@id":"https:\/\/legacy.colt.net\/fr\/resources\/presence-internationale-et-expertise-locale-entretien-avec-falk-weinreich-vice-president-executif-chez-colt\/#article","isPartOf":{"@id":"https:\/\/legacy.colt.net\/fr\/resources\/presence-internationale-et-expertise-locale-entretien-avec-falk-weinreich-vice-president-executif-chez-colt\/"},"author":{"name":"Make Do","@id":"https:\/\/legacy.colt.net\/#\/schema\/person\/71cb803a99c6757c1c6940a6f0683e57"},"headline":"\u00ab Pr\u00e9sence internationale et expertise locale \u00bb &#8211; Entretien avec Falk Weinreich, Vice-pr\u00e9sident ex\u00e9cutif chez Colt","datePublished":"2014-08-07T23:00:00+00:00","mainEntityOfPage":{"@id":"https:\/\/legacy.colt.net\/fr\/resources\/presence-internationale-et-expertise-locale-entretien-avec-falk-weinreich-vice-president-executif-chez-colt\/"},"wordCount":580,"publisher":{"@id":"https:\/\/legacy.colt.net\/#organization"},"image":{"@id":"https:\/\/legacy.colt.net\/fr\/resources\/presence-internationale-et-expertise-locale-entretien-avec-falk-weinreich-vice-president-executif-chez-colt\/#primaryimage"},"thumbnailUrl":"https:\/\/legacy.colt.net\/wp-content\/uploads\/2019\/03\/customer-architect-ipad.jpg","articleSection":["Nos Clients"],"inLanguage":"fr-FR"},{"@type":"WebPage","@id":"https:\/\/legacy.colt.net\/fr\/resources\/presence-internationale-et-expertise-locale-entretien-avec-falk-weinreich-vice-president-executif-chez-colt\/","url":"https:\/\/legacy.colt.net\/fr\/resources\/presence-internationale-et-expertise-locale-entretien-avec-falk-weinreich-vice-president-executif-chez-colt\/","name":"\u00ab Pr\u00e9sence internationale et expertise locale \u00bb - Entretien avec Falk Weinreich, Vice-pr\u00e9sident ex\u00e9cutif chez Colt - Colt Technology Services","isPartOf":{"@id":"https:\/\/legacy.colt.net\/#website"},"primaryImageOfPage":{"@id":"https:\/\/legacy.colt.net\/fr\/resources\/presence-internationale-et-expertise-locale-entretien-avec-falk-weinreich-vice-president-executif-chez-colt\/#primaryimage"},"image":{"@id":"https:\/\/legacy.colt.net\/fr\/resources\/presence-internationale-et-expertise-locale-entretien-avec-falk-weinreich-vice-president-executif-chez-colt\/#primaryimage"},"thumbnailUrl":"https:\/\/legacy.colt.net\/wp-content\/uploads\/2019\/03\/customer-architect-ipad.jpg","datePublished":"2014-08-07T23:00:00+00:00","description":"\u00ab Pr\u00e9sence internationale et expertise locale \u00bb - Entretien avec Falk Weinreich, Vice-pr\u00e9sident ex\u00e9cutif chez Colt Colt Technology Services","breadcrumb":{"@id":"https:\/\/legacy.colt.net\/fr\/resources\/presence-internationale-et-expertise-locale-entretien-avec-falk-weinreich-vice-president-executif-chez-colt\/#breadcrumb"},"inLanguage":"fr-FR","potentialAction":[{"@type":"ReadAction","target":["https:\/\/legacy.colt.net\/fr\/resources\/presence-internationale-et-expertise-locale-entretien-avec-falk-weinreich-vice-president-executif-chez-colt\/"]}]},{"@type":"ImageObject","inLanguage":"fr-FR","@id":"https:\/\/legacy.colt.net\/fr\/resources\/presence-internationale-et-expertise-locale-entretien-avec-falk-weinreich-vice-president-executif-chez-colt\/#primaryimage","url":"https:\/\/legacy.colt.net\/wp-content\/uploads\/2019\/03\/customer-architect-ipad.jpg","contentUrl":"https:\/\/legacy.colt.net\/wp-content\/uploads\/2019\/03\/customer-architect-ipad.jpg","width":718,"height":360},{"@type":"BreadcrumbList","@id":"https:\/\/legacy.colt.net\/fr\/resources\/presence-internationale-et-expertise-locale-entretien-avec-falk-weinreich-vice-president-executif-chez-colt\/#breadcrumb","itemListElement":[{"@type":"ListItem","position":1,"name":"Home","item":"https:\/\/legacy.colt.net\/fr\/"},{"@type":"ListItem","position":2,"name":"Blogs","item":"https:\/\/legacy.colt.net\/fr\/resources\/type\/blog-fr\/"},{"@type":"ListItem","position":3,"name":"\u00ab Pr\u00e9sence internationale et expertise locale \u00bb &#8211; Entretien avec Falk Weinreich, Vice-pr\u00e9sident ex\u00e9cutif chez Colt"}]},{"@type":"WebSite","@id":"https:\/\/legacy.colt.net\/#website","url":"https:\/\/legacy.colt.net\/","name":"Colt\u30c6\u30af\u30ce\u30ed\u30b8\u30fc\u30b5\u30fc\u30d3\u30b9\u682a\u5f0f\u4f1a\u793e","description":"Managed Network &amp; Voice Services Provider","publisher":{"@id":"https:\/\/legacy.colt.net\/#organization"},"potentialAction":[{"@type":"SearchAction","target":{"@type":"EntryPoint","urlTemplate":"https:\/\/legacy.colt.net\/?s={search_term_string}"},"query-input":{"@type":"PropertyValueSpecification","valueRequired":true,"valueName":"search_term_string"}}],"inLanguage":"fr-FR"},{"@type":"Organization","@id":"https:\/\/legacy.colt.net\/#organization","name":"Colt Technology Services","url":"https:\/\/legacy.colt.net\/","logo":{"@type":"ImageObject","inLanguage":"fr-FR","@id":"https:\/\/legacy.colt.net\/#\/schema\/logo\/image\/","url":"https:\/\/legacy.colt.net\/wp-content\/uploads\/2019\/02\/Colt-Logo.png","contentUrl":"https:\/\/legacy.colt.net\/wp-content\/uploads\/2019\/02\/Colt-Logo.png","width":195,"height":77,"caption":"Colt Technology Services"},"image":{"@id":"https:\/\/legacy.colt.net\/#\/schema\/logo\/image\/"},"sameAs":["https:\/\/www.facebook.com\/ColtTechnologyServices\/","https:\/\/x.com\/colt_technology","https:\/\/www.instagram.com\/colttechnologyservices\/","https:\/\/www.linkedin.com\/company\/colt-technology-services","https:\/\/www.youtube.com\/user\/ColtTechnology"]},{"@type":"Person","@id":"https:\/\/legacy.colt.net\/#\/schema\/person\/71cb803a99c6757c1c6940a6f0683e57","name":"Make Do","image":{"@type":"ImageObject","inLanguage":"fr-FR","@id":"https:\/\/legacy.colt.net\/#\/schema\/person\/image\/","url":"https:\/\/secure.gravatar.com\/avatar\/fe73597d3286e48e5f95eb7e1bd97ea091a03336686cad88ca44eadaa6287761?s=96&d=mm&r=g","contentUrl":"https:\/\/secure.gravatar.com\/avatar\/fe73597d3286e48e5f95eb7e1bd97ea091a03336686cad88ca44eadaa6287761?s=96&d=mm&r=g","caption":"Make Do"},"sameAs":["https:\/\/makedo.net"],"url":"https:\/\/legacy.colt.net\/fr\/resources\/author\/makedo\/"}]}},"_links":{"self":[{"href":"https:\/\/legacy.colt.net\/fr\/wp-json\/wp\/v2\/posts\/43817","targetHints":{"allow":["GET"]}}],"collection":[{"href":"https:\/\/legacy.colt.net\/fr\/wp-json\/wp\/v2\/posts"}],"about":[{"href":"https:\/\/legacy.colt.net\/fr\/wp-json\/wp\/v2\/types\/post"}],"author":[{"embeddable":true,"href":"https:\/\/legacy.colt.net\/fr\/wp-json\/wp\/v2\/users\/112"}],"replies":[{"embeddable":true,"href":"https:\/\/legacy.colt.net\/fr\/wp-json\/wp\/v2\/comments?post=43817"}],"version-history":[{"count":0,"href":"https:\/\/legacy.colt.net\/fr\/wp-json\/wp\/v2\/posts\/43817\/revisions"}],"wp:featuredmedia":[{"embeddable":true,"href":"https:\/\/legacy.colt.net\/fr\/wp-json\/wp\/v2\/media\/40714"}],"wp:attachment":[{"href":"https:\/\/legacy.colt.net\/fr\/wp-json\/wp\/v2\/media?parent=43817"}],"wp:term":[{"taxonomy":"colt_type","embeddable":true,"href":"https:\/\/legacy.colt.net\/fr\/wp-json\/wp\/v2\/colt_type?post=43817"},{"taxonomy":"colt_ind","embeddable":true,"href":"https:\/\/legacy.colt.net\/fr\/wp-json\/wp\/v2\/colt_ind?post=43817"},{"taxonomy":"colt_products","embeddable":true,"href":"https:\/\/legacy.colt.net\/fr\/wp-json\/wp\/v2\/colt_products?post=43817"},{"taxonomy":"colt_solutions","embeddable":true,"href":"https:\/\/legacy.colt.net\/fr\/wp-json\/wp\/v2\/colt_solutions?post=43817"}],"curies":[{"name":"wp","href":"https:\/\/api.w.org\/{rel}","templated":true}]}}