{"id":126744,"date":"2023-11-23T16:26:35","date_gmt":"2023-11-23T16:26:35","guid":{"rendered":"https:\/\/www.colt.net\/?p=126744"},"modified":"2023-11-23T16:26:35","modified_gmt":"2023-11-23T16:26:35","slug":"colt-nomme-maher-el-fekih-au-poste-de-country-manager-france","status":"publish","type":"post","link":"https:\/\/legacy.colt.net\/fr\/resources\/colt-nomme-maher-el-fekih-au-poste-de-country-manager-france\/","title":{"rendered":"Colt nomme Maher El Fekih  au poste de Country Manager France"},"content":{"rendered":"<p><strong>Paris, France, le 23 novembre 2023<\/strong> &#8211; <a href=\"https:\/\/legacy.colt.net\/fr\/\">Colt Technology Services (Colt)<\/a>, l&#8217;entreprise d&#8217;infrastructures num\u00e9riques, annonce la nomination de Maher El Fekih au poste de Country Manager France. Maher aura pour mission de mettre en \u0153uvre la strat\u00e9gie de l\u2019entreprise dans l&#8217;Hexagone et de favoriser la croissance de l\u2019activit\u00e9 locale.<\/p>\n<p>Dans le cadre de ses nouvelles fonctions, Maher sera charg\u00e9 de renforcer la pr\u00e9sence de Colt sur le march\u00e9 fran\u00e7ais en insufflant une nouvelle dynamique de l\u2019entreprise en encourageant les synergies entre les \u00e9quipes. Il aura \u00e9galement pour objectif d&#8217;accompagner l\u2019acc\u00e9l\u00e9ration de la transformation num\u00e9rique des organisations et des entreprises pour stimuler la croissance globale du pays.<\/p>\n<p>Maher El Fekih va cumuler ses nouvelles fonctions avec celles de Directeur r\u00e9gional des ventes de Colt pour la France, le Benelux et l&#8217;Europe du Sud. Il supervise la mise en \u0153uvre de la strat\u00e9gie commerciale et la r\u00e9alisation des objectifs de vente r\u00e9gionaux.<\/p>\n<p>Le nouveau Country Manager apporte plus de 20 ans d&#8217;exp\u00e9rience dans le domaine de la vente, des op\u00e9rations commerciales, de la strat\u00e9gie de mise sur le march\u00e9 et du d\u00e9veloppement commercial.<\/p>\n<p>Il est tr\u00e8s engag\u00e9 dans la promotion des questions environnementales, de l&#8217;inclusion et de la diversit\u00e9 et a une compr\u00e9hension approfondie des besoins et des exigences en connectivit\u00e9 \u00e0 tr\u00e8s haut d\u00e9bit des entreprises d&#8217;aujourd&#8217;hui et de demain\u00a0; permettant \u00e0 Colt de transformer la fa\u00e7on dont le monde travaille gr\u00e2ce \u00e0 la puissance de la connectivit\u00e9.<\/p>\n<p><strong>Maher El Fekih, Country Manager France de Colt Technology Services<\/strong>, d\u00e9clare : &#8220;je suis <em>enthousiaste \u00e0 l&#8217;id\u00e9e de diriger la soci\u00e9t\u00e9 en France \u00e0 un moment o\u00f9 la proposition de valeur de Colt en tant qu&#8217;entreprise mondiale d&#8217;infrastructure num\u00e9rique est plus pertinente que jamais. Nous sommes dans une p\u00e9riode o\u00f9 les entreprises et les organisations ont besoin de s&#8217;appuyer sur l&#8217;expertise d&#8217;un grand fournisseur avec une v\u00e9ritable attention. Au cours de ma carri\u00e8re chez Colt, j&#8217;ai pu constituer des \u00e9quipes et r\u00e9aliser des activit\u00e9s avec succ\u00e8s en me concentrant avec passion s<\/em><strong><img loading=\"lazy\" decoding=\"async\" class=\" wp-image-126745 alignright\" src=\"https:\/\/legacy.colt.net\/wp-content\/uploads\/2023\/11\/MEL-Tie-244x300.jpg\" alt=\"\" width=\"210\" height=\"258\" srcset=\"https:\/\/legacy.colt.net\/wp-content\/uploads\/2023\/11\/MEL-Tie-244x300.jpg 244w, https:\/\/legacy.colt.net\/wp-content\/uploads\/2023\/11\/MEL-Tie-834x1024.jpg 834w, https:\/\/legacy.colt.net\/wp-content\/uploads\/2023\/11\/MEL-Tie-768x943.jpg 768w, https:\/\/legacy.colt.net\/wp-content\/uploads\/2023\/11\/MEL-Tie-1250x1536.jpg 1250w, https:\/\/legacy.colt.net\/wp-content\/uploads\/2023\/11\/MEL-Tie-1667x2048.jpg 1667w, https:\/\/legacy.colt.net\/wp-content\/uploads\/2023\/11\/MEL-Tie-326x400.jpg 326w, https:\/\/legacy.colt.net\/wp-content\/uploads\/2023\/11\/MEL-Tie-488x600.jpg 488w\" sizes=\"auto, (max-width: 210px) 100vw, 210px\" \/><\/strong><em>ur nos clients et sur les objectifs qu&#8217;ils souhaitent atteindre. Dans mes nouvelles fonctions, je m&#8217;attacherai \u00e0 favoriser l&#8217;innovati<\/em><em>on, l&#8217;inspiration et la valeur ajout\u00e9e pour nos clients.<\/em>&#8221;<\/p>\n<p>&#8220;<em>Je tiens tout particuli\u00e8rement \u00e0 f\u00e9liciter Maher pour sa nomination.\u00a0 Sa grande exp\u00e9rience commerciale et sa connaissance des clients vont nous permettre de continuer \u00e0 challenger le march\u00e9, \u00e0 tenir les promesses faites \u00e0 nos clients fran\u00e7ais et \u00e0 proposer des solutions \u00e0 la demande \u00e0 haut d\u00e9bit et \u00e0 la pointe de la technologie pour soutenir les transformations num\u00e9riques des entreprises. La connectivit\u00e9 est un \u00e9l\u00e9ment ess<\/em><em>entiel pour les entreprises de toutes tailles et de tous secteurs. Il est donc primordial pour nous de pouvoir compter sur des leaders talentueux et exp\u00e9riment\u00e9s au sein de notre \u00e9quipe<\/em>,&#8221; souligne <strong>Jaya Deshmukh, Chief Strategy Officer et Chief of Staff to the CEO de Colt Technology Services<\/strong>. &#8220;<em>Les collaborateurs d&#8217;une entreprise sont les acteurs cl\u00e9s de sa r\u00e9ussite. Ils concr\u00e9tisent la vision strat\u00e9gique et permettent \u00e0 nos clients de r\u00e9pondre aux exigences d&#8217;un monde en constante \u00e9volution<\/em>.&#8221;<\/p>\n<p>Maher El Fekih travaille chez Colt Technology Services depuis 22 ans. Au cours de sa carri\u00e8re de plus de 25 ans dans le secteur des t\u00e9l\u00e9communications, il a occup\u00e9 de nombreux postes \u00e0 responsabilit\u00e9, notamment en tant que directeur r\u00e9gional des ventes pour les alliances strat\u00e9giques de Colt et directeur de compte mondial.<\/p>\n<p>Maher est titulaire d&#8217;un Master of Science en ing\u00e9nierie \u00e9lectrique et informatique de Supelec (France) et d&#8217;un Executive Certificate en finance et gestion des ventes de HEC Paris &#8211; Executive Education.<\/p>\n<p><strong>\u00c0 propos de Colt Technology Services <\/strong><\/p>\n<p>Colt Technology Services (Colt) est une soci\u00e9t\u00e9 internationale d&#8217;infrastructure num\u00e9rique qui cr\u00e9e des connexions extraordinaires pour aider les entreprises \u00e0 r\u00e9ussir. S&#8217;appuyant sur des collaborateurs hors pair et des partenaires partageant les m\u00eames valeurs, Colt est guid\u00e9 par son objectif : mettre la puissance de l&#8217;univers num\u00e9rique entre les mains de ses clients, o\u00f9 qu&#8217;ils soient, quand ils le souhaitent et de la mani\u00e8re qu&#8217;ils le souhaitent.<\/p>\n<p>Depuis 1992, Colt s&#8217;est distingu\u00e9 par son engagement profond envers ses clients, passant d&#8217;un h\u00e9ritage dans la City de Londres \u00e0 une entreprise internationale couvrant 38 pays, avec plus de 6 000 employ\u00e9s et plus de 80 bureaux \u00e0 travers le monde. Les clients de Colt b\u00e9n\u00e9ficient d&#8217;une infrastructure num\u00e9rique \u00e9tendue connectant 32 000 b\u00e2timents dans 230 villes, plus de 50 r\u00e9seaux m\u00e9tropolitains et 230 points de pr\u00e9sence en Europe, en Asie, au Moyen-Orient, en Afrique et dans les plus grands centres d&#8217;affaires d&#8217;Am\u00e9rique du Nord.<\/p>\n<p>Entreprise priv\u00e9e, Colt est l&#8217;une des soci\u00e9t\u00e9s les plus solides financi\u00e8rement du secteur. Soucieux d&#8217;offrir une exp\u00e9rience client de premier plan, Colt est guid\u00e9 par son engagement en faveur de l&#8217;innovation client, par ses valeurs et par sa responsabilit\u00e9 \u00e0 l&#8217;\u00e9gard de ses clients, de ses partenaires, de ses collaborateurs et de la plan\u00e8te.<\/p>\n<p>Pour plus d&#8217;informations, veuillez consulter le site <a href=\"https:\/\/legacy.colt.net\">legacy.colt.net<\/a><\/p>\n","protected":false},"excerpt":{"rendered":"<p>Paris, France, le 23 novembre 2023 &#8211; Colt Technology Services (Colt), l&#8217;entreprise d&#8217;infrastructures num\u00e9riques, annonce la nomination de Maher El Fekih au poste de Country Manager France. Maher aura pour mission de mettre en \u0153uvre la strat\u00e9gie de l\u2019entreprise dans l&#8217;Hexagone et de favoriser la croissance de l\u2019activit\u00e9 locale. Dans le cadre de ses nouvelles&#8230;<\/p>\n","protected":false},"author":40,"featured_media":126745,"comment_status":"closed","ping_status":"closed","sticky":false,"template":"","format":"standard","meta":{"_acf_changed":false,"footnotes":""},"colt_type":[1671],"colt_ind":[],"colt_products":[1260],"colt_solutions":[1782,1783],"class_list":["post-126744","post","type-post","status-publish","format-standard","has-post-thumbnail","hentry","colt_type-news-fr","colt_products-colt-business-connect-fr","colt_solutions-networking","colt_solutions-optimise-network-infrastructure"],"acf":[],"yoast_head":"<!-- This site is optimized with the Yoast SEO plugin v26.8 - https:\/\/yoast.com\/product\/yoast-seo-wordpress\/ -->\n<title>Colt nomme Maher El Fekih au poste de Country Manager France - Colt Technology Services<\/title>\n<meta name=\"description\" content=\"Colt nomme Maher El Fekih au poste de Country Manager France Colt Technology Services\" \/>\n<meta name=\"robots\" content=\"noindex, follow, max-snippet:-1, max-image-preview:large, max-video-preview:-1\" \/>\n<meta property=\"og:locale\" content=\"fr_FR\" \/>\n<meta property=\"og:type\" content=\"article\" \/>\n<meta property=\"og:title\" content=\"Colt nomme Maher El Fekih au poste de Country Manager France - Colt Technology Services\" \/>\n<meta property=\"og:description\" content=\"Colt nomme Maher El Fekih au poste de Country Manager France Colt Technology Services\" \/>\n<meta property=\"og:url\" content=\"https:\/\/legacy.colt.net\/fr\/resources\/colt-nomme-maher-el-fekih-au-poste-de-country-manager-france\/\" \/>\n<meta property=\"og:site_name\" content=\"Colt Technology Services\" \/>\n<meta property=\"article:publisher\" content=\"https:\/\/www.facebook.com\/ColtTechnologyServices\/\" \/>\n<meta property=\"article:published_time\" content=\"2023-11-23T16:26:35+00:00\" \/>\n<meta property=\"og:image\" content=\"https:\/\/legacy.colt.net\/wp-content\/uploads\/2023\/11\/MEL-Tie-scaled.jpg\" \/>\n\t<meta property=\"og:image:width\" content=\"2084\" \/>\n\t<meta property=\"og:image:height\" content=\"2560\" \/>\n\t<meta property=\"og:image:type\" content=\"image\/jpeg\" \/>\n<meta name=\"author\" content=\"Robert Ba\" \/>\n<meta name=\"twitter:card\" content=\"summary_large_image\" \/>\n<meta name=\"twitter:image\" content=\"https:\/\/legacy.colt.net\/wp-content\/uploads\/2023\/11\/MEL-Tie-scaled.jpg\" \/>\n<meta name=\"twitter:creator\" content=\"@colt_technology\" \/>\n<meta name=\"twitter:site\" content=\"@colt_technology\" \/>\n<meta name=\"twitter:label1\" content=\"Written by\" \/>\n\t<meta name=\"twitter:data1\" content=\"Robert Ba\" \/>\n\t<meta name=\"twitter:label2\" content=\"Est. reading time\" \/>\n\t<meta name=\"twitter:data2\" content=\"4 minutes\" \/>\n<script type=\"application\/ld+json\" class=\"yoast-schema-graph\">{\"@context\":\"https:\/\/schema.org\",\"@graph\":[{\"@type\":\"Article\",\"@id\":\"https:\/\/legacy.colt.net\/fr\/resources\/colt-nomme-maher-el-fekih-au-poste-de-country-manager-france\/#article\",\"isPartOf\":{\"@id\":\"https:\/\/legacy.colt.net\/fr\/resources\/colt-nomme-maher-el-fekih-au-poste-de-country-manager-france\/\"},\"author\":{\"name\":\"Robert Ba\",\"@id\":\"https:\/\/legacy.colt.net\/#\/schema\/person\/b52e42bb2cb7da752a39308bf6dfd29c\"},\"headline\":\"Colt nomme Maher El Fekih au poste de Country Manager France\",\"datePublished\":\"2023-11-23T16:26:35+00:00\",\"mainEntityOfPage\":{\"@id\":\"https:\/\/legacy.colt.net\/fr\/resources\/colt-nomme-maher-el-fekih-au-poste-de-country-manager-france\/\"},\"wordCount\":901,\"publisher\":{\"@id\":\"https:\/\/legacy.colt.net\/#organization\"},\"image\":{\"@id\":\"https:\/\/legacy.colt.net\/fr\/resources\/colt-nomme-maher-el-fekih-au-poste-de-country-manager-france\/#primaryimage\"},\"thumbnailUrl\":\"https:\/\/legacy.colt.net\/wp-content\/uploads\/2023\/11\/MEL-Tie-scaled.jpg\",\"inLanguage\":\"fr-FR\"},{\"@type\":\"WebPage\",\"@id\":\"https:\/\/legacy.colt.net\/fr\/resources\/colt-nomme-maher-el-fekih-au-poste-de-country-manager-france\/\",\"url\":\"https:\/\/legacy.colt.net\/fr\/resources\/colt-nomme-maher-el-fekih-au-poste-de-country-manager-france\/\",\"name\":\"Colt nomme Maher El Fekih au poste de Country Manager France - Colt Technology Services\",\"isPartOf\":{\"@id\":\"https:\/\/legacy.colt.net\/#website\"},\"primaryImageOfPage\":{\"@id\":\"https:\/\/legacy.colt.net\/fr\/resources\/colt-nomme-maher-el-fekih-au-poste-de-country-manager-france\/#primaryimage\"},\"image\":{\"@id\":\"https:\/\/legacy.colt.net\/fr\/resources\/colt-nomme-maher-el-fekih-au-poste-de-country-manager-france\/#primaryimage\"},\"thumbnailUrl\":\"https:\/\/legacy.colt.net\/wp-content\/uploads\/2023\/11\/MEL-Tie-scaled.jpg\",\"datePublished\":\"2023-11-23T16:26:35+00:00\",\"description\":\"Colt nomme Maher El Fekih au poste de Country Manager France Colt Technology Services\",\"breadcrumb\":{\"@id\":\"https:\/\/legacy.colt.net\/fr\/resources\/colt-nomme-maher-el-fekih-au-poste-de-country-manager-france\/#breadcrumb\"},\"inLanguage\":\"fr-FR\",\"potentialAction\":[{\"@type\":\"ReadAction\",\"target\":[\"https:\/\/legacy.colt.net\/fr\/resources\/colt-nomme-maher-el-fekih-au-poste-de-country-manager-france\/\"]}]},{\"@type\":\"ImageObject\",\"inLanguage\":\"fr-FR\",\"@id\":\"https:\/\/legacy.colt.net\/fr\/resources\/colt-nomme-maher-el-fekih-au-poste-de-country-manager-france\/#primaryimage\",\"url\":\"https:\/\/legacy.colt.net\/wp-content\/uploads\/2023\/11\/MEL-Tie-scaled.jpg\",\"contentUrl\":\"https:\/\/legacy.colt.net\/wp-content\/uploads\/2023\/11\/MEL-Tie-scaled.jpg\",\"width\":2084,\"height\":2560},{\"@type\":\"BreadcrumbList\",\"@id\":\"https:\/\/legacy.colt.net\/fr\/resources\/colt-nomme-maher-el-fekih-au-poste-de-country-manager-france\/#breadcrumb\",\"itemListElement\":[{\"@type\":\"ListItem\",\"position\":1,\"name\":\"Home\",\"item\":\"https:\/\/legacy.colt.net\/fr\/\"},{\"@type\":\"ListItem\",\"position\":2,\"name\":\"News\",\"item\":\"https:\/\/legacy.colt.net\/fr\/resources\/type\/news-fr\/\"},{\"@type\":\"ListItem\",\"position\":3,\"name\":\"Colt nomme Maher El Fekih au poste de Country Manager France\"}]},{\"@type\":\"WebSite\",\"@id\":\"https:\/\/legacy.colt.net\/#website\",\"url\":\"https:\/\/legacy.colt.net\/\",\"name\":\"Colt\u30c6\u30af\u30ce\u30ed\u30b8\u30fc\u30b5\u30fc\u30d3\u30b9\u682a\u5f0f\u4f1a\u793e\",\"description\":\"Managed Network &amp; Voice Services Provider\",\"publisher\":{\"@id\":\"https:\/\/legacy.colt.net\/#organization\"},\"potentialAction\":[{\"@type\":\"SearchAction\",\"target\":{\"@type\":\"EntryPoint\",\"urlTemplate\":\"https:\/\/legacy.colt.net\/?s={search_term_string}\"},\"query-input\":{\"@type\":\"PropertyValueSpecification\",\"valueRequired\":true,\"valueName\":\"search_term_string\"}}],\"inLanguage\":\"fr-FR\"},{\"@type\":\"Organization\",\"@id\":\"https:\/\/legacy.colt.net\/#organization\",\"name\":\"Colt Technology Services\",\"url\":\"https:\/\/legacy.colt.net\/\",\"logo\":{\"@type\":\"ImageObject\",\"inLanguage\":\"fr-FR\",\"@id\":\"https:\/\/legacy.colt.net\/#\/schema\/logo\/image\/\",\"url\":\"https:\/\/legacy.colt.net\/wp-content\/uploads\/2019\/02\/Colt-Logo.png\",\"contentUrl\":\"https:\/\/legacy.colt.net\/wp-content\/uploads\/2019\/02\/Colt-Logo.png\",\"width\":195,\"height\":77,\"caption\":\"Colt Technology Services\"},\"image\":{\"@id\":\"https:\/\/legacy.colt.net\/#\/schema\/logo\/image\/\"},\"sameAs\":[\"https:\/\/www.facebook.com\/ColtTechnologyServices\/\",\"https:\/\/x.com\/colt_technology\",\"https:\/\/www.instagram.com\/colttechnologyservices\/\",\"https:\/\/www.linkedin.com\/company\/colt-technology-services\",\"https:\/\/www.youtube.com\/user\/ColtTechnology\"]},{\"@type\":\"Person\",\"@id\":\"https:\/\/legacy.colt.net\/#\/schema\/person\/b52e42bb2cb7da752a39308bf6dfd29c\",\"name\":\"Robert Ba\",\"image\":{\"@type\":\"ImageObject\",\"inLanguage\":\"fr-FR\",\"@id\":\"https:\/\/legacy.colt.net\/#\/schema\/person\/image\/\",\"url\":\"https:\/\/secure.gravatar.com\/avatar\/ec258f338241acab715f7f4666b716a74823ba6b4ec18774d9d5af0cc27545bd?s=96&d=mm&r=g\",\"contentUrl\":\"https:\/\/secure.gravatar.com\/avatar\/ec258f338241acab715f7f4666b716a74823ba6b4ec18774d9d5af0cc27545bd?s=96&d=mm&r=g\",\"caption\":\"Robert Ba\"},\"description\":\"Colt provide world class network and voice connectivity to businesses in Europe, Asia and the US.\",\"url\":\"https:\/\/legacy.colt.net\/fr\/resources\/author\/robertba\/\"}]}<\/script>\n<!-- \/ Yoast SEO plugin. -->","yoast_head_json":{"title":"Colt nomme Maher El Fekih au poste de Country Manager France - Colt Technology Services","description":"Colt nomme Maher El Fekih au poste de Country Manager France Colt Technology Services","robots":{"index":"noindex","follow":"follow","max-snippet":"max-snippet:-1","max-image-preview":"max-image-preview:large","max-video-preview":"max-video-preview:-1"},"og_locale":"fr_FR","og_type":"article","og_title":"Colt nomme Maher El Fekih au poste de Country Manager France - Colt Technology Services","og_description":"Colt nomme Maher El Fekih au poste de Country Manager France Colt Technology Services","og_url":"https:\/\/legacy.colt.net\/fr\/resources\/colt-nomme-maher-el-fekih-au-poste-de-country-manager-france\/","og_site_name":"Colt Technology Services","article_publisher":"https:\/\/www.facebook.com\/ColtTechnologyServices\/","article_published_time":"2023-11-23T16:26:35+00:00","og_image":[{"width":2084,"height":2560,"url":"https:\/\/legacy.colt.net\/wp-content\/uploads\/2023\/11\/MEL-Tie-scaled.jpg","type":"image\/jpeg"}],"author":"Robert Ba","twitter_card":"summary_large_image","twitter_image":"https:\/\/legacy.colt.net\/wp-content\/uploads\/2023\/11\/MEL-Tie-scaled.jpg","twitter_creator":"@colt_technology","twitter_site":"@colt_technology","twitter_misc":{"Written by":"Robert Ba","Est. reading time":"4 minutes"},"schema":{"@context":"https:\/\/schema.org","@graph":[{"@type":"Article","@id":"https:\/\/legacy.colt.net\/fr\/resources\/colt-nomme-maher-el-fekih-au-poste-de-country-manager-france\/#article","isPartOf":{"@id":"https:\/\/legacy.colt.net\/fr\/resources\/colt-nomme-maher-el-fekih-au-poste-de-country-manager-france\/"},"author":{"name":"Robert Ba","@id":"https:\/\/legacy.colt.net\/#\/schema\/person\/b52e42bb2cb7da752a39308bf6dfd29c"},"headline":"Colt nomme Maher El Fekih au poste de Country Manager France","datePublished":"2023-11-23T16:26:35+00:00","mainEntityOfPage":{"@id":"https:\/\/legacy.colt.net\/fr\/resources\/colt-nomme-maher-el-fekih-au-poste-de-country-manager-france\/"},"wordCount":901,"publisher":{"@id":"https:\/\/legacy.colt.net\/#organization"},"image":{"@id":"https:\/\/legacy.colt.net\/fr\/resources\/colt-nomme-maher-el-fekih-au-poste-de-country-manager-france\/#primaryimage"},"thumbnailUrl":"https:\/\/legacy.colt.net\/wp-content\/uploads\/2023\/11\/MEL-Tie-scaled.jpg","inLanguage":"fr-FR"},{"@type":"WebPage","@id":"https:\/\/legacy.colt.net\/fr\/resources\/colt-nomme-maher-el-fekih-au-poste-de-country-manager-france\/","url":"https:\/\/legacy.colt.net\/fr\/resources\/colt-nomme-maher-el-fekih-au-poste-de-country-manager-france\/","name":"Colt nomme Maher El Fekih au poste de Country Manager France - Colt Technology Services","isPartOf":{"@id":"https:\/\/legacy.colt.net\/#website"},"primaryImageOfPage":{"@id":"https:\/\/legacy.colt.net\/fr\/resources\/colt-nomme-maher-el-fekih-au-poste-de-country-manager-france\/#primaryimage"},"image":{"@id":"https:\/\/legacy.colt.net\/fr\/resources\/colt-nomme-maher-el-fekih-au-poste-de-country-manager-france\/#primaryimage"},"thumbnailUrl":"https:\/\/legacy.colt.net\/wp-content\/uploads\/2023\/11\/MEL-Tie-scaled.jpg","datePublished":"2023-11-23T16:26:35+00:00","description":"Colt nomme Maher El Fekih au poste de Country Manager France Colt Technology Services","breadcrumb":{"@id":"https:\/\/legacy.colt.net\/fr\/resources\/colt-nomme-maher-el-fekih-au-poste-de-country-manager-france\/#breadcrumb"},"inLanguage":"fr-FR","potentialAction":[{"@type":"ReadAction","target":["https:\/\/legacy.colt.net\/fr\/resources\/colt-nomme-maher-el-fekih-au-poste-de-country-manager-france\/"]}]},{"@type":"ImageObject","inLanguage":"fr-FR","@id":"https:\/\/legacy.colt.net\/fr\/resources\/colt-nomme-maher-el-fekih-au-poste-de-country-manager-france\/#primaryimage","url":"https:\/\/legacy.colt.net\/wp-content\/uploads\/2023\/11\/MEL-Tie-scaled.jpg","contentUrl":"https:\/\/legacy.colt.net\/wp-content\/uploads\/2023\/11\/MEL-Tie-scaled.jpg","width":2084,"height":2560},{"@type":"BreadcrumbList","@id":"https:\/\/legacy.colt.net\/fr\/resources\/colt-nomme-maher-el-fekih-au-poste-de-country-manager-france\/#breadcrumb","itemListElement":[{"@type":"ListItem","position":1,"name":"Home","item":"https:\/\/legacy.colt.net\/fr\/"},{"@type":"ListItem","position":2,"name":"News","item":"https:\/\/legacy.colt.net\/fr\/resources\/type\/news-fr\/"},{"@type":"ListItem","position":3,"name":"Colt nomme Maher El Fekih au poste de Country Manager France"}]},{"@type":"WebSite","@id":"https:\/\/legacy.colt.net\/#website","url":"https:\/\/legacy.colt.net\/","name":"Colt\u30c6\u30af\u30ce\u30ed\u30b8\u30fc\u30b5\u30fc\u30d3\u30b9\u682a\u5f0f\u4f1a\u793e","description":"Managed Network &amp; Voice Services Provider","publisher":{"@id":"https:\/\/legacy.colt.net\/#organization"},"potentialAction":[{"@type":"SearchAction","target":{"@type":"EntryPoint","urlTemplate":"https:\/\/legacy.colt.net\/?s={search_term_string}"},"query-input":{"@type":"PropertyValueSpecification","valueRequired":true,"valueName":"search_term_string"}}],"inLanguage":"fr-FR"},{"@type":"Organization","@id":"https:\/\/legacy.colt.net\/#organization","name":"Colt Technology Services","url":"https:\/\/legacy.colt.net\/","logo":{"@type":"ImageObject","inLanguage":"fr-FR","@id":"https:\/\/legacy.colt.net\/#\/schema\/logo\/image\/","url":"https:\/\/legacy.colt.net\/wp-content\/uploads\/2019\/02\/Colt-Logo.png","contentUrl":"https:\/\/legacy.colt.net\/wp-content\/uploads\/2019\/02\/Colt-Logo.png","width":195,"height":77,"caption":"Colt Technology Services"},"image":{"@id":"https:\/\/legacy.colt.net\/#\/schema\/logo\/image\/"},"sameAs":["https:\/\/www.facebook.com\/ColtTechnologyServices\/","https:\/\/x.com\/colt_technology","https:\/\/www.instagram.com\/colttechnologyservices\/","https:\/\/www.linkedin.com\/company\/colt-technology-services","https:\/\/www.youtube.com\/user\/ColtTechnology"]},{"@type":"Person","@id":"https:\/\/legacy.colt.net\/#\/schema\/person\/b52e42bb2cb7da752a39308bf6dfd29c","name":"Robert Ba","image":{"@type":"ImageObject","inLanguage":"fr-FR","@id":"https:\/\/legacy.colt.net\/#\/schema\/person\/image\/","url":"https:\/\/secure.gravatar.com\/avatar\/ec258f338241acab715f7f4666b716a74823ba6b4ec18774d9d5af0cc27545bd?s=96&d=mm&r=g","contentUrl":"https:\/\/secure.gravatar.com\/avatar\/ec258f338241acab715f7f4666b716a74823ba6b4ec18774d9d5af0cc27545bd?s=96&d=mm&r=g","caption":"Robert Ba"},"description":"Colt provide world class network and voice connectivity to businesses in Europe, Asia and the US.","url":"https:\/\/legacy.colt.net\/fr\/resources\/author\/robertba\/"}]}},"_links":{"self":[{"href":"https:\/\/legacy.colt.net\/fr\/wp-json\/wp\/v2\/posts\/126744","targetHints":{"allow":["GET"]}}],"collection":[{"href":"https:\/\/legacy.colt.net\/fr\/wp-json\/wp\/v2\/posts"}],"about":[{"href":"https:\/\/legacy.colt.net\/fr\/wp-json\/wp\/v2\/types\/post"}],"author":[{"embeddable":true,"href":"https:\/\/legacy.colt.net\/fr\/wp-json\/wp\/v2\/users\/40"}],"replies":[{"embeddable":true,"href":"https:\/\/legacy.colt.net\/fr\/wp-json\/wp\/v2\/comments?post=126744"}],"version-history":[{"count":0,"href":"https:\/\/legacy.colt.net\/fr\/wp-json\/wp\/v2\/posts\/126744\/revisions"}],"wp:featuredmedia":[{"embeddable":true,"href":"https:\/\/legacy.colt.net\/fr\/wp-json\/wp\/v2\/media\/126745"}],"wp:attachment":[{"href":"https:\/\/legacy.colt.net\/fr\/wp-json\/wp\/v2\/media?parent=126744"}],"wp:term":[{"taxonomy":"colt_type","embeddable":true,"href":"https:\/\/legacy.colt.net\/fr\/wp-json\/wp\/v2\/colt_type?post=126744"},{"taxonomy":"colt_ind","embeddable":true,"href":"https:\/\/legacy.colt.net\/fr\/wp-json\/wp\/v2\/colt_ind?post=126744"},{"taxonomy":"colt_products","embeddable":true,"href":"https:\/\/legacy.colt.net\/fr\/wp-json\/wp\/v2\/colt_products?post=126744"},{"taxonomy":"colt_solutions","embeddable":true,"href":"https:\/\/legacy.colt.net\/fr\/wp-json\/wp\/v2\/colt_solutions?post=126744"}],"curies":[{"name":"wp","href":"https:\/\/api.w.org\/{rel}","templated":true}]}}