{"id":99369,"date":"2021-06-28T16:03:33","date_gmt":"2021-06-28T15:03:33","guid":{"rendered":"https:\/\/www.colt.net\/?p=99369"},"modified":"2021-06-28T16:03:33","modified_gmt":"2021-06-28T15:03:33","slug":"colt-continua-la-expansion-de-su-red-iq-en-espana-implementando-mejoras-en-el-area-de-valencia-2","status":"publish","type":"post","link":"https:\/\/legacy.colt.net\/es\/resources\/colt-continua-la-expansion-de-su-red-iq-en-espana-implementando-mejoras-en-el-area-de-valencia-2\/","title":{"rendered":"Colt contin\u00faa la expansi\u00f3n de su red IQ en Espa\u00f1a implementando mejoras en el \u00e1rea de Valencia"},"content":{"rendered":"<p><span style=\"font-weight: 400\">Colt ha estado operando su propia red de fibra \u00f3ptica en Espa\u00f1a durante 25 a\u00f1os. En 2018, la compa\u00f1\u00eda triplic\u00f3 su presencia expandi\u00e9ndose a 22 nuevas provincias para potenciar los requisitos de ancho de banda en el pa\u00eds. Conectando estas provincias en Espa\u00f1a, un mayor n\u00famero de organizaciones tuvieron acceso a la s\u00f3lida red <\/span><a href=\"https:\/\/legacy.colt.net\/es\/our-network\/\"><b>Colt IQ Network<\/b><\/a><span style=\"font-weight: 400\">. Esta red se compone de m\u00e1s de 900 data centers y m\u00e1s de 29.000 instalaciones empresariales en 32 pa\u00edses de todo el mundo.<\/span><\/p>\n<p><span style=\"font-weight: 400\">En agosto de 2020, <\/span><b>Valencia pas\u00f3 a formar parte de la red IQ de Colt<\/b><span style=\"font-weight: 400\">, con un Star site en el nodo de la calle Espinosa, que da cobertura a la mayor parte de la ciudad.<\/span><\/p>\n<p><span style=\"font-weight: 400\">Durante este tiempo, Colt ha implementado nuevas conexiones en el \u00e1rea, con el objetivo de ofrecer una mejor experiencia para los clientes de la zona. Uno de los grandes hitos de la expansi\u00f3n en Valencia ha sido el <\/span><b>proyecto Re-routing \u201cSanta Rita\u201d<\/b><span style=\"font-weight: 400\">, donde se sacaron 8000 metros del trazado inicial por FGV, obteniendo presencia en la poblaci\u00f3n de Paterna, Feria de Muestras y Parque Alb\u00e1n.<\/span><\/p>\n<p><span style=\"font-weight: 400\">Por otro lado, se despleg\u00f3 <\/span><b>el CSC-22 (6800 m.), dando doble camino a la base log\u00edstica de la ONU<\/b><span style=\"font-weight: 400\">. A su paso se conect\u00f3 el CC Bonaire, donde ya hab\u00eda demanda de servicios. El recorrido del CSC-22 bordea el Pol\u00edgono Industrial 2000, pasa por la zona Industrial de Quart de Poblet y nos acerca al aeropuerto de Manises.<\/span><\/p>\n<p><span style=\"font-weight: 400\">Otros de los proyectos llevados a cabo durante la expansi\u00f3n de la red fueron la <\/span><b>conexi\u00f3n del Pabell\u00f3n deportivo Fuente San Luis<\/b><span style=\"font-weight: 400\"> (a 1500 m), la <\/span><b>conexi\u00f3n del circuito de velocidad Ricardo Tormo en Cheste<\/b><span style=\"font-weight: 400\"> desde nuestra LDN en la A3 (2800 m), la <\/span><b>conexi\u00f3n del Pol\u00edgono Industrial Mediterr\u00e1neo<\/b><span style=\"font-weight: 400\"> (a 4000 m.) o la <\/span><b>conexi\u00f3n de las estaciones de Reintel en B\u00e9tera<\/b><span style=\"font-weight: 400\"> (1500 m) y <\/span><b>Beniferri<\/b><span style=\"font-weight: 400\"> (600 m propios).<\/span><\/p>\n<p><span style=\"font-weight: 400\">Por \u00faltimo, aprovechando la presencia en Fuente San Luis, pudimos <\/span><b>conectar el centro de datos de Islalink<\/b><span style=\"font-weight: 400\"> (a 2000 m)\u00a0 con un cable propio, para poder dar servicios de mayor capacidad. Adem\u00e1s, esta conexi\u00f3n nos acerca un poco m\u00e1s a la zona industrial del sur, donde tienen sede compa\u00f1\u00edas como Ford, Ikea, auxiliares de automoci\u00f3n, etc.<\/span><\/p>\n<p><span style=\"font-weight: 400\">Un conjunto de actuaciones que, sin duda, va a permitir mejorar la competitividad de las empresas en Valencia, proporcionando conectividad de calidad y de muy alto ancho de banda.<\/span><\/p>\n","protected":false},"excerpt":{"rendered":"<p>Colt ha estado operando su propia red de fibra \u00f3ptica en Espa\u00f1a durante 25 a\u00f1os. En 2018, la compa\u00f1\u00eda triplic\u00f3 su presencia expandi\u00e9ndose a 22 nuevas provincias para potenciar los requisitos de ancho de banda en el pa\u00eds. Conectando estas provincias en Espa\u00f1a, un mayor n\u00famero de organizaciones tuvieron acceso a la s\u00f3lida red Colt&#8230;<\/p>\n","protected":false},"author":143,"featured_media":98242,"comment_status":"closed","ping_status":"closed","sticky":false,"template":"","format":"standard","meta":{"_acf_changed":false,"footnotes":""},"colt_type":[1174],"colt_ind":[1214,1219,1224,1229,1234,1239,1244,1249,1254,1259],"colt_products":[1264,1751,1718,1319,1719,1659,1649,1464,1644,1645,1750,1663,1639,1717,1419],"colt_solutions":[1781,1784,1778,1779,1782,1783,1785,1780],"class_list":["post-99369","post","type-post","status-publish","format-standard","has-post-thumbnail","hentry","colt_type-blog-es","colt_ind-business-es","colt_ind-education-es","colt_ind-finance-es","colt_ind-government-es","colt_ind-healthcare-es","colt_ind-leisure-es","colt_ind-media-es","colt_ind-retail-es","colt_ind-technology-es","colt_ind-telecoms-es","colt_products-business-connect-es","colt_products-infrastructure-es","colt_products-dark-fibre-es","colt_products-dca-es","colt_products-ethernet-hub-spoke-es","colt_products-ethernet-line-es","colt_products-ethernet-vpn-es","colt_products-intelligent-communications-es","colt_products-ip-access-es","colt_products-ip-vpn-es","colt_products-on-demand-es","colt_products-private-wave-es","colt_products-sd-wan-es","colt_products-spectrum-es","colt_products-voice-on-demand-es","colt_solutions-capital-markets","colt_solutions-communications","colt_solutions-modernise-cloud-environments","colt_solutions-network-as-a-service","colt_solutions-networking","colt_solutions-optimise-network-infrastructure","colt_solutions-security","colt_solutions-transform-your-workplace"],"acf":[],"yoast_head":"<!-- This site is optimized with the Yoast SEO plugin v26.8 - https:\/\/yoast.com\/product\/yoast-seo-wordpress\/ -->\n<title>Colt contin\u00faa la expansi\u00f3n de su red IQ en Espa\u00f1a implementando mejoras en el \u00e1rea de Valencia - Colt Technology Services<\/title>\n<meta name=\"description\" content=\"Colt contin\u00faa la expansi\u00f3n de su red IQ en Espa\u00f1a implementando mejoras en el \u00e1rea de Valencia Colt Technology Services\" \/>\n<meta name=\"robots\" content=\"noindex, follow, max-snippet:-1, max-image-preview:large, max-video-preview:-1\" \/>\n<meta property=\"og:locale\" content=\"es_ES\" \/>\n<meta property=\"og:type\" content=\"article\" \/>\n<meta property=\"og:title\" content=\"Colt contin\u00faa la expansi\u00f3n de su red IQ en Espa\u00f1a implementando mejoras en el \u00e1rea de Valencia - Colt Technology Services\" \/>\n<meta property=\"og:description\" content=\"Colt contin\u00faa la expansi\u00f3n de su red IQ en Espa\u00f1a implementando mejoras en el \u00e1rea de Valencia Colt Technology Services\" \/>\n<meta property=\"og:url\" content=\"https:\/\/legacy.colt.net\/es\/resources\/colt-continua-la-expansion-de-su-red-iq-en-espana-implementando-mejoras-en-el-area-de-valencia-2\/\" \/>\n<meta property=\"og:site_name\" content=\"Colt Technology Services\" \/>\n<meta property=\"article:publisher\" content=\"https:\/\/www.facebook.com\/ColtTechnologyServices\/\" \/>\n<meta property=\"article:published_time\" content=\"2021-06-28T15:03:33+00:00\" \/>\n<meta property=\"og:image\" content=\"https:\/\/legacy.colt.net\/wp-content\/uploads\/2021\/06\/Colt-Animation-Brandguidelines3.png\" \/>\n\t<meta property=\"og:image:width\" content=\"1290\" \/>\n\t<meta property=\"og:image:height\" content=\"713\" \/>\n\t<meta property=\"og:image:type\" content=\"image\/png\" \/>\n<meta name=\"author\" content=\"Stuart Brameld\" \/>\n<meta name=\"twitter:card\" content=\"summary_large_image\" \/>\n<meta name=\"twitter:image\" content=\"https:\/\/legacy.colt.net\/wp-content\/uploads\/2021\/06\/Colt-Animation-Brandguidelines3.png\" \/>\n<meta name=\"twitter:creator\" content=\"@colt_technology\" \/>\n<meta name=\"twitter:site\" content=\"@colt_technology\" \/>\n<meta name=\"twitter:label1\" content=\"Written by\" \/>\n\t<meta name=\"twitter:data1\" content=\"Stuart Brameld\" \/>\n\t<meta name=\"twitter:label2\" content=\"Est. reading time\" \/>\n\t<meta name=\"twitter:data2\" content=\"2 minutes\" \/>\n<script type=\"application\/ld+json\" class=\"yoast-schema-graph\">{\"@context\":\"https:\/\/schema.org\",\"@graph\":[{\"@type\":\"Article\",\"@id\":\"https:\/\/legacy.colt.net\/es\/resources\/colt-continua-la-expansion-de-su-red-iq-en-espana-implementando-mejoras-en-el-area-de-valencia-2\/#article\",\"isPartOf\":{\"@id\":\"https:\/\/legacy.colt.net\/es\/resources\/colt-continua-la-expansion-de-su-red-iq-en-espana-implementando-mejoras-en-el-area-de-valencia-2\/\"},\"author\":{\"name\":\"Stuart Brameld\",\"@id\":\"https:\/\/legacy.colt.net\/#\/schema\/person\/7d1bf598b4d64d8b5dd04c0ca4f2762d\"},\"headline\":\"Colt contin\u00faa la expansi\u00f3n de su red IQ en Espa\u00f1a implementando mejoras en el \u00e1rea de Valencia\",\"datePublished\":\"2021-06-28T15:03:33+00:00\",\"mainEntityOfPage\":{\"@id\":\"https:\/\/legacy.colt.net\/es\/resources\/colt-continua-la-expansion-de-su-red-iq-en-espana-implementando-mejoras-en-el-area-de-valencia-2\/\"},\"wordCount\":428,\"publisher\":{\"@id\":\"https:\/\/legacy.colt.net\/#organization\"},\"image\":{\"@id\":\"https:\/\/legacy.colt.net\/es\/resources\/colt-continua-la-expansion-de-su-red-iq-en-espana-implementando-mejoras-en-el-area-de-valencia-2\/#primaryimage\"},\"thumbnailUrl\":\"https:\/\/legacy.colt.net\/wp-content\/uploads\/2021\/06\/Colt-Animation-Brandguidelines3.png\",\"inLanguage\":\"es-ES\"},{\"@type\":\"WebPage\",\"@id\":\"https:\/\/legacy.colt.net\/es\/resources\/colt-continua-la-expansion-de-su-red-iq-en-espana-implementando-mejoras-en-el-area-de-valencia-2\/\",\"url\":\"https:\/\/legacy.colt.net\/es\/resources\/colt-continua-la-expansion-de-su-red-iq-en-espana-implementando-mejoras-en-el-area-de-valencia-2\/\",\"name\":\"Colt contin\u00faa la expansi\u00f3n de su red IQ en Espa\u00f1a implementando mejoras en el \u00e1rea de Valencia - Colt Technology Services\",\"isPartOf\":{\"@id\":\"https:\/\/legacy.colt.net\/#website\"},\"primaryImageOfPage\":{\"@id\":\"https:\/\/legacy.colt.net\/es\/resources\/colt-continua-la-expansion-de-su-red-iq-en-espana-implementando-mejoras-en-el-area-de-valencia-2\/#primaryimage\"},\"image\":{\"@id\":\"https:\/\/legacy.colt.net\/es\/resources\/colt-continua-la-expansion-de-su-red-iq-en-espana-implementando-mejoras-en-el-area-de-valencia-2\/#primaryimage\"},\"thumbnailUrl\":\"https:\/\/legacy.colt.net\/wp-content\/uploads\/2021\/06\/Colt-Animation-Brandguidelines3.png\",\"datePublished\":\"2021-06-28T15:03:33+00:00\",\"description\":\"Colt contin\u00faa la expansi\u00f3n de su red IQ en Espa\u00f1a implementando mejoras en el \u00e1rea de Valencia Colt Technology Services\",\"breadcrumb\":{\"@id\":\"https:\/\/legacy.colt.net\/es\/resources\/colt-continua-la-expansion-de-su-red-iq-en-espana-implementando-mejoras-en-el-area-de-valencia-2\/#breadcrumb\"},\"inLanguage\":\"es-ES\",\"potentialAction\":[{\"@type\":\"ReadAction\",\"target\":[\"https:\/\/legacy.colt.net\/es\/resources\/colt-continua-la-expansion-de-su-red-iq-en-espana-implementando-mejoras-en-el-area-de-valencia-2\/\"]}]},{\"@type\":\"ImageObject\",\"inLanguage\":\"es-ES\",\"@id\":\"https:\/\/legacy.colt.net\/es\/resources\/colt-continua-la-expansion-de-su-red-iq-en-espana-implementando-mejoras-en-el-area-de-valencia-2\/#primaryimage\",\"url\":\"https:\/\/legacy.colt.net\/wp-content\/uploads\/2021\/06\/Colt-Animation-Brandguidelines3.png\",\"contentUrl\":\"https:\/\/legacy.colt.net\/wp-content\/uploads\/2021\/06\/Colt-Animation-Brandguidelines3.png\",\"width\":1290,\"height\":713},{\"@type\":\"BreadcrumbList\",\"@id\":\"https:\/\/legacy.colt.net\/es\/resources\/colt-continua-la-expansion-de-su-red-iq-en-espana-implementando-mejoras-en-el-area-de-valencia-2\/#breadcrumb\",\"itemListElement\":[{\"@type\":\"ListItem\",\"position\":1,\"name\":\"Home\",\"item\":\"https:\/\/legacy.colt.net\/es\/\"},{\"@type\":\"ListItem\",\"position\":2,\"name\":\"Blogs\",\"item\":\"https:\/\/legacy.colt.net\/es\/resources\/type\/blog-es\/\"},{\"@type\":\"ListItem\",\"position\":3,\"name\":\"Colt contin\u00faa la expansi\u00f3n de su red IQ en Espa\u00f1a implementando mejoras en el \u00e1rea de Valencia\"}]},{\"@type\":\"WebSite\",\"@id\":\"https:\/\/legacy.colt.net\/#website\",\"url\":\"https:\/\/legacy.colt.net\/\",\"name\":\"Colt\u30c6\u30af\u30ce\u30ed\u30b8\u30fc\u30b5\u30fc\u30d3\u30b9\u682a\u5f0f\u4f1a\u793e\",\"description\":\"Managed Network &amp; Voice Services Provider\",\"publisher\":{\"@id\":\"https:\/\/legacy.colt.net\/#organization\"},\"potentialAction\":[{\"@type\":\"SearchAction\",\"target\":{\"@type\":\"EntryPoint\",\"urlTemplate\":\"https:\/\/legacy.colt.net\/?s={search_term_string}\"},\"query-input\":{\"@type\":\"PropertyValueSpecification\",\"valueRequired\":true,\"valueName\":\"search_term_string\"}}],\"inLanguage\":\"es-ES\"},{\"@type\":\"Organization\",\"@id\":\"https:\/\/legacy.colt.net\/#organization\",\"name\":\"Colt Technology Services\",\"url\":\"https:\/\/legacy.colt.net\/\",\"logo\":{\"@type\":\"ImageObject\",\"inLanguage\":\"es-ES\",\"@id\":\"https:\/\/legacy.colt.net\/#\/schema\/logo\/image\/\",\"url\":\"https:\/\/legacy.colt.net\/wp-content\/uploads\/2019\/02\/Colt-Logo.png\",\"contentUrl\":\"https:\/\/legacy.colt.net\/wp-content\/uploads\/2019\/02\/Colt-Logo.png\",\"width\":195,\"height\":77,\"caption\":\"Colt Technology Services\"},\"image\":{\"@id\":\"https:\/\/legacy.colt.net\/#\/schema\/logo\/image\/\"},\"sameAs\":[\"https:\/\/www.facebook.com\/ColtTechnologyServices\/\",\"https:\/\/x.com\/colt_technology\",\"https:\/\/www.instagram.com\/colttechnologyservices\/\",\"https:\/\/www.linkedin.com\/company\/colt-technology-services\",\"https:\/\/www.youtube.com\/user\/ColtTechnology\"]},{\"@type\":\"Person\",\"@id\":\"https:\/\/legacy.colt.net\/#\/schema\/person\/7d1bf598b4d64d8b5dd04c0ca4f2762d\",\"name\":\"Stuart Brameld\",\"image\":{\"@type\":\"ImageObject\",\"inLanguage\":\"es-ES\",\"@id\":\"https:\/\/legacy.colt.net\/#\/schema\/person\/image\/\",\"url\":\"https:\/\/secure.gravatar.com\/avatar\/dd4154f82c8fd0286fda59ef617214be3f50817b36d05ab30a80c5a9a789913b?s=96&d=mm&r=g\",\"contentUrl\":\"https:\/\/secure.gravatar.com\/avatar\/dd4154f82c8fd0286fda59ef617214be3f50817b36d05ab30a80c5a9a789913b?s=96&d=mm&r=g\",\"caption\":\"Stuart Brameld\"},\"url\":\"https:\/\/legacy.colt.net\/es\/resources\/author\/stuartgrowthmethod-com\/\"}]}<\/script>\n<!-- \/ Yoast SEO plugin. -->","yoast_head_json":{"title":"Colt contin\u00faa la expansi\u00f3n de su red IQ en Espa\u00f1a implementando mejoras en el \u00e1rea de Valencia - Colt Technology Services","description":"Colt contin\u00faa la expansi\u00f3n de su red IQ en Espa\u00f1a implementando mejoras en el \u00e1rea de Valencia Colt Technology Services","robots":{"index":"noindex","follow":"follow","max-snippet":"max-snippet:-1","max-image-preview":"max-image-preview:large","max-video-preview":"max-video-preview:-1"},"og_locale":"es_ES","og_type":"article","og_title":"Colt contin\u00faa la expansi\u00f3n de su red IQ en Espa\u00f1a implementando mejoras en el \u00e1rea de Valencia - Colt Technology Services","og_description":"Colt contin\u00faa la expansi\u00f3n de su red IQ en Espa\u00f1a implementando mejoras en el \u00e1rea de Valencia Colt Technology Services","og_url":"https:\/\/legacy.colt.net\/es\/resources\/colt-continua-la-expansion-de-su-red-iq-en-espana-implementando-mejoras-en-el-area-de-valencia-2\/","og_site_name":"Colt Technology Services","article_publisher":"https:\/\/www.facebook.com\/ColtTechnologyServices\/","article_published_time":"2021-06-28T15:03:33+00:00","og_image":[{"width":1290,"height":713,"url":"https:\/\/legacy.colt.net\/wp-content\/uploads\/2021\/06\/Colt-Animation-Brandguidelines3.png","type":"image\/png"}],"author":"Stuart Brameld","twitter_card":"summary_large_image","twitter_image":"https:\/\/legacy.colt.net\/wp-content\/uploads\/2021\/06\/Colt-Animation-Brandguidelines3.png","twitter_creator":"@colt_technology","twitter_site":"@colt_technology","twitter_misc":{"Written by":"Stuart Brameld","Est. reading time":"2 minutes"},"schema":{"@context":"https:\/\/schema.org","@graph":[{"@type":"Article","@id":"https:\/\/legacy.colt.net\/es\/resources\/colt-continua-la-expansion-de-su-red-iq-en-espana-implementando-mejoras-en-el-area-de-valencia-2\/#article","isPartOf":{"@id":"https:\/\/legacy.colt.net\/es\/resources\/colt-continua-la-expansion-de-su-red-iq-en-espana-implementando-mejoras-en-el-area-de-valencia-2\/"},"author":{"name":"Stuart Brameld","@id":"https:\/\/legacy.colt.net\/#\/schema\/person\/7d1bf598b4d64d8b5dd04c0ca4f2762d"},"headline":"Colt contin\u00faa la expansi\u00f3n de su red IQ en Espa\u00f1a implementando mejoras en el \u00e1rea de Valencia","datePublished":"2021-06-28T15:03:33+00:00","mainEntityOfPage":{"@id":"https:\/\/legacy.colt.net\/es\/resources\/colt-continua-la-expansion-de-su-red-iq-en-espana-implementando-mejoras-en-el-area-de-valencia-2\/"},"wordCount":428,"publisher":{"@id":"https:\/\/legacy.colt.net\/#organization"},"image":{"@id":"https:\/\/legacy.colt.net\/es\/resources\/colt-continua-la-expansion-de-su-red-iq-en-espana-implementando-mejoras-en-el-area-de-valencia-2\/#primaryimage"},"thumbnailUrl":"https:\/\/legacy.colt.net\/wp-content\/uploads\/2021\/06\/Colt-Animation-Brandguidelines3.png","inLanguage":"es-ES"},{"@type":"WebPage","@id":"https:\/\/legacy.colt.net\/es\/resources\/colt-continua-la-expansion-de-su-red-iq-en-espana-implementando-mejoras-en-el-area-de-valencia-2\/","url":"https:\/\/legacy.colt.net\/es\/resources\/colt-continua-la-expansion-de-su-red-iq-en-espana-implementando-mejoras-en-el-area-de-valencia-2\/","name":"Colt contin\u00faa la expansi\u00f3n de su red IQ en Espa\u00f1a implementando mejoras en el \u00e1rea de Valencia - Colt Technology Services","isPartOf":{"@id":"https:\/\/legacy.colt.net\/#website"},"primaryImageOfPage":{"@id":"https:\/\/legacy.colt.net\/es\/resources\/colt-continua-la-expansion-de-su-red-iq-en-espana-implementando-mejoras-en-el-area-de-valencia-2\/#primaryimage"},"image":{"@id":"https:\/\/legacy.colt.net\/es\/resources\/colt-continua-la-expansion-de-su-red-iq-en-espana-implementando-mejoras-en-el-area-de-valencia-2\/#primaryimage"},"thumbnailUrl":"https:\/\/legacy.colt.net\/wp-content\/uploads\/2021\/06\/Colt-Animation-Brandguidelines3.png","datePublished":"2021-06-28T15:03:33+00:00","description":"Colt contin\u00faa la expansi\u00f3n de su red IQ en Espa\u00f1a implementando mejoras en el \u00e1rea de Valencia Colt Technology Services","breadcrumb":{"@id":"https:\/\/legacy.colt.net\/es\/resources\/colt-continua-la-expansion-de-su-red-iq-en-espana-implementando-mejoras-en-el-area-de-valencia-2\/#breadcrumb"},"inLanguage":"es-ES","potentialAction":[{"@type":"ReadAction","target":["https:\/\/legacy.colt.net\/es\/resources\/colt-continua-la-expansion-de-su-red-iq-en-espana-implementando-mejoras-en-el-area-de-valencia-2\/"]}]},{"@type":"ImageObject","inLanguage":"es-ES","@id":"https:\/\/legacy.colt.net\/es\/resources\/colt-continua-la-expansion-de-su-red-iq-en-espana-implementando-mejoras-en-el-area-de-valencia-2\/#primaryimage","url":"https:\/\/legacy.colt.net\/wp-content\/uploads\/2021\/06\/Colt-Animation-Brandguidelines3.png","contentUrl":"https:\/\/legacy.colt.net\/wp-content\/uploads\/2021\/06\/Colt-Animation-Brandguidelines3.png","width":1290,"height":713},{"@type":"BreadcrumbList","@id":"https:\/\/legacy.colt.net\/es\/resources\/colt-continua-la-expansion-de-su-red-iq-en-espana-implementando-mejoras-en-el-area-de-valencia-2\/#breadcrumb","itemListElement":[{"@type":"ListItem","position":1,"name":"Home","item":"https:\/\/legacy.colt.net\/es\/"},{"@type":"ListItem","position":2,"name":"Blogs","item":"https:\/\/legacy.colt.net\/es\/resources\/type\/blog-es\/"},{"@type":"ListItem","position":3,"name":"Colt contin\u00faa la expansi\u00f3n de su red IQ en Espa\u00f1a implementando mejoras en el \u00e1rea de Valencia"}]},{"@type":"WebSite","@id":"https:\/\/legacy.colt.net\/#website","url":"https:\/\/legacy.colt.net\/","name":"Colt\u30c6\u30af\u30ce\u30ed\u30b8\u30fc\u30b5\u30fc\u30d3\u30b9\u682a\u5f0f\u4f1a\u793e","description":"Managed Network &amp; Voice Services Provider","publisher":{"@id":"https:\/\/legacy.colt.net\/#organization"},"potentialAction":[{"@type":"SearchAction","target":{"@type":"EntryPoint","urlTemplate":"https:\/\/legacy.colt.net\/?s={search_term_string}"},"query-input":{"@type":"PropertyValueSpecification","valueRequired":true,"valueName":"search_term_string"}}],"inLanguage":"es-ES"},{"@type":"Organization","@id":"https:\/\/legacy.colt.net\/#organization","name":"Colt Technology Services","url":"https:\/\/legacy.colt.net\/","logo":{"@type":"ImageObject","inLanguage":"es-ES","@id":"https:\/\/legacy.colt.net\/#\/schema\/logo\/image\/","url":"https:\/\/legacy.colt.net\/wp-content\/uploads\/2019\/02\/Colt-Logo.png","contentUrl":"https:\/\/legacy.colt.net\/wp-content\/uploads\/2019\/02\/Colt-Logo.png","width":195,"height":77,"caption":"Colt Technology Services"},"image":{"@id":"https:\/\/legacy.colt.net\/#\/schema\/logo\/image\/"},"sameAs":["https:\/\/www.facebook.com\/ColtTechnologyServices\/","https:\/\/x.com\/colt_technology","https:\/\/www.instagram.com\/colttechnologyservices\/","https:\/\/www.linkedin.com\/company\/colt-technology-services","https:\/\/www.youtube.com\/user\/ColtTechnology"]},{"@type":"Person","@id":"https:\/\/legacy.colt.net\/#\/schema\/person\/7d1bf598b4d64d8b5dd04c0ca4f2762d","name":"Stuart Brameld","image":{"@type":"ImageObject","inLanguage":"es-ES","@id":"https:\/\/legacy.colt.net\/#\/schema\/person\/image\/","url":"https:\/\/secure.gravatar.com\/avatar\/dd4154f82c8fd0286fda59ef617214be3f50817b36d05ab30a80c5a9a789913b?s=96&d=mm&r=g","contentUrl":"https:\/\/secure.gravatar.com\/avatar\/dd4154f82c8fd0286fda59ef617214be3f50817b36d05ab30a80c5a9a789913b?s=96&d=mm&r=g","caption":"Stuart Brameld"},"url":"https:\/\/legacy.colt.net\/es\/resources\/author\/stuartgrowthmethod-com\/"}]}},"_links":{"self":[{"href":"https:\/\/legacy.colt.net\/es\/wp-json\/wp\/v2\/posts\/99369","targetHints":{"allow":["GET"]}}],"collection":[{"href":"https:\/\/legacy.colt.net\/es\/wp-json\/wp\/v2\/posts"}],"about":[{"href":"https:\/\/legacy.colt.net\/es\/wp-json\/wp\/v2\/types\/post"}],"author":[{"embeddable":true,"href":"https:\/\/legacy.colt.net\/es\/wp-json\/wp\/v2\/users\/143"}],"replies":[{"embeddable":true,"href":"https:\/\/legacy.colt.net\/es\/wp-json\/wp\/v2\/comments?post=99369"}],"version-history":[{"count":0,"href":"https:\/\/legacy.colt.net\/es\/wp-json\/wp\/v2\/posts\/99369\/revisions"}],"wp:featuredmedia":[{"embeddable":true,"href":"https:\/\/legacy.colt.net\/es\/wp-json\/wp\/v2\/media\/98242"}],"wp:attachment":[{"href":"https:\/\/legacy.colt.net\/es\/wp-json\/wp\/v2\/media?parent=99369"}],"wp:term":[{"taxonomy":"colt_type","embeddable":true,"href":"https:\/\/legacy.colt.net\/es\/wp-json\/wp\/v2\/colt_type?post=99369"},{"taxonomy":"colt_ind","embeddable":true,"href":"https:\/\/legacy.colt.net\/es\/wp-json\/wp\/v2\/colt_ind?post=99369"},{"taxonomy":"colt_products","embeddable":true,"href":"https:\/\/legacy.colt.net\/es\/wp-json\/wp\/v2\/colt_products?post=99369"},{"taxonomy":"colt_solutions","embeddable":true,"href":"https:\/\/legacy.colt.net\/es\/wp-json\/wp\/v2\/colt_solutions?post=99369"}],"curies":[{"name":"wp","href":"https:\/\/api.w.org\/{rel}","templated":true}]}}