{"id":97555,"date":"2021-05-31T09:16:07","date_gmt":"2021-05-31T08:16:07","guid":{"rendered":"https:\/\/www.colt.net\/?p=97555"},"modified":"2021-05-31T09:16:07","modified_gmt":"2021-05-31T08:16:07","slug":"colt-vuelve-a-patrocinar-la-nit-de-les-telecomunicacions","status":"publish","type":"post","link":"https:\/\/legacy.colt.net\/es\/resources\/colt-vuelve-a-patrocinar-la-nit-de-les-telecomunicacions\/","title":{"rendered":"Colt vuelve a patrocinar la Nit de les Telecomunicacions"},"content":{"rendered":"<p><span style=\"font-weight: 400\">El pr\u00f3ximo 16 de junio, <\/span><a href=\"https:\/\/legacy.colt.net\/es\/\"><b>Colt<\/b><\/a> <b>volver\u00e1 a formar parte como patrocinador de la Nit de les Telecomunicacions<\/b><span style=\"font-weight: 400\">, cita ineludible para el \u00e1mbito TIC y punto de encuentro para los profesionales, empresas, administraciones p\u00fablicas, universidades, asociaciones e instituciones del sector en Catalu\u00f1a.\u00a0<\/span><\/p>\n<p><b>La Nit<\/b><span style=\"font-weight: 400\"> es uno de los eventos m\u00e1s importantes para la creaci\u00f3n de sinergias empresariales e intercambio de ideas entre profesionales de las <\/span><b>telecomunicaciones<\/b><span style=\"font-weight: 400\">. Este evento, pionero y de referencia en el sector, se celebra en Barcelona desde el a\u00f1o 1995.<\/span><\/p>\n<p><span style=\"font-weight: 400\">La 26.\u00aa edici\u00f3n del evento tendr\u00e1 lugar de forma presencial en L&#8217;Auditori de Barcelona, aunque tambi\u00e9n se podr\u00e1 acceder de forma virtual. Como todos los a\u00f1os, el encuentro estar\u00e1 organizado por la <\/span><b>Associaci\u00f3 Catalana d\u2019Enginyers de Telecomunicaci\u00f3 (Telecos.cat)<\/b><span style=\"font-weight: 400\"> junto con el <\/span><b>Col\u00b7legi d\u2019Enginyeria en Inform\u00e0tica de Catalunya (COEINF)<\/b><span style=\"font-weight: 400\">.<\/span><\/p>\n<p><span style=\"font-weight: 400\">El evento es, adem\u00e1s, el marco de entrega de los <\/span><b>Premios La Nit,<\/b><span style=\"font-weight: 400\"> en los que se galardona a la personalidad del a\u00f1o, el emprendimiento, el trabajo del CIO, la responsabilidad social de la empresa y la divulgaci\u00f3n de las TIC.<\/span><\/p>\n<p><span style=\"font-weight: 400\">En un a\u00f1o en el que la <\/span><b>conectividad<\/b><span style=\"font-weight: 400\"> ha sido clave, Colt tambi\u00e9n ha querido dar su apoyo a las empresas catalanas a trav\u00e9s de la digitalizaci\u00f3n. Mediante sus servicios on-demand, Colt ha podido adaptarse a las necesidades empresariales de cada momento, que durante el 2020 han sido m\u00e1s cambiantes que nunca.<\/span><\/p>\n<p><span style=\"font-weight: 400\">Adem\u00e1s, Barcelona sigue posicion\u00e1ndose como enclave imprescindible de la pen\u00ednsula a trav\u00e9s de cables submarinos, permitiendo la conectividad entre Am\u00e9rica, Asia, \u00c1frica y Europa.<\/span><\/p>\n<p><span style=\"font-weight: 400\">Puedes inscribirte en <\/span><b>la Nit de les Telecomunicacions<\/b><span style=\"font-weight: 400\"> a trav\u00e9s de <\/span><a href=\"https:\/\/www.lanit.cat\/\"><span style=\"font-weight: 400\">este enlace<\/span><\/a><span style=\"font-weight: 400\">.<\/span><\/p>\n","protected":false},"excerpt":{"rendered":"<p>El pr\u00f3ximo 16 de junio, Colt volver\u00e1 a formar parte como patrocinador de la Nit de les Telecomunicacions, cita ineludible para el \u00e1mbito TIC y punto de encuentro para los profesionales, empresas, administraciones p\u00fablicas, universidades, asociaciones e instituciones del sector en Catalu\u00f1a.\u00a0 La Nit es uno de los eventos m\u00e1s importantes para la creaci\u00f3n de&#8230;<\/p>\n","protected":false},"author":143,"featured_media":97556,"comment_status":"closed","ping_status":"closed","sticky":false,"template":"","format":"standard","meta":{"_acf_changed":false,"footnotes":""},"colt_type":[1174],"colt_ind":[1214,1229,1254,1259],"colt_products":[1264,1751,1718,1319,1719,1659,1649,1464,1644,1645,1750,1663,1639,1717,1419],"colt_solutions":[],"class_list":["post-97555","post","type-post","status-publish","format-standard","has-post-thumbnail","hentry","colt_type-blog-es","colt_ind-business-es","colt_ind-government-es","colt_ind-technology-es","colt_ind-telecoms-es","colt_products-business-connect-es","colt_products-infrastructure-es","colt_products-dark-fibre-es","colt_products-dca-es","colt_products-ethernet-hub-spoke-es","colt_products-ethernet-line-es","colt_products-ethernet-vpn-es","colt_products-intelligent-communications-es","colt_products-ip-access-es","colt_products-ip-vpn-es","colt_products-on-demand-es","colt_products-private-wave-es","colt_products-sd-wan-es","colt_products-spectrum-es","colt_products-voice-on-demand-es"],"acf":[],"yoast_head":"<!-- This site is optimized with the Yoast SEO plugin v26.8 - https:\/\/yoast.com\/product\/yoast-seo-wordpress\/ -->\n<title>Colt vuelve a patrocinar la Nit de les Telecomunicacions - Colt Technology Services<\/title>\n<meta name=\"description\" content=\"Colt vuelve a patrocinar la Nit de les Telecomunicacions Colt Technology Services\" \/>\n<meta name=\"robots\" content=\"noindex, follow, max-snippet:-1, max-image-preview:large, max-video-preview:-1\" \/>\n<meta property=\"og:locale\" content=\"es_ES\" \/>\n<meta property=\"og:type\" content=\"article\" \/>\n<meta property=\"og:title\" content=\"Colt vuelve a patrocinar la Nit de les Telecomunicacions - Colt Technology Services\" \/>\n<meta property=\"og:description\" content=\"Colt vuelve a patrocinar la Nit de les Telecomunicacions Colt Technology Services\" \/>\n<meta property=\"og:url\" content=\"https:\/\/legacy.colt.net\/es\/resources\/colt-vuelve-a-patrocinar-la-nit-de-les-telecomunicacions\/\" \/>\n<meta property=\"og:site_name\" content=\"Colt Technology Services\" \/>\n<meta property=\"article:publisher\" content=\"https:\/\/www.facebook.com\/ColtTechnologyServices\/\" \/>\n<meta property=\"article:published_time\" content=\"2021-05-31T08:16:07+00:00\" \/>\n<meta property=\"og:image\" content=\"https:\/\/legacy.colt.net\/wp-content\/uploads\/2021\/05\/social-banner-TIC-ES-NIT-de-Communicaciones.jpg\" \/>\n\t<meta property=\"og:image:width\" content=\"1200\" \/>\n\t<meta property=\"og:image:height\" content=\"630\" \/>\n\t<meta property=\"og:image:type\" content=\"image\/jpeg\" \/>\n<meta name=\"author\" content=\"Stuart Brameld\" \/>\n<meta name=\"twitter:card\" content=\"summary_large_image\" \/>\n<meta name=\"twitter:image\" content=\"https:\/\/legacy.colt.net\/wp-content\/uploads\/2021\/05\/social-banner-TIC-ES-NIT-de-Communicaciones.jpg\" \/>\n<meta name=\"twitter:creator\" content=\"@colt_technology\" \/>\n<meta name=\"twitter:site\" content=\"@colt_technology\" \/>\n<meta name=\"twitter:label1\" content=\"Written by\" \/>\n\t<meta name=\"twitter:data1\" content=\"Stuart Brameld\" \/>\n\t<meta name=\"twitter:label2\" content=\"Est. reading time\" \/>\n\t<meta name=\"twitter:data2\" content=\"2 minutes\" \/>\n<script type=\"application\/ld+json\" class=\"yoast-schema-graph\">{\"@context\":\"https:\/\/schema.org\",\"@graph\":[{\"@type\":\"Article\",\"@id\":\"https:\/\/legacy.colt.net\/es\/resources\/colt-vuelve-a-patrocinar-la-nit-de-les-telecomunicacions\/#article\",\"isPartOf\":{\"@id\":\"https:\/\/legacy.colt.net\/es\/resources\/colt-vuelve-a-patrocinar-la-nit-de-les-telecomunicacions\/\"},\"author\":{\"name\":\"Stuart Brameld\",\"@id\":\"https:\/\/legacy.colt.net\/#\/schema\/person\/7d1bf598b4d64d8b5dd04c0ca4f2762d\"},\"headline\":\"Colt vuelve a patrocinar la Nit de les Telecomunicacions\",\"datePublished\":\"2021-05-31T08:16:07+00:00\",\"mainEntityOfPage\":{\"@id\":\"https:\/\/legacy.colt.net\/es\/resources\/colt-vuelve-a-patrocinar-la-nit-de-les-telecomunicacions\/\"},\"wordCount\":295,\"publisher\":{\"@id\":\"https:\/\/legacy.colt.net\/#organization\"},\"image\":{\"@id\":\"https:\/\/legacy.colt.net\/es\/resources\/colt-vuelve-a-patrocinar-la-nit-de-les-telecomunicacions\/#primaryimage\"},\"thumbnailUrl\":\"https:\/\/legacy.colt.net\/wp-content\/uploads\/2021\/05\/social-banner-TIC-ES-NIT-de-Communicaciones.jpg\",\"inLanguage\":\"es-ES\"},{\"@type\":\"WebPage\",\"@id\":\"https:\/\/legacy.colt.net\/es\/resources\/colt-vuelve-a-patrocinar-la-nit-de-les-telecomunicacions\/\",\"url\":\"https:\/\/legacy.colt.net\/es\/resources\/colt-vuelve-a-patrocinar-la-nit-de-les-telecomunicacions\/\",\"name\":\"Colt vuelve a patrocinar la Nit de les Telecomunicacions - Colt Technology Services\",\"isPartOf\":{\"@id\":\"https:\/\/legacy.colt.net\/#website\"},\"primaryImageOfPage\":{\"@id\":\"https:\/\/legacy.colt.net\/es\/resources\/colt-vuelve-a-patrocinar-la-nit-de-les-telecomunicacions\/#primaryimage\"},\"image\":{\"@id\":\"https:\/\/legacy.colt.net\/es\/resources\/colt-vuelve-a-patrocinar-la-nit-de-les-telecomunicacions\/#primaryimage\"},\"thumbnailUrl\":\"https:\/\/legacy.colt.net\/wp-content\/uploads\/2021\/05\/social-banner-TIC-ES-NIT-de-Communicaciones.jpg\",\"datePublished\":\"2021-05-31T08:16:07+00:00\",\"description\":\"Colt vuelve a patrocinar la Nit de les Telecomunicacions Colt Technology Services\",\"breadcrumb\":{\"@id\":\"https:\/\/legacy.colt.net\/es\/resources\/colt-vuelve-a-patrocinar-la-nit-de-les-telecomunicacions\/#breadcrumb\"},\"inLanguage\":\"es-ES\",\"potentialAction\":[{\"@type\":\"ReadAction\",\"target\":[\"https:\/\/legacy.colt.net\/es\/resources\/colt-vuelve-a-patrocinar-la-nit-de-les-telecomunicacions\/\"]}]},{\"@type\":\"ImageObject\",\"inLanguage\":\"es-ES\",\"@id\":\"https:\/\/legacy.colt.net\/es\/resources\/colt-vuelve-a-patrocinar-la-nit-de-les-telecomunicacions\/#primaryimage\",\"url\":\"https:\/\/legacy.colt.net\/wp-content\/uploads\/2021\/05\/social-banner-TIC-ES-NIT-de-Communicaciones.jpg\",\"contentUrl\":\"https:\/\/legacy.colt.net\/wp-content\/uploads\/2021\/05\/social-banner-TIC-ES-NIT-de-Communicaciones.jpg\",\"width\":1200,\"height\":630},{\"@type\":\"BreadcrumbList\",\"@id\":\"https:\/\/legacy.colt.net\/es\/resources\/colt-vuelve-a-patrocinar-la-nit-de-les-telecomunicacions\/#breadcrumb\",\"itemListElement\":[{\"@type\":\"ListItem\",\"position\":1,\"name\":\"Home\",\"item\":\"https:\/\/legacy.colt.net\/es\/\"},{\"@type\":\"ListItem\",\"position\":2,\"name\":\"Blogs\",\"item\":\"https:\/\/legacy.colt.net\/es\/resources\/type\/blog-es\/\"},{\"@type\":\"ListItem\",\"position\":3,\"name\":\"Colt vuelve a patrocinar la Nit de les Telecomunicacions\"}]},{\"@type\":\"WebSite\",\"@id\":\"https:\/\/legacy.colt.net\/#website\",\"url\":\"https:\/\/legacy.colt.net\/\",\"name\":\"Colt\u30c6\u30af\u30ce\u30ed\u30b8\u30fc\u30b5\u30fc\u30d3\u30b9\u682a\u5f0f\u4f1a\u793e\",\"description\":\"Managed Network &amp; Voice Services Provider\",\"publisher\":{\"@id\":\"https:\/\/legacy.colt.net\/#organization\"},\"potentialAction\":[{\"@type\":\"SearchAction\",\"target\":{\"@type\":\"EntryPoint\",\"urlTemplate\":\"https:\/\/legacy.colt.net\/?s={search_term_string}\"},\"query-input\":{\"@type\":\"PropertyValueSpecification\",\"valueRequired\":true,\"valueName\":\"search_term_string\"}}],\"inLanguage\":\"es-ES\"},{\"@type\":\"Organization\",\"@id\":\"https:\/\/legacy.colt.net\/#organization\",\"name\":\"Colt Technology Services\",\"url\":\"https:\/\/legacy.colt.net\/\",\"logo\":{\"@type\":\"ImageObject\",\"inLanguage\":\"es-ES\",\"@id\":\"https:\/\/legacy.colt.net\/#\/schema\/logo\/image\/\",\"url\":\"https:\/\/legacy.colt.net\/wp-content\/uploads\/2019\/02\/Colt-Logo.png\",\"contentUrl\":\"https:\/\/legacy.colt.net\/wp-content\/uploads\/2019\/02\/Colt-Logo.png\",\"width\":195,\"height\":77,\"caption\":\"Colt Technology Services\"},\"image\":{\"@id\":\"https:\/\/legacy.colt.net\/#\/schema\/logo\/image\/\"},\"sameAs\":[\"https:\/\/www.facebook.com\/ColtTechnologyServices\/\",\"https:\/\/x.com\/colt_technology\",\"https:\/\/www.instagram.com\/colttechnologyservices\/\",\"https:\/\/www.linkedin.com\/company\/colt-technology-services\",\"https:\/\/www.youtube.com\/user\/ColtTechnology\"]},{\"@type\":\"Person\",\"@id\":\"https:\/\/legacy.colt.net\/#\/schema\/person\/7d1bf598b4d64d8b5dd04c0ca4f2762d\",\"name\":\"Stuart Brameld\",\"image\":{\"@type\":\"ImageObject\",\"inLanguage\":\"es-ES\",\"@id\":\"https:\/\/legacy.colt.net\/#\/schema\/person\/image\/\",\"url\":\"https:\/\/secure.gravatar.com\/avatar\/dd4154f82c8fd0286fda59ef617214be3f50817b36d05ab30a80c5a9a789913b?s=96&d=mm&r=g\",\"contentUrl\":\"https:\/\/secure.gravatar.com\/avatar\/dd4154f82c8fd0286fda59ef617214be3f50817b36d05ab30a80c5a9a789913b?s=96&d=mm&r=g\",\"caption\":\"Stuart Brameld\"},\"url\":\"https:\/\/legacy.colt.net\/es\/resources\/author\/stuartgrowthmethod-com\/\"}]}<\/script>\n<!-- \/ Yoast SEO plugin. -->","yoast_head_json":{"title":"Colt vuelve a patrocinar la Nit de les Telecomunicacions - Colt Technology Services","description":"Colt vuelve a patrocinar la Nit de les Telecomunicacions Colt Technology Services","robots":{"index":"noindex","follow":"follow","max-snippet":"max-snippet:-1","max-image-preview":"max-image-preview:large","max-video-preview":"max-video-preview:-1"},"og_locale":"es_ES","og_type":"article","og_title":"Colt vuelve a patrocinar la Nit de les Telecomunicacions - Colt Technology Services","og_description":"Colt vuelve a patrocinar la Nit de les Telecomunicacions Colt Technology Services","og_url":"https:\/\/legacy.colt.net\/es\/resources\/colt-vuelve-a-patrocinar-la-nit-de-les-telecomunicacions\/","og_site_name":"Colt Technology Services","article_publisher":"https:\/\/www.facebook.com\/ColtTechnologyServices\/","article_published_time":"2021-05-31T08:16:07+00:00","og_image":[{"width":1200,"height":630,"url":"https:\/\/legacy.colt.net\/wp-content\/uploads\/2021\/05\/social-banner-TIC-ES-NIT-de-Communicaciones.jpg","type":"image\/jpeg"}],"author":"Stuart Brameld","twitter_card":"summary_large_image","twitter_image":"https:\/\/legacy.colt.net\/wp-content\/uploads\/2021\/05\/social-banner-TIC-ES-NIT-de-Communicaciones.jpg","twitter_creator":"@colt_technology","twitter_site":"@colt_technology","twitter_misc":{"Written by":"Stuart Brameld","Est. reading time":"2 minutes"},"schema":{"@context":"https:\/\/schema.org","@graph":[{"@type":"Article","@id":"https:\/\/legacy.colt.net\/es\/resources\/colt-vuelve-a-patrocinar-la-nit-de-les-telecomunicacions\/#article","isPartOf":{"@id":"https:\/\/legacy.colt.net\/es\/resources\/colt-vuelve-a-patrocinar-la-nit-de-les-telecomunicacions\/"},"author":{"name":"Stuart Brameld","@id":"https:\/\/legacy.colt.net\/#\/schema\/person\/7d1bf598b4d64d8b5dd04c0ca4f2762d"},"headline":"Colt vuelve a patrocinar la Nit de les Telecomunicacions","datePublished":"2021-05-31T08:16:07+00:00","mainEntityOfPage":{"@id":"https:\/\/legacy.colt.net\/es\/resources\/colt-vuelve-a-patrocinar-la-nit-de-les-telecomunicacions\/"},"wordCount":295,"publisher":{"@id":"https:\/\/legacy.colt.net\/#organization"},"image":{"@id":"https:\/\/legacy.colt.net\/es\/resources\/colt-vuelve-a-patrocinar-la-nit-de-les-telecomunicacions\/#primaryimage"},"thumbnailUrl":"https:\/\/legacy.colt.net\/wp-content\/uploads\/2021\/05\/social-banner-TIC-ES-NIT-de-Communicaciones.jpg","inLanguage":"es-ES"},{"@type":"WebPage","@id":"https:\/\/legacy.colt.net\/es\/resources\/colt-vuelve-a-patrocinar-la-nit-de-les-telecomunicacions\/","url":"https:\/\/legacy.colt.net\/es\/resources\/colt-vuelve-a-patrocinar-la-nit-de-les-telecomunicacions\/","name":"Colt vuelve a patrocinar la Nit de les Telecomunicacions - Colt Technology Services","isPartOf":{"@id":"https:\/\/legacy.colt.net\/#website"},"primaryImageOfPage":{"@id":"https:\/\/legacy.colt.net\/es\/resources\/colt-vuelve-a-patrocinar-la-nit-de-les-telecomunicacions\/#primaryimage"},"image":{"@id":"https:\/\/legacy.colt.net\/es\/resources\/colt-vuelve-a-patrocinar-la-nit-de-les-telecomunicacions\/#primaryimage"},"thumbnailUrl":"https:\/\/legacy.colt.net\/wp-content\/uploads\/2021\/05\/social-banner-TIC-ES-NIT-de-Communicaciones.jpg","datePublished":"2021-05-31T08:16:07+00:00","description":"Colt vuelve a patrocinar la Nit de les Telecomunicacions Colt Technology Services","breadcrumb":{"@id":"https:\/\/legacy.colt.net\/es\/resources\/colt-vuelve-a-patrocinar-la-nit-de-les-telecomunicacions\/#breadcrumb"},"inLanguage":"es-ES","potentialAction":[{"@type":"ReadAction","target":["https:\/\/legacy.colt.net\/es\/resources\/colt-vuelve-a-patrocinar-la-nit-de-les-telecomunicacions\/"]}]},{"@type":"ImageObject","inLanguage":"es-ES","@id":"https:\/\/legacy.colt.net\/es\/resources\/colt-vuelve-a-patrocinar-la-nit-de-les-telecomunicacions\/#primaryimage","url":"https:\/\/legacy.colt.net\/wp-content\/uploads\/2021\/05\/social-banner-TIC-ES-NIT-de-Communicaciones.jpg","contentUrl":"https:\/\/legacy.colt.net\/wp-content\/uploads\/2021\/05\/social-banner-TIC-ES-NIT-de-Communicaciones.jpg","width":1200,"height":630},{"@type":"BreadcrumbList","@id":"https:\/\/legacy.colt.net\/es\/resources\/colt-vuelve-a-patrocinar-la-nit-de-les-telecomunicacions\/#breadcrumb","itemListElement":[{"@type":"ListItem","position":1,"name":"Home","item":"https:\/\/legacy.colt.net\/es\/"},{"@type":"ListItem","position":2,"name":"Blogs","item":"https:\/\/legacy.colt.net\/es\/resources\/type\/blog-es\/"},{"@type":"ListItem","position":3,"name":"Colt vuelve a patrocinar la Nit de les Telecomunicacions"}]},{"@type":"WebSite","@id":"https:\/\/legacy.colt.net\/#website","url":"https:\/\/legacy.colt.net\/","name":"Colt\u30c6\u30af\u30ce\u30ed\u30b8\u30fc\u30b5\u30fc\u30d3\u30b9\u682a\u5f0f\u4f1a\u793e","description":"Managed Network &amp; Voice Services Provider","publisher":{"@id":"https:\/\/legacy.colt.net\/#organization"},"potentialAction":[{"@type":"SearchAction","target":{"@type":"EntryPoint","urlTemplate":"https:\/\/legacy.colt.net\/?s={search_term_string}"},"query-input":{"@type":"PropertyValueSpecification","valueRequired":true,"valueName":"search_term_string"}}],"inLanguage":"es-ES"},{"@type":"Organization","@id":"https:\/\/legacy.colt.net\/#organization","name":"Colt Technology Services","url":"https:\/\/legacy.colt.net\/","logo":{"@type":"ImageObject","inLanguage":"es-ES","@id":"https:\/\/legacy.colt.net\/#\/schema\/logo\/image\/","url":"https:\/\/legacy.colt.net\/wp-content\/uploads\/2019\/02\/Colt-Logo.png","contentUrl":"https:\/\/legacy.colt.net\/wp-content\/uploads\/2019\/02\/Colt-Logo.png","width":195,"height":77,"caption":"Colt Technology Services"},"image":{"@id":"https:\/\/legacy.colt.net\/#\/schema\/logo\/image\/"},"sameAs":["https:\/\/www.facebook.com\/ColtTechnologyServices\/","https:\/\/x.com\/colt_technology","https:\/\/www.instagram.com\/colttechnologyservices\/","https:\/\/www.linkedin.com\/company\/colt-technology-services","https:\/\/www.youtube.com\/user\/ColtTechnology"]},{"@type":"Person","@id":"https:\/\/legacy.colt.net\/#\/schema\/person\/7d1bf598b4d64d8b5dd04c0ca4f2762d","name":"Stuart Brameld","image":{"@type":"ImageObject","inLanguage":"es-ES","@id":"https:\/\/legacy.colt.net\/#\/schema\/person\/image\/","url":"https:\/\/secure.gravatar.com\/avatar\/dd4154f82c8fd0286fda59ef617214be3f50817b36d05ab30a80c5a9a789913b?s=96&d=mm&r=g","contentUrl":"https:\/\/secure.gravatar.com\/avatar\/dd4154f82c8fd0286fda59ef617214be3f50817b36d05ab30a80c5a9a789913b?s=96&d=mm&r=g","caption":"Stuart Brameld"},"url":"https:\/\/legacy.colt.net\/es\/resources\/author\/stuartgrowthmethod-com\/"}]}},"_links":{"self":[{"href":"https:\/\/legacy.colt.net\/es\/wp-json\/wp\/v2\/posts\/97555","targetHints":{"allow":["GET"]}}],"collection":[{"href":"https:\/\/legacy.colt.net\/es\/wp-json\/wp\/v2\/posts"}],"about":[{"href":"https:\/\/legacy.colt.net\/es\/wp-json\/wp\/v2\/types\/post"}],"author":[{"embeddable":true,"href":"https:\/\/legacy.colt.net\/es\/wp-json\/wp\/v2\/users\/143"}],"replies":[{"embeddable":true,"href":"https:\/\/legacy.colt.net\/es\/wp-json\/wp\/v2\/comments?post=97555"}],"version-history":[{"count":0,"href":"https:\/\/legacy.colt.net\/es\/wp-json\/wp\/v2\/posts\/97555\/revisions"}],"wp:featuredmedia":[{"embeddable":true,"href":"https:\/\/legacy.colt.net\/es\/wp-json\/wp\/v2\/media\/97556"}],"wp:attachment":[{"href":"https:\/\/legacy.colt.net\/es\/wp-json\/wp\/v2\/media?parent=97555"}],"wp:term":[{"taxonomy":"colt_type","embeddable":true,"href":"https:\/\/legacy.colt.net\/es\/wp-json\/wp\/v2\/colt_type?post=97555"},{"taxonomy":"colt_ind","embeddable":true,"href":"https:\/\/legacy.colt.net\/es\/wp-json\/wp\/v2\/colt_ind?post=97555"},{"taxonomy":"colt_products","embeddable":true,"href":"https:\/\/legacy.colt.net\/es\/wp-json\/wp\/v2\/colt_products?post=97555"},{"taxonomy":"colt_solutions","embeddable":true,"href":"https:\/\/legacy.colt.net\/es\/wp-json\/wp\/v2\/colt_solutions?post=97555"}],"curies":[{"name":"wp","href":"https:\/\/api.w.org\/{rel}","templated":true}]}}