{"id":95299,"date":"2021-04-26T10:46:21","date_gmt":"2021-04-26T09:46:21","guid":{"rendered":"https:\/\/www.colt.net\/?p=95299"},"modified":"2021-04-26T11:09:45","modified_gmt":"2021-04-26T10:09:45","slug":"entrevista-a-joan-monraba-ciberseguridad-nube-conectividad-y-comunicacion-la-columna-vertebral-de-los-entornos-digitales-de-trabajo","status":"publish","type":"post","link":"https:\/\/legacy.colt.net\/es\/resources\/entrevista-a-joan-monraba-ciberseguridad-nube-conectividad-y-comunicacion-la-columna-vertebral-de-los-entornos-digitales-de-trabajo\/","title":{"rendered":"Entrevista a Joan Monrab\u00e0: Ciberseguridad, nube, conectividad y comunicaci\u00f3n"},"content":{"rendered":"<p><strong>La columna vertebral de los entornos digitales de trabajo.<\/strong><\/p>\n<p><i><span style=\"font-weight: 400;\">\u201cLa adopci\u00f3n en un tiempo r\u00e9cord de pol\u00edticas y herramientas para la transformaci\u00f3n digital de las empresas ha sido nuestro principal reto durante 2020.\u201d<\/span><\/i><\/p>\n<p><b>\u00bfCu\u00e1les son los principales retos a los que se han enfrentado en 2020 y con cu\u00e1les cree que se van a encontrar en 2021?\u00a0<\/b><\/p>\n<p>Sin duda alguna, el principal reto ha sido la transformaci\u00f3n digital a marchas forzadas a la que nos hemos visto obligados durante el inicio de la pandemia. A partir de ahora, el reto para las empresas ser\u00e1 resolver estas nuevas necesidades no solo a corto plazo, si no de forma permanente.<br \/>\n<b><\/b><\/p>\n<p><span style=\"font-weight: 400;\">La seguridad en estos momentos tambi\u00e9n es m\u00e1s importante que nunca. Con tantas empresas en pleno proceso de transformaci\u00f3n digital, es crucial lograr un equilibrio para conectar r\u00e1pidamente a m\u00e1s personas sin comprometer la seguridad. A pesar de la urgencia por establecer el teletrabajo, las empresas deben tener cuidado de no exponer sistemas cr\u00edticos sin los controles adecuados.<\/span><\/p>\n<p>&nbsp;<\/p>\n<p><b>\u00bfCree que el mercado de servicios de TI ha sido uno de los m\u00e1s \u2018beneficiados\u2019 por la pandemia?\u00a0<\/b><\/p>\n<p>En el \u00faltimo a\u00f1o se ha visto c\u00f3mo gran parte del sector de la tecnolog\u00eda avanza a paso lento y la pandemia ha obligado a aplazar muchas iniciativas de las tecnolog\u00edas de la informaci\u00f3n y las comunicaciones, lo cual ha repercutido en los presupuestos de muchas empresas.<br \/>\n<b><\/b><\/p>\n<p><span style=\"font-weight: 400;\">Pero a pesar del desaf\u00edo que ha resultado ser el 2020, la demanda de m\u00e1s servicios de conectividad, como por ejemplo <\/span><a href=\"https:\/\/legacy.colt.net\/es\/product\/sd-wan\/\"><span style=\"font-weight: 400;\">SD WAN<\/span><\/a><span style=\"font-weight: 400;\">, se ha mantenido con fuerza. De hecho, el COVID-19 parece haber estimulado entre las empresas su inter\u00e9s en lo que la SD WAN puede ofrecer, y muchas de ellas han pasado de la fase de evaluaci\u00f3n a desplegarla a gran escala para beneficiarse de sus ventajas.<\/span><\/p>\n<p>&nbsp;<\/p>\n<p><b>En los \u00faltimos meses, tanto los organismos p\u00fablicos como las empresas privadas han tenido que cambiar sus modelos de trabajo internos, pero tambi\u00e9n adaptarse a una nueva atenci\u00f3n a usuarios y clientes. \u00bfQu\u00e9 medidas y tecnolog\u00edas han tenido que adoptar y adaptar los equipos de TI?\u00a0<\/b><\/p>\n<p>A lo largo del 2020 hemos visto un incremento considerable del tr\u00e1fico de red, particularmente de voz, y muchos clientes han solicitado aumentos de capacidad. Las empresas est\u00e1n cambiando radicalmente su forma de trabajar, requiriendo de forma urgente aumentar sus anchos de banda.<br \/>\n<b><\/b><\/p>\n<p>&nbsp;<\/p>\n<p><b>Cada vez son m\u00e1s los negocios que instauran el teletrabajo. \u00bfCu\u00e1les son los principales desaf\u00edos a los que se enfrentan y c\u00f3mo les ayudan a resolverlos?\u00a0<\/b><\/p>\n<p>Muchas empresas tienen que administrar requerimientos de conectividad significativamente distintos, con m\u00e1s empleados trabajando de forma remota y una mayor demanda de servicios en la nube.<br \/>\n<b><\/b><\/p>\n<p><span style=\"font-weight: 400;\">Gracias a los avances en el sector de las telecomunicaciones, se han podido llevar a cabo verdaderas transformaciones digitales en un tiempo r\u00e9cord: deslocalizando servicios de voz, moviendo agentes de un contact center a trabajar en remoto desde sus casas, incrementando capacidades de acceso a Internet o inventando conjuntamente arquitecturas de conectividad para permitir nuevas formas de trabajo, a menudo involucrando conexiones a los proveedores de servicios en la nube.<\/span><\/p>\n<p>&nbsp;<\/p>\n<p><b>\u00bfC\u00f3mo ayudan sus soluciones a que las empresas sean m\u00e1s competentes en el entorno digital?<\/b><\/p>\n<p>Ahora m\u00e1s que nunca, servicios como Colt On Demand Services suponen una aut\u00e9ntica revoluci\u00f3n para las empresas globales, que necesitan soluciones de conectividad completamente flexibles y adaptadas. La red pasa a ser un componente escalable de la arquitectura IT en funci\u00f3n de las necesidades en cada momento, lo que aporta soluciones totalmente personalizadas.<br \/>\n<b><\/b><\/p>\n<p><span style=\"font-weight: 400;\">Entre los servicios de Colt m\u00e1s demandados por las empresas en el nuevo entorno digital, encontramos la <\/span><a href=\"https:\/\/legacy.colt.net\/es\/cloud-connect\/\"><span style=\"font-weight: 400;\">conectividad a la nube<\/span><\/a><span style=\"font-weight: 400;\">, como el acceso dedicado a la nube, SD WAN multicloud y priorizaci\u00f3n del tr\u00e1fico. Tambi\u00e9n las <\/span><a href=\"https:\/\/legacy.colt.net\/es\/optical\/\"><span style=\"font-weight: 400;\">soluciones de voz<\/span><\/a><span style=\"font-weight: 400;\">, como la telefon\u00eda basada en Teams de Microsoft, call center como servicio, comunicaciones inteligentes y n\u00fameros IN.<\/span><\/p>\n<p><span style=\"font-weight: 400;\">Los <\/span><a href=\"https:\/\/legacy.colt.net\/es\/cybersecurity\/\"><span style=\"font-weight: 400;\">servicios de ciberseguridad<\/span><\/a><span style=\"font-weight: 400;\"> son otro de los imprescindibles en el entorno digital actual:<\/span> <span style=\"font-weight: 400;\">monitorean, detectan y protegen sus datos e infraestructura de TI de las amenazas cibern\u00e9ticas. Por \u00faltimo, destacar\u00edamos los <\/span><a href=\"https:\/\/legacy.colt.net\/es\/optical\/\"><span style=\"font-weight: 400;\">servicios de conectividad<\/span><\/a><span style=\"font-weight: 400;\"> de red e internet de alta velocidad, baja latencia y calidad bajo SLAs.<\/span><\/p>\n","protected":false},"excerpt":{"rendered":"<p>La columna vertebral de los entornos digitales de trabajo. \u201cLa adopci\u00f3n en un tiempo r\u00e9cord de pol\u00edticas y herramientas para la transformaci\u00f3n digital de las empresas ha sido nuestro principal reto durante 2020.\u201d \u00bfCu\u00e1les son los principales retos a los que se han enfrentado en 2020 y con cu\u00e1les cree que se van a encontrar&#8230;<\/p>\n","protected":false},"author":48,"featured_media":95300,"comment_status":"closed","ping_status":"closed","sticky":false,"template":"","format":"standard","meta":{"_acf_changed":false,"footnotes":""},"colt_type":[1174],"colt_ind":[],"colt_products":[1264],"colt_solutions":[1784,1778,1779,1782,1783,1785,1780],"class_list":["post-95299","post","type-post","status-publish","format-standard","has-post-thumbnail","hentry","colt_type-blog-es","colt_products-business-connect-es","colt_solutions-communications","colt_solutions-modernise-cloud-environments","colt_solutions-network-as-a-service","colt_solutions-networking","colt_solutions-optimise-network-infrastructure","colt_solutions-security","colt_solutions-transform-your-workplace"],"acf":[],"yoast_head":"<!-- This site is optimized with the Yoast SEO plugin v26.8 - https:\/\/yoast.com\/product\/yoast-seo-wordpress\/ -->\n<title>Entrevista a Joan Monrab\u00e0: Ciberseguridad, nube, conectividad y comunicaci\u00f3n - Colt Technology Services<\/title>\n<meta name=\"description\" content=\"Entrevista a Joan Monrab\u00e0: Ciberseguridad, nube, conectividad y comunicaci\u00f3n Colt Technology Services\" \/>\n<meta name=\"robots\" content=\"noindex, follow, max-snippet:-1, max-image-preview:large, max-video-preview:-1\" \/>\n<meta property=\"og:locale\" content=\"es_ES\" \/>\n<meta property=\"og:type\" content=\"article\" \/>\n<meta property=\"og:title\" content=\"Entrevista a Joan Monrab\u00e0: Ciberseguridad, nube, conectividad y comunicaci\u00f3n - Colt Technology Services\" \/>\n<meta property=\"og:description\" content=\"Entrevista a Joan Monrab\u00e0: Ciberseguridad, nube, conectividad y comunicaci\u00f3n Colt Technology Services\" \/>\n<meta property=\"og:url\" content=\"https:\/\/legacy.colt.net\/es\/resources\/entrevista-a-joan-monraba-ciberseguridad-nube-conectividad-y-comunicacion-la-columna-vertebral-de-los-entornos-digitales-de-trabajo\/\" \/>\n<meta property=\"og:site_name\" content=\"Colt Technology Services\" \/>\n<meta property=\"article:publisher\" content=\"https:\/\/www.facebook.com\/ColtTechnologyServices\/\" \/>\n<meta property=\"article:published_time\" content=\"2021-04-26T09:46:21+00:00\" \/>\n<meta property=\"article:modified_time\" content=\"2021-04-26T10:09:45+00:00\" \/>\n<meta property=\"og:image\" content=\"https:\/\/legacy.colt.net\/wp-content\/uploads\/2021\/04\/JoanMonraba_2021-scaled.jpg\" \/>\n\t<meta property=\"og:image:width\" content=\"2560\" \/>\n\t<meta property=\"og:image:height\" content=\"1920\" \/>\n\t<meta property=\"og:image:type\" content=\"image\/jpeg\" \/>\n<meta name=\"author\" content=\"Lourdes Serrano\" \/>\n<meta name=\"twitter:card\" content=\"summary_large_image\" \/>\n<meta name=\"twitter:image\" content=\"https:\/\/legacy.colt.net\/wp-content\/uploads\/2021\/04\/JoanMonraba_2021-scaled.jpg\" \/>\n<meta name=\"twitter:creator\" content=\"@colt_technology\" \/>\n<meta name=\"twitter:site\" content=\"@colt_technology\" \/>\n<meta name=\"twitter:label1\" content=\"Written by\" \/>\n\t<meta name=\"twitter:data1\" content=\"Lourdes Serrano\" \/>\n\t<meta name=\"twitter:label2\" content=\"Est. reading time\" \/>\n\t<meta name=\"twitter:data2\" content=\"3 minutes\" \/>\n<script type=\"application\/ld+json\" class=\"yoast-schema-graph\">{\"@context\":\"https:\/\/schema.org\",\"@graph\":[{\"@type\":\"Article\",\"@id\":\"https:\/\/legacy.colt.net\/es\/resources\/entrevista-a-joan-monraba-ciberseguridad-nube-conectividad-y-comunicacion-la-columna-vertebral-de-los-entornos-digitales-de-trabajo\/#article\",\"isPartOf\":{\"@id\":\"https:\/\/legacy.colt.net\/es\/resources\/entrevista-a-joan-monraba-ciberseguridad-nube-conectividad-y-comunicacion-la-columna-vertebral-de-los-entornos-digitales-de-trabajo\/\"},\"author\":{\"name\":\"Lourdes Serrano\",\"@id\":\"https:\/\/legacy.colt.net\/#\/schema\/person\/0790b52b9c3cc2a1173a6ceeaf63f304\"},\"headline\":\"Entrevista a Joan Monrab\u00e0: Ciberseguridad, nube, conectividad y comunicaci\u00f3n\",\"datePublished\":\"2021-04-26T09:46:21+00:00\",\"dateModified\":\"2021-04-26T10:09:45+00:00\",\"mainEntityOfPage\":{\"@id\":\"https:\/\/legacy.colt.net\/es\/resources\/entrevista-a-joan-monraba-ciberseguridad-nube-conectividad-y-comunicacion-la-columna-vertebral-de-los-entornos-digitales-de-trabajo\/\"},\"wordCount\":742,\"publisher\":{\"@id\":\"https:\/\/legacy.colt.net\/#organization\"},\"image\":{\"@id\":\"https:\/\/legacy.colt.net\/es\/resources\/entrevista-a-joan-monraba-ciberseguridad-nube-conectividad-y-comunicacion-la-columna-vertebral-de-los-entornos-digitales-de-trabajo\/#primaryimage\"},\"thumbnailUrl\":\"https:\/\/legacy.colt.net\/wp-content\/uploads\/2021\/04\/JoanMonraba_2021-scaled.jpg\",\"inLanguage\":\"es-ES\"},{\"@type\":\"WebPage\",\"@id\":\"https:\/\/legacy.colt.net\/es\/resources\/entrevista-a-joan-monraba-ciberseguridad-nube-conectividad-y-comunicacion-la-columna-vertebral-de-los-entornos-digitales-de-trabajo\/\",\"url\":\"https:\/\/legacy.colt.net\/es\/resources\/entrevista-a-joan-monraba-ciberseguridad-nube-conectividad-y-comunicacion-la-columna-vertebral-de-los-entornos-digitales-de-trabajo\/\",\"name\":\"Entrevista a Joan Monrab\u00e0: Ciberseguridad, nube, conectividad y comunicaci\u00f3n - Colt Technology Services\",\"isPartOf\":{\"@id\":\"https:\/\/legacy.colt.net\/#website\"},\"primaryImageOfPage\":{\"@id\":\"https:\/\/legacy.colt.net\/es\/resources\/entrevista-a-joan-monraba-ciberseguridad-nube-conectividad-y-comunicacion-la-columna-vertebral-de-los-entornos-digitales-de-trabajo\/#primaryimage\"},\"image\":{\"@id\":\"https:\/\/legacy.colt.net\/es\/resources\/entrevista-a-joan-monraba-ciberseguridad-nube-conectividad-y-comunicacion-la-columna-vertebral-de-los-entornos-digitales-de-trabajo\/#primaryimage\"},\"thumbnailUrl\":\"https:\/\/legacy.colt.net\/wp-content\/uploads\/2021\/04\/JoanMonraba_2021-scaled.jpg\",\"datePublished\":\"2021-04-26T09:46:21+00:00\",\"dateModified\":\"2021-04-26T10:09:45+00:00\",\"description\":\"Entrevista a Joan Monrab\u00e0: Ciberseguridad, nube, conectividad y comunicaci\u00f3n Colt Technology Services\",\"breadcrumb\":{\"@id\":\"https:\/\/legacy.colt.net\/es\/resources\/entrevista-a-joan-monraba-ciberseguridad-nube-conectividad-y-comunicacion-la-columna-vertebral-de-los-entornos-digitales-de-trabajo\/#breadcrumb\"},\"inLanguage\":\"es-ES\",\"potentialAction\":[{\"@type\":\"ReadAction\",\"target\":[\"https:\/\/legacy.colt.net\/es\/resources\/entrevista-a-joan-monraba-ciberseguridad-nube-conectividad-y-comunicacion-la-columna-vertebral-de-los-entornos-digitales-de-trabajo\/\"]}]},{\"@type\":\"ImageObject\",\"inLanguage\":\"es-ES\",\"@id\":\"https:\/\/legacy.colt.net\/es\/resources\/entrevista-a-joan-monraba-ciberseguridad-nube-conectividad-y-comunicacion-la-columna-vertebral-de-los-entornos-digitales-de-trabajo\/#primaryimage\",\"url\":\"https:\/\/legacy.colt.net\/wp-content\/uploads\/2021\/04\/JoanMonraba_2021-scaled.jpg\",\"contentUrl\":\"https:\/\/legacy.colt.net\/wp-content\/uploads\/2021\/04\/JoanMonraba_2021-scaled.jpg\",\"width\":2560,\"height\":1920},{\"@type\":\"BreadcrumbList\",\"@id\":\"https:\/\/legacy.colt.net\/es\/resources\/entrevista-a-joan-monraba-ciberseguridad-nube-conectividad-y-comunicacion-la-columna-vertebral-de-los-entornos-digitales-de-trabajo\/#breadcrumb\",\"itemListElement\":[{\"@type\":\"ListItem\",\"position\":1,\"name\":\"Home\",\"item\":\"https:\/\/legacy.colt.net\/es\/\"},{\"@type\":\"ListItem\",\"position\":2,\"name\":\"Blogs\",\"item\":\"https:\/\/legacy.colt.net\/es\/resources\/type\/blog-es\/\"},{\"@type\":\"ListItem\",\"position\":3,\"name\":\"Entrevista a Joan Monrab\u00e0: Ciberseguridad, nube, conectividad y comunicaci\u00f3n\"}]},{\"@type\":\"WebSite\",\"@id\":\"https:\/\/legacy.colt.net\/#website\",\"url\":\"https:\/\/legacy.colt.net\/\",\"name\":\"Colt\u30c6\u30af\u30ce\u30ed\u30b8\u30fc\u30b5\u30fc\u30d3\u30b9\u682a\u5f0f\u4f1a\u793e\",\"description\":\"Managed Network &amp; Voice Services Provider\",\"publisher\":{\"@id\":\"https:\/\/legacy.colt.net\/#organization\"},\"potentialAction\":[{\"@type\":\"SearchAction\",\"target\":{\"@type\":\"EntryPoint\",\"urlTemplate\":\"https:\/\/legacy.colt.net\/?s={search_term_string}\"},\"query-input\":{\"@type\":\"PropertyValueSpecification\",\"valueRequired\":true,\"valueName\":\"search_term_string\"}}],\"inLanguage\":\"es-ES\"},{\"@type\":\"Organization\",\"@id\":\"https:\/\/legacy.colt.net\/#organization\",\"name\":\"Colt Technology Services\",\"url\":\"https:\/\/legacy.colt.net\/\",\"logo\":{\"@type\":\"ImageObject\",\"inLanguage\":\"es-ES\",\"@id\":\"https:\/\/legacy.colt.net\/#\/schema\/logo\/image\/\",\"url\":\"https:\/\/legacy.colt.net\/wp-content\/uploads\/2019\/02\/Colt-Logo.png\",\"contentUrl\":\"https:\/\/legacy.colt.net\/wp-content\/uploads\/2019\/02\/Colt-Logo.png\",\"width\":195,\"height\":77,\"caption\":\"Colt Technology Services\"},\"image\":{\"@id\":\"https:\/\/legacy.colt.net\/#\/schema\/logo\/image\/\"},\"sameAs\":[\"https:\/\/www.facebook.com\/ColtTechnologyServices\/\",\"https:\/\/x.com\/colt_technology\",\"https:\/\/www.instagram.com\/colttechnologyservices\/\",\"https:\/\/www.linkedin.com\/company\/colt-technology-services\",\"https:\/\/www.youtube.com\/user\/ColtTechnology\"]},{\"@type\":\"Person\",\"@id\":\"https:\/\/legacy.colt.net\/#\/schema\/person\/0790b52b9c3cc2a1173a6ceeaf63f304\",\"name\":\"Lourdes Serrano\",\"image\":{\"@type\":\"ImageObject\",\"inLanguage\":\"es-ES\",\"@id\":\"https:\/\/legacy.colt.net\/#\/schema\/person\/image\/\",\"url\":\"https:\/\/secure.gravatar.com\/avatar\/b6363e26360d3ce05582b80235b0da9914782c05898cdb163a08e94feb75b238?s=96&d=mm&r=g\",\"contentUrl\":\"https:\/\/secure.gravatar.com\/avatar\/b6363e26360d3ce05582b80235b0da9914782c05898cdb163a08e94feb75b238?s=96&d=mm&r=g\",\"caption\":\"Lourdes Serrano\"},\"url\":\"https:\/\/legacy.colt.net\/es\/resources\/author\/lourdesserrano\/\"}]}<\/script>\n<!-- \/ Yoast SEO plugin. -->","yoast_head_json":{"title":"Entrevista a Joan Monrab\u00e0: Ciberseguridad, nube, conectividad y comunicaci\u00f3n - Colt Technology Services","description":"Entrevista a Joan Monrab\u00e0: Ciberseguridad, nube, conectividad y comunicaci\u00f3n Colt Technology Services","robots":{"index":"noindex","follow":"follow","max-snippet":"max-snippet:-1","max-image-preview":"max-image-preview:large","max-video-preview":"max-video-preview:-1"},"og_locale":"es_ES","og_type":"article","og_title":"Entrevista a Joan Monrab\u00e0: Ciberseguridad, nube, conectividad y comunicaci\u00f3n - Colt Technology Services","og_description":"Entrevista a Joan Monrab\u00e0: Ciberseguridad, nube, conectividad y comunicaci\u00f3n Colt Technology Services","og_url":"https:\/\/legacy.colt.net\/es\/resources\/entrevista-a-joan-monraba-ciberseguridad-nube-conectividad-y-comunicacion-la-columna-vertebral-de-los-entornos-digitales-de-trabajo\/","og_site_name":"Colt Technology Services","article_publisher":"https:\/\/www.facebook.com\/ColtTechnologyServices\/","article_published_time":"2021-04-26T09:46:21+00:00","article_modified_time":"2021-04-26T10:09:45+00:00","og_image":[{"width":2560,"height":1920,"url":"https:\/\/legacy.colt.net\/wp-content\/uploads\/2021\/04\/JoanMonraba_2021-scaled.jpg","type":"image\/jpeg"}],"author":"Lourdes Serrano","twitter_card":"summary_large_image","twitter_image":"https:\/\/legacy.colt.net\/wp-content\/uploads\/2021\/04\/JoanMonraba_2021-scaled.jpg","twitter_creator":"@colt_technology","twitter_site":"@colt_technology","twitter_misc":{"Written by":"Lourdes Serrano","Est. reading time":"3 minutes"},"schema":{"@context":"https:\/\/schema.org","@graph":[{"@type":"Article","@id":"https:\/\/legacy.colt.net\/es\/resources\/entrevista-a-joan-monraba-ciberseguridad-nube-conectividad-y-comunicacion-la-columna-vertebral-de-los-entornos-digitales-de-trabajo\/#article","isPartOf":{"@id":"https:\/\/legacy.colt.net\/es\/resources\/entrevista-a-joan-monraba-ciberseguridad-nube-conectividad-y-comunicacion-la-columna-vertebral-de-los-entornos-digitales-de-trabajo\/"},"author":{"name":"Lourdes Serrano","@id":"https:\/\/legacy.colt.net\/#\/schema\/person\/0790b52b9c3cc2a1173a6ceeaf63f304"},"headline":"Entrevista a Joan Monrab\u00e0: Ciberseguridad, nube, conectividad y comunicaci\u00f3n","datePublished":"2021-04-26T09:46:21+00:00","dateModified":"2021-04-26T10:09:45+00:00","mainEntityOfPage":{"@id":"https:\/\/legacy.colt.net\/es\/resources\/entrevista-a-joan-monraba-ciberseguridad-nube-conectividad-y-comunicacion-la-columna-vertebral-de-los-entornos-digitales-de-trabajo\/"},"wordCount":742,"publisher":{"@id":"https:\/\/legacy.colt.net\/#organization"},"image":{"@id":"https:\/\/legacy.colt.net\/es\/resources\/entrevista-a-joan-monraba-ciberseguridad-nube-conectividad-y-comunicacion-la-columna-vertebral-de-los-entornos-digitales-de-trabajo\/#primaryimage"},"thumbnailUrl":"https:\/\/legacy.colt.net\/wp-content\/uploads\/2021\/04\/JoanMonraba_2021-scaled.jpg","inLanguage":"es-ES"},{"@type":"WebPage","@id":"https:\/\/legacy.colt.net\/es\/resources\/entrevista-a-joan-monraba-ciberseguridad-nube-conectividad-y-comunicacion-la-columna-vertebral-de-los-entornos-digitales-de-trabajo\/","url":"https:\/\/legacy.colt.net\/es\/resources\/entrevista-a-joan-monraba-ciberseguridad-nube-conectividad-y-comunicacion-la-columna-vertebral-de-los-entornos-digitales-de-trabajo\/","name":"Entrevista a Joan Monrab\u00e0: Ciberseguridad, nube, conectividad y comunicaci\u00f3n - Colt Technology Services","isPartOf":{"@id":"https:\/\/legacy.colt.net\/#website"},"primaryImageOfPage":{"@id":"https:\/\/legacy.colt.net\/es\/resources\/entrevista-a-joan-monraba-ciberseguridad-nube-conectividad-y-comunicacion-la-columna-vertebral-de-los-entornos-digitales-de-trabajo\/#primaryimage"},"image":{"@id":"https:\/\/legacy.colt.net\/es\/resources\/entrevista-a-joan-monraba-ciberseguridad-nube-conectividad-y-comunicacion-la-columna-vertebral-de-los-entornos-digitales-de-trabajo\/#primaryimage"},"thumbnailUrl":"https:\/\/legacy.colt.net\/wp-content\/uploads\/2021\/04\/JoanMonraba_2021-scaled.jpg","datePublished":"2021-04-26T09:46:21+00:00","dateModified":"2021-04-26T10:09:45+00:00","description":"Entrevista a Joan Monrab\u00e0: Ciberseguridad, nube, conectividad y comunicaci\u00f3n Colt Technology Services","breadcrumb":{"@id":"https:\/\/legacy.colt.net\/es\/resources\/entrevista-a-joan-monraba-ciberseguridad-nube-conectividad-y-comunicacion-la-columna-vertebral-de-los-entornos-digitales-de-trabajo\/#breadcrumb"},"inLanguage":"es-ES","potentialAction":[{"@type":"ReadAction","target":["https:\/\/legacy.colt.net\/es\/resources\/entrevista-a-joan-monraba-ciberseguridad-nube-conectividad-y-comunicacion-la-columna-vertebral-de-los-entornos-digitales-de-trabajo\/"]}]},{"@type":"ImageObject","inLanguage":"es-ES","@id":"https:\/\/legacy.colt.net\/es\/resources\/entrevista-a-joan-monraba-ciberseguridad-nube-conectividad-y-comunicacion-la-columna-vertebral-de-los-entornos-digitales-de-trabajo\/#primaryimage","url":"https:\/\/legacy.colt.net\/wp-content\/uploads\/2021\/04\/JoanMonraba_2021-scaled.jpg","contentUrl":"https:\/\/legacy.colt.net\/wp-content\/uploads\/2021\/04\/JoanMonraba_2021-scaled.jpg","width":2560,"height":1920},{"@type":"BreadcrumbList","@id":"https:\/\/legacy.colt.net\/es\/resources\/entrevista-a-joan-monraba-ciberseguridad-nube-conectividad-y-comunicacion-la-columna-vertebral-de-los-entornos-digitales-de-trabajo\/#breadcrumb","itemListElement":[{"@type":"ListItem","position":1,"name":"Home","item":"https:\/\/legacy.colt.net\/es\/"},{"@type":"ListItem","position":2,"name":"Blogs","item":"https:\/\/legacy.colt.net\/es\/resources\/type\/blog-es\/"},{"@type":"ListItem","position":3,"name":"Entrevista a Joan Monrab\u00e0: Ciberseguridad, nube, conectividad y comunicaci\u00f3n"}]},{"@type":"WebSite","@id":"https:\/\/legacy.colt.net\/#website","url":"https:\/\/legacy.colt.net\/","name":"Colt\u30c6\u30af\u30ce\u30ed\u30b8\u30fc\u30b5\u30fc\u30d3\u30b9\u682a\u5f0f\u4f1a\u793e","description":"Managed Network &amp; Voice Services Provider","publisher":{"@id":"https:\/\/legacy.colt.net\/#organization"},"potentialAction":[{"@type":"SearchAction","target":{"@type":"EntryPoint","urlTemplate":"https:\/\/legacy.colt.net\/?s={search_term_string}"},"query-input":{"@type":"PropertyValueSpecification","valueRequired":true,"valueName":"search_term_string"}}],"inLanguage":"es-ES"},{"@type":"Organization","@id":"https:\/\/legacy.colt.net\/#organization","name":"Colt Technology Services","url":"https:\/\/legacy.colt.net\/","logo":{"@type":"ImageObject","inLanguage":"es-ES","@id":"https:\/\/legacy.colt.net\/#\/schema\/logo\/image\/","url":"https:\/\/legacy.colt.net\/wp-content\/uploads\/2019\/02\/Colt-Logo.png","contentUrl":"https:\/\/legacy.colt.net\/wp-content\/uploads\/2019\/02\/Colt-Logo.png","width":195,"height":77,"caption":"Colt Technology Services"},"image":{"@id":"https:\/\/legacy.colt.net\/#\/schema\/logo\/image\/"},"sameAs":["https:\/\/www.facebook.com\/ColtTechnologyServices\/","https:\/\/x.com\/colt_technology","https:\/\/www.instagram.com\/colttechnologyservices\/","https:\/\/www.linkedin.com\/company\/colt-technology-services","https:\/\/www.youtube.com\/user\/ColtTechnology"]},{"@type":"Person","@id":"https:\/\/legacy.colt.net\/#\/schema\/person\/0790b52b9c3cc2a1173a6ceeaf63f304","name":"Lourdes Serrano","image":{"@type":"ImageObject","inLanguage":"es-ES","@id":"https:\/\/legacy.colt.net\/#\/schema\/person\/image\/","url":"https:\/\/secure.gravatar.com\/avatar\/b6363e26360d3ce05582b80235b0da9914782c05898cdb163a08e94feb75b238?s=96&d=mm&r=g","contentUrl":"https:\/\/secure.gravatar.com\/avatar\/b6363e26360d3ce05582b80235b0da9914782c05898cdb163a08e94feb75b238?s=96&d=mm&r=g","caption":"Lourdes Serrano"},"url":"https:\/\/legacy.colt.net\/es\/resources\/author\/lourdesserrano\/"}]}},"_links":{"self":[{"href":"https:\/\/legacy.colt.net\/es\/wp-json\/wp\/v2\/posts\/95299","targetHints":{"allow":["GET"]}}],"collection":[{"href":"https:\/\/legacy.colt.net\/es\/wp-json\/wp\/v2\/posts"}],"about":[{"href":"https:\/\/legacy.colt.net\/es\/wp-json\/wp\/v2\/types\/post"}],"author":[{"embeddable":true,"href":"https:\/\/legacy.colt.net\/es\/wp-json\/wp\/v2\/users\/48"}],"replies":[{"embeddable":true,"href":"https:\/\/legacy.colt.net\/es\/wp-json\/wp\/v2\/comments?post=95299"}],"version-history":[{"count":0,"href":"https:\/\/legacy.colt.net\/es\/wp-json\/wp\/v2\/posts\/95299\/revisions"}],"wp:featuredmedia":[{"embeddable":true,"href":"https:\/\/legacy.colt.net\/es\/wp-json\/wp\/v2\/media\/95300"}],"wp:attachment":[{"href":"https:\/\/legacy.colt.net\/es\/wp-json\/wp\/v2\/media?parent=95299"}],"wp:term":[{"taxonomy":"colt_type","embeddable":true,"href":"https:\/\/legacy.colt.net\/es\/wp-json\/wp\/v2\/colt_type?post=95299"},{"taxonomy":"colt_ind","embeddable":true,"href":"https:\/\/legacy.colt.net\/es\/wp-json\/wp\/v2\/colt_ind?post=95299"},{"taxonomy":"colt_products","embeddable":true,"href":"https:\/\/legacy.colt.net\/es\/wp-json\/wp\/v2\/colt_products?post=95299"},{"taxonomy":"colt_solutions","embeddable":true,"href":"https:\/\/legacy.colt.net\/es\/wp-json\/wp\/v2\/colt_solutions?post=95299"}],"curies":[{"name":"wp","href":"https:\/\/api.w.org\/{rel}","templated":true}]}}