{"id":89726,"date":"2021-01-25T08:01:14","date_gmt":"2021-01-25T08:01:14","guid":{"rendered":"https:\/\/www.colt.net\/?p=89726"},"modified":"2021-01-25T13:01:29","modified_gmt":"2021-01-25T13:01:29","slug":"colt-participara-en-la-ii-jornada-de-proteccion-de-datos-personales","status":"publish","type":"post","link":"https:\/\/legacy.colt.net\/es\/resources\/colt-participara-en-la-ii-jornada-de-proteccion-de-datos-personales\/","title":{"rendered":"Colt participar\u00e1 en la II Jornada de protecci\u00f3n de datos personales"},"content":{"rendered":"<p>El pr\u00f3ximo 27 de enero, Colt tendr\u00e1 el placer de participar en la<strong> II Jornada de protecci\u00f3n de datos personales<\/strong> a trav\u00e9s del webinar <strong>Evoluci\u00f3n Tecnol\u00f3gica y Privacidad a Debate: 5G e Inteligencia Artificial<\/strong>.<\/p>\n<p>El evento estar\u00e1 organizado por la <strong>IAPP<\/strong> (International Association of Privacy Professionals) y la <strong>Universidad Francisco de Vitoria<\/strong>. Constar\u00e1 de dos mesas redondas, la primera sobre Privacidad y 5G y la segunda sobre aspectos legales y \u00e9ticos de la Inteligencia Artificial.<\/p>\n<p><strong>Cristina Sirera<\/strong>, Group Data Protection Advisor de <strong>Colt y Delegada de Protecci\u00f3n de Datos de Colt Espa\u00f1a<\/strong>, intervendr\u00e1 a trav\u00e9s de la Mesa Redonda Privacidad y 5G, junto a otros delegados de protecci\u00f3n de datos, acompa\u00f1ados por Luis de Salvador Carrasco, Director de la Divisi\u00f3n de Innovaci\u00f3n Tecnol\u00f3gica la <strong>Agencia Espa\u00f1ola de Protecci\u00f3n de Datos (AEPD)<\/strong>. Durante el debate, Sirera hablar\u00e1 sobre las recomendaciones de privacidad de la <strong>AEPD<\/strong>\u00a0en relaci\u00f3n con su <a href=\"https:\/\/eur01.safelinks.protection.outlook.com\/?url=https%3A%2F%2Fwww.aepd.es%2Fsites%2Fdefault%2Ffiles%2F2020-06%2Fnota-tecnica-privacidad-5g.pdf&amp;data=04%7C01%7CLourdes.Serrano%40colt.net%7C50332d35bf51491ceac708d8c1308dd3%7Cb859cf7eff8a40bbbd0fda56e6dc0eb8%7C1%7C0%7C637471761576774084%7CUnknown%7CTWFpbGZsb3d8eyJWIjoiMC4wLjAwMDAiLCJQIjoiV2luMzIiLCJBTiI6Ik1haWwiLCJXVCI6Mn0%3D%7C1000&amp;sdata=TJOv6e9Cv%2BKLgfKAKiLivGpCW60OxGEdFKyyWqx1E0s%3D&amp;reserved=0\">nota t\u00e9cnica sobre la tecnolog\u00eda 5G.<\/a><\/p>\n<p>La <strong>AEPD <\/strong>insta a reflexionar en su nota t\u00e9cnica acerca de las normativas y est\u00e1ndares relativos al tratamiento y conservaci\u00f3n de datos de tr\u00e1fico por los operadores de telecomunicaciones, en particular, con relaci\u00f3n a la georreferenciaci\u00f3n y una reflexi\u00f3n sobre la necesidad de adaptar la normativa sobre recogida y conservaci\u00f3n de datos de tr\u00e1fico al cambiar la proporcionalidad de los datos recogidos. El documento tiene como objetivo presentar un primer an\u00e1lisis de los riesgos para la privacidad que puede implicar tanto esta tecnolog\u00eda como las que hagan uso de ella, y ofrecer recomendaciones a los actores implicados.<\/p>\n<p><strong>Los asistentes podr\u00e1n registrarse en el evento a trav\u00e9s de <a href=\"https:\/\/my.iapp.org\/nc__event?id=a0l1P00000EXhvJQAT&amp;mkt_tok=eyJpIjoiWkRFMFlUZ3pZVGczTmpRNSIsInQiOiJiUnhiYzZLWTVEQ2tWTjRHVGQ2a2RPNnRcL2xWb2hwUWo0MTAwOXRGOGNqZE1DUVc3TnpcL0dWdjkrb2U0YkVDdGgxNUR0ZGtJbE5ha2NzOG9EMXBmT01naFFSS29ZaGlmRGU2cmhiZTZ1XC9wazVYSjRxVGJWQ3R2MnNYdks0dWFJRSJ9\">este enlace<\/a>.<\/strong><\/p>\n","protected":false},"excerpt":{"rendered":"<p>El pr\u00f3ximo 27 de enero, Colt tendr\u00e1 el placer de participar en la II Jornada de protecci\u00f3n de datos personales a trav\u00e9s del webinar Evoluci\u00f3n Tecnol\u00f3gica y Privacidad a Debate: 5G e Inteligencia Artificial. El evento estar\u00e1 organizado por la IAPP (International Association of Privacy Professionals) y la Universidad Francisco de Vitoria. Constar\u00e1 de dos&#8230;<\/p>\n","protected":false},"author":2,"featured_media":80070,"comment_status":"closed","ping_status":"closed","sticky":false,"template":"","format":"standard","meta":{"_acf_changed":false,"footnotes":""},"colt_type":[1174],"colt_ind":[1214,1219,1224,1229,1234,1239,1244,1249,1254,1259],"colt_products":[1344],"colt_solutions":[],"class_list":["post-89726","post","type-post","status-publish","format-standard","has-post-thumbnail","hentry","colt_type-blog-es","colt_ind-business-es","colt_ind-education-es","colt_ind-finance-es","colt_ind-government-es","colt_ind-healthcare-es","colt_ind-leisure-es","colt_ind-media-es","colt_ind-retail-es","colt_ind-technology-es","colt_ind-telecoms-es","colt_products-security-es"],"acf":[],"yoast_head":"<!-- This site is optimized with the Yoast SEO plugin v26.8 - https:\/\/yoast.com\/product\/yoast-seo-wordpress\/ -->\n<title>Colt participar\u00e1 en la II Jornada de protecci\u00f3n de datos personales - Colt Technology Services<\/title>\n<meta name=\"description\" content=\"Colt participar\u00e1 en la II Jornada de protecci\u00f3n de datos personales Colt Technology Services\" \/>\n<meta name=\"robots\" content=\"noindex, follow, max-snippet:-1, max-image-preview:large, max-video-preview:-1\" \/>\n<meta property=\"og:locale\" content=\"es_ES\" \/>\n<meta property=\"og:type\" content=\"article\" \/>\n<meta property=\"og:title\" content=\"Colt participar\u00e1 en la II Jornada de protecci\u00f3n de datos personales - Colt Technology Services\" \/>\n<meta property=\"og:description\" content=\"Colt participar\u00e1 en la II Jornada de protecci\u00f3n de datos personales Colt Technology Services\" \/>\n<meta property=\"og:url\" content=\"https:\/\/legacy.colt.net\/es\/resources\/colt-participara-en-la-ii-jornada-de-proteccion-de-datos-personales\/\" \/>\n<meta property=\"og:site_name\" content=\"Colt Technology Services\" \/>\n<meta property=\"article:publisher\" content=\"https:\/\/www.facebook.com\/ColtTechnologyServices\/\" \/>\n<meta property=\"article:published_time\" content=\"2021-01-25T08:01:14+00:00\" \/>\n<meta property=\"article:modified_time\" content=\"2021-01-25T13:01:29+00:00\" \/>\n<meta property=\"og:image\" content=\"https:\/\/legacy.colt.net\/wp-content\/uploads\/2020\/09\/iStock-1183316406.jpg\" \/>\n\t<meta property=\"og:image:width\" content=\"1448\" \/>\n\t<meta property=\"og:image:height\" content=\"724\" \/>\n\t<meta property=\"og:image:type\" content=\"image\/jpeg\" \/>\n<meta name=\"author\" content=\"Colt Technology Services\" \/>\n<meta name=\"twitter:card\" content=\"summary_large_image\" \/>\n<meta name=\"twitter:image\" content=\"https:\/\/legacy.colt.net\/wp-content\/uploads\/2020\/09\/iStock-1183316406.jpg\" \/>\n<meta name=\"twitter:creator\" content=\"@colt_technology\" \/>\n<meta name=\"twitter:site\" content=\"@colt_technology\" \/>\n<meta name=\"twitter:label1\" content=\"Written by\" \/>\n\t<meta name=\"twitter:data1\" content=\"Colt Technology Services\" \/>\n\t<meta name=\"twitter:label2\" content=\"Est. reading time\" \/>\n\t<meta name=\"twitter:data2\" content=\"2 minutes\" \/>\n<script type=\"application\/ld+json\" class=\"yoast-schema-graph\">{\"@context\":\"https:\/\/schema.org\",\"@graph\":[{\"@type\":\"Article\",\"@id\":\"https:\/\/legacy.colt.net\/es\/resources\/colt-participara-en-la-ii-jornada-de-proteccion-de-datos-personales\/#article\",\"isPartOf\":{\"@id\":\"https:\/\/legacy.colt.net\/es\/resources\/colt-participara-en-la-ii-jornada-de-proteccion-de-datos-personales\/\"},\"author\":{\"name\":\"Colt Technology Services\",\"@id\":\"https:\/\/legacy.colt.net\/#\/schema\/person\/09439f92d8793dbc4008ae5e9c2dfcea\"},\"headline\":\"Colt participar\u00e1 en la II Jornada de protecci\u00f3n de datos personales\",\"datePublished\":\"2021-01-25T08:01:14+00:00\",\"dateModified\":\"2021-01-25T13:01:29+00:00\",\"mainEntityOfPage\":{\"@id\":\"https:\/\/legacy.colt.net\/es\/resources\/colt-participara-en-la-ii-jornada-de-proteccion-de-datos-personales\/\"},\"wordCount\":305,\"publisher\":{\"@id\":\"https:\/\/legacy.colt.net\/#organization\"},\"image\":{\"@id\":\"https:\/\/legacy.colt.net\/es\/resources\/colt-participara-en-la-ii-jornada-de-proteccion-de-datos-personales\/#primaryimage\"},\"thumbnailUrl\":\"https:\/\/legacy.colt.net\/wp-content\/uploads\/2020\/09\/iStock-1183316406.jpg\",\"inLanguage\":\"es-ES\"},{\"@type\":\"WebPage\",\"@id\":\"https:\/\/legacy.colt.net\/es\/resources\/colt-participara-en-la-ii-jornada-de-proteccion-de-datos-personales\/\",\"url\":\"https:\/\/legacy.colt.net\/es\/resources\/colt-participara-en-la-ii-jornada-de-proteccion-de-datos-personales\/\",\"name\":\"Colt participar\u00e1 en la II Jornada de protecci\u00f3n de datos personales - Colt Technology Services\",\"isPartOf\":{\"@id\":\"https:\/\/legacy.colt.net\/#website\"},\"primaryImageOfPage\":{\"@id\":\"https:\/\/legacy.colt.net\/es\/resources\/colt-participara-en-la-ii-jornada-de-proteccion-de-datos-personales\/#primaryimage\"},\"image\":{\"@id\":\"https:\/\/legacy.colt.net\/es\/resources\/colt-participara-en-la-ii-jornada-de-proteccion-de-datos-personales\/#primaryimage\"},\"thumbnailUrl\":\"https:\/\/legacy.colt.net\/wp-content\/uploads\/2020\/09\/iStock-1183316406.jpg\",\"datePublished\":\"2021-01-25T08:01:14+00:00\",\"dateModified\":\"2021-01-25T13:01:29+00:00\",\"description\":\"Colt participar\u00e1 en la II Jornada de protecci\u00f3n de datos personales Colt Technology Services\",\"breadcrumb\":{\"@id\":\"https:\/\/legacy.colt.net\/es\/resources\/colt-participara-en-la-ii-jornada-de-proteccion-de-datos-personales\/#breadcrumb\"},\"inLanguage\":\"es-ES\",\"potentialAction\":[{\"@type\":\"ReadAction\",\"target\":[\"https:\/\/legacy.colt.net\/es\/resources\/colt-participara-en-la-ii-jornada-de-proteccion-de-datos-personales\/\"]}]},{\"@type\":\"ImageObject\",\"inLanguage\":\"es-ES\",\"@id\":\"https:\/\/legacy.colt.net\/es\/resources\/colt-participara-en-la-ii-jornada-de-proteccion-de-datos-personales\/#primaryimage\",\"url\":\"https:\/\/legacy.colt.net\/wp-content\/uploads\/2020\/09\/iStock-1183316406.jpg\",\"contentUrl\":\"https:\/\/legacy.colt.net\/wp-content\/uploads\/2020\/09\/iStock-1183316406.jpg\",\"width\":1448,\"height\":724,\"caption\":\"Artificial intelligence concept of big data or cyber security. 3D illustration\"},{\"@type\":\"BreadcrumbList\",\"@id\":\"https:\/\/legacy.colt.net\/es\/resources\/colt-participara-en-la-ii-jornada-de-proteccion-de-datos-personales\/#breadcrumb\",\"itemListElement\":[{\"@type\":\"ListItem\",\"position\":1,\"name\":\"Home\",\"item\":\"https:\/\/legacy.colt.net\/es\/\"},{\"@type\":\"ListItem\",\"position\":2,\"name\":\"Blogs\",\"item\":\"https:\/\/legacy.colt.net\/es\/resources\/type\/blog-es\/\"},{\"@type\":\"ListItem\",\"position\":3,\"name\":\"Colt participar\u00e1 en la II Jornada de protecci\u00f3n de datos personales\"}]},{\"@type\":\"WebSite\",\"@id\":\"https:\/\/legacy.colt.net\/#website\",\"url\":\"https:\/\/legacy.colt.net\/\",\"name\":\"Colt\u30c6\u30af\u30ce\u30ed\u30b8\u30fc\u30b5\u30fc\u30d3\u30b9\u682a\u5f0f\u4f1a\u793e\",\"description\":\"Managed Network &amp; Voice Services Provider\",\"publisher\":{\"@id\":\"https:\/\/legacy.colt.net\/#organization\"},\"potentialAction\":[{\"@type\":\"SearchAction\",\"target\":{\"@type\":\"EntryPoint\",\"urlTemplate\":\"https:\/\/legacy.colt.net\/?s={search_term_string}\"},\"query-input\":{\"@type\":\"PropertyValueSpecification\",\"valueRequired\":true,\"valueName\":\"search_term_string\"}}],\"inLanguage\":\"es-ES\"},{\"@type\":\"Organization\",\"@id\":\"https:\/\/legacy.colt.net\/#organization\",\"name\":\"Colt Technology Services\",\"url\":\"https:\/\/legacy.colt.net\/\",\"logo\":{\"@type\":\"ImageObject\",\"inLanguage\":\"es-ES\",\"@id\":\"https:\/\/legacy.colt.net\/#\/schema\/logo\/image\/\",\"url\":\"https:\/\/legacy.colt.net\/wp-content\/uploads\/2019\/02\/Colt-Logo.png\",\"contentUrl\":\"https:\/\/legacy.colt.net\/wp-content\/uploads\/2019\/02\/Colt-Logo.png\",\"width\":195,\"height\":77,\"caption\":\"Colt Technology Services\"},\"image\":{\"@id\":\"https:\/\/legacy.colt.net\/#\/schema\/logo\/image\/\"},\"sameAs\":[\"https:\/\/www.facebook.com\/ColtTechnologyServices\/\",\"https:\/\/x.com\/colt_technology\",\"https:\/\/www.instagram.com\/colttechnologyservices\/\",\"https:\/\/www.linkedin.com\/company\/colt-technology-services\",\"https:\/\/www.youtube.com\/user\/ColtTechnology\"]},{\"@type\":\"Person\",\"@id\":\"https:\/\/legacy.colt.net\/#\/schema\/person\/09439f92d8793dbc4008ae5e9c2dfcea\",\"name\":\"Colt Technology Services\",\"image\":{\"@type\":\"ImageObject\",\"inLanguage\":\"es-ES\",\"@id\":\"https:\/\/legacy.colt.net\/#\/schema\/person\/image\/\",\"url\":\"https:\/\/secure.gravatar.com\/avatar\/6b9a881ba14db66fdade203b02c05780e2538ba69b96f23bf61453fb9bbaabba?s=96&d=mm&r=g\",\"contentUrl\":\"https:\/\/secure.gravatar.com\/avatar\/6b9a881ba14db66fdade203b02c05780e2538ba69b96f23bf61453fb9bbaabba?s=96&d=mm&r=g\",\"caption\":\"Colt Technology Services\"},\"description\":\"As an industry-leading global digital infrastructure company, Colt helps businesses succeed by creating extraordinary connections. Powered by amazing people, like-minded partners and innovative technology, Colt is driven by its purpose: to put the power of the digital universe in the hands of its customers \u2013 whenever, wherever and however they want.\",\"url\":\"https:\/\/legacy.colt.net\/es\/resources\/author\/colt\/\"}]}<\/script>\n<!-- \/ Yoast SEO plugin. -->","yoast_head_json":{"title":"Colt participar\u00e1 en la II Jornada de protecci\u00f3n de datos personales - Colt Technology Services","description":"Colt participar\u00e1 en la II Jornada de protecci\u00f3n de datos personales Colt Technology Services","robots":{"index":"noindex","follow":"follow","max-snippet":"max-snippet:-1","max-image-preview":"max-image-preview:large","max-video-preview":"max-video-preview:-1"},"og_locale":"es_ES","og_type":"article","og_title":"Colt participar\u00e1 en la II Jornada de protecci\u00f3n de datos personales - Colt Technology Services","og_description":"Colt participar\u00e1 en la II Jornada de protecci\u00f3n de datos personales Colt Technology Services","og_url":"https:\/\/legacy.colt.net\/es\/resources\/colt-participara-en-la-ii-jornada-de-proteccion-de-datos-personales\/","og_site_name":"Colt Technology Services","article_publisher":"https:\/\/www.facebook.com\/ColtTechnologyServices\/","article_published_time":"2021-01-25T08:01:14+00:00","article_modified_time":"2021-01-25T13:01:29+00:00","og_image":[{"width":1448,"height":724,"url":"https:\/\/legacy.colt.net\/wp-content\/uploads\/2020\/09\/iStock-1183316406.jpg","type":"image\/jpeg"}],"author":"Colt Technology Services","twitter_card":"summary_large_image","twitter_image":"https:\/\/legacy.colt.net\/wp-content\/uploads\/2020\/09\/iStock-1183316406.jpg","twitter_creator":"@colt_technology","twitter_site":"@colt_technology","twitter_misc":{"Written by":"Colt Technology Services","Est. reading time":"2 minutes"},"schema":{"@context":"https:\/\/schema.org","@graph":[{"@type":"Article","@id":"https:\/\/legacy.colt.net\/es\/resources\/colt-participara-en-la-ii-jornada-de-proteccion-de-datos-personales\/#article","isPartOf":{"@id":"https:\/\/legacy.colt.net\/es\/resources\/colt-participara-en-la-ii-jornada-de-proteccion-de-datos-personales\/"},"author":{"name":"Colt Technology Services","@id":"https:\/\/legacy.colt.net\/#\/schema\/person\/09439f92d8793dbc4008ae5e9c2dfcea"},"headline":"Colt participar\u00e1 en la II Jornada de protecci\u00f3n de datos personales","datePublished":"2021-01-25T08:01:14+00:00","dateModified":"2021-01-25T13:01:29+00:00","mainEntityOfPage":{"@id":"https:\/\/legacy.colt.net\/es\/resources\/colt-participara-en-la-ii-jornada-de-proteccion-de-datos-personales\/"},"wordCount":305,"publisher":{"@id":"https:\/\/legacy.colt.net\/#organization"},"image":{"@id":"https:\/\/legacy.colt.net\/es\/resources\/colt-participara-en-la-ii-jornada-de-proteccion-de-datos-personales\/#primaryimage"},"thumbnailUrl":"https:\/\/legacy.colt.net\/wp-content\/uploads\/2020\/09\/iStock-1183316406.jpg","inLanguage":"es-ES"},{"@type":"WebPage","@id":"https:\/\/legacy.colt.net\/es\/resources\/colt-participara-en-la-ii-jornada-de-proteccion-de-datos-personales\/","url":"https:\/\/legacy.colt.net\/es\/resources\/colt-participara-en-la-ii-jornada-de-proteccion-de-datos-personales\/","name":"Colt participar\u00e1 en la II Jornada de protecci\u00f3n de datos personales - Colt Technology Services","isPartOf":{"@id":"https:\/\/legacy.colt.net\/#website"},"primaryImageOfPage":{"@id":"https:\/\/legacy.colt.net\/es\/resources\/colt-participara-en-la-ii-jornada-de-proteccion-de-datos-personales\/#primaryimage"},"image":{"@id":"https:\/\/legacy.colt.net\/es\/resources\/colt-participara-en-la-ii-jornada-de-proteccion-de-datos-personales\/#primaryimage"},"thumbnailUrl":"https:\/\/legacy.colt.net\/wp-content\/uploads\/2020\/09\/iStock-1183316406.jpg","datePublished":"2021-01-25T08:01:14+00:00","dateModified":"2021-01-25T13:01:29+00:00","description":"Colt participar\u00e1 en la II Jornada de protecci\u00f3n de datos personales Colt Technology Services","breadcrumb":{"@id":"https:\/\/legacy.colt.net\/es\/resources\/colt-participara-en-la-ii-jornada-de-proteccion-de-datos-personales\/#breadcrumb"},"inLanguage":"es-ES","potentialAction":[{"@type":"ReadAction","target":["https:\/\/legacy.colt.net\/es\/resources\/colt-participara-en-la-ii-jornada-de-proteccion-de-datos-personales\/"]}]},{"@type":"ImageObject","inLanguage":"es-ES","@id":"https:\/\/legacy.colt.net\/es\/resources\/colt-participara-en-la-ii-jornada-de-proteccion-de-datos-personales\/#primaryimage","url":"https:\/\/legacy.colt.net\/wp-content\/uploads\/2020\/09\/iStock-1183316406.jpg","contentUrl":"https:\/\/legacy.colt.net\/wp-content\/uploads\/2020\/09\/iStock-1183316406.jpg","width":1448,"height":724,"caption":"Artificial intelligence concept of big data or cyber security. 3D illustration"},{"@type":"BreadcrumbList","@id":"https:\/\/legacy.colt.net\/es\/resources\/colt-participara-en-la-ii-jornada-de-proteccion-de-datos-personales\/#breadcrumb","itemListElement":[{"@type":"ListItem","position":1,"name":"Home","item":"https:\/\/legacy.colt.net\/es\/"},{"@type":"ListItem","position":2,"name":"Blogs","item":"https:\/\/legacy.colt.net\/es\/resources\/type\/blog-es\/"},{"@type":"ListItem","position":3,"name":"Colt participar\u00e1 en la II Jornada de protecci\u00f3n de datos personales"}]},{"@type":"WebSite","@id":"https:\/\/legacy.colt.net\/#website","url":"https:\/\/legacy.colt.net\/","name":"Colt\u30c6\u30af\u30ce\u30ed\u30b8\u30fc\u30b5\u30fc\u30d3\u30b9\u682a\u5f0f\u4f1a\u793e","description":"Managed Network &amp; Voice Services Provider","publisher":{"@id":"https:\/\/legacy.colt.net\/#organization"},"potentialAction":[{"@type":"SearchAction","target":{"@type":"EntryPoint","urlTemplate":"https:\/\/legacy.colt.net\/?s={search_term_string}"},"query-input":{"@type":"PropertyValueSpecification","valueRequired":true,"valueName":"search_term_string"}}],"inLanguage":"es-ES"},{"@type":"Organization","@id":"https:\/\/legacy.colt.net\/#organization","name":"Colt Technology Services","url":"https:\/\/legacy.colt.net\/","logo":{"@type":"ImageObject","inLanguage":"es-ES","@id":"https:\/\/legacy.colt.net\/#\/schema\/logo\/image\/","url":"https:\/\/legacy.colt.net\/wp-content\/uploads\/2019\/02\/Colt-Logo.png","contentUrl":"https:\/\/legacy.colt.net\/wp-content\/uploads\/2019\/02\/Colt-Logo.png","width":195,"height":77,"caption":"Colt Technology Services"},"image":{"@id":"https:\/\/legacy.colt.net\/#\/schema\/logo\/image\/"},"sameAs":["https:\/\/www.facebook.com\/ColtTechnologyServices\/","https:\/\/x.com\/colt_technology","https:\/\/www.instagram.com\/colttechnologyservices\/","https:\/\/www.linkedin.com\/company\/colt-technology-services","https:\/\/www.youtube.com\/user\/ColtTechnology"]},{"@type":"Person","@id":"https:\/\/legacy.colt.net\/#\/schema\/person\/09439f92d8793dbc4008ae5e9c2dfcea","name":"Colt Technology Services","image":{"@type":"ImageObject","inLanguage":"es-ES","@id":"https:\/\/legacy.colt.net\/#\/schema\/person\/image\/","url":"https:\/\/secure.gravatar.com\/avatar\/6b9a881ba14db66fdade203b02c05780e2538ba69b96f23bf61453fb9bbaabba?s=96&d=mm&r=g","contentUrl":"https:\/\/secure.gravatar.com\/avatar\/6b9a881ba14db66fdade203b02c05780e2538ba69b96f23bf61453fb9bbaabba?s=96&d=mm&r=g","caption":"Colt Technology Services"},"description":"As an industry-leading global digital infrastructure company, Colt helps businesses succeed by creating extraordinary connections. Powered by amazing people, like-minded partners and innovative technology, Colt is driven by its purpose: to put the power of the digital universe in the hands of its customers \u2013 whenever, wherever and however they want.","url":"https:\/\/legacy.colt.net\/es\/resources\/author\/colt\/"}]}},"_links":{"self":[{"href":"https:\/\/legacy.colt.net\/es\/wp-json\/wp\/v2\/posts\/89726","targetHints":{"allow":["GET"]}}],"collection":[{"href":"https:\/\/legacy.colt.net\/es\/wp-json\/wp\/v2\/posts"}],"about":[{"href":"https:\/\/legacy.colt.net\/es\/wp-json\/wp\/v2\/types\/post"}],"author":[{"embeddable":true,"href":"https:\/\/legacy.colt.net\/es\/wp-json\/wp\/v2\/users\/2"}],"replies":[{"embeddable":true,"href":"https:\/\/legacy.colt.net\/es\/wp-json\/wp\/v2\/comments?post=89726"}],"version-history":[{"count":0,"href":"https:\/\/legacy.colt.net\/es\/wp-json\/wp\/v2\/posts\/89726\/revisions"}],"wp:featuredmedia":[{"embeddable":true,"href":"https:\/\/legacy.colt.net\/es\/wp-json\/wp\/v2\/media\/80070"}],"wp:attachment":[{"href":"https:\/\/legacy.colt.net\/es\/wp-json\/wp\/v2\/media?parent=89726"}],"wp:term":[{"taxonomy":"colt_type","embeddable":true,"href":"https:\/\/legacy.colt.net\/es\/wp-json\/wp\/v2\/colt_type?post=89726"},{"taxonomy":"colt_ind","embeddable":true,"href":"https:\/\/legacy.colt.net\/es\/wp-json\/wp\/v2\/colt_ind?post=89726"},{"taxonomy":"colt_products","embeddable":true,"href":"https:\/\/legacy.colt.net\/es\/wp-json\/wp\/v2\/colt_products?post=89726"},{"taxonomy":"colt_solutions","embeddable":true,"href":"https:\/\/legacy.colt.net\/es\/wp-json\/wp\/v2\/colt_solutions?post=89726"}],"curies":[{"name":"wp","href":"https:\/\/api.w.org\/{rel}","templated":true}]}}