{"id":81492,"date":"2020-09-29T16:50:13","date_gmt":"2020-09-29T15:50:13","guid":{"rendered":"https:\/\/www.colt.net\/?p=81492"},"modified":"2020-09-29T16:50:13","modified_gmt":"2020-09-29T15:50:13","slug":"pueden-las-empresas-permitirse-retrasar-la-migracion-a-la-nube-por-el-covid-19","status":"publish","type":"post","link":"https:\/\/legacy.colt.net\/es\/resources\/pueden-las-empresas-permitirse-retrasar-la-migracion-a-la-nube-por-el-covid-19\/","title":{"rendered":"\u00bfPueden las empresas permitirse retrasar la migraci\u00f3n a la nube por el  Covid-19?"},"content":{"rendered":"<p>Debido al confinamiento global, muchas empresas avisaron de que sus proyectos de <strong>migraci\u00f3n a la nube<\/strong> se retrasar\u00edan. Nuestra <a href=\"https:\/\/legacy.colt.net\/es\/resources\/esta-cumpliendo-la-nube-con-las-expectativas-tendencias-y-desafios-en-2020\/\">encuesta<\/a> concluy\u00f3 que el 67% de los encuestados l\u00edderes en TI esperaban un retraso en sus proyectos activos, apuntando a las repercusiones econ\u00f3micas de la pandemia como motivo principal.<\/p>\n<p>A medida que nos adaptamos a la &#8220;nueva normalidad&#8221;, las preocupaciones sobre el futuro del proyecto y los retrasos en la migraci\u00f3n a la nube aumentan. A\u00fan as\u00ed, se espera que los proyectos de <strong>migraci\u00f3n a la nube<\/strong> se aceleren, gracias a la vuelta gradual a los puestos de trabajo presenciales junto con la necesidad de un trabajo m\u00e1s flexible<\/p>\n<p>El incremento de la <strong>migraci\u00f3n a la nube <\/strong>no muestra signos de frenar. De hecho, se espera que el mercado global de la nube alcance los 295 mil millones de d\u00f3lares para 2021, un crecimiento del 12,5% a partir de 2019.<\/p>\n<p>La aceleraci\u00f3n de los proyectos en la <strong>nube <\/strong>estar\u00e1 marcada, en parte, por lo lejos que est\u00e9n las organizaciones en su proceso de <strong>transformaci\u00f3n digital<\/strong>. Para aquellos que ya han adoptado plataformas y sistemas basados \u200b\u200ben la nube, ser\u00e1 un cambio f\u00e1cil. Mientras que, para aquellos que dependen de una infraestructura heredada, el paso al trabajo remoto puede encontrar\u00a0 obst\u00e1culos importantes.<\/p>\n<p>La creciente conciencia sobre las necesidades de servicio al cliente, el trabajo en remoto y la resistencia de la cadena de suministro puede conducir a una aceleraci\u00f3n de la migraci\u00f3n a la nube. Con el impacto econ\u00f3mico prolongado de la pandemia, las organizaciones buscar\u00e1n ahorrar gastos y la <strong>migraci\u00f3n a la nube<\/strong> puede ser una buena soluci\u00f3n.<\/p>\n<p>Otro factor que las empresas deber\u00e1n considerar es su infraestructura. Si bien muchas empresas se apresuraron a adaptarse al <strong>trabajo remoto<\/strong> y al uso de soluciones colaborativas, la infraestructura y la seguridad no se examinaron en su totalidad. Las empresas deber\u00edan reevaluar c\u00f3mo es su &#8220;nueva infraestructura normal&#8221; y ajustarla a\u00fan m\u00e1s.<\/p>\n<p>Las tendencias entre los consumidores tambi\u00e9n afectar\u00e1n a estas decisiones. Las instalaciones f\u00edsicas pueden perder prioridad en favor de las interacciones en l\u00ednea. El tr\u00e1fico a los sitios web tambi\u00e9n ser\u00e1 un factor si la infraestructura de red existente puede o no manejar las cargas de trabajo actuales.<\/p>\n<p>Un estudio realizado por <strong>Colt <\/strong>en 2020 destaca que las organizaciones ya han comenzado a priorizar la migraci\u00f3n de funciones orientadas al cliente (como CRM y servicio al cliente) a la nube y se espera que esta tendencia contin\u00fae.<\/p>\n<p>La adopci\u00f3n de la <strong>nube <\/strong>seguir\u00e1 expandi\u00e9ndose a medida que las empresas integren la flexibilidad y la facilidad de acceso remoto, impulsadas por los desaf\u00edos actuales.<\/p>\n<p>Para obtener m\u00e1s informaci\u00f3n sobre c\u00f3mo puede mejorar el cambio empresarial con proyectos de migraci\u00f3n a la nube, puedes acceder a la \u00faltima <a href=\"https:\/\/legacy.colt.net\/es\/resources\/esta-cumpliendo-la-nube-con-las-expectativas-tendencias-y-desafios-en-2020\/\"><strong>encuesta de Colt sobre las tendencias cloud de 2020<\/strong><\/a> y nuestra gu\u00eda sobre c\u00f3mo maximizar el\u00a0 valor de la migraci\u00f3n a la nube.<\/p>\n","protected":false},"excerpt":{"rendered":"<p>Debido al confinamiento global, muchas empresas avisaron de que sus proyectos de migraci\u00f3n a la nube se retrasar\u00edan. Nuestra encuesta concluy\u00f3 que el 67% de los encuestados l\u00edderes en TI esperaban un retraso en sus proyectos activos, apuntando a las repercusiones econ\u00f3micas de la pandemia como motivo principal. A medida que nos adaptamos a la&#8230;<\/p>\n","protected":false},"author":48,"featured_media":72651,"comment_status":"closed","ping_status":"closed","sticky":false,"template":"","format":"standard","meta":{"_acf_changed":false,"footnotes":""},"colt_type":[1174],"colt_ind":[],"colt_products":[1329,1633],"colt_solutions":[],"class_list":["post-81492","post","type-post","status-publish","format-standard","has-post-thumbnail","hentry","colt_type-blog-es","colt_products-cloud-voice-vas-es","colt_products-cloud-connect-es"],"acf":[],"yoast_head":"<!-- This site is optimized with the Yoast SEO plugin v26.8 - https:\/\/yoast.com\/product\/yoast-seo-wordpress\/ -->\n<title>\u00bfPueden las empresas permitirse retrasar la migraci\u00f3n a la nube por el Covid-19? - Colt Technology Services<\/title>\n<meta name=\"description\" content=\"\u00bfPueden las empresas permitirse retrasar la migraci\u00f3n a la nube por el Covid-19? Colt Technology Services\" \/>\n<meta name=\"robots\" content=\"noindex, follow, max-snippet:-1, max-image-preview:large, max-video-preview:-1\" \/>\n<meta property=\"og:locale\" content=\"es_ES\" \/>\n<meta property=\"og:type\" content=\"article\" \/>\n<meta property=\"og:title\" content=\"\u00bfPueden las empresas permitirse retrasar la migraci\u00f3n a la nube por el Covid-19? - Colt Technology Services\" \/>\n<meta property=\"og:description\" content=\"\u00bfPueden las empresas permitirse retrasar la migraci\u00f3n a la nube por el Covid-19? Colt Technology Services\" \/>\n<meta property=\"og:url\" content=\"https:\/\/legacy.colt.net\/es\/resources\/pueden-las-empresas-permitirse-retrasar-la-migracion-a-la-nube-por-el-covid-19\/\" \/>\n<meta property=\"og:site_name\" content=\"Colt Technology Services\" \/>\n<meta property=\"article:publisher\" content=\"https:\/\/www.facebook.com\/ColtTechnologyServices\/\" \/>\n<meta property=\"article:published_time\" content=\"2020-09-29T15:50:13+00:00\" \/>\n<meta property=\"og:image\" content=\"https:\/\/legacy.colt.net\/wp-content\/uploads\/2020\/04\/Cloud-Image-1.jpg\" \/>\n\t<meta property=\"og:image:width\" content=\"2560\" \/>\n\t<meta property=\"og:image:height\" content=\"1280\" \/>\n\t<meta property=\"og:image:type\" content=\"image\/jpeg\" \/>\n<meta name=\"author\" content=\"Lourdes Serrano\" \/>\n<meta name=\"twitter:card\" content=\"summary_large_image\" \/>\n<meta name=\"twitter:image\" content=\"https:\/\/legacy.colt.net\/wp-content\/uploads\/2020\/04\/Cloud-Image-1.jpg\" \/>\n<meta name=\"twitter:creator\" content=\"@colt_technology\" \/>\n<meta name=\"twitter:site\" content=\"@colt_technology\" \/>\n<meta name=\"twitter:label1\" content=\"Written by\" \/>\n\t<meta name=\"twitter:data1\" content=\"Lourdes Serrano\" \/>\n\t<meta name=\"twitter:label2\" content=\"Est. reading time\" \/>\n\t<meta name=\"twitter:data2\" content=\"3 minutes\" \/>\n<script type=\"application\/ld+json\" class=\"yoast-schema-graph\">{\"@context\":\"https:\/\/schema.org\",\"@graph\":[{\"@type\":\"Article\",\"@id\":\"https:\/\/legacy.colt.net\/es\/resources\/pueden-las-empresas-permitirse-retrasar-la-migracion-a-la-nube-por-el-covid-19\/#article\",\"isPartOf\":{\"@id\":\"https:\/\/legacy.colt.net\/es\/resources\/pueden-las-empresas-permitirse-retrasar-la-migracion-a-la-nube-por-el-covid-19\/\"},\"author\":{\"name\":\"Lourdes Serrano\",\"@id\":\"https:\/\/legacy.colt.net\/#\/schema\/person\/0790b52b9c3cc2a1173a6ceeaf63f304\"},\"headline\":\"\u00bfPueden las empresas permitirse retrasar la migraci\u00f3n a la nube por el Covid-19?\",\"datePublished\":\"2020-09-29T15:50:13+00:00\",\"mainEntityOfPage\":{\"@id\":\"https:\/\/legacy.colt.net\/es\/resources\/pueden-las-empresas-permitirse-retrasar-la-migracion-a-la-nube-por-el-covid-19\/\"},\"wordCount\":529,\"publisher\":{\"@id\":\"https:\/\/legacy.colt.net\/#organization\"},\"image\":{\"@id\":\"https:\/\/legacy.colt.net\/es\/resources\/pueden-las-empresas-permitirse-retrasar-la-migracion-a-la-nube-por-el-covid-19\/#primaryimage\"},\"thumbnailUrl\":\"https:\/\/legacy.colt.net\/wp-content\/uploads\/2020\/04\/Cloud-Image-1.jpg\",\"inLanguage\":\"es-ES\"},{\"@type\":\"WebPage\",\"@id\":\"https:\/\/legacy.colt.net\/es\/resources\/pueden-las-empresas-permitirse-retrasar-la-migracion-a-la-nube-por-el-covid-19\/\",\"url\":\"https:\/\/legacy.colt.net\/es\/resources\/pueden-las-empresas-permitirse-retrasar-la-migracion-a-la-nube-por-el-covid-19\/\",\"name\":\"\u00bfPueden las empresas permitirse retrasar la migraci\u00f3n a la nube por el Covid-19? - Colt Technology Services\",\"isPartOf\":{\"@id\":\"https:\/\/legacy.colt.net\/#website\"},\"primaryImageOfPage\":{\"@id\":\"https:\/\/legacy.colt.net\/es\/resources\/pueden-las-empresas-permitirse-retrasar-la-migracion-a-la-nube-por-el-covid-19\/#primaryimage\"},\"image\":{\"@id\":\"https:\/\/legacy.colt.net\/es\/resources\/pueden-las-empresas-permitirse-retrasar-la-migracion-a-la-nube-por-el-covid-19\/#primaryimage\"},\"thumbnailUrl\":\"https:\/\/legacy.colt.net\/wp-content\/uploads\/2020\/04\/Cloud-Image-1.jpg\",\"datePublished\":\"2020-09-29T15:50:13+00:00\",\"description\":\"\u00bfPueden las empresas permitirse retrasar la migraci\u00f3n a la nube por el Covid-19? Colt Technology Services\",\"breadcrumb\":{\"@id\":\"https:\/\/legacy.colt.net\/es\/resources\/pueden-las-empresas-permitirse-retrasar-la-migracion-a-la-nube-por-el-covid-19\/#breadcrumb\"},\"inLanguage\":\"es-ES\",\"potentialAction\":[{\"@type\":\"ReadAction\",\"target\":[\"https:\/\/legacy.colt.net\/es\/resources\/pueden-las-empresas-permitirse-retrasar-la-migracion-a-la-nube-por-el-covid-19\/\"]}]},{\"@type\":\"ImageObject\",\"inLanguage\":\"es-ES\",\"@id\":\"https:\/\/legacy.colt.net\/es\/resources\/pueden-las-empresas-permitirse-retrasar-la-migracion-a-la-nube-por-el-covid-19\/#primaryimage\",\"url\":\"https:\/\/legacy.colt.net\/wp-content\/uploads\/2020\/04\/Cloud-Image-1.jpg\",\"contentUrl\":\"https:\/\/legacy.colt.net\/wp-content\/uploads\/2020\/04\/Cloud-Image-1.jpg\",\"width\":2560,\"height\":1280},{\"@type\":\"BreadcrumbList\",\"@id\":\"https:\/\/legacy.colt.net\/es\/resources\/pueden-las-empresas-permitirse-retrasar-la-migracion-a-la-nube-por-el-covid-19\/#breadcrumb\",\"itemListElement\":[{\"@type\":\"ListItem\",\"position\":1,\"name\":\"Home\",\"item\":\"https:\/\/legacy.colt.net\/es\/\"},{\"@type\":\"ListItem\",\"position\":2,\"name\":\"Blogs\",\"item\":\"https:\/\/legacy.colt.net\/es\/resources\/type\/blog-es\/\"},{\"@type\":\"ListItem\",\"position\":3,\"name\":\"\u00bfPueden las empresas permitirse retrasar la migraci\u00f3n a la nube por el Covid-19?\"}]},{\"@type\":\"WebSite\",\"@id\":\"https:\/\/legacy.colt.net\/#website\",\"url\":\"https:\/\/legacy.colt.net\/\",\"name\":\"Colt\u30c6\u30af\u30ce\u30ed\u30b8\u30fc\u30b5\u30fc\u30d3\u30b9\u682a\u5f0f\u4f1a\u793e\",\"description\":\"Managed Network &amp; Voice Services Provider\",\"publisher\":{\"@id\":\"https:\/\/legacy.colt.net\/#organization\"},\"potentialAction\":[{\"@type\":\"SearchAction\",\"target\":{\"@type\":\"EntryPoint\",\"urlTemplate\":\"https:\/\/legacy.colt.net\/?s={search_term_string}\"},\"query-input\":{\"@type\":\"PropertyValueSpecification\",\"valueRequired\":true,\"valueName\":\"search_term_string\"}}],\"inLanguage\":\"es-ES\"},{\"@type\":\"Organization\",\"@id\":\"https:\/\/legacy.colt.net\/#organization\",\"name\":\"Colt Technology Services\",\"url\":\"https:\/\/legacy.colt.net\/\",\"logo\":{\"@type\":\"ImageObject\",\"inLanguage\":\"es-ES\",\"@id\":\"https:\/\/legacy.colt.net\/#\/schema\/logo\/image\/\",\"url\":\"https:\/\/legacy.colt.net\/wp-content\/uploads\/2019\/02\/Colt-Logo.png\",\"contentUrl\":\"https:\/\/legacy.colt.net\/wp-content\/uploads\/2019\/02\/Colt-Logo.png\",\"width\":195,\"height\":77,\"caption\":\"Colt Technology Services\"},\"image\":{\"@id\":\"https:\/\/legacy.colt.net\/#\/schema\/logo\/image\/\"},\"sameAs\":[\"https:\/\/www.facebook.com\/ColtTechnologyServices\/\",\"https:\/\/x.com\/colt_technology\",\"https:\/\/www.instagram.com\/colttechnologyservices\/\",\"https:\/\/www.linkedin.com\/company\/colt-technology-services\",\"https:\/\/www.youtube.com\/user\/ColtTechnology\"]},{\"@type\":\"Person\",\"@id\":\"https:\/\/legacy.colt.net\/#\/schema\/person\/0790b52b9c3cc2a1173a6ceeaf63f304\",\"name\":\"Lourdes Serrano\",\"image\":{\"@type\":\"ImageObject\",\"inLanguage\":\"es-ES\",\"@id\":\"https:\/\/legacy.colt.net\/#\/schema\/person\/image\/\",\"url\":\"https:\/\/secure.gravatar.com\/avatar\/b6363e26360d3ce05582b80235b0da9914782c05898cdb163a08e94feb75b238?s=96&d=mm&r=g\",\"contentUrl\":\"https:\/\/secure.gravatar.com\/avatar\/b6363e26360d3ce05582b80235b0da9914782c05898cdb163a08e94feb75b238?s=96&d=mm&r=g\",\"caption\":\"Lourdes Serrano\"},\"url\":\"https:\/\/legacy.colt.net\/es\/resources\/author\/lourdesserrano\/\"}]}<\/script>\n<!-- \/ Yoast SEO plugin. -->","yoast_head_json":{"title":"\u00bfPueden las empresas permitirse retrasar la migraci\u00f3n a la nube por el Covid-19? - Colt Technology Services","description":"\u00bfPueden las empresas permitirse retrasar la migraci\u00f3n a la nube por el Covid-19? Colt Technology Services","robots":{"index":"noindex","follow":"follow","max-snippet":"max-snippet:-1","max-image-preview":"max-image-preview:large","max-video-preview":"max-video-preview:-1"},"og_locale":"es_ES","og_type":"article","og_title":"\u00bfPueden las empresas permitirse retrasar la migraci\u00f3n a la nube por el Covid-19? - Colt Technology Services","og_description":"\u00bfPueden las empresas permitirse retrasar la migraci\u00f3n a la nube por el Covid-19? Colt Technology Services","og_url":"https:\/\/legacy.colt.net\/es\/resources\/pueden-las-empresas-permitirse-retrasar-la-migracion-a-la-nube-por-el-covid-19\/","og_site_name":"Colt Technology Services","article_publisher":"https:\/\/www.facebook.com\/ColtTechnologyServices\/","article_published_time":"2020-09-29T15:50:13+00:00","og_image":[{"width":2560,"height":1280,"url":"https:\/\/legacy.colt.net\/wp-content\/uploads\/2020\/04\/Cloud-Image-1.jpg","type":"image\/jpeg"}],"author":"Lourdes Serrano","twitter_card":"summary_large_image","twitter_image":"https:\/\/legacy.colt.net\/wp-content\/uploads\/2020\/04\/Cloud-Image-1.jpg","twitter_creator":"@colt_technology","twitter_site":"@colt_technology","twitter_misc":{"Written by":"Lourdes Serrano","Est. reading time":"3 minutes"},"schema":{"@context":"https:\/\/schema.org","@graph":[{"@type":"Article","@id":"https:\/\/legacy.colt.net\/es\/resources\/pueden-las-empresas-permitirse-retrasar-la-migracion-a-la-nube-por-el-covid-19\/#article","isPartOf":{"@id":"https:\/\/legacy.colt.net\/es\/resources\/pueden-las-empresas-permitirse-retrasar-la-migracion-a-la-nube-por-el-covid-19\/"},"author":{"name":"Lourdes Serrano","@id":"https:\/\/legacy.colt.net\/#\/schema\/person\/0790b52b9c3cc2a1173a6ceeaf63f304"},"headline":"\u00bfPueden las empresas permitirse retrasar la migraci\u00f3n a la nube por el Covid-19?","datePublished":"2020-09-29T15:50:13+00:00","mainEntityOfPage":{"@id":"https:\/\/legacy.colt.net\/es\/resources\/pueden-las-empresas-permitirse-retrasar-la-migracion-a-la-nube-por-el-covid-19\/"},"wordCount":529,"publisher":{"@id":"https:\/\/legacy.colt.net\/#organization"},"image":{"@id":"https:\/\/legacy.colt.net\/es\/resources\/pueden-las-empresas-permitirse-retrasar-la-migracion-a-la-nube-por-el-covid-19\/#primaryimage"},"thumbnailUrl":"https:\/\/legacy.colt.net\/wp-content\/uploads\/2020\/04\/Cloud-Image-1.jpg","inLanguage":"es-ES"},{"@type":"WebPage","@id":"https:\/\/legacy.colt.net\/es\/resources\/pueden-las-empresas-permitirse-retrasar-la-migracion-a-la-nube-por-el-covid-19\/","url":"https:\/\/legacy.colt.net\/es\/resources\/pueden-las-empresas-permitirse-retrasar-la-migracion-a-la-nube-por-el-covid-19\/","name":"\u00bfPueden las empresas permitirse retrasar la migraci\u00f3n a la nube por el Covid-19? - Colt Technology Services","isPartOf":{"@id":"https:\/\/legacy.colt.net\/#website"},"primaryImageOfPage":{"@id":"https:\/\/legacy.colt.net\/es\/resources\/pueden-las-empresas-permitirse-retrasar-la-migracion-a-la-nube-por-el-covid-19\/#primaryimage"},"image":{"@id":"https:\/\/legacy.colt.net\/es\/resources\/pueden-las-empresas-permitirse-retrasar-la-migracion-a-la-nube-por-el-covid-19\/#primaryimage"},"thumbnailUrl":"https:\/\/legacy.colt.net\/wp-content\/uploads\/2020\/04\/Cloud-Image-1.jpg","datePublished":"2020-09-29T15:50:13+00:00","description":"\u00bfPueden las empresas permitirse retrasar la migraci\u00f3n a la nube por el Covid-19? Colt Technology Services","breadcrumb":{"@id":"https:\/\/legacy.colt.net\/es\/resources\/pueden-las-empresas-permitirse-retrasar-la-migracion-a-la-nube-por-el-covid-19\/#breadcrumb"},"inLanguage":"es-ES","potentialAction":[{"@type":"ReadAction","target":["https:\/\/legacy.colt.net\/es\/resources\/pueden-las-empresas-permitirse-retrasar-la-migracion-a-la-nube-por-el-covid-19\/"]}]},{"@type":"ImageObject","inLanguage":"es-ES","@id":"https:\/\/legacy.colt.net\/es\/resources\/pueden-las-empresas-permitirse-retrasar-la-migracion-a-la-nube-por-el-covid-19\/#primaryimage","url":"https:\/\/legacy.colt.net\/wp-content\/uploads\/2020\/04\/Cloud-Image-1.jpg","contentUrl":"https:\/\/legacy.colt.net\/wp-content\/uploads\/2020\/04\/Cloud-Image-1.jpg","width":2560,"height":1280},{"@type":"BreadcrumbList","@id":"https:\/\/legacy.colt.net\/es\/resources\/pueden-las-empresas-permitirse-retrasar-la-migracion-a-la-nube-por-el-covid-19\/#breadcrumb","itemListElement":[{"@type":"ListItem","position":1,"name":"Home","item":"https:\/\/legacy.colt.net\/es\/"},{"@type":"ListItem","position":2,"name":"Blogs","item":"https:\/\/legacy.colt.net\/es\/resources\/type\/blog-es\/"},{"@type":"ListItem","position":3,"name":"\u00bfPueden las empresas permitirse retrasar la migraci\u00f3n a la nube por el Covid-19?"}]},{"@type":"WebSite","@id":"https:\/\/legacy.colt.net\/#website","url":"https:\/\/legacy.colt.net\/","name":"Colt\u30c6\u30af\u30ce\u30ed\u30b8\u30fc\u30b5\u30fc\u30d3\u30b9\u682a\u5f0f\u4f1a\u793e","description":"Managed Network &amp; Voice Services Provider","publisher":{"@id":"https:\/\/legacy.colt.net\/#organization"},"potentialAction":[{"@type":"SearchAction","target":{"@type":"EntryPoint","urlTemplate":"https:\/\/legacy.colt.net\/?s={search_term_string}"},"query-input":{"@type":"PropertyValueSpecification","valueRequired":true,"valueName":"search_term_string"}}],"inLanguage":"es-ES"},{"@type":"Organization","@id":"https:\/\/legacy.colt.net\/#organization","name":"Colt Technology Services","url":"https:\/\/legacy.colt.net\/","logo":{"@type":"ImageObject","inLanguage":"es-ES","@id":"https:\/\/legacy.colt.net\/#\/schema\/logo\/image\/","url":"https:\/\/legacy.colt.net\/wp-content\/uploads\/2019\/02\/Colt-Logo.png","contentUrl":"https:\/\/legacy.colt.net\/wp-content\/uploads\/2019\/02\/Colt-Logo.png","width":195,"height":77,"caption":"Colt Technology Services"},"image":{"@id":"https:\/\/legacy.colt.net\/#\/schema\/logo\/image\/"},"sameAs":["https:\/\/www.facebook.com\/ColtTechnologyServices\/","https:\/\/x.com\/colt_technology","https:\/\/www.instagram.com\/colttechnologyservices\/","https:\/\/www.linkedin.com\/company\/colt-technology-services","https:\/\/www.youtube.com\/user\/ColtTechnology"]},{"@type":"Person","@id":"https:\/\/legacy.colt.net\/#\/schema\/person\/0790b52b9c3cc2a1173a6ceeaf63f304","name":"Lourdes Serrano","image":{"@type":"ImageObject","inLanguage":"es-ES","@id":"https:\/\/legacy.colt.net\/#\/schema\/person\/image\/","url":"https:\/\/secure.gravatar.com\/avatar\/b6363e26360d3ce05582b80235b0da9914782c05898cdb163a08e94feb75b238?s=96&d=mm&r=g","contentUrl":"https:\/\/secure.gravatar.com\/avatar\/b6363e26360d3ce05582b80235b0da9914782c05898cdb163a08e94feb75b238?s=96&d=mm&r=g","caption":"Lourdes Serrano"},"url":"https:\/\/legacy.colt.net\/es\/resources\/author\/lourdesserrano\/"}]}},"_links":{"self":[{"href":"https:\/\/legacy.colt.net\/es\/wp-json\/wp\/v2\/posts\/81492","targetHints":{"allow":["GET"]}}],"collection":[{"href":"https:\/\/legacy.colt.net\/es\/wp-json\/wp\/v2\/posts"}],"about":[{"href":"https:\/\/legacy.colt.net\/es\/wp-json\/wp\/v2\/types\/post"}],"author":[{"embeddable":true,"href":"https:\/\/legacy.colt.net\/es\/wp-json\/wp\/v2\/users\/48"}],"replies":[{"embeddable":true,"href":"https:\/\/legacy.colt.net\/es\/wp-json\/wp\/v2\/comments?post=81492"}],"version-history":[{"count":0,"href":"https:\/\/legacy.colt.net\/es\/wp-json\/wp\/v2\/posts\/81492\/revisions"}],"wp:featuredmedia":[{"embeddable":true,"href":"https:\/\/legacy.colt.net\/es\/wp-json\/wp\/v2\/media\/72651"}],"wp:attachment":[{"href":"https:\/\/legacy.colt.net\/es\/wp-json\/wp\/v2\/media?parent=81492"}],"wp:term":[{"taxonomy":"colt_type","embeddable":true,"href":"https:\/\/legacy.colt.net\/es\/wp-json\/wp\/v2\/colt_type?post=81492"},{"taxonomy":"colt_ind","embeddable":true,"href":"https:\/\/legacy.colt.net\/es\/wp-json\/wp\/v2\/colt_ind?post=81492"},{"taxonomy":"colt_products","embeddable":true,"href":"https:\/\/legacy.colt.net\/es\/wp-json\/wp\/v2\/colt_products?post=81492"},{"taxonomy":"colt_solutions","embeddable":true,"href":"https:\/\/legacy.colt.net\/es\/wp-json\/wp\/v2\/colt_solutions?post=81492"}],"curies":[{"name":"wp","href":"https:\/\/api.w.org\/{rel}","templated":true}]}}