{"id":74093,"date":"2020-05-20T10:20:15","date_gmt":"2020-05-20T09:20:15","guid":{"rendered":"https:\/\/www.colt.net\/?p=74093"},"modified":"2021-04-06T09:36:43","modified_gmt":"2021-04-06T08:36:43","slug":"colt-technology-services-nombra-a-keri-gilder-nueva-ceo-de-la-compania","status":"publish","type":"post","link":"https:\/\/legacy.colt.net\/es\/resources\/colt-technology-services-nombra-a-keri-gilder-nueva-ceo-de-la-compania\/","title":{"rendered":"Colt Technology Services nombra a Keri Gilder nueva CEO de la compa\u00f1\u00eda"},"content":{"rendered":"<p><strong>Despu\u00e9s de cinco a\u00f1os al frente de la organizaci\u00f3n, Carl Grivner renuncia como CEO de Colt, siendo reemplazado por Keri Gilder, actual directora comercial de Colt<\/strong><\/p>\n<p><strong>Madrid, 20 de mayo de 2020.- <a href=\"https:\/\/legacy.colt.net\/es\/\">Colt Technology Services<\/a>, <\/strong>ha anunciado hoy el nombramiento de Keri Gilder como directora ejecutiva (CEO) de la compa\u00f1\u00eda. Gilder reemplazar\u00e1 al actual CEO, Carl Grivner, quien despu\u00e9s de cinco a\u00f1os al frente de Colt, ha decidido renunciar.<\/p>\n<p>Grivner ha liderado un per\u00edodo de inmenso crecimiento y transformaci\u00f3n en Colt, centrado en una gran inversi\u00f3n en la <a href=\"https:\/\/legacy.colt.net\/es\/our-network\/\">IQ Network<\/a> de Colt y enfoc\u00e1ndose en garantizar que Colt pueda brindar los requisitos de conectividad de alto ancho de banda necesarios en la actualidad.<\/p>\n<p>Durante los \u00faltimos a\u00f1os, Colt ha ampliado enormemente su red IQ Network por toda Europa y <a href=\"https:\/\/legacy.colt.net\/resources\/colt-expands-iq-network-to-australia\/\">APAC<\/a>, as\u00ed como en <a href=\"https:\/\/legacy.colt.net\/resources\/colt-launches-us-operations-offering-multinational-enterprises-self-service-demand-bandwidth\/\">EEUU<\/a>, donde lanz\u00f3 este servicio en 2018. Asimismo, Colt ha invertido en tecnolog\u00edas de pr\u00f3xima generaci\u00f3n, adem\u00e1s de garantizar la integraci\u00f3n con los proveedores clave de nube (CSPs). De esta forma, Colt puede facilitar soluciones de alto ancho de banda muy flexibles para la conectividad empresarial a la nube bajo demanda.<\/p>\n<p>El foco de Colt en el alto ancho de banda, junto al refuerzo de su ecosistema de partners, sit\u00faa a la compa\u00f1\u00eda en la mejor posici\u00f3n posible para ayudar a los clientes en sus procesos acelerados de transformaci\u00f3n digital.<\/p>\n<p>Respecto a su experiencia en Colt, <strong>Grivner<\/strong> afirma:<em> \u201cColt siempre ha estado orientado a ir a la cabeza. Es por ello que hemos invertido en la conectividad de alto ancho de banda, blockchain y APIs, incluso antes de que vi\u00e9ramos que los consumidores demandaban este tipo de soluciones innovadoras. Ha sido un privilegio guiar a la organizaci\u00f3n a lo largo de esta transformaci\u00f3n y ha sido un honor contar con el respaldo de la Junta, mi equipo y toda la compa\u00f1\u00eda, mientras segu\u00edamos hacia delante con proyectos que no se hab\u00edan hecho nunca antes. Estoy orgulloso de ser un Coltie, y no puedo esperar para ver hasta d\u00f3nde es capaz de llevar Keri el negocio. La compa\u00f1\u00eda est\u00e1 en las mejores manos\u201d<\/em>.<\/p>\n<p>Sobre su nuevo mandato, <strong>Keri Gilder<\/strong> ha subrayado: <em>\u201cMe enorgullece tomar la direcci\u00f3n de Colt tras el paso de Carl. Desde mis comienzos en el negocio la pasi\u00f3n de mis compa\u00f1eros me ha inspirado, tanto en el deseo de ofrecer lo mejor para nuestros clientes como en el uso de tecnolog\u00edas innovadoras para avanzar en la industria\u201d.\u00a0<\/em><\/p>\n<p>Tambi\u00e9n reconoce: <em>\u201cEsta pasi\u00f3n siempre ha venido desde arriba; sin embargo, ser\u00eda dif\u00edcil encontrar a alguien que no se haya inspirado en Carl y su amor por esta industria y Colt. Colt est\u00e1 en una excelente posici\u00f3n para prosperar durante este tiempo de transformaci\u00f3n significativa a trav\u00e9s de un claro enfoque en nuestros clientes, socios y el impulso para crear un entorno inclusivo dentro de Colt y en toda la industria. No podr\u00eda estar m\u00e1s emocionada por dirigir esta organizaci\u00f3n&#8221;.<\/em><\/p>\n<p>En palabras del <strong>presidente de Colt, Michael Wilens<\/strong>: <em>\u201cLos \u00faltimos cinco a\u00f1os han sido trascendentales para Colt, y gran parte de ello se debe al liderazgo de Carl. Le echaremos de menos, sin embargo, es emocionante que alguien pueda seguir sus pasos dentro de la familia Colt. En sus 18 meses en Colt, Keri ha aportado energ\u00eda a la compa\u00f1\u00eda, y sabemos que los pr\u00f3ximos cinco a\u00f1os ser\u00e1n tan exitosos para Colt como los \u00faltimos&#8221;.<\/em><\/p>\n<p>Gilder, que forma parte de la compa\u00f1\u00eda desde <a href=\"https:\/\/legacy.colt.net\/es\/about\/leadership\/keri-gilder\/\">noviembre de 2018<\/a>, asume el cargo de CEO a partir de hoy, mientras que Carl Grivner permanecer\u00e1 en Colt hasta finales de junio de 2020.<\/p>\n","protected":false},"excerpt":{"rendered":"<p>Despu\u00e9s de cinco a\u00f1os al frente de la organizaci\u00f3n, Carl Grivner renuncia como CEO de Colt, siendo reemplazado por Keri Gilder, actual directora comercial de Colt Madrid, 20 de mayo de 2020.- Colt Technology Services, ha anunciado hoy el nombramiento de Keri Gilder como directora ejecutiva (CEO) de la compa\u00f1\u00eda. Gilder reemplazar\u00e1 al actual CEO,&#8230;<\/p>\n","protected":false},"author":48,"featured_media":74256,"comment_status":"closed","ping_status":"closed","sticky":false,"template":"","format":"standard","meta":{"_acf_changed":false,"footnotes":""},"colt_type":[1184],"colt_ind":[1259],"colt_products":[1264],"colt_solutions":[],"class_list":["post-74093","post","type-post","status-publish","format-standard","has-post-thumbnail","hentry","colt_type-news-es","colt_ind-telecoms-es","colt_products-business-connect-es"],"acf":[],"yoast_head":"<!-- This site is optimized with the Yoast SEO plugin v26.8 - https:\/\/yoast.com\/product\/yoast-seo-wordpress\/ -->\n<title>Colt Technology Services nombra a Keri Gilder nueva CEO de la compa\u00f1\u00eda - Colt Technology Services<\/title>\n<meta name=\"description\" content=\"Colt Technology Services nombra a Keri Gilder nueva CEO de la compa\u00f1\u00eda Colt Technology Services\" \/>\n<meta name=\"robots\" content=\"noindex, follow, max-snippet:-1, max-image-preview:large, max-video-preview:-1\" \/>\n<meta property=\"og:locale\" content=\"es_ES\" \/>\n<meta property=\"og:type\" content=\"article\" \/>\n<meta property=\"og:title\" content=\"Colt Technology Services nombra a Keri Gilder nueva CEO de la compa\u00f1\u00eda - Colt Technology Services\" \/>\n<meta property=\"og:description\" content=\"Colt Technology Services nombra a Keri Gilder nueva CEO de la compa\u00f1\u00eda Colt Technology Services\" \/>\n<meta property=\"og:url\" content=\"https:\/\/legacy.colt.net\/es\/resources\/colt-technology-services-nombra-a-keri-gilder-nueva-ceo-de-la-compania\/\" \/>\n<meta property=\"og:site_name\" content=\"Colt Technology Services\" \/>\n<meta property=\"article:publisher\" content=\"https:\/\/www.facebook.com\/ColtTechnologyServices\/\" \/>\n<meta property=\"article:published_time\" content=\"2020-05-20T09:20:15+00:00\" \/>\n<meta property=\"article:modified_time\" content=\"2021-04-06T08:36:43+00:00\" \/>\n<meta property=\"og:image\" content=\"https:\/\/legacy.colt.net\/wp-content\/uploads\/2020\/05\/Keri.jpg\" \/>\n\t<meta property=\"og:image:width\" content=\"1024\" \/>\n\t<meta property=\"og:image:height\" content=\"512\" \/>\n\t<meta property=\"og:image:type\" content=\"image\/jpeg\" \/>\n<meta name=\"author\" content=\"Lourdes Serrano\" \/>\n<meta name=\"twitter:card\" content=\"summary_large_image\" \/>\n<meta name=\"twitter:image\" content=\"https:\/\/legacy.colt.net\/wp-content\/uploads\/2020\/05\/Keri.jpg\" \/>\n<meta name=\"twitter:creator\" content=\"@colt_technology\" \/>\n<meta name=\"twitter:site\" content=\"@colt_technology\" \/>\n<meta name=\"twitter:label1\" content=\"Written by\" \/>\n\t<meta name=\"twitter:data1\" content=\"Lourdes Serrano\" \/>\n\t<meta name=\"twitter:label2\" content=\"Est. reading time\" \/>\n\t<meta name=\"twitter:data2\" content=\"3 minutes\" \/>\n<script type=\"application\/ld+json\" class=\"yoast-schema-graph\">{\"@context\":\"https:\/\/schema.org\",\"@graph\":[{\"@type\":\"Article\",\"@id\":\"https:\/\/legacy.colt.net\/es\/resources\/colt-technology-services-nombra-a-keri-gilder-nueva-ceo-de-la-compania\/#article\",\"isPartOf\":{\"@id\":\"https:\/\/legacy.colt.net\/es\/resources\/colt-technology-services-nombra-a-keri-gilder-nueva-ceo-de-la-compania\/\"},\"author\":{\"name\":\"Lourdes Serrano\",\"@id\":\"https:\/\/legacy.colt.net\/#\/schema\/person\/0790b52b9c3cc2a1173a6ceeaf63f304\"},\"headline\":\"Colt Technology Services nombra a Keri Gilder nueva CEO de la compa\u00f1\u00eda\",\"datePublished\":\"2020-05-20T09:20:15+00:00\",\"dateModified\":\"2021-04-06T08:36:43+00:00\",\"mainEntityOfPage\":{\"@id\":\"https:\/\/legacy.colt.net\/es\/resources\/colt-technology-services-nombra-a-keri-gilder-nueva-ceo-de-la-compania\/\"},\"wordCount\":647,\"publisher\":{\"@id\":\"https:\/\/legacy.colt.net\/#organization\"},\"image\":{\"@id\":\"https:\/\/legacy.colt.net\/es\/resources\/colt-technology-services-nombra-a-keri-gilder-nueva-ceo-de-la-compania\/#primaryimage\"},\"thumbnailUrl\":\"https:\/\/legacy.colt.net\/wp-content\/uploads\/2020\/05\/Keri.jpg\",\"inLanguage\":\"es-ES\"},{\"@type\":\"WebPage\",\"@id\":\"https:\/\/legacy.colt.net\/es\/resources\/colt-technology-services-nombra-a-keri-gilder-nueva-ceo-de-la-compania\/\",\"url\":\"https:\/\/legacy.colt.net\/es\/resources\/colt-technology-services-nombra-a-keri-gilder-nueva-ceo-de-la-compania\/\",\"name\":\"Colt Technology Services nombra a Keri Gilder nueva CEO de la compa\u00f1\u00eda - Colt Technology Services\",\"isPartOf\":{\"@id\":\"https:\/\/legacy.colt.net\/#website\"},\"primaryImageOfPage\":{\"@id\":\"https:\/\/legacy.colt.net\/es\/resources\/colt-technology-services-nombra-a-keri-gilder-nueva-ceo-de-la-compania\/#primaryimage\"},\"image\":{\"@id\":\"https:\/\/legacy.colt.net\/es\/resources\/colt-technology-services-nombra-a-keri-gilder-nueva-ceo-de-la-compania\/#primaryimage\"},\"thumbnailUrl\":\"https:\/\/legacy.colt.net\/wp-content\/uploads\/2020\/05\/Keri.jpg\",\"datePublished\":\"2020-05-20T09:20:15+00:00\",\"dateModified\":\"2021-04-06T08:36:43+00:00\",\"description\":\"Colt Technology Services nombra a Keri Gilder nueva CEO de la compa\u00f1\u00eda Colt Technology Services\",\"breadcrumb\":{\"@id\":\"https:\/\/legacy.colt.net\/es\/resources\/colt-technology-services-nombra-a-keri-gilder-nueva-ceo-de-la-compania\/#breadcrumb\"},\"inLanguage\":\"es-ES\",\"potentialAction\":[{\"@type\":\"ReadAction\",\"target\":[\"https:\/\/legacy.colt.net\/es\/resources\/colt-technology-services-nombra-a-keri-gilder-nueva-ceo-de-la-compania\/\"]}]},{\"@type\":\"ImageObject\",\"inLanguage\":\"es-ES\",\"@id\":\"https:\/\/legacy.colt.net\/es\/resources\/colt-technology-services-nombra-a-keri-gilder-nueva-ceo-de-la-compania\/#primaryimage\",\"url\":\"https:\/\/legacy.colt.net\/wp-content\/uploads\/2020\/05\/Keri.jpg\",\"contentUrl\":\"https:\/\/legacy.colt.net\/wp-content\/uploads\/2020\/05\/Keri.jpg\",\"width\":1024,\"height\":512},{\"@type\":\"BreadcrumbList\",\"@id\":\"https:\/\/legacy.colt.net\/es\/resources\/colt-technology-services-nombra-a-keri-gilder-nueva-ceo-de-la-compania\/#breadcrumb\",\"itemListElement\":[{\"@type\":\"ListItem\",\"position\":1,\"name\":\"Home\",\"item\":\"https:\/\/legacy.colt.net\/es\/\"},{\"@type\":\"ListItem\",\"position\":2,\"name\":\"Colt Technology News\",\"item\":\"https:\/\/legacy.colt.net\/es\/resources\/type\/news-es\/\"},{\"@type\":\"ListItem\",\"position\":3,\"name\":\"Colt Technology Services nombra a Keri Gilder nueva CEO de la compa\u00f1\u00eda\"}]},{\"@type\":\"WebSite\",\"@id\":\"https:\/\/legacy.colt.net\/#website\",\"url\":\"https:\/\/legacy.colt.net\/\",\"name\":\"Colt\u30c6\u30af\u30ce\u30ed\u30b8\u30fc\u30b5\u30fc\u30d3\u30b9\u682a\u5f0f\u4f1a\u793e\",\"description\":\"Managed Network &amp; Voice Services Provider\",\"publisher\":{\"@id\":\"https:\/\/legacy.colt.net\/#organization\"},\"potentialAction\":[{\"@type\":\"SearchAction\",\"target\":{\"@type\":\"EntryPoint\",\"urlTemplate\":\"https:\/\/legacy.colt.net\/?s={search_term_string}\"},\"query-input\":{\"@type\":\"PropertyValueSpecification\",\"valueRequired\":true,\"valueName\":\"search_term_string\"}}],\"inLanguage\":\"es-ES\"},{\"@type\":\"Organization\",\"@id\":\"https:\/\/legacy.colt.net\/#organization\",\"name\":\"Colt Technology Services\",\"url\":\"https:\/\/legacy.colt.net\/\",\"logo\":{\"@type\":\"ImageObject\",\"inLanguage\":\"es-ES\",\"@id\":\"https:\/\/legacy.colt.net\/#\/schema\/logo\/image\/\",\"url\":\"https:\/\/legacy.colt.net\/wp-content\/uploads\/2019\/02\/Colt-Logo.png\",\"contentUrl\":\"https:\/\/legacy.colt.net\/wp-content\/uploads\/2019\/02\/Colt-Logo.png\",\"width\":195,\"height\":77,\"caption\":\"Colt Technology Services\"},\"image\":{\"@id\":\"https:\/\/legacy.colt.net\/#\/schema\/logo\/image\/\"},\"sameAs\":[\"https:\/\/www.facebook.com\/ColtTechnologyServices\/\",\"https:\/\/x.com\/colt_technology\",\"https:\/\/www.instagram.com\/colttechnologyservices\/\",\"https:\/\/www.linkedin.com\/company\/colt-technology-services\",\"https:\/\/www.youtube.com\/user\/ColtTechnology\"]},{\"@type\":\"Person\",\"@id\":\"https:\/\/legacy.colt.net\/#\/schema\/person\/0790b52b9c3cc2a1173a6ceeaf63f304\",\"name\":\"Lourdes Serrano\",\"image\":{\"@type\":\"ImageObject\",\"inLanguage\":\"es-ES\",\"@id\":\"https:\/\/legacy.colt.net\/#\/schema\/person\/image\/\",\"url\":\"https:\/\/secure.gravatar.com\/avatar\/b6363e26360d3ce05582b80235b0da9914782c05898cdb163a08e94feb75b238?s=96&d=mm&r=g\",\"contentUrl\":\"https:\/\/secure.gravatar.com\/avatar\/b6363e26360d3ce05582b80235b0da9914782c05898cdb163a08e94feb75b238?s=96&d=mm&r=g\",\"caption\":\"Lourdes Serrano\"},\"url\":\"https:\/\/legacy.colt.net\/es\/resources\/author\/lourdesserrano\/\"}]}<\/script>\n<!-- \/ Yoast SEO plugin. -->","yoast_head_json":{"title":"Colt Technology Services nombra a Keri Gilder nueva CEO de la compa\u00f1\u00eda - Colt Technology Services","description":"Colt Technology Services nombra a Keri Gilder nueva CEO de la compa\u00f1\u00eda Colt Technology Services","robots":{"index":"noindex","follow":"follow","max-snippet":"max-snippet:-1","max-image-preview":"max-image-preview:large","max-video-preview":"max-video-preview:-1"},"og_locale":"es_ES","og_type":"article","og_title":"Colt Technology Services nombra a Keri Gilder nueva CEO de la compa\u00f1\u00eda - Colt Technology Services","og_description":"Colt Technology Services nombra a Keri Gilder nueva CEO de la compa\u00f1\u00eda Colt Technology Services","og_url":"https:\/\/legacy.colt.net\/es\/resources\/colt-technology-services-nombra-a-keri-gilder-nueva-ceo-de-la-compania\/","og_site_name":"Colt Technology Services","article_publisher":"https:\/\/www.facebook.com\/ColtTechnologyServices\/","article_published_time":"2020-05-20T09:20:15+00:00","article_modified_time":"2021-04-06T08:36:43+00:00","og_image":[{"width":1024,"height":512,"url":"https:\/\/legacy.colt.net\/wp-content\/uploads\/2020\/05\/Keri.jpg","type":"image\/jpeg"}],"author":"Lourdes Serrano","twitter_card":"summary_large_image","twitter_image":"https:\/\/legacy.colt.net\/wp-content\/uploads\/2020\/05\/Keri.jpg","twitter_creator":"@colt_technology","twitter_site":"@colt_technology","twitter_misc":{"Written by":"Lourdes Serrano","Est. reading time":"3 minutes"},"schema":{"@context":"https:\/\/schema.org","@graph":[{"@type":"Article","@id":"https:\/\/legacy.colt.net\/es\/resources\/colt-technology-services-nombra-a-keri-gilder-nueva-ceo-de-la-compania\/#article","isPartOf":{"@id":"https:\/\/legacy.colt.net\/es\/resources\/colt-technology-services-nombra-a-keri-gilder-nueva-ceo-de-la-compania\/"},"author":{"name":"Lourdes Serrano","@id":"https:\/\/legacy.colt.net\/#\/schema\/person\/0790b52b9c3cc2a1173a6ceeaf63f304"},"headline":"Colt Technology Services nombra a Keri Gilder nueva CEO de la compa\u00f1\u00eda","datePublished":"2020-05-20T09:20:15+00:00","dateModified":"2021-04-06T08:36:43+00:00","mainEntityOfPage":{"@id":"https:\/\/legacy.colt.net\/es\/resources\/colt-technology-services-nombra-a-keri-gilder-nueva-ceo-de-la-compania\/"},"wordCount":647,"publisher":{"@id":"https:\/\/legacy.colt.net\/#organization"},"image":{"@id":"https:\/\/legacy.colt.net\/es\/resources\/colt-technology-services-nombra-a-keri-gilder-nueva-ceo-de-la-compania\/#primaryimage"},"thumbnailUrl":"https:\/\/legacy.colt.net\/wp-content\/uploads\/2020\/05\/Keri.jpg","inLanguage":"es-ES"},{"@type":"WebPage","@id":"https:\/\/legacy.colt.net\/es\/resources\/colt-technology-services-nombra-a-keri-gilder-nueva-ceo-de-la-compania\/","url":"https:\/\/legacy.colt.net\/es\/resources\/colt-technology-services-nombra-a-keri-gilder-nueva-ceo-de-la-compania\/","name":"Colt Technology Services nombra a Keri Gilder nueva CEO de la compa\u00f1\u00eda - Colt Technology Services","isPartOf":{"@id":"https:\/\/legacy.colt.net\/#website"},"primaryImageOfPage":{"@id":"https:\/\/legacy.colt.net\/es\/resources\/colt-technology-services-nombra-a-keri-gilder-nueva-ceo-de-la-compania\/#primaryimage"},"image":{"@id":"https:\/\/legacy.colt.net\/es\/resources\/colt-technology-services-nombra-a-keri-gilder-nueva-ceo-de-la-compania\/#primaryimage"},"thumbnailUrl":"https:\/\/legacy.colt.net\/wp-content\/uploads\/2020\/05\/Keri.jpg","datePublished":"2020-05-20T09:20:15+00:00","dateModified":"2021-04-06T08:36:43+00:00","description":"Colt Technology Services nombra a Keri Gilder nueva CEO de la compa\u00f1\u00eda Colt Technology Services","breadcrumb":{"@id":"https:\/\/legacy.colt.net\/es\/resources\/colt-technology-services-nombra-a-keri-gilder-nueva-ceo-de-la-compania\/#breadcrumb"},"inLanguage":"es-ES","potentialAction":[{"@type":"ReadAction","target":["https:\/\/legacy.colt.net\/es\/resources\/colt-technology-services-nombra-a-keri-gilder-nueva-ceo-de-la-compania\/"]}]},{"@type":"ImageObject","inLanguage":"es-ES","@id":"https:\/\/legacy.colt.net\/es\/resources\/colt-technology-services-nombra-a-keri-gilder-nueva-ceo-de-la-compania\/#primaryimage","url":"https:\/\/legacy.colt.net\/wp-content\/uploads\/2020\/05\/Keri.jpg","contentUrl":"https:\/\/legacy.colt.net\/wp-content\/uploads\/2020\/05\/Keri.jpg","width":1024,"height":512},{"@type":"BreadcrumbList","@id":"https:\/\/legacy.colt.net\/es\/resources\/colt-technology-services-nombra-a-keri-gilder-nueva-ceo-de-la-compania\/#breadcrumb","itemListElement":[{"@type":"ListItem","position":1,"name":"Home","item":"https:\/\/legacy.colt.net\/es\/"},{"@type":"ListItem","position":2,"name":"Colt Technology News","item":"https:\/\/legacy.colt.net\/es\/resources\/type\/news-es\/"},{"@type":"ListItem","position":3,"name":"Colt Technology Services nombra a Keri Gilder nueva CEO de la compa\u00f1\u00eda"}]},{"@type":"WebSite","@id":"https:\/\/legacy.colt.net\/#website","url":"https:\/\/legacy.colt.net\/","name":"Colt\u30c6\u30af\u30ce\u30ed\u30b8\u30fc\u30b5\u30fc\u30d3\u30b9\u682a\u5f0f\u4f1a\u793e","description":"Managed Network &amp; Voice Services Provider","publisher":{"@id":"https:\/\/legacy.colt.net\/#organization"},"potentialAction":[{"@type":"SearchAction","target":{"@type":"EntryPoint","urlTemplate":"https:\/\/legacy.colt.net\/?s={search_term_string}"},"query-input":{"@type":"PropertyValueSpecification","valueRequired":true,"valueName":"search_term_string"}}],"inLanguage":"es-ES"},{"@type":"Organization","@id":"https:\/\/legacy.colt.net\/#organization","name":"Colt Technology Services","url":"https:\/\/legacy.colt.net\/","logo":{"@type":"ImageObject","inLanguage":"es-ES","@id":"https:\/\/legacy.colt.net\/#\/schema\/logo\/image\/","url":"https:\/\/legacy.colt.net\/wp-content\/uploads\/2019\/02\/Colt-Logo.png","contentUrl":"https:\/\/legacy.colt.net\/wp-content\/uploads\/2019\/02\/Colt-Logo.png","width":195,"height":77,"caption":"Colt Technology Services"},"image":{"@id":"https:\/\/legacy.colt.net\/#\/schema\/logo\/image\/"},"sameAs":["https:\/\/www.facebook.com\/ColtTechnologyServices\/","https:\/\/x.com\/colt_technology","https:\/\/www.instagram.com\/colttechnologyservices\/","https:\/\/www.linkedin.com\/company\/colt-technology-services","https:\/\/www.youtube.com\/user\/ColtTechnology"]},{"@type":"Person","@id":"https:\/\/legacy.colt.net\/#\/schema\/person\/0790b52b9c3cc2a1173a6ceeaf63f304","name":"Lourdes Serrano","image":{"@type":"ImageObject","inLanguage":"es-ES","@id":"https:\/\/legacy.colt.net\/#\/schema\/person\/image\/","url":"https:\/\/secure.gravatar.com\/avatar\/b6363e26360d3ce05582b80235b0da9914782c05898cdb163a08e94feb75b238?s=96&d=mm&r=g","contentUrl":"https:\/\/secure.gravatar.com\/avatar\/b6363e26360d3ce05582b80235b0da9914782c05898cdb163a08e94feb75b238?s=96&d=mm&r=g","caption":"Lourdes Serrano"},"url":"https:\/\/legacy.colt.net\/es\/resources\/author\/lourdesserrano\/"}]}},"_links":{"self":[{"href":"https:\/\/legacy.colt.net\/es\/wp-json\/wp\/v2\/posts\/74093","targetHints":{"allow":["GET"]}}],"collection":[{"href":"https:\/\/legacy.colt.net\/es\/wp-json\/wp\/v2\/posts"}],"about":[{"href":"https:\/\/legacy.colt.net\/es\/wp-json\/wp\/v2\/types\/post"}],"author":[{"embeddable":true,"href":"https:\/\/legacy.colt.net\/es\/wp-json\/wp\/v2\/users\/48"}],"replies":[{"embeddable":true,"href":"https:\/\/legacy.colt.net\/es\/wp-json\/wp\/v2\/comments?post=74093"}],"version-history":[{"count":0,"href":"https:\/\/legacy.colt.net\/es\/wp-json\/wp\/v2\/posts\/74093\/revisions"}],"wp:featuredmedia":[{"embeddable":true,"href":"https:\/\/legacy.colt.net\/es\/wp-json\/wp\/v2\/media\/74256"}],"wp:attachment":[{"href":"https:\/\/legacy.colt.net\/es\/wp-json\/wp\/v2\/media?parent=74093"}],"wp:term":[{"taxonomy":"colt_type","embeddable":true,"href":"https:\/\/legacy.colt.net\/es\/wp-json\/wp\/v2\/colt_type?post=74093"},{"taxonomy":"colt_ind","embeddable":true,"href":"https:\/\/legacy.colt.net\/es\/wp-json\/wp\/v2\/colt_ind?post=74093"},{"taxonomy":"colt_products","embeddable":true,"href":"https:\/\/legacy.colt.net\/es\/wp-json\/wp\/v2\/colt_products?post=74093"},{"taxonomy":"colt_solutions","embeddable":true,"href":"https:\/\/legacy.colt.net\/es\/wp-json\/wp\/v2\/colt_solutions?post=74093"}],"curies":[{"name":"wp","href":"https:\/\/api.w.org\/{rel}","templated":true}]}}