{"id":74062,"date":"2020-05-20T09:24:15","date_gmt":"2020-05-20T08:24:15","guid":{"rendered":"https:\/\/www.colt.net\/?p=74062"},"modified":"2020-05-22T09:46:05","modified_gmt":"2020-05-22T08:46:05","slug":"colt-reune-a-importantes-cios-e-it-managers-en-una-mesa-redonda-virtual-para-debatir-sobre-la-situacion-del-covid-19","status":"publish","type":"post","link":"https:\/\/legacy.colt.net\/es\/resources\/colt-reune-a-importantes-cios-e-it-managers-en-una-mesa-redonda-virtual-para-debatir-sobre-la-situacion-del-covid-19\/","title":{"rendered":"Colt re\u00fane a importantes CIOs e IT Managers en una mesa redonda virtual para debatir sobre la situaci\u00f3n en las TIC en tiempos de COVID19"},"content":{"rendered":"<p>Debido a la crisis producida por el coronavirus, las empresas han tenido que adaptarse a marchas forzadas para poder sacar sus negocios adelante. A pesar del reto al que se enfrentan compa\u00f1\u00edas de todo el mundo, en Espa\u00f1a tenemos ejemplos de empresas realmente preparadas para afrontar esta crisis. Hemos podido comprobarlo en la <strong>mesa redonda virtual organizada el pasado 7 de mayo<\/strong> y moderada por Joan Monrab\u00e1, director general de <strong>Colt. <\/strong>Durante la intervenci\u00f3n, tuvimos el placer de escuchar a CIOs e IT Managers de <strong>importantes empresas y compartir experiencias sobre la crisis del COVID-19.<br \/>\n<\/strong><br \/>\nAunque otras muchas empresas no estaban tan bien preparadas y han visto c\u00f3mo su negocio se ve\u00eda fuertemente impactado, desde Colt hemos podido ayudar a estas compa\u00f1\u00edas a implementar medidas urgentes en un tiempo r\u00e9cord. Hemos deslocalizado servicios de voz, moviendo agentes de un contact center a trabajar en remoto desde sus casas. Tambi\u00e9n hemos incrementando capacidades de acceso a Internet o inventado conjuntamente arquitecturas de conectividad para permitir nuevas formas de trabajo, a menudo involucrando conexiones a los proveedores de servicios en la nube.<\/p>\n<p>Aunque jam\u00e1s imaginamos un futuro como este, en Colt ya est\u00e1bamos \u00a0preparados para afrontar crisis de esta envergadura. El teletrabajo ya era habitual, y est\u00e1bamos preparados para soportar mucho m\u00e1s tr\u00e1fico de lo habitual y ofrecer anchos de banda garantizados a nuestros clientes.<\/p>\n<p>Adem\u00e1s, el equipo de continuidad de negocio ten\u00eda los deberes hechos y ha orquestado r\u00e1pidamente la adaptaci\u00f3n tanto de los empleados, como de nuestro negocio a la nueva situaci\u00f3n. Tambi\u00e9n hemos puesto en marcha diferentes iniciativas de apoyo, ofreciendo a nuestros empleados fondos para compra de mobiliario o herramientas para el teletrabajo y ayudas a familias con dificultades econ\u00f3micas por enfermedad o p\u00e9rdida de trabajo.<\/p>\n<p>Pero los verdaderos <strong>protagonistas de la mesa redonda fueron los CIOS e IT Managers de varias empresas de diferentes sectores<\/strong>. Ante la pregunta de c\u00f3mo sus compa\u00f1\u00edas se hab\u00edan adaptado a la nueva situaci\u00f3n y c\u00f3mo estaba siendo su experiencia durante la crisis, todos explicaron que el <strong>trabajo en remoto<\/strong> de sus empleados no ha supuesto ning\u00fan problema. Sus empresas ya estaban habituadas al teletrabajo y hab\u00edan previsto con algo de tiempo esta situaci\u00f3n.<\/p>\n<p>Una de las medidas compartidas por todos ellos ha sido la necesidad del <strong>aumento de anchos de banda,<\/strong> tanto de Internet como de acceso a la nube. Los empleados en remoto est\u00e1n trabajando a una velocidad adecuada. Por lo tanto, la experiencia de usuario es buena a pesar de trabajar con una conectividad residencial. Por otro lado, mantener la <strong>seguridad<\/strong> ha sido otra de las necesidades clave de las empresas durante la crisis.<\/p>\n<p>De todas las experiencias vividas en estos tiempos de cambio e incertidumbre, los <strong>CIOs e IT Managers<\/strong> sacaron varias conclusiones:<\/p>\n<ul>\n<li>El teletrabajo aumentar\u00e1 y se implantar\u00e1 en mayor medida<\/li>\n<li>Aumento de la utilizaci\u00f3n de las herramientas de colaboraci\u00f3n para hacer posible las llamadas a trav\u00e9s del ordenador, la videoconferencia y otras herramientas colaborativas, proporcionando un aumento de la productividad de los empleados<\/li>\n<li>Comienza a producirse una aceleraci\u00f3n de los proyectos de IT, las empresas est\u00e1n digitaliz\u00e1ndose a marchas forzadas.<\/li>\n<\/ul>\n","protected":false},"excerpt":{"rendered":"<p>Debido a la crisis producida por el coronavirus, las empresas han tenido que adaptarse a marchas forzadas para poder sacar sus negocios adelante. A pesar del reto al que se enfrentan compa\u00f1\u00edas de todo el mundo, en Espa\u00f1a tenemos ejemplos de empresas realmente preparadas para afrontar esta crisis. Hemos podido comprobarlo en la mesa redonda&#8230;<\/p>\n","protected":false},"author":48,"featured_media":73676,"comment_status":"closed","ping_status":"closed","sticky":false,"template":"","format":"standard","meta":{"_acf_changed":false,"footnotes":""},"colt_type":[1174],"colt_ind":[1254,1259],"colt_products":[1264],"colt_solutions":[],"class_list":["post-74062","post","type-post","status-publish","format-standard","has-post-thumbnail","hentry","colt_type-blog-es","colt_ind-technology-es","colt_ind-telecoms-es","colt_products-business-connect-es"],"acf":[],"yoast_head":"<!-- This site is optimized with the Yoast SEO plugin v26.8 - https:\/\/yoast.com\/product\/yoast-seo-wordpress\/ -->\n<title>Colt re\u00fane a importantes CIOs e IT Managers en una mesa redonda virtual para debatir sobre la situaci\u00f3n en las TIC en tiempos de COVID19 - Colt Technology Services<\/title>\n<meta name=\"description\" content=\"Colt re\u00fane a importantes CIOs e IT Managers en una mesa redonda virtual para debatir sobre la situaci\u00f3n en las TIC en tiempos de COVID19 Colt Technology Services\" \/>\n<meta name=\"robots\" content=\"noindex, follow, max-snippet:-1, max-image-preview:large, max-video-preview:-1\" \/>\n<meta property=\"og:locale\" content=\"es_ES\" \/>\n<meta property=\"og:type\" content=\"article\" \/>\n<meta property=\"og:title\" content=\"Colt re\u00fane a importantes CIOs e IT Managers en una mesa redonda virtual para debatir sobre la situaci\u00f3n en las TIC en tiempos de COVID19 - Colt Technology Services\" \/>\n<meta property=\"og:description\" content=\"Colt re\u00fane a importantes CIOs e IT Managers en una mesa redonda virtual para debatir sobre la situaci\u00f3n en las TIC en tiempos de COVID19 Colt Technology Services\" \/>\n<meta property=\"og:url\" content=\"https:\/\/legacy.colt.net\/es\/resources\/colt-reune-a-importantes-cios-e-it-managers-en-una-mesa-redonda-virtual-para-debatir-sobre-la-situacion-del-covid-19\/\" \/>\n<meta property=\"og:site_name\" content=\"Colt Technology Services\" \/>\n<meta property=\"article:publisher\" content=\"https:\/\/www.facebook.com\/ColtTechnologyServices\/\" \/>\n<meta property=\"article:published_time\" content=\"2020-05-20T08:24:15+00:00\" \/>\n<meta property=\"article:modified_time\" content=\"2020-05-22T08:46:05+00:00\" \/>\n<meta property=\"og:image\" content=\"https:\/\/legacy.colt.net\/wp-content\/uploads\/2020\/05\/colt-sip-tranking-JA.jpg\" \/>\n\t<meta property=\"og:image:width\" content=\"720\" \/>\n\t<meta property=\"og:image:height\" content=\"440\" \/>\n\t<meta property=\"og:image:type\" content=\"image\/jpeg\" \/>\n<meta name=\"author\" content=\"Lourdes Serrano\" \/>\n<meta name=\"twitter:card\" content=\"summary_large_image\" \/>\n<meta name=\"twitter:image\" content=\"https:\/\/legacy.colt.net\/wp-content\/uploads\/2020\/05\/colt-sip-tranking-JA.jpg\" \/>\n<meta name=\"twitter:creator\" content=\"@colt_technology\" \/>\n<meta name=\"twitter:site\" content=\"@colt_technology\" \/>\n<meta name=\"twitter:label1\" content=\"Written by\" \/>\n\t<meta name=\"twitter:data1\" content=\"Lourdes Serrano\" \/>\n\t<meta name=\"twitter:label2\" content=\"Est. reading time\" \/>\n\t<meta name=\"twitter:data2\" content=\"3 minutes\" \/>\n<script type=\"application\/ld+json\" class=\"yoast-schema-graph\">{\"@context\":\"https:\/\/schema.org\",\"@graph\":[{\"@type\":\"Article\",\"@id\":\"https:\/\/legacy.colt.net\/es\/resources\/colt-reune-a-importantes-cios-e-it-managers-en-una-mesa-redonda-virtual-para-debatir-sobre-la-situacion-del-covid-19\/#article\",\"isPartOf\":{\"@id\":\"https:\/\/legacy.colt.net\/es\/resources\/colt-reune-a-importantes-cios-e-it-managers-en-una-mesa-redonda-virtual-para-debatir-sobre-la-situacion-del-covid-19\/\"},\"author\":{\"name\":\"Lourdes Serrano\",\"@id\":\"https:\/\/legacy.colt.net\/#\/schema\/person\/0790b52b9c3cc2a1173a6ceeaf63f304\"},\"headline\":\"Colt re\u00fane a importantes CIOs e IT Managers en una mesa redonda virtual para debatir sobre la situaci\u00f3n en las TIC en tiempos de COVID19\",\"datePublished\":\"2020-05-20T08:24:15+00:00\",\"dateModified\":\"2020-05-22T08:46:05+00:00\",\"mainEntityOfPage\":{\"@id\":\"https:\/\/legacy.colt.net\/es\/resources\/colt-reune-a-importantes-cios-e-it-managers-en-una-mesa-redonda-virtual-para-debatir-sobre-la-situacion-del-covid-19\/\"},\"wordCount\":576,\"publisher\":{\"@id\":\"https:\/\/legacy.colt.net\/#organization\"},\"image\":{\"@id\":\"https:\/\/legacy.colt.net\/es\/resources\/colt-reune-a-importantes-cios-e-it-managers-en-una-mesa-redonda-virtual-para-debatir-sobre-la-situacion-del-covid-19\/#primaryimage\"},\"thumbnailUrl\":\"https:\/\/legacy.colt.net\/wp-content\/uploads\/2020\/05\/colt-sip-tranking-JA.jpg\",\"inLanguage\":\"es-ES\"},{\"@type\":\"WebPage\",\"@id\":\"https:\/\/legacy.colt.net\/es\/resources\/colt-reune-a-importantes-cios-e-it-managers-en-una-mesa-redonda-virtual-para-debatir-sobre-la-situacion-del-covid-19\/\",\"url\":\"https:\/\/legacy.colt.net\/es\/resources\/colt-reune-a-importantes-cios-e-it-managers-en-una-mesa-redonda-virtual-para-debatir-sobre-la-situacion-del-covid-19\/\",\"name\":\"Colt re\u00fane a importantes CIOs e IT Managers en una mesa redonda virtual para debatir sobre la situaci\u00f3n en las TIC en tiempos de COVID19 - Colt Technology Services\",\"isPartOf\":{\"@id\":\"https:\/\/legacy.colt.net\/#website\"},\"primaryImageOfPage\":{\"@id\":\"https:\/\/legacy.colt.net\/es\/resources\/colt-reune-a-importantes-cios-e-it-managers-en-una-mesa-redonda-virtual-para-debatir-sobre-la-situacion-del-covid-19\/#primaryimage\"},\"image\":{\"@id\":\"https:\/\/legacy.colt.net\/es\/resources\/colt-reune-a-importantes-cios-e-it-managers-en-una-mesa-redonda-virtual-para-debatir-sobre-la-situacion-del-covid-19\/#primaryimage\"},\"thumbnailUrl\":\"https:\/\/legacy.colt.net\/wp-content\/uploads\/2020\/05\/colt-sip-tranking-JA.jpg\",\"datePublished\":\"2020-05-20T08:24:15+00:00\",\"dateModified\":\"2020-05-22T08:46:05+00:00\",\"description\":\"Colt re\u00fane a importantes CIOs e IT Managers en una mesa redonda virtual para debatir sobre la situaci\u00f3n en las TIC en tiempos de COVID19 Colt Technology Services\",\"breadcrumb\":{\"@id\":\"https:\/\/legacy.colt.net\/es\/resources\/colt-reune-a-importantes-cios-e-it-managers-en-una-mesa-redonda-virtual-para-debatir-sobre-la-situacion-del-covid-19\/#breadcrumb\"},\"inLanguage\":\"es-ES\",\"potentialAction\":[{\"@type\":\"ReadAction\",\"target\":[\"https:\/\/legacy.colt.net\/es\/resources\/colt-reune-a-importantes-cios-e-it-managers-en-una-mesa-redonda-virtual-para-debatir-sobre-la-situacion-del-covid-19\/\"]}]},{\"@type\":\"ImageObject\",\"inLanguage\":\"es-ES\",\"@id\":\"https:\/\/legacy.colt.net\/es\/resources\/colt-reune-a-importantes-cios-e-it-managers-en-una-mesa-redonda-virtual-para-debatir-sobre-la-situacion-del-covid-19\/#primaryimage\",\"url\":\"https:\/\/legacy.colt.net\/wp-content\/uploads\/2020\/05\/colt-sip-tranking-JA.jpg\",\"contentUrl\":\"https:\/\/legacy.colt.net\/wp-content\/uploads\/2020\/05\/colt-sip-tranking-JA.jpg\",\"width\":720,\"height\":440,\"caption\":\"Colt SiIP Trunking 050\"},{\"@type\":\"BreadcrumbList\",\"@id\":\"https:\/\/legacy.colt.net\/es\/resources\/colt-reune-a-importantes-cios-e-it-managers-en-una-mesa-redonda-virtual-para-debatir-sobre-la-situacion-del-covid-19\/#breadcrumb\",\"itemListElement\":[{\"@type\":\"ListItem\",\"position\":1,\"name\":\"Home\",\"item\":\"https:\/\/legacy.colt.net\/es\/\"},{\"@type\":\"ListItem\",\"position\":2,\"name\":\"Blogs\",\"item\":\"https:\/\/legacy.colt.net\/es\/resources\/type\/blog-es\/\"},{\"@type\":\"ListItem\",\"position\":3,\"name\":\"Colt re\u00fane a importantes CIOs e IT Managers en una mesa redonda virtual para debatir sobre la situaci\u00f3n en las TIC en tiempos de COVID19\"}]},{\"@type\":\"WebSite\",\"@id\":\"https:\/\/legacy.colt.net\/#website\",\"url\":\"https:\/\/legacy.colt.net\/\",\"name\":\"Colt\u30c6\u30af\u30ce\u30ed\u30b8\u30fc\u30b5\u30fc\u30d3\u30b9\u682a\u5f0f\u4f1a\u793e\",\"description\":\"Managed Network &amp; Voice Services Provider\",\"publisher\":{\"@id\":\"https:\/\/legacy.colt.net\/#organization\"},\"potentialAction\":[{\"@type\":\"SearchAction\",\"target\":{\"@type\":\"EntryPoint\",\"urlTemplate\":\"https:\/\/legacy.colt.net\/?s={search_term_string}\"},\"query-input\":{\"@type\":\"PropertyValueSpecification\",\"valueRequired\":true,\"valueName\":\"search_term_string\"}}],\"inLanguage\":\"es-ES\"},{\"@type\":\"Organization\",\"@id\":\"https:\/\/legacy.colt.net\/#organization\",\"name\":\"Colt Technology Services\",\"url\":\"https:\/\/legacy.colt.net\/\",\"logo\":{\"@type\":\"ImageObject\",\"inLanguage\":\"es-ES\",\"@id\":\"https:\/\/legacy.colt.net\/#\/schema\/logo\/image\/\",\"url\":\"https:\/\/legacy.colt.net\/wp-content\/uploads\/2019\/02\/Colt-Logo.png\",\"contentUrl\":\"https:\/\/legacy.colt.net\/wp-content\/uploads\/2019\/02\/Colt-Logo.png\",\"width\":195,\"height\":77,\"caption\":\"Colt Technology Services\"},\"image\":{\"@id\":\"https:\/\/legacy.colt.net\/#\/schema\/logo\/image\/\"},\"sameAs\":[\"https:\/\/www.facebook.com\/ColtTechnologyServices\/\",\"https:\/\/x.com\/colt_technology\",\"https:\/\/www.instagram.com\/colttechnologyservices\/\",\"https:\/\/www.linkedin.com\/company\/colt-technology-services\",\"https:\/\/www.youtube.com\/user\/ColtTechnology\"]},{\"@type\":\"Person\",\"@id\":\"https:\/\/legacy.colt.net\/#\/schema\/person\/0790b52b9c3cc2a1173a6ceeaf63f304\",\"name\":\"Lourdes Serrano\",\"image\":{\"@type\":\"ImageObject\",\"inLanguage\":\"es-ES\",\"@id\":\"https:\/\/legacy.colt.net\/#\/schema\/person\/image\/\",\"url\":\"https:\/\/secure.gravatar.com\/avatar\/b6363e26360d3ce05582b80235b0da9914782c05898cdb163a08e94feb75b238?s=96&d=mm&r=g\",\"contentUrl\":\"https:\/\/secure.gravatar.com\/avatar\/b6363e26360d3ce05582b80235b0da9914782c05898cdb163a08e94feb75b238?s=96&d=mm&r=g\",\"caption\":\"Lourdes Serrano\"},\"url\":\"https:\/\/legacy.colt.net\/es\/resources\/author\/lourdesserrano\/\"}]}<\/script>\n<!-- \/ Yoast SEO plugin. -->","yoast_head_json":{"title":"Colt re\u00fane a importantes CIOs e IT Managers en una mesa redonda virtual para debatir sobre la situaci\u00f3n en las TIC en tiempos de COVID19 - Colt Technology Services","description":"Colt re\u00fane a importantes CIOs e IT Managers en una mesa redonda virtual para debatir sobre la situaci\u00f3n en las TIC en tiempos de COVID19 Colt Technology Services","robots":{"index":"noindex","follow":"follow","max-snippet":"max-snippet:-1","max-image-preview":"max-image-preview:large","max-video-preview":"max-video-preview:-1"},"og_locale":"es_ES","og_type":"article","og_title":"Colt re\u00fane a importantes CIOs e IT Managers en una mesa redonda virtual para debatir sobre la situaci\u00f3n en las TIC en tiempos de COVID19 - Colt Technology Services","og_description":"Colt re\u00fane a importantes CIOs e IT Managers en una mesa redonda virtual para debatir sobre la situaci\u00f3n en las TIC en tiempos de COVID19 Colt Technology Services","og_url":"https:\/\/legacy.colt.net\/es\/resources\/colt-reune-a-importantes-cios-e-it-managers-en-una-mesa-redonda-virtual-para-debatir-sobre-la-situacion-del-covid-19\/","og_site_name":"Colt Technology Services","article_publisher":"https:\/\/www.facebook.com\/ColtTechnologyServices\/","article_published_time":"2020-05-20T08:24:15+00:00","article_modified_time":"2020-05-22T08:46:05+00:00","og_image":[{"width":720,"height":440,"url":"https:\/\/legacy.colt.net\/wp-content\/uploads\/2020\/05\/colt-sip-tranking-JA.jpg","type":"image\/jpeg"}],"author":"Lourdes Serrano","twitter_card":"summary_large_image","twitter_image":"https:\/\/legacy.colt.net\/wp-content\/uploads\/2020\/05\/colt-sip-tranking-JA.jpg","twitter_creator":"@colt_technology","twitter_site":"@colt_technology","twitter_misc":{"Written by":"Lourdes Serrano","Est. reading time":"3 minutes"},"schema":{"@context":"https:\/\/schema.org","@graph":[{"@type":"Article","@id":"https:\/\/legacy.colt.net\/es\/resources\/colt-reune-a-importantes-cios-e-it-managers-en-una-mesa-redonda-virtual-para-debatir-sobre-la-situacion-del-covid-19\/#article","isPartOf":{"@id":"https:\/\/legacy.colt.net\/es\/resources\/colt-reune-a-importantes-cios-e-it-managers-en-una-mesa-redonda-virtual-para-debatir-sobre-la-situacion-del-covid-19\/"},"author":{"name":"Lourdes Serrano","@id":"https:\/\/legacy.colt.net\/#\/schema\/person\/0790b52b9c3cc2a1173a6ceeaf63f304"},"headline":"Colt re\u00fane a importantes CIOs e IT Managers en una mesa redonda virtual para debatir sobre la situaci\u00f3n en las TIC en tiempos de COVID19","datePublished":"2020-05-20T08:24:15+00:00","dateModified":"2020-05-22T08:46:05+00:00","mainEntityOfPage":{"@id":"https:\/\/legacy.colt.net\/es\/resources\/colt-reune-a-importantes-cios-e-it-managers-en-una-mesa-redonda-virtual-para-debatir-sobre-la-situacion-del-covid-19\/"},"wordCount":576,"publisher":{"@id":"https:\/\/legacy.colt.net\/#organization"},"image":{"@id":"https:\/\/legacy.colt.net\/es\/resources\/colt-reune-a-importantes-cios-e-it-managers-en-una-mesa-redonda-virtual-para-debatir-sobre-la-situacion-del-covid-19\/#primaryimage"},"thumbnailUrl":"https:\/\/legacy.colt.net\/wp-content\/uploads\/2020\/05\/colt-sip-tranking-JA.jpg","inLanguage":"es-ES"},{"@type":"WebPage","@id":"https:\/\/legacy.colt.net\/es\/resources\/colt-reune-a-importantes-cios-e-it-managers-en-una-mesa-redonda-virtual-para-debatir-sobre-la-situacion-del-covid-19\/","url":"https:\/\/legacy.colt.net\/es\/resources\/colt-reune-a-importantes-cios-e-it-managers-en-una-mesa-redonda-virtual-para-debatir-sobre-la-situacion-del-covid-19\/","name":"Colt re\u00fane a importantes CIOs e IT Managers en una mesa redonda virtual para debatir sobre la situaci\u00f3n en las TIC en tiempos de COVID19 - Colt Technology Services","isPartOf":{"@id":"https:\/\/legacy.colt.net\/#website"},"primaryImageOfPage":{"@id":"https:\/\/legacy.colt.net\/es\/resources\/colt-reune-a-importantes-cios-e-it-managers-en-una-mesa-redonda-virtual-para-debatir-sobre-la-situacion-del-covid-19\/#primaryimage"},"image":{"@id":"https:\/\/legacy.colt.net\/es\/resources\/colt-reune-a-importantes-cios-e-it-managers-en-una-mesa-redonda-virtual-para-debatir-sobre-la-situacion-del-covid-19\/#primaryimage"},"thumbnailUrl":"https:\/\/legacy.colt.net\/wp-content\/uploads\/2020\/05\/colt-sip-tranking-JA.jpg","datePublished":"2020-05-20T08:24:15+00:00","dateModified":"2020-05-22T08:46:05+00:00","description":"Colt re\u00fane a importantes CIOs e IT Managers en una mesa redonda virtual para debatir sobre la situaci\u00f3n en las TIC en tiempos de COVID19 Colt Technology Services","breadcrumb":{"@id":"https:\/\/legacy.colt.net\/es\/resources\/colt-reune-a-importantes-cios-e-it-managers-en-una-mesa-redonda-virtual-para-debatir-sobre-la-situacion-del-covid-19\/#breadcrumb"},"inLanguage":"es-ES","potentialAction":[{"@type":"ReadAction","target":["https:\/\/legacy.colt.net\/es\/resources\/colt-reune-a-importantes-cios-e-it-managers-en-una-mesa-redonda-virtual-para-debatir-sobre-la-situacion-del-covid-19\/"]}]},{"@type":"ImageObject","inLanguage":"es-ES","@id":"https:\/\/legacy.colt.net\/es\/resources\/colt-reune-a-importantes-cios-e-it-managers-en-una-mesa-redonda-virtual-para-debatir-sobre-la-situacion-del-covid-19\/#primaryimage","url":"https:\/\/legacy.colt.net\/wp-content\/uploads\/2020\/05\/colt-sip-tranking-JA.jpg","contentUrl":"https:\/\/legacy.colt.net\/wp-content\/uploads\/2020\/05\/colt-sip-tranking-JA.jpg","width":720,"height":440,"caption":"Colt SiIP Trunking 050"},{"@type":"BreadcrumbList","@id":"https:\/\/legacy.colt.net\/es\/resources\/colt-reune-a-importantes-cios-e-it-managers-en-una-mesa-redonda-virtual-para-debatir-sobre-la-situacion-del-covid-19\/#breadcrumb","itemListElement":[{"@type":"ListItem","position":1,"name":"Home","item":"https:\/\/legacy.colt.net\/es\/"},{"@type":"ListItem","position":2,"name":"Blogs","item":"https:\/\/legacy.colt.net\/es\/resources\/type\/blog-es\/"},{"@type":"ListItem","position":3,"name":"Colt re\u00fane a importantes CIOs e IT Managers en una mesa redonda virtual para debatir sobre la situaci\u00f3n en las TIC en tiempos de COVID19"}]},{"@type":"WebSite","@id":"https:\/\/legacy.colt.net\/#website","url":"https:\/\/legacy.colt.net\/","name":"Colt\u30c6\u30af\u30ce\u30ed\u30b8\u30fc\u30b5\u30fc\u30d3\u30b9\u682a\u5f0f\u4f1a\u793e","description":"Managed Network &amp; Voice Services Provider","publisher":{"@id":"https:\/\/legacy.colt.net\/#organization"},"potentialAction":[{"@type":"SearchAction","target":{"@type":"EntryPoint","urlTemplate":"https:\/\/legacy.colt.net\/?s={search_term_string}"},"query-input":{"@type":"PropertyValueSpecification","valueRequired":true,"valueName":"search_term_string"}}],"inLanguage":"es-ES"},{"@type":"Organization","@id":"https:\/\/legacy.colt.net\/#organization","name":"Colt Technology Services","url":"https:\/\/legacy.colt.net\/","logo":{"@type":"ImageObject","inLanguage":"es-ES","@id":"https:\/\/legacy.colt.net\/#\/schema\/logo\/image\/","url":"https:\/\/legacy.colt.net\/wp-content\/uploads\/2019\/02\/Colt-Logo.png","contentUrl":"https:\/\/legacy.colt.net\/wp-content\/uploads\/2019\/02\/Colt-Logo.png","width":195,"height":77,"caption":"Colt Technology Services"},"image":{"@id":"https:\/\/legacy.colt.net\/#\/schema\/logo\/image\/"},"sameAs":["https:\/\/www.facebook.com\/ColtTechnologyServices\/","https:\/\/x.com\/colt_technology","https:\/\/www.instagram.com\/colttechnologyservices\/","https:\/\/www.linkedin.com\/company\/colt-technology-services","https:\/\/www.youtube.com\/user\/ColtTechnology"]},{"@type":"Person","@id":"https:\/\/legacy.colt.net\/#\/schema\/person\/0790b52b9c3cc2a1173a6ceeaf63f304","name":"Lourdes Serrano","image":{"@type":"ImageObject","inLanguage":"es-ES","@id":"https:\/\/legacy.colt.net\/#\/schema\/person\/image\/","url":"https:\/\/secure.gravatar.com\/avatar\/b6363e26360d3ce05582b80235b0da9914782c05898cdb163a08e94feb75b238?s=96&d=mm&r=g","contentUrl":"https:\/\/secure.gravatar.com\/avatar\/b6363e26360d3ce05582b80235b0da9914782c05898cdb163a08e94feb75b238?s=96&d=mm&r=g","caption":"Lourdes Serrano"},"url":"https:\/\/legacy.colt.net\/es\/resources\/author\/lourdesserrano\/"}]}},"_links":{"self":[{"href":"https:\/\/legacy.colt.net\/es\/wp-json\/wp\/v2\/posts\/74062","targetHints":{"allow":["GET"]}}],"collection":[{"href":"https:\/\/legacy.colt.net\/es\/wp-json\/wp\/v2\/posts"}],"about":[{"href":"https:\/\/legacy.colt.net\/es\/wp-json\/wp\/v2\/types\/post"}],"author":[{"embeddable":true,"href":"https:\/\/legacy.colt.net\/es\/wp-json\/wp\/v2\/users\/48"}],"replies":[{"embeddable":true,"href":"https:\/\/legacy.colt.net\/es\/wp-json\/wp\/v2\/comments?post=74062"}],"version-history":[{"count":0,"href":"https:\/\/legacy.colt.net\/es\/wp-json\/wp\/v2\/posts\/74062\/revisions"}],"wp:featuredmedia":[{"embeddable":true,"href":"https:\/\/legacy.colt.net\/es\/wp-json\/wp\/v2\/media\/73676"}],"wp:attachment":[{"href":"https:\/\/legacy.colt.net\/es\/wp-json\/wp\/v2\/media?parent=74062"}],"wp:term":[{"taxonomy":"colt_type","embeddable":true,"href":"https:\/\/legacy.colt.net\/es\/wp-json\/wp\/v2\/colt_type?post=74062"},{"taxonomy":"colt_ind","embeddable":true,"href":"https:\/\/legacy.colt.net\/es\/wp-json\/wp\/v2\/colt_ind?post=74062"},{"taxonomy":"colt_products","embeddable":true,"href":"https:\/\/legacy.colt.net\/es\/wp-json\/wp\/v2\/colt_products?post=74062"},{"taxonomy":"colt_solutions","embeddable":true,"href":"https:\/\/legacy.colt.net\/es\/wp-json\/wp\/v2\/colt_solutions?post=74062"}],"curies":[{"name":"wp","href":"https:\/\/api.w.org\/{rel}","templated":true}]}}