{"id":70617,"date":"2020-02-24T11:33:35","date_gmt":"2020-02-24T11:33:35","guid":{"rendered":"https:\/\/www.colt.net\/?p=70617"},"modified":"2020-02-24T11:33:35","modified_gmt":"2020-02-24T11:33:35","slug":"colt-celebra-el-25-aniversario-de-la-nit-de-les-telecomunicacions","status":"publish","type":"post","link":"https:\/\/legacy.colt.net\/es\/resources\/colt-celebra-el-25-aniversario-de-la-nit-de-les-telecomunicacions\/","title":{"rendered":"Colt celebra el 25 aniversario de la Nit de les Telecomunicacions"},"content":{"rendered":"<p>El pasado 17 de febrero, Colt vivi\u00f3 como partner la celebraci\u00f3n del <a href=\"https:\/\/www.lanit.cat\/\"><strong>25 aniversario de la Nit de les Telecomunicacions<\/strong><\/a>, un evento de referencia y pionero en el sector de las Telecomunicaciones y Tecnolog\u00edas de la Informaci\u00f3n.<\/p>\n<p><strong>La Nit<\/strong> se posiciona como uno de los eventos m\u00e1s importantes para la creaci\u00f3n de sinergias empresariales e intercambio de ideas entre profesionales de las <strong>telecomunicaciones<\/strong>. Para ello, <strong>Colt<\/strong> participa todos los a\u00f1os como patrocinador de este evento y otros tambi\u00e9n organizados por la <strong>Associaci\u00f3 Catalana d\u2019Enginyers de Telecomunicaci\u00f3 (Telecos.cat)<\/strong> y el <strong>Col\u00b7legi d\u2019Enginyeria en Inform\u00e0tica de Catalunya (COEINF)<\/strong>.<\/p>\n<p>Ha sido la noche que ha enmarcado de entrega de los Premios Salv\u00e0 i Campillo, Alan Turing, Joan Clarke y del Premio de Honor de La Nit, en los que se han galardonado a la <strong>personalidad del a\u00f1o, el emprendimiento, el trabajo del CIO, la responsabilidad social de la empresa y la divulgaci\u00f3n de las TIC<\/strong>. La ceremonia que ha contactado con la participaci\u00f3n, entre otras autoridades, del conseller de Pol\u00edticas Digitales de la Generalitat, Jordi Puigner\u00f3; el secretario de Estado de Telecomunicaciones e Infraestructuras digitales, Roberto S\u00e1nchez; la teniente de Agenda 2030 del Ayuntamiento de Barcelona, Laia Bonet; y el presidente delegado del \u00c1rea de Innovaci\u00f3n de la Diputaci\u00f3n de Barcelona, Josep Arimany.<\/p>\n<p>Este a\u00f1o la Nit tambi\u00e9n ha servido para reclamar a las autoridades la continuidad del <strong>Mobile World Congress<\/strong>, adem\u00e1s de reclamar un sector m\u00e1s concienciado con la <strong>sostenibilidad<\/strong>.<\/p>\n<p>Asimismo, se ha reivindicado el papel de las <strong>mujeres ingenieras<\/strong> dentro del sector de las <strong>telecomunicaciones<\/strong>. Para ello, se ha pedido a las administraciones de las empresas que se haga una apuesta real por el talento femenino.<\/p>\n<p>Queremos tambi\u00e9n compartir el <a href=\"https:\/\/www.youtube.com\/watch?v=gn_VbAWwBSI&amp;feature=youtu.be&amp;t=1253\">v\u00eddeo<\/a> que se proyect\u00f3 durante la noche, donde se hace un repaso a la historia de la tecnolog\u00eda y las telecomunicaciones en general y a la La Nit en particular y la <a href=\"https:\/\/www.telecos.cat\/VerNoticias.aspx?Cod=1066\">lista de premiados<\/a>.<\/p>\n","protected":false},"excerpt":{"rendered":"<p>El pasado 17 de febrero, Colt vivi\u00f3 como partner la celebraci\u00f3n del 25 aniversario de la Nit de les Telecomunicacions, un evento de referencia y pionero en el sector de las Telecomunicaciones y Tecnolog\u00edas de la Informaci\u00f3n. La Nit se posiciona como uno de los eventos m\u00e1s importantes para la creaci\u00f3n de sinergias empresariales e&#8230;<\/p>\n","protected":false},"author":48,"featured_media":70622,"comment_status":"closed","ping_status":"closed","sticky":false,"template":"","format":"standard","meta":{"_acf_changed":false,"footnotes":""},"colt_type":[1174],"colt_ind":[1254,1259],"colt_products":[1264],"colt_solutions":[],"class_list":["post-70617","post","type-post","status-publish","format-standard","has-post-thumbnail","hentry","colt_type-blog-es","colt_ind-technology-es","colt_ind-telecoms-es","colt_products-business-connect-es"],"acf":[],"yoast_head":"<!-- This site is optimized with the Yoast SEO plugin v26.8 - https:\/\/yoast.com\/product\/yoast-seo-wordpress\/ -->\n<title>Colt celebra el 25 aniversario de la Nit de les Telecomunicacions - Colt Technology Services<\/title>\n<meta name=\"description\" content=\"Colt celebra el 25 aniversario de la Nit de les Telecomunicacions Colt Technology Services\" \/>\n<meta name=\"robots\" content=\"noindex, follow, max-snippet:-1, max-image-preview:large, max-video-preview:-1\" \/>\n<meta property=\"og:locale\" content=\"es_ES\" \/>\n<meta property=\"og:type\" content=\"article\" \/>\n<meta property=\"og:title\" content=\"Colt celebra el 25 aniversario de la Nit de les Telecomunicacions - Colt Technology Services\" \/>\n<meta property=\"og:description\" content=\"Colt celebra el 25 aniversario de la Nit de les Telecomunicacions Colt Technology Services\" \/>\n<meta property=\"og:url\" content=\"https:\/\/legacy.colt.net\/es\/resources\/colt-celebra-el-25-aniversario-de-la-nit-de-les-telecomunicacions\/\" \/>\n<meta property=\"og:site_name\" content=\"Colt Technology Services\" \/>\n<meta property=\"article:publisher\" content=\"https:\/\/www.facebook.com\/ColtTechnologyServices\/\" \/>\n<meta property=\"article:published_time\" content=\"2020-02-24T11:33:35+00:00\" \/>\n<meta property=\"og:image\" content=\"https:\/\/legacy.colt.net\/wp-content\/uploads\/2020\/02\/LANIT2020.jpg\" \/>\n\t<meta property=\"og:image:width\" content=\"711\" \/>\n\t<meta property=\"og:image:height\" content=\"478\" \/>\n\t<meta property=\"og:image:type\" content=\"image\/jpeg\" \/>\n<meta name=\"author\" content=\"Lourdes Serrano\" \/>\n<meta name=\"twitter:card\" content=\"summary_large_image\" \/>\n<meta name=\"twitter:image\" content=\"https:\/\/legacy.colt.net\/wp-content\/uploads\/2020\/02\/LANIT2020.jpg\" \/>\n<meta name=\"twitter:creator\" content=\"@colt_technology\" \/>\n<meta name=\"twitter:site\" content=\"@colt_technology\" \/>\n<meta name=\"twitter:label1\" content=\"Written by\" \/>\n\t<meta name=\"twitter:data1\" content=\"Lourdes Serrano\" \/>\n\t<meta name=\"twitter:label2\" content=\"Est. reading time\" \/>\n\t<meta name=\"twitter:data2\" content=\"2 minutes\" \/>\n<script type=\"application\/ld+json\" class=\"yoast-schema-graph\">{\"@context\":\"https:\/\/schema.org\",\"@graph\":[{\"@type\":\"Article\",\"@id\":\"https:\/\/legacy.colt.net\/es\/resources\/colt-celebra-el-25-aniversario-de-la-nit-de-les-telecomunicacions\/#article\",\"isPartOf\":{\"@id\":\"https:\/\/legacy.colt.net\/es\/resources\/colt-celebra-el-25-aniversario-de-la-nit-de-les-telecomunicacions\/\"},\"author\":{\"name\":\"Lourdes Serrano\",\"@id\":\"https:\/\/legacy.colt.net\/#\/schema\/person\/0790b52b9c3cc2a1173a6ceeaf63f304\"},\"headline\":\"Colt celebra el 25 aniversario de la Nit de les Telecomunicacions\",\"datePublished\":\"2020-02-24T11:33:35+00:00\",\"mainEntityOfPage\":{\"@id\":\"https:\/\/legacy.colt.net\/es\/resources\/colt-celebra-el-25-aniversario-de-la-nit-de-les-telecomunicacions\/\"},\"wordCount\":347,\"publisher\":{\"@id\":\"https:\/\/legacy.colt.net\/#organization\"},\"image\":{\"@id\":\"https:\/\/legacy.colt.net\/es\/resources\/colt-celebra-el-25-aniversario-de-la-nit-de-les-telecomunicacions\/#primaryimage\"},\"thumbnailUrl\":\"https:\/\/legacy.colt.net\/wp-content\/uploads\/2020\/02\/LANIT2020.jpg\",\"inLanguage\":\"es-ES\"},{\"@type\":\"WebPage\",\"@id\":\"https:\/\/legacy.colt.net\/es\/resources\/colt-celebra-el-25-aniversario-de-la-nit-de-les-telecomunicacions\/\",\"url\":\"https:\/\/legacy.colt.net\/es\/resources\/colt-celebra-el-25-aniversario-de-la-nit-de-les-telecomunicacions\/\",\"name\":\"Colt celebra el 25 aniversario de la Nit de les Telecomunicacions - Colt Technology Services\",\"isPartOf\":{\"@id\":\"https:\/\/legacy.colt.net\/#website\"},\"primaryImageOfPage\":{\"@id\":\"https:\/\/legacy.colt.net\/es\/resources\/colt-celebra-el-25-aniversario-de-la-nit-de-les-telecomunicacions\/#primaryimage\"},\"image\":{\"@id\":\"https:\/\/legacy.colt.net\/es\/resources\/colt-celebra-el-25-aniversario-de-la-nit-de-les-telecomunicacions\/#primaryimage\"},\"thumbnailUrl\":\"https:\/\/legacy.colt.net\/wp-content\/uploads\/2020\/02\/LANIT2020.jpg\",\"datePublished\":\"2020-02-24T11:33:35+00:00\",\"description\":\"Colt celebra el 25 aniversario de la Nit de les Telecomunicacions Colt Technology Services\",\"breadcrumb\":{\"@id\":\"https:\/\/legacy.colt.net\/es\/resources\/colt-celebra-el-25-aniversario-de-la-nit-de-les-telecomunicacions\/#breadcrumb\"},\"inLanguage\":\"es-ES\",\"potentialAction\":[{\"@type\":\"ReadAction\",\"target\":[\"https:\/\/legacy.colt.net\/es\/resources\/colt-celebra-el-25-aniversario-de-la-nit-de-les-telecomunicacions\/\"]}]},{\"@type\":\"ImageObject\",\"inLanguage\":\"es-ES\",\"@id\":\"https:\/\/legacy.colt.net\/es\/resources\/colt-celebra-el-25-aniversario-de-la-nit-de-les-telecomunicacions\/#primaryimage\",\"url\":\"https:\/\/legacy.colt.net\/wp-content\/uploads\/2020\/02\/LANIT2020.jpg\",\"contentUrl\":\"https:\/\/legacy.colt.net\/wp-content\/uploads\/2020\/02\/LANIT2020.jpg\",\"width\":711,\"height\":478},{\"@type\":\"BreadcrumbList\",\"@id\":\"https:\/\/legacy.colt.net\/es\/resources\/colt-celebra-el-25-aniversario-de-la-nit-de-les-telecomunicacions\/#breadcrumb\",\"itemListElement\":[{\"@type\":\"ListItem\",\"position\":1,\"name\":\"Home\",\"item\":\"https:\/\/legacy.colt.net\/es\/\"},{\"@type\":\"ListItem\",\"position\":2,\"name\":\"Blogs\",\"item\":\"https:\/\/legacy.colt.net\/es\/resources\/type\/blog-es\/\"},{\"@type\":\"ListItem\",\"position\":3,\"name\":\"Colt celebra el 25 aniversario de la Nit de les Telecomunicacions\"}]},{\"@type\":\"WebSite\",\"@id\":\"https:\/\/legacy.colt.net\/#website\",\"url\":\"https:\/\/legacy.colt.net\/\",\"name\":\"Colt\u30c6\u30af\u30ce\u30ed\u30b8\u30fc\u30b5\u30fc\u30d3\u30b9\u682a\u5f0f\u4f1a\u793e\",\"description\":\"Managed Network &amp; Voice Services Provider\",\"publisher\":{\"@id\":\"https:\/\/legacy.colt.net\/#organization\"},\"potentialAction\":[{\"@type\":\"SearchAction\",\"target\":{\"@type\":\"EntryPoint\",\"urlTemplate\":\"https:\/\/legacy.colt.net\/?s={search_term_string}\"},\"query-input\":{\"@type\":\"PropertyValueSpecification\",\"valueRequired\":true,\"valueName\":\"search_term_string\"}}],\"inLanguage\":\"es-ES\"},{\"@type\":\"Organization\",\"@id\":\"https:\/\/legacy.colt.net\/#organization\",\"name\":\"Colt Technology Services\",\"url\":\"https:\/\/legacy.colt.net\/\",\"logo\":{\"@type\":\"ImageObject\",\"inLanguage\":\"es-ES\",\"@id\":\"https:\/\/legacy.colt.net\/#\/schema\/logo\/image\/\",\"url\":\"https:\/\/legacy.colt.net\/wp-content\/uploads\/2019\/02\/Colt-Logo.png\",\"contentUrl\":\"https:\/\/legacy.colt.net\/wp-content\/uploads\/2019\/02\/Colt-Logo.png\",\"width\":195,\"height\":77,\"caption\":\"Colt Technology Services\"},\"image\":{\"@id\":\"https:\/\/legacy.colt.net\/#\/schema\/logo\/image\/\"},\"sameAs\":[\"https:\/\/www.facebook.com\/ColtTechnologyServices\/\",\"https:\/\/x.com\/colt_technology\",\"https:\/\/www.instagram.com\/colttechnologyservices\/\",\"https:\/\/www.linkedin.com\/company\/colt-technology-services\",\"https:\/\/www.youtube.com\/user\/ColtTechnology\"]},{\"@type\":\"Person\",\"@id\":\"https:\/\/legacy.colt.net\/#\/schema\/person\/0790b52b9c3cc2a1173a6ceeaf63f304\",\"name\":\"Lourdes Serrano\",\"image\":{\"@type\":\"ImageObject\",\"inLanguage\":\"es-ES\",\"@id\":\"https:\/\/legacy.colt.net\/#\/schema\/person\/image\/\",\"url\":\"https:\/\/secure.gravatar.com\/avatar\/b6363e26360d3ce05582b80235b0da9914782c05898cdb163a08e94feb75b238?s=96&d=mm&r=g\",\"contentUrl\":\"https:\/\/secure.gravatar.com\/avatar\/b6363e26360d3ce05582b80235b0da9914782c05898cdb163a08e94feb75b238?s=96&d=mm&r=g\",\"caption\":\"Lourdes Serrano\"},\"url\":\"https:\/\/legacy.colt.net\/es\/resources\/author\/lourdesserrano\/\"}]}<\/script>\n<!-- \/ Yoast SEO plugin. -->","yoast_head_json":{"title":"Colt celebra el 25 aniversario de la Nit de les Telecomunicacions - Colt Technology Services","description":"Colt celebra el 25 aniversario de la Nit de les Telecomunicacions Colt Technology Services","robots":{"index":"noindex","follow":"follow","max-snippet":"max-snippet:-1","max-image-preview":"max-image-preview:large","max-video-preview":"max-video-preview:-1"},"og_locale":"es_ES","og_type":"article","og_title":"Colt celebra el 25 aniversario de la Nit de les Telecomunicacions - Colt Technology Services","og_description":"Colt celebra el 25 aniversario de la Nit de les Telecomunicacions Colt Technology Services","og_url":"https:\/\/legacy.colt.net\/es\/resources\/colt-celebra-el-25-aniversario-de-la-nit-de-les-telecomunicacions\/","og_site_name":"Colt Technology Services","article_publisher":"https:\/\/www.facebook.com\/ColtTechnologyServices\/","article_published_time":"2020-02-24T11:33:35+00:00","og_image":[{"width":711,"height":478,"url":"https:\/\/legacy.colt.net\/wp-content\/uploads\/2020\/02\/LANIT2020.jpg","type":"image\/jpeg"}],"author":"Lourdes Serrano","twitter_card":"summary_large_image","twitter_image":"https:\/\/legacy.colt.net\/wp-content\/uploads\/2020\/02\/LANIT2020.jpg","twitter_creator":"@colt_technology","twitter_site":"@colt_technology","twitter_misc":{"Written by":"Lourdes Serrano","Est. reading time":"2 minutes"},"schema":{"@context":"https:\/\/schema.org","@graph":[{"@type":"Article","@id":"https:\/\/legacy.colt.net\/es\/resources\/colt-celebra-el-25-aniversario-de-la-nit-de-les-telecomunicacions\/#article","isPartOf":{"@id":"https:\/\/legacy.colt.net\/es\/resources\/colt-celebra-el-25-aniversario-de-la-nit-de-les-telecomunicacions\/"},"author":{"name":"Lourdes Serrano","@id":"https:\/\/legacy.colt.net\/#\/schema\/person\/0790b52b9c3cc2a1173a6ceeaf63f304"},"headline":"Colt celebra el 25 aniversario de la Nit de les Telecomunicacions","datePublished":"2020-02-24T11:33:35+00:00","mainEntityOfPage":{"@id":"https:\/\/legacy.colt.net\/es\/resources\/colt-celebra-el-25-aniversario-de-la-nit-de-les-telecomunicacions\/"},"wordCount":347,"publisher":{"@id":"https:\/\/legacy.colt.net\/#organization"},"image":{"@id":"https:\/\/legacy.colt.net\/es\/resources\/colt-celebra-el-25-aniversario-de-la-nit-de-les-telecomunicacions\/#primaryimage"},"thumbnailUrl":"https:\/\/legacy.colt.net\/wp-content\/uploads\/2020\/02\/LANIT2020.jpg","inLanguage":"es-ES"},{"@type":"WebPage","@id":"https:\/\/legacy.colt.net\/es\/resources\/colt-celebra-el-25-aniversario-de-la-nit-de-les-telecomunicacions\/","url":"https:\/\/legacy.colt.net\/es\/resources\/colt-celebra-el-25-aniversario-de-la-nit-de-les-telecomunicacions\/","name":"Colt celebra el 25 aniversario de la Nit de les Telecomunicacions - Colt Technology Services","isPartOf":{"@id":"https:\/\/legacy.colt.net\/#website"},"primaryImageOfPage":{"@id":"https:\/\/legacy.colt.net\/es\/resources\/colt-celebra-el-25-aniversario-de-la-nit-de-les-telecomunicacions\/#primaryimage"},"image":{"@id":"https:\/\/legacy.colt.net\/es\/resources\/colt-celebra-el-25-aniversario-de-la-nit-de-les-telecomunicacions\/#primaryimage"},"thumbnailUrl":"https:\/\/legacy.colt.net\/wp-content\/uploads\/2020\/02\/LANIT2020.jpg","datePublished":"2020-02-24T11:33:35+00:00","description":"Colt celebra el 25 aniversario de la Nit de les Telecomunicacions Colt Technology Services","breadcrumb":{"@id":"https:\/\/legacy.colt.net\/es\/resources\/colt-celebra-el-25-aniversario-de-la-nit-de-les-telecomunicacions\/#breadcrumb"},"inLanguage":"es-ES","potentialAction":[{"@type":"ReadAction","target":["https:\/\/legacy.colt.net\/es\/resources\/colt-celebra-el-25-aniversario-de-la-nit-de-les-telecomunicacions\/"]}]},{"@type":"ImageObject","inLanguage":"es-ES","@id":"https:\/\/legacy.colt.net\/es\/resources\/colt-celebra-el-25-aniversario-de-la-nit-de-les-telecomunicacions\/#primaryimage","url":"https:\/\/legacy.colt.net\/wp-content\/uploads\/2020\/02\/LANIT2020.jpg","contentUrl":"https:\/\/legacy.colt.net\/wp-content\/uploads\/2020\/02\/LANIT2020.jpg","width":711,"height":478},{"@type":"BreadcrumbList","@id":"https:\/\/legacy.colt.net\/es\/resources\/colt-celebra-el-25-aniversario-de-la-nit-de-les-telecomunicacions\/#breadcrumb","itemListElement":[{"@type":"ListItem","position":1,"name":"Home","item":"https:\/\/legacy.colt.net\/es\/"},{"@type":"ListItem","position":2,"name":"Blogs","item":"https:\/\/legacy.colt.net\/es\/resources\/type\/blog-es\/"},{"@type":"ListItem","position":3,"name":"Colt celebra el 25 aniversario de la Nit de les Telecomunicacions"}]},{"@type":"WebSite","@id":"https:\/\/legacy.colt.net\/#website","url":"https:\/\/legacy.colt.net\/","name":"Colt\u30c6\u30af\u30ce\u30ed\u30b8\u30fc\u30b5\u30fc\u30d3\u30b9\u682a\u5f0f\u4f1a\u793e","description":"Managed Network &amp; Voice Services Provider","publisher":{"@id":"https:\/\/legacy.colt.net\/#organization"},"potentialAction":[{"@type":"SearchAction","target":{"@type":"EntryPoint","urlTemplate":"https:\/\/legacy.colt.net\/?s={search_term_string}"},"query-input":{"@type":"PropertyValueSpecification","valueRequired":true,"valueName":"search_term_string"}}],"inLanguage":"es-ES"},{"@type":"Organization","@id":"https:\/\/legacy.colt.net\/#organization","name":"Colt Technology Services","url":"https:\/\/legacy.colt.net\/","logo":{"@type":"ImageObject","inLanguage":"es-ES","@id":"https:\/\/legacy.colt.net\/#\/schema\/logo\/image\/","url":"https:\/\/legacy.colt.net\/wp-content\/uploads\/2019\/02\/Colt-Logo.png","contentUrl":"https:\/\/legacy.colt.net\/wp-content\/uploads\/2019\/02\/Colt-Logo.png","width":195,"height":77,"caption":"Colt Technology Services"},"image":{"@id":"https:\/\/legacy.colt.net\/#\/schema\/logo\/image\/"},"sameAs":["https:\/\/www.facebook.com\/ColtTechnologyServices\/","https:\/\/x.com\/colt_technology","https:\/\/www.instagram.com\/colttechnologyservices\/","https:\/\/www.linkedin.com\/company\/colt-technology-services","https:\/\/www.youtube.com\/user\/ColtTechnology"]},{"@type":"Person","@id":"https:\/\/legacy.colt.net\/#\/schema\/person\/0790b52b9c3cc2a1173a6ceeaf63f304","name":"Lourdes Serrano","image":{"@type":"ImageObject","inLanguage":"es-ES","@id":"https:\/\/legacy.colt.net\/#\/schema\/person\/image\/","url":"https:\/\/secure.gravatar.com\/avatar\/b6363e26360d3ce05582b80235b0da9914782c05898cdb163a08e94feb75b238?s=96&d=mm&r=g","contentUrl":"https:\/\/secure.gravatar.com\/avatar\/b6363e26360d3ce05582b80235b0da9914782c05898cdb163a08e94feb75b238?s=96&d=mm&r=g","caption":"Lourdes Serrano"},"url":"https:\/\/legacy.colt.net\/es\/resources\/author\/lourdesserrano\/"}]}},"_links":{"self":[{"href":"https:\/\/legacy.colt.net\/es\/wp-json\/wp\/v2\/posts\/70617","targetHints":{"allow":["GET"]}}],"collection":[{"href":"https:\/\/legacy.colt.net\/es\/wp-json\/wp\/v2\/posts"}],"about":[{"href":"https:\/\/legacy.colt.net\/es\/wp-json\/wp\/v2\/types\/post"}],"author":[{"embeddable":true,"href":"https:\/\/legacy.colt.net\/es\/wp-json\/wp\/v2\/users\/48"}],"replies":[{"embeddable":true,"href":"https:\/\/legacy.colt.net\/es\/wp-json\/wp\/v2\/comments?post=70617"}],"version-history":[{"count":0,"href":"https:\/\/legacy.colt.net\/es\/wp-json\/wp\/v2\/posts\/70617\/revisions"}],"wp:featuredmedia":[{"embeddable":true,"href":"https:\/\/legacy.colt.net\/es\/wp-json\/wp\/v2\/media\/70622"}],"wp:attachment":[{"href":"https:\/\/legacy.colt.net\/es\/wp-json\/wp\/v2\/media?parent=70617"}],"wp:term":[{"taxonomy":"colt_type","embeddable":true,"href":"https:\/\/legacy.colt.net\/es\/wp-json\/wp\/v2\/colt_type?post=70617"},{"taxonomy":"colt_ind","embeddable":true,"href":"https:\/\/legacy.colt.net\/es\/wp-json\/wp\/v2\/colt_ind?post=70617"},{"taxonomy":"colt_products","embeddable":true,"href":"https:\/\/legacy.colt.net\/es\/wp-json\/wp\/v2\/colt_products?post=70617"},{"taxonomy":"colt_solutions","embeddable":true,"href":"https:\/\/legacy.colt.net\/es\/wp-json\/wp\/v2\/colt_solutions?post=70617"}],"curies":[{"name":"wp","href":"https:\/\/api.w.org\/{rel}","templated":true}]}}