{"id":54064,"date":"2019-05-18T12:37:59","date_gmt":"2019-05-18T11:37:59","guid":{"rendered":"https:\/\/www.colt.net\/?p=54064"},"modified":"2019-05-18T12:37:59","modified_gmt":"2019-05-18T11:37:59","slug":"nueva-edicion-de-connecting-media-el-evento-para-el-sector-digital-media","status":"publish","type":"post","link":"https:\/\/legacy.colt.net\/es\/resources\/nueva-edicion-de-connecting-media-el-evento-para-el-sector-digital-media\/","title":{"rendered":"Nueva edici\u00f3n de Connecting Media, el evento para el sector Digital Media"},"content":{"rendered":"<p>El pr\u00f3ximo 6 de junio tendr\u00e1 lugar en la Torre Espacio de Madrid una nueva edici\u00f3n de <strong>Connecting Media<\/strong>, el evento que re\u00fane a los principales profesionales del sector del Digital Media. La jornada, <strong>organizada por Colt junto Google Cloud, Interxion y Epic Labs<\/strong>, se desarrollar\u00e1 de 9 a 12 de la ma\u00f1ana entorno a un desayuno e incluir\u00e1 varios paneles en los que se hablar\u00e1 sobre los desaf\u00edos de la industria en Espa\u00f1a.<\/p>\n<p>Tras el registro y el caf\u00e9 inicial, comenzar\u00e1 el primer panel de discusi\u00f3n del evento, titulado: \u201c<em>C\u00f3mo se mueve el contenido, el cambio de paradigma: desde la producci\u00f3n a la nube<\/em>\u201d. Durante su media hora de duraci\u00f3n, <strong>Joan Monrab\u00e0 (Director General de Colt en Espa\u00f1a)<\/strong> y otros ejecutivos de las empresas organizadoras del evento hablar\u00e1n sobre el cambio de paradigma que han supuesto las tecnolog\u00edas IT para las industrias del cine y la TV.<\/p>\n<p>Posteriormente tendr\u00e1n lugar otros dos paneles que, bajos los nombres de \u201c<em>El viaje de las televisiones hacia internet y 5G<\/em>\u201d y \u201c<em>La inteligencia artificial en el sector de media: de la teor\u00eda a la realidad<\/em>\u201d, contar\u00e1n con la presencia de importantes perfiles de empresas de prestigio como <strong>MediaPro, RTVE, Mediaset, Fox Networks Group o RakutenTV<\/strong>. Todos ellos hablar\u00e1n de las mejoras introducidas por las nuevas tecnolog\u00edas y los retos que pueden suponer para la estrategia de los medios.<\/p>\n<p>Tras la finalizaci\u00f3n de los paneles de discusi\u00f3n, y para finalizar el evento, habr\u00e1 una <strong>sesi\u00f3n de networking<\/strong> en la que los asistentes podr\u00e1n compartir impresiones entre s\u00ed y charlar con los ponentes de las diferentes compa\u00f1\u00edas en un ambiente distendido.<\/p>\n<p><strong>Web del evento: <a href=\"https:\/\/www.connecting-media.es\">www.connecting-media.es<\/a>\u00a0<\/strong><\/p>\n<p><strong><a href=\"https:\/\/www.youtube.com\/watch?v=j-qg2Y59C58&amp;feature=youtu.be\">Ver Video\u00a0<\/a><\/strong><\/p>\n","protected":false},"excerpt":{"rendered":"<p>El pr\u00f3ximo 6 de junio tendr\u00e1 lugar en la Torre Espacio de Madrid una nueva edici\u00f3n de Connecting Media, el evento que re\u00fane a los principales profesionales del sector del Digital Media. La jornada, organizada por Colt junto Google Cloud, Interxion y Epic Labs, se desarrollar\u00e1 de 9 a 12 de la ma\u00f1ana entorno a&#8230;<\/p>\n","protected":false},"author":48,"featured_media":54066,"comment_status":"closed","ping_status":"closed","sticky":false,"template":"","format":"standard","meta":{"_acf_changed":false,"footnotes":""},"colt_type":[1174],"colt_ind":[1244],"colt_products":[1264,1633,1636,1637],"colt_solutions":[],"class_list":["post-54064","post","type-post","status-publish","format-standard","has-post-thumbnail","hentry","colt_type-blog-es","colt_ind-media-es","colt_products-business-connect-es","colt_products-cloud-connect-es","colt_products-ethernet-es","colt_products-on-demand-colt-iq-network-es"],"acf":[],"yoast_head":"<!-- This site is optimized with the Yoast SEO plugin v26.8 - https:\/\/yoast.com\/product\/yoast-seo-wordpress\/ -->\n<title>Nueva edici\u00f3n de Connecting Media, el evento para el sector Digital Media - Colt Technology Services<\/title>\n<meta name=\"description\" content=\"Nueva edici\u00f3n de Connecting Media, el evento para el sector Digital Media Colt Technology Services El pr\u00f3ximo 6 de junio tendr\u00e1 lugar en la Torre Espacio de Madrid una nueva edici\u00f3n de Connecting Media, el evento que re\u00fane a los principales profesionales del sector del Digital Media. La jornada, organizada por Colt junto Google Cloud, Interxion y Epic Labs,\" \/>\n<meta name=\"robots\" content=\"noindex, follow, max-snippet:-1, max-image-preview:large, max-video-preview:-1\" \/>\n<meta property=\"og:locale\" content=\"es_ES\" \/>\n<meta property=\"og:type\" content=\"article\" \/>\n<meta property=\"og:title\" content=\"Nueva edici\u00f3n de Connecting Media, el evento para el sector Digital Media - Colt Technology Services\" \/>\n<meta property=\"og:description\" content=\"Nueva edici\u00f3n de Connecting Media, el evento para el sector Digital Media Colt Technology Services El pr\u00f3ximo 6 de junio tendr\u00e1 lugar en la Torre Espacio de Madrid una nueva edici\u00f3n de Connecting Media, el evento que re\u00fane a los principales profesionales del sector del Digital Media. La jornada, organizada por Colt junto Google Cloud, Interxion y Epic Labs,\" \/>\n<meta property=\"og:url\" content=\"https:\/\/legacy.colt.net\/es\/resources\/nueva-edicion-de-connecting-media-el-evento-para-el-sector-digital-media\/\" \/>\n<meta property=\"og:site_name\" content=\"Colt Technology Services\" \/>\n<meta property=\"article:publisher\" content=\"https:\/\/www.facebook.com\/ColtTechnologyServices\/\" \/>\n<meta property=\"article:published_time\" content=\"2019-05-18T11:37:59+00:00\" \/>\n<meta property=\"og:image\" content=\"https:\/\/legacy.colt.net\/wp-content\/uploads\/2019\/05\/ConnectingMedia1.gif\" \/>\n\t<meta property=\"og:image:width\" content=\"720\" \/>\n\t<meta property=\"og:image:height\" content=\"376\" \/>\n\t<meta property=\"og:image:type\" content=\"image\/gif\" \/>\n<meta name=\"author\" content=\"Lourdes Serrano\" \/>\n<meta name=\"twitter:card\" content=\"summary_large_image\" \/>\n<meta name=\"twitter:image\" content=\"https:\/\/legacy.colt.net\/wp-content\/uploads\/2019\/05\/ConnectingMedia1.gif\" \/>\n<meta name=\"twitter:creator\" content=\"@colt_technology\" \/>\n<meta name=\"twitter:site\" content=\"@colt_technology\" \/>\n<meta name=\"twitter:label1\" content=\"Written by\" \/>\n\t<meta name=\"twitter:data1\" content=\"Lourdes Serrano\" \/>\n\t<meta name=\"twitter:label2\" content=\"Est. reading time\" \/>\n\t<meta name=\"twitter:data2\" content=\"1 minute\" \/>\n<script type=\"application\/ld+json\" class=\"yoast-schema-graph\">{\"@context\":\"https:\/\/schema.org\",\"@graph\":[{\"@type\":\"Article\",\"@id\":\"https:\/\/legacy.colt.net\/es\/resources\/nueva-edicion-de-connecting-media-el-evento-para-el-sector-digital-media\/#article\",\"isPartOf\":{\"@id\":\"https:\/\/legacy.colt.net\/es\/resources\/nueva-edicion-de-connecting-media-el-evento-para-el-sector-digital-media\/\"},\"author\":{\"name\":\"Lourdes Serrano\",\"@id\":\"https:\/\/legacy.colt.net\/#\/schema\/person\/0790b52b9c3cc2a1173a6ceeaf63f304\"},\"headline\":\"Nueva edici\u00f3n de Connecting Media, el evento para el sector Digital Media\",\"datePublished\":\"2019-05-18T11:37:59+00:00\",\"mainEntityOfPage\":{\"@id\":\"https:\/\/legacy.colt.net\/es\/resources\/nueva-edicion-de-connecting-media-el-evento-para-el-sector-digital-media\/\"},\"wordCount\":308,\"publisher\":{\"@id\":\"https:\/\/legacy.colt.net\/#organization\"},\"image\":{\"@id\":\"https:\/\/legacy.colt.net\/es\/resources\/nueva-edicion-de-connecting-media-el-evento-para-el-sector-digital-media\/#primaryimage\"},\"thumbnailUrl\":\"https:\/\/legacy.colt.net\/wp-content\/uploads\/2019\/05\/ConnectingMedia1.gif\",\"inLanguage\":\"es-ES\"},{\"@type\":\"WebPage\",\"@id\":\"https:\/\/legacy.colt.net\/es\/resources\/nueva-edicion-de-connecting-media-el-evento-para-el-sector-digital-media\/\",\"url\":\"https:\/\/legacy.colt.net\/es\/resources\/nueva-edicion-de-connecting-media-el-evento-para-el-sector-digital-media\/\",\"name\":\"Nueva edici\u00f3n de Connecting Media, el evento para el sector Digital Media - Colt Technology Services\",\"isPartOf\":{\"@id\":\"https:\/\/legacy.colt.net\/#website\"},\"primaryImageOfPage\":{\"@id\":\"https:\/\/legacy.colt.net\/es\/resources\/nueva-edicion-de-connecting-media-el-evento-para-el-sector-digital-media\/#primaryimage\"},\"image\":{\"@id\":\"https:\/\/legacy.colt.net\/es\/resources\/nueva-edicion-de-connecting-media-el-evento-para-el-sector-digital-media\/#primaryimage\"},\"thumbnailUrl\":\"https:\/\/legacy.colt.net\/wp-content\/uploads\/2019\/05\/ConnectingMedia1.gif\",\"datePublished\":\"2019-05-18T11:37:59+00:00\",\"description\":\"Nueva edici\u00f3n de Connecting Media, el evento para el sector Digital Media Colt Technology Services El pr\u00f3ximo 6 de junio tendr\u00e1 lugar en la Torre Espacio de Madrid una nueva edici\u00f3n de Connecting Media, el evento que re\u00fane a los principales profesionales del sector del Digital Media. La jornada, organizada por Colt junto Google Cloud, Interxion y Epic Labs,\",\"breadcrumb\":{\"@id\":\"https:\/\/legacy.colt.net\/es\/resources\/nueva-edicion-de-connecting-media-el-evento-para-el-sector-digital-media\/#breadcrumb\"},\"inLanguage\":\"es-ES\",\"potentialAction\":[{\"@type\":\"ReadAction\",\"target\":[\"https:\/\/legacy.colt.net\/es\/resources\/nueva-edicion-de-connecting-media-el-evento-para-el-sector-digital-media\/\"]}]},{\"@type\":\"ImageObject\",\"inLanguage\":\"es-ES\",\"@id\":\"https:\/\/legacy.colt.net\/es\/resources\/nueva-edicion-de-connecting-media-el-evento-para-el-sector-digital-media\/#primaryimage\",\"url\":\"https:\/\/legacy.colt.net\/wp-content\/uploads\/2019\/05\/ConnectingMedia1.gif\",\"contentUrl\":\"https:\/\/legacy.colt.net\/wp-content\/uploads\/2019\/05\/ConnectingMedia1.gif\",\"width\":720,\"height\":376},{\"@type\":\"BreadcrumbList\",\"@id\":\"https:\/\/legacy.colt.net\/es\/resources\/nueva-edicion-de-connecting-media-el-evento-para-el-sector-digital-media\/#breadcrumb\",\"itemListElement\":[{\"@type\":\"ListItem\",\"position\":1,\"name\":\"Home\",\"item\":\"https:\/\/legacy.colt.net\/es\/\"},{\"@type\":\"ListItem\",\"position\":2,\"name\":\"Blogs\",\"item\":\"https:\/\/legacy.colt.net\/es\/resources\/type\/blog-es\/\"},{\"@type\":\"ListItem\",\"position\":3,\"name\":\"Nueva edici\u00f3n de Connecting Media, el evento para el sector Digital Media\"}]},{\"@type\":\"WebSite\",\"@id\":\"https:\/\/legacy.colt.net\/#website\",\"url\":\"https:\/\/legacy.colt.net\/\",\"name\":\"Colt\u30c6\u30af\u30ce\u30ed\u30b8\u30fc\u30b5\u30fc\u30d3\u30b9\u682a\u5f0f\u4f1a\u793e\",\"description\":\"Managed Network &amp; Voice Services Provider\",\"publisher\":{\"@id\":\"https:\/\/legacy.colt.net\/#organization\"},\"potentialAction\":[{\"@type\":\"SearchAction\",\"target\":{\"@type\":\"EntryPoint\",\"urlTemplate\":\"https:\/\/legacy.colt.net\/?s={search_term_string}\"},\"query-input\":{\"@type\":\"PropertyValueSpecification\",\"valueRequired\":true,\"valueName\":\"search_term_string\"}}],\"inLanguage\":\"es-ES\"},{\"@type\":\"Organization\",\"@id\":\"https:\/\/legacy.colt.net\/#organization\",\"name\":\"Colt Technology Services\",\"url\":\"https:\/\/legacy.colt.net\/\",\"logo\":{\"@type\":\"ImageObject\",\"inLanguage\":\"es-ES\",\"@id\":\"https:\/\/legacy.colt.net\/#\/schema\/logo\/image\/\",\"url\":\"https:\/\/legacy.colt.net\/wp-content\/uploads\/2019\/02\/Colt-Logo.png\",\"contentUrl\":\"https:\/\/legacy.colt.net\/wp-content\/uploads\/2019\/02\/Colt-Logo.png\",\"width\":195,\"height\":77,\"caption\":\"Colt Technology Services\"},\"image\":{\"@id\":\"https:\/\/legacy.colt.net\/#\/schema\/logo\/image\/\"},\"sameAs\":[\"https:\/\/www.facebook.com\/ColtTechnologyServices\/\",\"https:\/\/x.com\/colt_technology\",\"https:\/\/www.instagram.com\/colttechnologyservices\/\",\"https:\/\/www.linkedin.com\/company\/colt-technology-services\",\"https:\/\/www.youtube.com\/user\/ColtTechnology\"]},{\"@type\":\"Person\",\"@id\":\"https:\/\/legacy.colt.net\/#\/schema\/person\/0790b52b9c3cc2a1173a6ceeaf63f304\",\"name\":\"Lourdes Serrano\",\"image\":{\"@type\":\"ImageObject\",\"inLanguage\":\"es-ES\",\"@id\":\"https:\/\/legacy.colt.net\/#\/schema\/person\/image\/\",\"url\":\"https:\/\/secure.gravatar.com\/avatar\/b6363e26360d3ce05582b80235b0da9914782c05898cdb163a08e94feb75b238?s=96&d=mm&r=g\",\"contentUrl\":\"https:\/\/secure.gravatar.com\/avatar\/b6363e26360d3ce05582b80235b0da9914782c05898cdb163a08e94feb75b238?s=96&d=mm&r=g\",\"caption\":\"Lourdes Serrano\"},\"url\":\"https:\/\/legacy.colt.net\/es\/resources\/author\/lourdesserrano\/\"}]}<\/script>\n<!-- \/ Yoast SEO plugin. -->","yoast_head_json":{"title":"Nueva edici\u00f3n de Connecting Media, el evento para el sector Digital Media - Colt Technology Services","description":"Nueva edici\u00f3n de Connecting Media, el evento para el sector Digital Media Colt Technology Services El pr\u00f3ximo 6 de junio tendr\u00e1 lugar en la Torre Espacio de Madrid una nueva edici\u00f3n de Connecting Media, el evento que re\u00fane a los principales profesionales del sector del Digital Media. La jornada, organizada por Colt junto Google Cloud, Interxion y Epic Labs,","robots":{"index":"noindex","follow":"follow","max-snippet":"max-snippet:-1","max-image-preview":"max-image-preview:large","max-video-preview":"max-video-preview:-1"},"og_locale":"es_ES","og_type":"article","og_title":"Nueva edici\u00f3n de Connecting Media, el evento para el sector Digital Media - Colt Technology Services","og_description":"Nueva edici\u00f3n de Connecting Media, el evento para el sector Digital Media Colt Technology Services El pr\u00f3ximo 6 de junio tendr\u00e1 lugar en la Torre Espacio de Madrid una nueva edici\u00f3n de Connecting Media, el evento que re\u00fane a los principales profesionales del sector del Digital Media. La jornada, organizada por Colt junto Google Cloud, Interxion y Epic Labs,","og_url":"https:\/\/legacy.colt.net\/es\/resources\/nueva-edicion-de-connecting-media-el-evento-para-el-sector-digital-media\/","og_site_name":"Colt Technology Services","article_publisher":"https:\/\/www.facebook.com\/ColtTechnologyServices\/","article_published_time":"2019-05-18T11:37:59+00:00","og_image":[{"width":720,"height":376,"url":"https:\/\/legacy.colt.net\/wp-content\/uploads\/2019\/05\/ConnectingMedia1.gif","type":"image\/gif"}],"author":"Lourdes Serrano","twitter_card":"summary_large_image","twitter_image":"https:\/\/legacy.colt.net\/wp-content\/uploads\/2019\/05\/ConnectingMedia1.gif","twitter_creator":"@colt_technology","twitter_site":"@colt_technology","twitter_misc":{"Written by":"Lourdes Serrano","Est. reading time":"1 minute"},"schema":{"@context":"https:\/\/schema.org","@graph":[{"@type":"Article","@id":"https:\/\/legacy.colt.net\/es\/resources\/nueva-edicion-de-connecting-media-el-evento-para-el-sector-digital-media\/#article","isPartOf":{"@id":"https:\/\/legacy.colt.net\/es\/resources\/nueva-edicion-de-connecting-media-el-evento-para-el-sector-digital-media\/"},"author":{"name":"Lourdes Serrano","@id":"https:\/\/legacy.colt.net\/#\/schema\/person\/0790b52b9c3cc2a1173a6ceeaf63f304"},"headline":"Nueva edici\u00f3n de Connecting Media, el evento para el sector Digital Media","datePublished":"2019-05-18T11:37:59+00:00","mainEntityOfPage":{"@id":"https:\/\/legacy.colt.net\/es\/resources\/nueva-edicion-de-connecting-media-el-evento-para-el-sector-digital-media\/"},"wordCount":308,"publisher":{"@id":"https:\/\/legacy.colt.net\/#organization"},"image":{"@id":"https:\/\/legacy.colt.net\/es\/resources\/nueva-edicion-de-connecting-media-el-evento-para-el-sector-digital-media\/#primaryimage"},"thumbnailUrl":"https:\/\/legacy.colt.net\/wp-content\/uploads\/2019\/05\/ConnectingMedia1.gif","inLanguage":"es-ES"},{"@type":"WebPage","@id":"https:\/\/legacy.colt.net\/es\/resources\/nueva-edicion-de-connecting-media-el-evento-para-el-sector-digital-media\/","url":"https:\/\/legacy.colt.net\/es\/resources\/nueva-edicion-de-connecting-media-el-evento-para-el-sector-digital-media\/","name":"Nueva edici\u00f3n de Connecting Media, el evento para el sector Digital Media - Colt Technology Services","isPartOf":{"@id":"https:\/\/legacy.colt.net\/#website"},"primaryImageOfPage":{"@id":"https:\/\/legacy.colt.net\/es\/resources\/nueva-edicion-de-connecting-media-el-evento-para-el-sector-digital-media\/#primaryimage"},"image":{"@id":"https:\/\/legacy.colt.net\/es\/resources\/nueva-edicion-de-connecting-media-el-evento-para-el-sector-digital-media\/#primaryimage"},"thumbnailUrl":"https:\/\/legacy.colt.net\/wp-content\/uploads\/2019\/05\/ConnectingMedia1.gif","datePublished":"2019-05-18T11:37:59+00:00","description":"Nueva edici\u00f3n de Connecting Media, el evento para el sector Digital Media Colt Technology Services El pr\u00f3ximo 6 de junio tendr\u00e1 lugar en la Torre Espacio de Madrid una nueva edici\u00f3n de Connecting Media, el evento que re\u00fane a los principales profesionales del sector del Digital Media. La jornada, organizada por Colt junto Google Cloud, Interxion y Epic Labs,","breadcrumb":{"@id":"https:\/\/legacy.colt.net\/es\/resources\/nueva-edicion-de-connecting-media-el-evento-para-el-sector-digital-media\/#breadcrumb"},"inLanguage":"es-ES","potentialAction":[{"@type":"ReadAction","target":["https:\/\/legacy.colt.net\/es\/resources\/nueva-edicion-de-connecting-media-el-evento-para-el-sector-digital-media\/"]}]},{"@type":"ImageObject","inLanguage":"es-ES","@id":"https:\/\/legacy.colt.net\/es\/resources\/nueva-edicion-de-connecting-media-el-evento-para-el-sector-digital-media\/#primaryimage","url":"https:\/\/legacy.colt.net\/wp-content\/uploads\/2019\/05\/ConnectingMedia1.gif","contentUrl":"https:\/\/legacy.colt.net\/wp-content\/uploads\/2019\/05\/ConnectingMedia1.gif","width":720,"height":376},{"@type":"BreadcrumbList","@id":"https:\/\/legacy.colt.net\/es\/resources\/nueva-edicion-de-connecting-media-el-evento-para-el-sector-digital-media\/#breadcrumb","itemListElement":[{"@type":"ListItem","position":1,"name":"Home","item":"https:\/\/legacy.colt.net\/es\/"},{"@type":"ListItem","position":2,"name":"Blogs","item":"https:\/\/legacy.colt.net\/es\/resources\/type\/blog-es\/"},{"@type":"ListItem","position":3,"name":"Nueva edici\u00f3n de Connecting Media, el evento para el sector Digital Media"}]},{"@type":"WebSite","@id":"https:\/\/legacy.colt.net\/#website","url":"https:\/\/legacy.colt.net\/","name":"Colt\u30c6\u30af\u30ce\u30ed\u30b8\u30fc\u30b5\u30fc\u30d3\u30b9\u682a\u5f0f\u4f1a\u793e","description":"Managed Network &amp; Voice Services Provider","publisher":{"@id":"https:\/\/legacy.colt.net\/#organization"},"potentialAction":[{"@type":"SearchAction","target":{"@type":"EntryPoint","urlTemplate":"https:\/\/legacy.colt.net\/?s={search_term_string}"},"query-input":{"@type":"PropertyValueSpecification","valueRequired":true,"valueName":"search_term_string"}}],"inLanguage":"es-ES"},{"@type":"Organization","@id":"https:\/\/legacy.colt.net\/#organization","name":"Colt Technology Services","url":"https:\/\/legacy.colt.net\/","logo":{"@type":"ImageObject","inLanguage":"es-ES","@id":"https:\/\/legacy.colt.net\/#\/schema\/logo\/image\/","url":"https:\/\/legacy.colt.net\/wp-content\/uploads\/2019\/02\/Colt-Logo.png","contentUrl":"https:\/\/legacy.colt.net\/wp-content\/uploads\/2019\/02\/Colt-Logo.png","width":195,"height":77,"caption":"Colt Technology Services"},"image":{"@id":"https:\/\/legacy.colt.net\/#\/schema\/logo\/image\/"},"sameAs":["https:\/\/www.facebook.com\/ColtTechnologyServices\/","https:\/\/x.com\/colt_technology","https:\/\/www.instagram.com\/colttechnologyservices\/","https:\/\/www.linkedin.com\/company\/colt-technology-services","https:\/\/www.youtube.com\/user\/ColtTechnology"]},{"@type":"Person","@id":"https:\/\/legacy.colt.net\/#\/schema\/person\/0790b52b9c3cc2a1173a6ceeaf63f304","name":"Lourdes Serrano","image":{"@type":"ImageObject","inLanguage":"es-ES","@id":"https:\/\/legacy.colt.net\/#\/schema\/person\/image\/","url":"https:\/\/secure.gravatar.com\/avatar\/b6363e26360d3ce05582b80235b0da9914782c05898cdb163a08e94feb75b238?s=96&d=mm&r=g","contentUrl":"https:\/\/secure.gravatar.com\/avatar\/b6363e26360d3ce05582b80235b0da9914782c05898cdb163a08e94feb75b238?s=96&d=mm&r=g","caption":"Lourdes Serrano"},"url":"https:\/\/legacy.colt.net\/es\/resources\/author\/lourdesserrano\/"}]}},"_links":{"self":[{"href":"https:\/\/legacy.colt.net\/es\/wp-json\/wp\/v2\/posts\/54064","targetHints":{"allow":["GET"]}}],"collection":[{"href":"https:\/\/legacy.colt.net\/es\/wp-json\/wp\/v2\/posts"}],"about":[{"href":"https:\/\/legacy.colt.net\/es\/wp-json\/wp\/v2\/types\/post"}],"author":[{"embeddable":true,"href":"https:\/\/legacy.colt.net\/es\/wp-json\/wp\/v2\/users\/48"}],"replies":[{"embeddable":true,"href":"https:\/\/legacy.colt.net\/es\/wp-json\/wp\/v2\/comments?post=54064"}],"version-history":[{"count":0,"href":"https:\/\/legacy.colt.net\/es\/wp-json\/wp\/v2\/posts\/54064\/revisions"}],"wp:featuredmedia":[{"embeddable":true,"href":"https:\/\/legacy.colt.net\/es\/wp-json\/wp\/v2\/media\/54066"}],"wp:attachment":[{"href":"https:\/\/legacy.colt.net\/es\/wp-json\/wp\/v2\/media?parent=54064"}],"wp:term":[{"taxonomy":"colt_type","embeddable":true,"href":"https:\/\/legacy.colt.net\/es\/wp-json\/wp\/v2\/colt_type?post=54064"},{"taxonomy":"colt_ind","embeddable":true,"href":"https:\/\/legacy.colt.net\/es\/wp-json\/wp\/v2\/colt_ind?post=54064"},{"taxonomy":"colt_products","embeddable":true,"href":"https:\/\/legacy.colt.net\/es\/wp-json\/wp\/v2\/colt_products?post=54064"},{"taxonomy":"colt_solutions","embeddable":true,"href":"https:\/\/legacy.colt.net\/es\/wp-json\/wp\/v2\/colt_solutions?post=54064"}],"curies":[{"name":"wp","href":"https:\/\/api.w.org\/{rel}","templated":true}]}}