{"id":50656,"date":"2019-04-08T09:16:18","date_gmt":"2019-04-08T08:16:18","guid":{"rendered":"https:\/\/www.colt.net\/?p=50656"},"modified":"2019-05-13T12:29:36","modified_gmt":"2019-05-13T11:29:36","slug":"colt-habla-del-futuro-de-la-red-en-aslan2019","status":"publish","type":"post","link":"https:\/\/legacy.colt.net\/es\/resources\/colt-habla-del-futuro-de-la-red-en-aslan2019\/","title":{"rendered":"Colt habla del futuro de la red en ASLAN2019"},"content":{"rendered":"<h2 class=\"p1\">Colt ofreci\u00f3 una ponencia sobre el futuro de la red en el Congreso Aslan 2019<\/h2>\n<p class=\"p3\">Los d\u00edas 3 y 4 de abril ha tenido lugar en Madrid <a href=\"https:\/\/aslan.es\/congreso2019\/forum-all-connected\/\"><span class=\"s1\">ASLAN2019<\/span><\/a>, la cita anual sobre tecnolog\u00edas con las que acelerar la transformaci\u00f3n de la empresas. El Palacio Municipal de Congresos de Madrid, situado en las inmediaciones del Ifema, ha vuelto a ser el recinto escogido para celebrar el <b>congreso de ASLAN<\/b>, en un evento que ha congregado a m\u00e1s de 10.000 profesionales del sector.<\/p>\n<p class=\"p3\"><span class=\"s1\"><a href=\"https:\/\/legacy.colt.net\/es\">Colt Technology Services<\/a><\/span> ha estado presente en ASLAN2019 y <b>Jorge Carrasquilla Soares, Sales Engineer Manager Spain &amp; Portugal de Colt, <\/b>ha ofrecido una ponencia sobre el futuro de la red para los pr\u00f3ximos a\u00f1os dentro del Foro \u201cl\u00edderes&amp;visionarios\u201d, una de las actividades realizadas en el marco de la vig\u00e9simo sexta edici\u00f3n de este importante congreso de innovaci\u00f3n IT.<\/p>\n<p class=\"p3\">A lo largo de la ponencia \u201c<b>La Red del Futuro, evaluaci\u00f3n de las tendencias tecnol\u00f3gicas y su impacto sobre las redes empresariales del futuro<\/b>\u201d, Jorge Carrasquilla ha puesto de manifiesto que las redes del futuro no pasan por un servicio unitario, sino en la creaci\u00f3n de paquetes On Demand que ofrezcan una experiencia personalizada y adaptada a las necesidades de cada cliente.<\/p>\n<p class=\"p3\">Las compa\u00f1\u00edas tendr\u00e1n, seg\u00fan su sector, filosof\u00eda y tama\u00f1o, diferentes necesidades tanto en los servicios que quieran contratar como en la infraestructura que los soporta. Por ejemplo, algunas organizaciones necesitar\u00e1n trabajar cerca de un centro de datos, mientras que otras podr\u00e1n apostar por el <b>Software as a Service (SaaS)<\/b> distribuido a trav\u00e9s de la red.<\/p>\n<p class=\"p3\">Jorge Carrasquilla tambi\u00e9n ha podido hablar de las tendencias del sector, entre las que destacan <b>la llegada de las redes inteligentes<\/b>. Nuevas tecnolog\u00edas como la clasificaci\u00f3n de los flujos de tr\u00e1fico, seguridad de red mejorada y servicios escalables hacen de este tipo de conexiones un producto con un gran potencial de crecimiento para los pr\u00f3ximos a\u00f1os.<\/p>\n<p class=\"p5\"><span class=\"s2\">Si quieres conocer m\u00e1s sobre este tema, <a href=\"https:\/\/legacy.colt.net\/es\/your-future-network\/\"><span class=\"s3\">descarga el whitepaper de Colt \u201c<b>La Red del Futuro\u201d<\/b><\/span><\/a><\/span><span class=\"s4\">.<\/span><\/p>\n<p class=\"p3\">Junto con Jorge Carrasquilla, otros representantes de algunas de las compa\u00f1\u00edas m\u00e1s importantes del sector dieron su visi\u00f3n de la<b> innovaci\u00f3n dentro del sector IT<\/b>. El Foro \u201cl\u00edderes&amp;visionarios\u201d de ASLAN incluy\u00f3 extenso plantel de conferencias que se desarrollaron a lo largo de los dos d\u00edas de duraci\u00f3n de ASLAN2019.<\/p>\n","protected":false},"excerpt":{"rendered":"<p>Los d\u00edas 3 y 4 de abril ha tenido lugar en Madrid ASLAN2019, la cita anual sobre tecnolog\u00edas con las que acelerar la transformaci\u00f3n de la empresas. El Palacio Municipal de Congresos de Madrid, situado en las inmediaciones del Ifema, ha vuelto a ser el recinto <\/p>\n","protected":false},"author":48,"featured_media":0,"comment_status":"closed","ping_status":"closed","sticky":false,"template":"","format":"standard","meta":{"_acf_changed":false,"footnotes":""},"colt_type":[1174],"colt_ind":[1214],"colt_products":[1264],"colt_solutions":[],"class_list":["post-50656","post","type-post","status-publish","format-standard","hentry","colt_type-blog-es","colt_ind-business-es","colt_products-business-connect-es"],"acf":[],"yoast_head":"<!-- This site is optimized with the Yoast SEO plugin v26.8 - https:\/\/yoast.com\/product\/yoast-seo-wordpress\/ -->\n<title>Colt habla del futuro de la red en ASLAN2019 - Colt Technology Services<\/title>\n<meta name=\"description\" content=\"Los d\u00edas 3 y 4 de abril ha tenido lugar en Madrid ASLAN2019, la cita anual sobre tecnolog\u00edas con las que acelerar la transformaci\u00f3n de la empresas...\" \/>\n<meta name=\"robots\" content=\"noindex, follow, max-snippet:-1, max-image-preview:large, max-video-preview:-1\" \/>\n<meta property=\"og:locale\" content=\"es_ES\" \/>\n<meta property=\"og:type\" content=\"article\" \/>\n<meta property=\"og:title\" content=\"Colt habla del futuro de la red en ASLAN2019 - Colt Technology Services\" \/>\n<meta property=\"og:description\" content=\"Los d\u00edas 3 y 4 de abril ha tenido lugar en Madrid ASLAN2019, la cita anual sobre tecnolog\u00edas con las que acelerar la transformaci\u00f3n de la empresas...\" \/>\n<meta property=\"og:url\" content=\"https:\/\/legacy.colt.net\/es\/resources\/colt-habla-del-futuro-de-la-red-en-aslan2019\/\" \/>\n<meta property=\"og:site_name\" content=\"Colt Technology Services\" \/>\n<meta property=\"article:publisher\" content=\"https:\/\/www.facebook.com\/ColtTechnologyServices\/\" \/>\n<meta property=\"article:published_time\" content=\"2019-04-08T08:16:18+00:00\" \/>\n<meta property=\"article:modified_time\" content=\"2019-05-13T11:29:36+00:00\" \/>\n<meta property=\"og:image\" content=\"https:\/\/legacy.colt.net\/wp-content\/uploads\/2021\/01\/Brand-2021-Stock-36.jpg\" \/>\n\t<meta property=\"og:image:width\" content=\"1000\" \/>\n\t<meta property=\"og:image:height\" content=\"667\" \/>\n\t<meta property=\"og:image:type\" content=\"image\/jpeg\" \/>\n<meta name=\"author\" content=\"Lourdes Serrano\" \/>\n<meta name=\"twitter:card\" content=\"summary_large_image\" \/>\n<meta name=\"twitter:creator\" content=\"@colt_technology\" \/>\n<meta name=\"twitter:site\" content=\"@colt_technology\" \/>\n<meta name=\"twitter:label1\" content=\"Written by\" \/>\n\t<meta name=\"twitter:data1\" content=\"Lourdes Serrano\" \/>\n\t<meta name=\"twitter:label2\" content=\"Est. reading time\" \/>\n\t<meta name=\"twitter:data2\" content=\"2 minutes\" \/>\n<script type=\"application\/ld+json\" class=\"yoast-schema-graph\">{\"@context\":\"https:\/\/schema.org\",\"@graph\":[{\"@type\":\"Article\",\"@id\":\"https:\/\/legacy.colt.net\/es\/resources\/colt-habla-del-futuro-de-la-red-en-aslan2019\/#article\",\"isPartOf\":{\"@id\":\"https:\/\/legacy.colt.net\/es\/resources\/colt-habla-del-futuro-de-la-red-en-aslan2019\/\"},\"author\":{\"name\":\"Lourdes Serrano\",\"@id\":\"https:\/\/legacy.colt.net\/#\/schema\/person\/0790b52b9c3cc2a1173a6ceeaf63f304\"},\"headline\":\"Colt habla del futuro de la red en ASLAN2019\",\"datePublished\":\"2019-04-08T08:16:18+00:00\",\"dateModified\":\"2019-05-13T11:29:36+00:00\",\"mainEntityOfPage\":{\"@id\":\"https:\/\/legacy.colt.net\/es\/resources\/colt-habla-del-futuro-de-la-red-en-aslan2019\/\"},\"wordCount\":421,\"publisher\":{\"@id\":\"https:\/\/legacy.colt.net\/#organization\"},\"articleSection\":[\"Sin categorizar\"],\"inLanguage\":\"es-ES\"},{\"@type\":\"WebPage\",\"@id\":\"https:\/\/legacy.colt.net\/es\/resources\/colt-habla-del-futuro-de-la-red-en-aslan2019\/\",\"url\":\"https:\/\/legacy.colt.net\/es\/resources\/colt-habla-del-futuro-de-la-red-en-aslan2019\/\",\"name\":\"Colt habla del futuro de la red en ASLAN2019 - Colt Technology Services\",\"isPartOf\":{\"@id\":\"https:\/\/legacy.colt.net\/#website\"},\"datePublished\":\"2019-04-08T08:16:18+00:00\",\"dateModified\":\"2019-05-13T11:29:36+00:00\",\"description\":\"Los d\u00edas 3 y 4 de abril ha tenido lugar en Madrid ASLAN2019, la cita anual sobre tecnolog\u00edas con las que acelerar la transformaci\u00f3n de la empresas...\",\"breadcrumb\":{\"@id\":\"https:\/\/legacy.colt.net\/es\/resources\/colt-habla-del-futuro-de-la-red-en-aslan2019\/#breadcrumb\"},\"inLanguage\":\"es-ES\",\"potentialAction\":[{\"@type\":\"ReadAction\",\"target\":[\"https:\/\/legacy.colt.net\/es\/resources\/colt-habla-del-futuro-de-la-red-en-aslan2019\/\"]}]},{\"@type\":\"BreadcrumbList\",\"@id\":\"https:\/\/legacy.colt.net\/es\/resources\/colt-habla-del-futuro-de-la-red-en-aslan2019\/#breadcrumb\",\"itemListElement\":[{\"@type\":\"ListItem\",\"position\":1,\"name\":\"Home\",\"item\":\"https:\/\/legacy.colt.net\/es\/\"},{\"@type\":\"ListItem\",\"position\":2,\"name\":\"Blogs\",\"item\":\"https:\/\/legacy.colt.net\/es\/resources\/type\/blog-es\/\"},{\"@type\":\"ListItem\",\"position\":3,\"name\":\"Colt habla del futuro de la red en ASLAN2019\"}]},{\"@type\":\"WebSite\",\"@id\":\"https:\/\/legacy.colt.net\/#website\",\"url\":\"https:\/\/legacy.colt.net\/\",\"name\":\"Colt\u30c6\u30af\u30ce\u30ed\u30b8\u30fc\u30b5\u30fc\u30d3\u30b9\u682a\u5f0f\u4f1a\u793e\",\"description\":\"Managed Network &amp; Voice Services Provider\",\"publisher\":{\"@id\":\"https:\/\/legacy.colt.net\/#organization\"},\"potentialAction\":[{\"@type\":\"SearchAction\",\"target\":{\"@type\":\"EntryPoint\",\"urlTemplate\":\"https:\/\/legacy.colt.net\/?s={search_term_string}\"},\"query-input\":{\"@type\":\"PropertyValueSpecification\",\"valueRequired\":true,\"valueName\":\"search_term_string\"}}],\"inLanguage\":\"es-ES\"},{\"@type\":\"Organization\",\"@id\":\"https:\/\/legacy.colt.net\/#organization\",\"name\":\"Colt Technology Services\",\"url\":\"https:\/\/legacy.colt.net\/\",\"logo\":{\"@type\":\"ImageObject\",\"inLanguage\":\"es-ES\",\"@id\":\"https:\/\/legacy.colt.net\/#\/schema\/logo\/image\/\",\"url\":\"https:\/\/legacy.colt.net\/wp-content\/uploads\/2019\/02\/Colt-Logo.png\",\"contentUrl\":\"https:\/\/legacy.colt.net\/wp-content\/uploads\/2019\/02\/Colt-Logo.png\",\"width\":195,\"height\":77,\"caption\":\"Colt Technology Services\"},\"image\":{\"@id\":\"https:\/\/legacy.colt.net\/#\/schema\/logo\/image\/\"},\"sameAs\":[\"https:\/\/www.facebook.com\/ColtTechnologyServices\/\",\"https:\/\/x.com\/colt_technology\",\"https:\/\/www.instagram.com\/colttechnologyservices\/\",\"https:\/\/www.linkedin.com\/company\/colt-technology-services\",\"https:\/\/www.youtube.com\/user\/ColtTechnology\"]},{\"@type\":\"Person\",\"@id\":\"https:\/\/legacy.colt.net\/#\/schema\/person\/0790b52b9c3cc2a1173a6ceeaf63f304\",\"name\":\"Lourdes Serrano\",\"image\":{\"@type\":\"ImageObject\",\"inLanguage\":\"es-ES\",\"@id\":\"https:\/\/legacy.colt.net\/#\/schema\/person\/image\/\",\"url\":\"https:\/\/secure.gravatar.com\/avatar\/b6363e26360d3ce05582b80235b0da9914782c05898cdb163a08e94feb75b238?s=96&d=mm&r=g\",\"contentUrl\":\"https:\/\/secure.gravatar.com\/avatar\/b6363e26360d3ce05582b80235b0da9914782c05898cdb163a08e94feb75b238?s=96&d=mm&r=g\",\"caption\":\"Lourdes Serrano\"},\"url\":\"https:\/\/legacy.colt.net\/es\/resources\/author\/lourdesserrano\/\"}]}<\/script>\n<!-- \/ Yoast SEO plugin. -->","yoast_head_json":{"title":"Colt habla del futuro de la red en ASLAN2019 - Colt Technology Services","description":"Los d\u00edas 3 y 4 de abril ha tenido lugar en Madrid ASLAN2019, la cita anual sobre tecnolog\u00edas con las que acelerar la transformaci\u00f3n de la empresas...","robots":{"index":"noindex","follow":"follow","max-snippet":"max-snippet:-1","max-image-preview":"max-image-preview:large","max-video-preview":"max-video-preview:-1"},"og_locale":"es_ES","og_type":"article","og_title":"Colt habla del futuro de la red en ASLAN2019 - Colt Technology Services","og_description":"Los d\u00edas 3 y 4 de abril ha tenido lugar en Madrid ASLAN2019, la cita anual sobre tecnolog\u00edas con las que acelerar la transformaci\u00f3n de la empresas...","og_url":"https:\/\/legacy.colt.net\/es\/resources\/colt-habla-del-futuro-de-la-red-en-aslan2019\/","og_site_name":"Colt Technology Services","article_publisher":"https:\/\/www.facebook.com\/ColtTechnologyServices\/","article_published_time":"2019-04-08T08:16:18+00:00","article_modified_time":"2019-05-13T11:29:36+00:00","og_image":[{"width":1000,"height":667,"url":"https:\/\/legacy.colt.net\/wp-content\/uploads\/2021\/01\/Brand-2021-Stock-36.jpg","type":"image\/jpeg"}],"author":"Lourdes Serrano","twitter_card":"summary_large_image","twitter_creator":"@colt_technology","twitter_site":"@colt_technology","twitter_misc":{"Written by":"Lourdes Serrano","Est. reading time":"2 minutes"},"schema":{"@context":"https:\/\/schema.org","@graph":[{"@type":"Article","@id":"https:\/\/legacy.colt.net\/es\/resources\/colt-habla-del-futuro-de-la-red-en-aslan2019\/#article","isPartOf":{"@id":"https:\/\/legacy.colt.net\/es\/resources\/colt-habla-del-futuro-de-la-red-en-aslan2019\/"},"author":{"name":"Lourdes Serrano","@id":"https:\/\/legacy.colt.net\/#\/schema\/person\/0790b52b9c3cc2a1173a6ceeaf63f304"},"headline":"Colt habla del futuro de la red en ASLAN2019","datePublished":"2019-04-08T08:16:18+00:00","dateModified":"2019-05-13T11:29:36+00:00","mainEntityOfPage":{"@id":"https:\/\/legacy.colt.net\/es\/resources\/colt-habla-del-futuro-de-la-red-en-aslan2019\/"},"wordCount":421,"publisher":{"@id":"https:\/\/legacy.colt.net\/#organization"},"articleSection":["Sin categorizar"],"inLanguage":"es-ES"},{"@type":"WebPage","@id":"https:\/\/legacy.colt.net\/es\/resources\/colt-habla-del-futuro-de-la-red-en-aslan2019\/","url":"https:\/\/legacy.colt.net\/es\/resources\/colt-habla-del-futuro-de-la-red-en-aslan2019\/","name":"Colt habla del futuro de la red en ASLAN2019 - Colt Technology Services","isPartOf":{"@id":"https:\/\/legacy.colt.net\/#website"},"datePublished":"2019-04-08T08:16:18+00:00","dateModified":"2019-05-13T11:29:36+00:00","description":"Los d\u00edas 3 y 4 de abril ha tenido lugar en Madrid ASLAN2019, la cita anual sobre tecnolog\u00edas con las que acelerar la transformaci\u00f3n de la empresas...","breadcrumb":{"@id":"https:\/\/legacy.colt.net\/es\/resources\/colt-habla-del-futuro-de-la-red-en-aslan2019\/#breadcrumb"},"inLanguage":"es-ES","potentialAction":[{"@type":"ReadAction","target":["https:\/\/legacy.colt.net\/es\/resources\/colt-habla-del-futuro-de-la-red-en-aslan2019\/"]}]},{"@type":"BreadcrumbList","@id":"https:\/\/legacy.colt.net\/es\/resources\/colt-habla-del-futuro-de-la-red-en-aslan2019\/#breadcrumb","itemListElement":[{"@type":"ListItem","position":1,"name":"Home","item":"https:\/\/legacy.colt.net\/es\/"},{"@type":"ListItem","position":2,"name":"Blogs","item":"https:\/\/legacy.colt.net\/es\/resources\/type\/blog-es\/"},{"@type":"ListItem","position":3,"name":"Colt habla del futuro de la red en ASLAN2019"}]},{"@type":"WebSite","@id":"https:\/\/legacy.colt.net\/#website","url":"https:\/\/legacy.colt.net\/","name":"Colt\u30c6\u30af\u30ce\u30ed\u30b8\u30fc\u30b5\u30fc\u30d3\u30b9\u682a\u5f0f\u4f1a\u793e","description":"Managed Network &amp; Voice Services Provider","publisher":{"@id":"https:\/\/legacy.colt.net\/#organization"},"potentialAction":[{"@type":"SearchAction","target":{"@type":"EntryPoint","urlTemplate":"https:\/\/legacy.colt.net\/?s={search_term_string}"},"query-input":{"@type":"PropertyValueSpecification","valueRequired":true,"valueName":"search_term_string"}}],"inLanguage":"es-ES"},{"@type":"Organization","@id":"https:\/\/legacy.colt.net\/#organization","name":"Colt Technology Services","url":"https:\/\/legacy.colt.net\/","logo":{"@type":"ImageObject","inLanguage":"es-ES","@id":"https:\/\/legacy.colt.net\/#\/schema\/logo\/image\/","url":"https:\/\/legacy.colt.net\/wp-content\/uploads\/2019\/02\/Colt-Logo.png","contentUrl":"https:\/\/legacy.colt.net\/wp-content\/uploads\/2019\/02\/Colt-Logo.png","width":195,"height":77,"caption":"Colt Technology Services"},"image":{"@id":"https:\/\/legacy.colt.net\/#\/schema\/logo\/image\/"},"sameAs":["https:\/\/www.facebook.com\/ColtTechnologyServices\/","https:\/\/x.com\/colt_technology","https:\/\/www.instagram.com\/colttechnologyservices\/","https:\/\/www.linkedin.com\/company\/colt-technology-services","https:\/\/www.youtube.com\/user\/ColtTechnology"]},{"@type":"Person","@id":"https:\/\/legacy.colt.net\/#\/schema\/person\/0790b52b9c3cc2a1173a6ceeaf63f304","name":"Lourdes Serrano","image":{"@type":"ImageObject","inLanguage":"es-ES","@id":"https:\/\/legacy.colt.net\/#\/schema\/person\/image\/","url":"https:\/\/secure.gravatar.com\/avatar\/b6363e26360d3ce05582b80235b0da9914782c05898cdb163a08e94feb75b238?s=96&d=mm&r=g","contentUrl":"https:\/\/secure.gravatar.com\/avatar\/b6363e26360d3ce05582b80235b0da9914782c05898cdb163a08e94feb75b238?s=96&d=mm&r=g","caption":"Lourdes Serrano"},"url":"https:\/\/legacy.colt.net\/es\/resources\/author\/lourdesserrano\/"}]}},"_links":{"self":[{"href":"https:\/\/legacy.colt.net\/es\/wp-json\/wp\/v2\/posts\/50656","targetHints":{"allow":["GET"]}}],"collection":[{"href":"https:\/\/legacy.colt.net\/es\/wp-json\/wp\/v2\/posts"}],"about":[{"href":"https:\/\/legacy.colt.net\/es\/wp-json\/wp\/v2\/types\/post"}],"author":[{"embeddable":true,"href":"https:\/\/legacy.colt.net\/es\/wp-json\/wp\/v2\/users\/48"}],"replies":[{"embeddable":true,"href":"https:\/\/legacy.colt.net\/es\/wp-json\/wp\/v2\/comments?post=50656"}],"version-history":[{"count":0,"href":"https:\/\/legacy.colt.net\/es\/wp-json\/wp\/v2\/posts\/50656\/revisions"}],"wp:attachment":[{"href":"https:\/\/legacy.colt.net\/es\/wp-json\/wp\/v2\/media?parent=50656"}],"wp:term":[{"taxonomy":"colt_type","embeddable":true,"href":"https:\/\/legacy.colt.net\/es\/wp-json\/wp\/v2\/colt_type?post=50656"},{"taxonomy":"colt_ind","embeddable":true,"href":"https:\/\/legacy.colt.net\/es\/wp-json\/wp\/v2\/colt_ind?post=50656"},{"taxonomy":"colt_products","embeddable":true,"href":"https:\/\/legacy.colt.net\/es\/wp-json\/wp\/v2\/colt_products?post=50656"},{"taxonomy":"colt_solutions","embeddable":true,"href":"https:\/\/legacy.colt.net\/es\/wp-json\/wp\/v2\/colt_solutions?post=50656"}],"curies":[{"name":"wp","href":"https:\/\/api.w.org\/{rel}","templated":true}]}}