{"id":48213,"date":"2019-02-01T00:00:00","date_gmt":"2019-02-01T00:00:00","guid":{"rendered":"https:\/\/www.colt.net\/resources\/colt-amplia-sus-servicios-de-fibra-optica-lanzando-la-red-private-wave-en-asia\/"},"modified":"2019-02-01T00:00:00","modified_gmt":"2019-02-01T00:00:00","slug":"colt-amplia-sus-servicios-de-fibra-optica-lanzando-la-red-private-wave-en-asia","status":"publish","type":"post","link":"https:\/\/legacy.colt.net\/es\/resources\/colt-amplia-sus-servicios-de-fibra-optica-lanzando-la-red-private-wave-en-asia\/","title":{"rendered":"Colt amplia su fibra \u00f3ptica, lanzando la red Private Wave en Asia"},"content":{"rendered":"<h4><strong>Colt Private Wave estar\u00e1 disponible en Jap\u00f3n, Hong Kong y Singapur.\u00a0<\/strong><strong>Esta red complementa a la <\/strong><a href=\"https:\/\/legacy.colt.net\/global-network\/\"><strong>Colt IQ Network<\/strong><\/a><strong> que en Asia conecta 95 data centres y 6.800 edificios en l\u00ednea.<\/strong><\/h4>\n<p>Colt ha anunciado la expansi\u00f3n de su cartera de servicios en Asia, con el lanzamiento de Colt Private Wave en Jap\u00f3n, Hong Kong y Singapur.<\/p>\n<p><strong>Colt Private Wave se ha dise\u00f1ado expl\u00edcitamente para empresas que demandan soluciones de fibra \u00f3ptica que implican un elevado nivel de seguridad<\/strong>, alto rendimiento y conectividad redundante. El servicio de Colt utiliza la plataforma WDM (Multiplexado por divisi\u00f3n en longitudes de onda) y proporciona el nivel m\u00e1s elevado de protecci\u00f3n y control operacional basado en una infraestructura dedicada para el cliente y as\u00ed satisfacer sus demandas en materia de conectividad.<\/p>\n<p>Ahora m\u00e1s que nunca, las empresas gestionan grandes cantidades de datos sensibles y esto implica un riesgo como las filtraciones de datos, tanto accidentales como maliciosas, que son cada vez m\u00e1s frecuentes y m\u00e1s da\u00f1inas para el entorno empresarial.<\/p>\n<p>Proporcionando un servicio flexible y fiable, Colt Private Wave tambi\u00e9n aporta la encriptaci\u00f3n \u00f3ptica, haciendo as\u00ed que tanto la red como el tr\u00e1fico que se genera en ella est\u00e9 encriptada, con independencia del tipo u origen de datos que se generen. Este tipo de servicios permite a los clientes gestionar los riesgos fruto del entorno digital actual a los que se enfrentan sus compa\u00f1\u00edas.<\/p>\n<p>Colt Private Wave complementa a la red\u00a0<a href=\"https:\/\/legacy.colt.net\/global-network\/\">Colt IQ Network<\/a> que, solo en Asia conecta 95 data centres y 6.800 edificios en l\u00ednea, ascendiendo hasta los 850 data centres y 27.500 edificios en l\u00ednea a nivel global.<\/p>\n<p>\u201c<em>Debido a las regulaciones recientes como el GDPR en Europa y las pautas de seguridad\u00a0 FISC (Financial Industry Information Systems) en Jap\u00f3n, las empresas son extremadamente estrictas con respecto a las directrices relativas a c\u00f3mo deben almacenar la informaci\u00f3n de sus clientes<\/em>\u201d, explica Peter Coppens, vicepresidente cartera de productos de Colt Technology Services.<\/p>\n<p>\u201c<em>Colt ha invertido en proporcionar redes seguras al incorporar la seguridad en el tejido de la Colt IQ Network. La extensi\u00f3n de Colt Private Wave en Asia permitir\u00e1 a las empresas que puedan continuar centr\u00e1ndose en todo aquello que impulsa el crecimiento de su negocio, con la certeza de que la estructura tecnol\u00f3gica de su organizaci\u00f3n es segura<\/em>&#8220;, a\u00f1ade Coppens.<\/p>\n<p>La encriptaci\u00f3n est\u00e1 disponible para entornos est\u00e1ndar optical y cubre las opciones respaldadas por Colt Wave y productos de Colt Private Wave, como 10GBASE LAN-PHY y 100Gbps LR4.<\/p>\n","protected":false},"excerpt":{"rendered":"<p>Colt extiende sus servicios de fibra \u00f3ptica, lanzando la red Private Wave en Asia<\/p>\n","protected":false},"author":48,"featured_media":48207,"comment_status":"closed","ping_status":"closed","sticky":false,"template":"","format":"standard","meta":{"_acf_changed":false,"footnotes":""},"colt_type":[1184],"colt_ind":[1254,1259],"colt_products":[1264,1642,1663,1662],"colt_solutions":[],"class_list":["post-48213","post","type-post","status-publish","format-standard","has-post-thumbnail","hentry","colt_type-news-es","colt_ind-technology-es","colt_ind-telecoms-es","colt_products-business-connect-es","colt_products-optical-es","colt_products-private-wave-es","colt_products-wave-es"],"acf":[],"yoast_head":"<!-- This site is optimized with the Yoast SEO plugin v26.8 - https:\/\/yoast.com\/product\/yoast-seo-wordpress\/ -->\n<title>Colt amplia su fibra \u00f3ptica, lanzando la red Private Wave en Asia - Colt Technology Services<\/title>\n<meta name=\"description\" content=\"Colt extiende sus servicios de fibra \u00f3ptica, lanzando la red Private Wave en Asia\" \/>\n<meta name=\"robots\" content=\"noindex, follow, max-snippet:-1, max-image-preview:large, max-video-preview:-1\" \/>\n<meta property=\"og:locale\" content=\"es_ES\" \/>\n<meta property=\"og:type\" content=\"article\" \/>\n<meta property=\"og:title\" content=\"Colt amplia su fibra \u00f3ptica, lanzando la red Private Wave en Asia - Colt Technology Services\" \/>\n<meta property=\"og:description\" content=\"Colt extiende sus servicios de fibra \u00f3ptica, lanzando la red Private Wave en Asia\" \/>\n<meta property=\"og:url\" content=\"https:\/\/legacy.colt.net\/es\/resources\/colt-amplia-sus-servicios-de-fibra-optica-lanzando-la-red-private-wave-en-asia\/\" \/>\n<meta property=\"og:site_name\" content=\"Colt Technology Services\" \/>\n<meta property=\"article:publisher\" content=\"https:\/\/www.facebook.com\/ColtTechnologyServices\/\" \/>\n<meta property=\"article:published_time\" content=\"2019-02-01T00:00:00+00:00\" \/>\n<meta property=\"og:image\" content=\"https:\/\/legacy.colt.net\/wp-content\/uploads\/2019\/03\/HongKong3.iStock-500806746-720x450.jpg\" \/>\n\t<meta property=\"og:image:width\" content=\"720\" \/>\n\t<meta property=\"og:image:height\" content=\"450\" \/>\n\t<meta property=\"og:image:type\" content=\"image\/jpeg\" \/>\n<meta name=\"author\" content=\"Lourdes Serrano\" \/>\n<meta name=\"twitter:card\" content=\"summary_large_image\" \/>\n<meta name=\"twitter:image\" content=\"https:\/\/legacy.colt.net\/wp-content\/uploads\/2019\/03\/HongKong3.iStock-500806746-720x450.jpg\" \/>\n<meta name=\"twitter:creator\" content=\"@colt_technology\" \/>\n<meta name=\"twitter:site\" content=\"@colt_technology\" \/>\n<meta name=\"twitter:label1\" content=\"Written by\" \/>\n\t<meta name=\"twitter:data1\" content=\"Lourdes Serrano\" \/>\n\t<meta name=\"twitter:label2\" content=\"Est. reading time\" \/>\n\t<meta name=\"twitter:data2\" content=\"2 minutes\" \/>\n<script type=\"application\/ld+json\" class=\"yoast-schema-graph\">{\"@context\":\"https:\/\/schema.org\",\"@graph\":[{\"@type\":\"Article\",\"@id\":\"https:\/\/legacy.colt.net\/es\/resources\/colt-amplia-sus-servicios-de-fibra-optica-lanzando-la-red-private-wave-en-asia\/#article\",\"isPartOf\":{\"@id\":\"https:\/\/legacy.colt.net\/es\/resources\/colt-amplia-sus-servicios-de-fibra-optica-lanzando-la-red-private-wave-en-asia\/\"},\"author\":{\"name\":\"Lourdes Serrano\",\"@id\":\"https:\/\/legacy.colt.net\/#\/schema\/person\/0790b52b9c3cc2a1173a6ceeaf63f304\"},\"headline\":\"Colt amplia su fibra \u00f3ptica, lanzando la red Private Wave en Asia\",\"datePublished\":\"2019-02-01T00:00:00+00:00\",\"mainEntityOfPage\":{\"@id\":\"https:\/\/legacy.colt.net\/es\/resources\/colt-amplia-sus-servicios-de-fibra-optica-lanzando-la-red-private-wave-en-asia\/\"},\"wordCount\":442,\"publisher\":{\"@id\":\"https:\/\/legacy.colt.net\/#organization\"},\"image\":{\"@id\":\"https:\/\/legacy.colt.net\/es\/resources\/colt-amplia-sus-servicios-de-fibra-optica-lanzando-la-red-private-wave-en-asia\/#primaryimage\"},\"thumbnailUrl\":\"https:\/\/legacy.colt.net\/wp-content\/uploads\/2019\/03\/HongKong3.iStock-500806746-720x450.jpg\",\"articleSection\":[\"General\"],\"inLanguage\":\"es-ES\"},{\"@type\":\"WebPage\",\"@id\":\"https:\/\/legacy.colt.net\/es\/resources\/colt-amplia-sus-servicios-de-fibra-optica-lanzando-la-red-private-wave-en-asia\/\",\"url\":\"https:\/\/legacy.colt.net\/es\/resources\/colt-amplia-sus-servicios-de-fibra-optica-lanzando-la-red-private-wave-en-asia\/\",\"name\":\"Colt amplia su fibra \u00f3ptica, lanzando la red Private Wave en Asia - Colt Technology Services\",\"isPartOf\":{\"@id\":\"https:\/\/legacy.colt.net\/#website\"},\"primaryImageOfPage\":{\"@id\":\"https:\/\/legacy.colt.net\/es\/resources\/colt-amplia-sus-servicios-de-fibra-optica-lanzando-la-red-private-wave-en-asia\/#primaryimage\"},\"image\":{\"@id\":\"https:\/\/legacy.colt.net\/es\/resources\/colt-amplia-sus-servicios-de-fibra-optica-lanzando-la-red-private-wave-en-asia\/#primaryimage\"},\"thumbnailUrl\":\"https:\/\/legacy.colt.net\/wp-content\/uploads\/2019\/03\/HongKong3.iStock-500806746-720x450.jpg\",\"datePublished\":\"2019-02-01T00:00:00+00:00\",\"description\":\"Colt extiende sus servicios de fibra \u00f3ptica, lanzando la red Private Wave en Asia\",\"breadcrumb\":{\"@id\":\"https:\/\/legacy.colt.net\/es\/resources\/colt-amplia-sus-servicios-de-fibra-optica-lanzando-la-red-private-wave-en-asia\/#breadcrumb\"},\"inLanguage\":\"es-ES\",\"potentialAction\":[{\"@type\":\"ReadAction\",\"target\":[\"https:\/\/legacy.colt.net\/es\/resources\/colt-amplia-sus-servicios-de-fibra-optica-lanzando-la-red-private-wave-en-asia\/\"]}]},{\"@type\":\"ImageObject\",\"inLanguage\":\"es-ES\",\"@id\":\"https:\/\/legacy.colt.net\/es\/resources\/colt-amplia-sus-servicios-de-fibra-optica-lanzando-la-red-private-wave-en-asia\/#primaryimage\",\"url\":\"https:\/\/legacy.colt.net\/wp-content\/uploads\/2019\/03\/HongKong3.iStock-500806746-720x450.jpg\",\"contentUrl\":\"https:\/\/legacy.colt.net\/wp-content\/uploads\/2019\/03\/HongKong3.iStock-500806746-720x450.jpg\",\"width\":720,\"height\":450},{\"@type\":\"BreadcrumbList\",\"@id\":\"https:\/\/legacy.colt.net\/es\/resources\/colt-amplia-sus-servicios-de-fibra-optica-lanzando-la-red-private-wave-en-asia\/#breadcrumb\",\"itemListElement\":[{\"@type\":\"ListItem\",\"position\":1,\"name\":\"Home\",\"item\":\"https:\/\/legacy.colt.net\/es\/\"},{\"@type\":\"ListItem\",\"position\":2,\"name\":\"Colt Technology News\",\"item\":\"https:\/\/legacy.colt.net\/es\/resources\/type\/news-es\/\"},{\"@type\":\"ListItem\",\"position\":3,\"name\":\"Colt amplia su fibra \u00f3ptica, lanzando la red Private Wave en Asia\"}]},{\"@type\":\"WebSite\",\"@id\":\"https:\/\/legacy.colt.net\/#website\",\"url\":\"https:\/\/legacy.colt.net\/\",\"name\":\"Colt\u30c6\u30af\u30ce\u30ed\u30b8\u30fc\u30b5\u30fc\u30d3\u30b9\u682a\u5f0f\u4f1a\u793e\",\"description\":\"Managed Network &amp; Voice Services Provider\",\"publisher\":{\"@id\":\"https:\/\/legacy.colt.net\/#organization\"},\"potentialAction\":[{\"@type\":\"SearchAction\",\"target\":{\"@type\":\"EntryPoint\",\"urlTemplate\":\"https:\/\/legacy.colt.net\/?s={search_term_string}\"},\"query-input\":{\"@type\":\"PropertyValueSpecification\",\"valueRequired\":true,\"valueName\":\"search_term_string\"}}],\"inLanguage\":\"es-ES\"},{\"@type\":\"Organization\",\"@id\":\"https:\/\/legacy.colt.net\/#organization\",\"name\":\"Colt Technology Services\",\"url\":\"https:\/\/legacy.colt.net\/\",\"logo\":{\"@type\":\"ImageObject\",\"inLanguage\":\"es-ES\",\"@id\":\"https:\/\/legacy.colt.net\/#\/schema\/logo\/image\/\",\"url\":\"https:\/\/legacy.colt.net\/wp-content\/uploads\/2019\/02\/Colt-Logo.png\",\"contentUrl\":\"https:\/\/legacy.colt.net\/wp-content\/uploads\/2019\/02\/Colt-Logo.png\",\"width\":195,\"height\":77,\"caption\":\"Colt Technology Services\"},\"image\":{\"@id\":\"https:\/\/legacy.colt.net\/#\/schema\/logo\/image\/\"},\"sameAs\":[\"https:\/\/www.facebook.com\/ColtTechnologyServices\/\",\"https:\/\/x.com\/colt_technology\",\"https:\/\/www.instagram.com\/colttechnologyservices\/\",\"https:\/\/www.linkedin.com\/company\/colt-technology-services\",\"https:\/\/www.youtube.com\/user\/ColtTechnology\"]},{\"@type\":\"Person\",\"@id\":\"https:\/\/legacy.colt.net\/#\/schema\/person\/0790b52b9c3cc2a1173a6ceeaf63f304\",\"name\":\"Lourdes Serrano\",\"image\":{\"@type\":\"ImageObject\",\"inLanguage\":\"es-ES\",\"@id\":\"https:\/\/legacy.colt.net\/#\/schema\/person\/image\/\",\"url\":\"https:\/\/secure.gravatar.com\/avatar\/b6363e26360d3ce05582b80235b0da9914782c05898cdb163a08e94feb75b238?s=96&d=mm&r=g\",\"contentUrl\":\"https:\/\/secure.gravatar.com\/avatar\/b6363e26360d3ce05582b80235b0da9914782c05898cdb163a08e94feb75b238?s=96&d=mm&r=g\",\"caption\":\"Lourdes Serrano\"},\"url\":\"https:\/\/legacy.colt.net\/es\/resources\/author\/lourdesserrano\/\"}]}<\/script>\n<!-- \/ Yoast SEO plugin. -->","yoast_head_json":{"title":"Colt amplia su fibra \u00f3ptica, lanzando la red Private Wave en Asia - Colt Technology Services","description":"Colt extiende sus servicios de fibra \u00f3ptica, lanzando la red Private Wave en Asia","robots":{"index":"noindex","follow":"follow","max-snippet":"max-snippet:-1","max-image-preview":"max-image-preview:large","max-video-preview":"max-video-preview:-1"},"og_locale":"es_ES","og_type":"article","og_title":"Colt amplia su fibra \u00f3ptica, lanzando la red Private Wave en Asia - Colt Technology Services","og_description":"Colt extiende sus servicios de fibra \u00f3ptica, lanzando la red Private Wave en Asia","og_url":"https:\/\/legacy.colt.net\/es\/resources\/colt-amplia-sus-servicios-de-fibra-optica-lanzando-la-red-private-wave-en-asia\/","og_site_name":"Colt Technology Services","article_publisher":"https:\/\/www.facebook.com\/ColtTechnologyServices\/","article_published_time":"2019-02-01T00:00:00+00:00","og_image":[{"width":720,"height":450,"url":"https:\/\/legacy.colt.net\/wp-content\/uploads\/2019\/03\/HongKong3.iStock-500806746-720x450.jpg","type":"image\/jpeg"}],"author":"Lourdes Serrano","twitter_card":"summary_large_image","twitter_image":"https:\/\/legacy.colt.net\/wp-content\/uploads\/2019\/03\/HongKong3.iStock-500806746-720x450.jpg","twitter_creator":"@colt_technology","twitter_site":"@colt_technology","twitter_misc":{"Written by":"Lourdes Serrano","Est. reading time":"2 minutes"},"schema":{"@context":"https:\/\/schema.org","@graph":[{"@type":"Article","@id":"https:\/\/legacy.colt.net\/es\/resources\/colt-amplia-sus-servicios-de-fibra-optica-lanzando-la-red-private-wave-en-asia\/#article","isPartOf":{"@id":"https:\/\/legacy.colt.net\/es\/resources\/colt-amplia-sus-servicios-de-fibra-optica-lanzando-la-red-private-wave-en-asia\/"},"author":{"name":"Lourdes Serrano","@id":"https:\/\/legacy.colt.net\/#\/schema\/person\/0790b52b9c3cc2a1173a6ceeaf63f304"},"headline":"Colt amplia su fibra \u00f3ptica, lanzando la red Private Wave en Asia","datePublished":"2019-02-01T00:00:00+00:00","mainEntityOfPage":{"@id":"https:\/\/legacy.colt.net\/es\/resources\/colt-amplia-sus-servicios-de-fibra-optica-lanzando-la-red-private-wave-en-asia\/"},"wordCount":442,"publisher":{"@id":"https:\/\/legacy.colt.net\/#organization"},"image":{"@id":"https:\/\/legacy.colt.net\/es\/resources\/colt-amplia-sus-servicios-de-fibra-optica-lanzando-la-red-private-wave-en-asia\/#primaryimage"},"thumbnailUrl":"https:\/\/legacy.colt.net\/wp-content\/uploads\/2019\/03\/HongKong3.iStock-500806746-720x450.jpg","articleSection":["General"],"inLanguage":"es-ES"},{"@type":"WebPage","@id":"https:\/\/legacy.colt.net\/es\/resources\/colt-amplia-sus-servicios-de-fibra-optica-lanzando-la-red-private-wave-en-asia\/","url":"https:\/\/legacy.colt.net\/es\/resources\/colt-amplia-sus-servicios-de-fibra-optica-lanzando-la-red-private-wave-en-asia\/","name":"Colt amplia su fibra \u00f3ptica, lanzando la red Private Wave en Asia - Colt Technology Services","isPartOf":{"@id":"https:\/\/legacy.colt.net\/#website"},"primaryImageOfPage":{"@id":"https:\/\/legacy.colt.net\/es\/resources\/colt-amplia-sus-servicios-de-fibra-optica-lanzando-la-red-private-wave-en-asia\/#primaryimage"},"image":{"@id":"https:\/\/legacy.colt.net\/es\/resources\/colt-amplia-sus-servicios-de-fibra-optica-lanzando-la-red-private-wave-en-asia\/#primaryimage"},"thumbnailUrl":"https:\/\/legacy.colt.net\/wp-content\/uploads\/2019\/03\/HongKong3.iStock-500806746-720x450.jpg","datePublished":"2019-02-01T00:00:00+00:00","description":"Colt extiende sus servicios de fibra \u00f3ptica, lanzando la red Private Wave en Asia","breadcrumb":{"@id":"https:\/\/legacy.colt.net\/es\/resources\/colt-amplia-sus-servicios-de-fibra-optica-lanzando-la-red-private-wave-en-asia\/#breadcrumb"},"inLanguage":"es-ES","potentialAction":[{"@type":"ReadAction","target":["https:\/\/legacy.colt.net\/es\/resources\/colt-amplia-sus-servicios-de-fibra-optica-lanzando-la-red-private-wave-en-asia\/"]}]},{"@type":"ImageObject","inLanguage":"es-ES","@id":"https:\/\/legacy.colt.net\/es\/resources\/colt-amplia-sus-servicios-de-fibra-optica-lanzando-la-red-private-wave-en-asia\/#primaryimage","url":"https:\/\/legacy.colt.net\/wp-content\/uploads\/2019\/03\/HongKong3.iStock-500806746-720x450.jpg","contentUrl":"https:\/\/legacy.colt.net\/wp-content\/uploads\/2019\/03\/HongKong3.iStock-500806746-720x450.jpg","width":720,"height":450},{"@type":"BreadcrumbList","@id":"https:\/\/legacy.colt.net\/es\/resources\/colt-amplia-sus-servicios-de-fibra-optica-lanzando-la-red-private-wave-en-asia\/#breadcrumb","itemListElement":[{"@type":"ListItem","position":1,"name":"Home","item":"https:\/\/legacy.colt.net\/es\/"},{"@type":"ListItem","position":2,"name":"Colt Technology News","item":"https:\/\/legacy.colt.net\/es\/resources\/type\/news-es\/"},{"@type":"ListItem","position":3,"name":"Colt amplia su fibra \u00f3ptica, lanzando la red Private Wave en Asia"}]},{"@type":"WebSite","@id":"https:\/\/legacy.colt.net\/#website","url":"https:\/\/legacy.colt.net\/","name":"Colt\u30c6\u30af\u30ce\u30ed\u30b8\u30fc\u30b5\u30fc\u30d3\u30b9\u682a\u5f0f\u4f1a\u793e","description":"Managed Network &amp; Voice Services Provider","publisher":{"@id":"https:\/\/legacy.colt.net\/#organization"},"potentialAction":[{"@type":"SearchAction","target":{"@type":"EntryPoint","urlTemplate":"https:\/\/legacy.colt.net\/?s={search_term_string}"},"query-input":{"@type":"PropertyValueSpecification","valueRequired":true,"valueName":"search_term_string"}}],"inLanguage":"es-ES"},{"@type":"Organization","@id":"https:\/\/legacy.colt.net\/#organization","name":"Colt Technology Services","url":"https:\/\/legacy.colt.net\/","logo":{"@type":"ImageObject","inLanguage":"es-ES","@id":"https:\/\/legacy.colt.net\/#\/schema\/logo\/image\/","url":"https:\/\/legacy.colt.net\/wp-content\/uploads\/2019\/02\/Colt-Logo.png","contentUrl":"https:\/\/legacy.colt.net\/wp-content\/uploads\/2019\/02\/Colt-Logo.png","width":195,"height":77,"caption":"Colt Technology Services"},"image":{"@id":"https:\/\/legacy.colt.net\/#\/schema\/logo\/image\/"},"sameAs":["https:\/\/www.facebook.com\/ColtTechnologyServices\/","https:\/\/x.com\/colt_technology","https:\/\/www.instagram.com\/colttechnologyservices\/","https:\/\/www.linkedin.com\/company\/colt-technology-services","https:\/\/www.youtube.com\/user\/ColtTechnology"]},{"@type":"Person","@id":"https:\/\/legacy.colt.net\/#\/schema\/person\/0790b52b9c3cc2a1173a6ceeaf63f304","name":"Lourdes Serrano","image":{"@type":"ImageObject","inLanguage":"es-ES","@id":"https:\/\/legacy.colt.net\/#\/schema\/person\/image\/","url":"https:\/\/secure.gravatar.com\/avatar\/b6363e26360d3ce05582b80235b0da9914782c05898cdb163a08e94feb75b238?s=96&d=mm&r=g","contentUrl":"https:\/\/secure.gravatar.com\/avatar\/b6363e26360d3ce05582b80235b0da9914782c05898cdb163a08e94feb75b238?s=96&d=mm&r=g","caption":"Lourdes Serrano"},"url":"https:\/\/legacy.colt.net\/es\/resources\/author\/lourdesserrano\/"}]}},"_links":{"self":[{"href":"https:\/\/legacy.colt.net\/es\/wp-json\/wp\/v2\/posts\/48213","targetHints":{"allow":["GET"]}}],"collection":[{"href":"https:\/\/legacy.colt.net\/es\/wp-json\/wp\/v2\/posts"}],"about":[{"href":"https:\/\/legacy.colt.net\/es\/wp-json\/wp\/v2\/types\/post"}],"author":[{"embeddable":true,"href":"https:\/\/legacy.colt.net\/es\/wp-json\/wp\/v2\/users\/48"}],"replies":[{"embeddable":true,"href":"https:\/\/legacy.colt.net\/es\/wp-json\/wp\/v2\/comments?post=48213"}],"version-history":[{"count":0,"href":"https:\/\/legacy.colt.net\/es\/wp-json\/wp\/v2\/posts\/48213\/revisions"}],"wp:featuredmedia":[{"embeddable":true,"href":"https:\/\/legacy.colt.net\/es\/wp-json\/wp\/v2\/media\/48207"}],"wp:attachment":[{"href":"https:\/\/legacy.colt.net\/es\/wp-json\/wp\/v2\/media?parent=48213"}],"wp:term":[{"taxonomy":"colt_type","embeddable":true,"href":"https:\/\/legacy.colt.net\/es\/wp-json\/wp\/v2\/colt_type?post=48213"},{"taxonomy":"colt_ind","embeddable":true,"href":"https:\/\/legacy.colt.net\/es\/wp-json\/wp\/v2\/colt_ind?post=48213"},{"taxonomy":"colt_products","embeddable":true,"href":"https:\/\/legacy.colt.net\/es\/wp-json\/wp\/v2\/colt_products?post=48213"},{"taxonomy":"colt_solutions","embeddable":true,"href":"https:\/\/legacy.colt.net\/es\/wp-json\/wp\/v2\/colt_solutions?post=48213"}],"curies":[{"name":"wp","href":"https:\/\/api.w.org\/{rel}","templated":true}]}}