{"id":48131,"date":"2018-10-15T00:00:00","date_gmt":"2018-10-14T23:00:00","guid":{"rendered":"https:\/\/www.colt.net\/resources\/colt-anuncia-el-despliegue-de-fibra-adicional-en-la-ciudad-de-berlin\/"},"modified":"2018-10-15T00:00:00","modified_gmt":"2018-10-14T23:00:00","slug":"colt-anuncia-el-despliegue-de-fibra-adicional-en-la-ciudad-de-berlin","status":"publish","type":"post","link":"https:\/\/legacy.colt.net\/es\/resources\/colt-anuncia-el-despliegue-de-fibra-adicional-en-la-ciudad-de-berlin\/","title":{"rendered":"Colt anuncia el despliegue de fibra adicional en la ciudad de Berl\u00edn"},"content":{"rendered":"<ul>\n<li><em>Cerca de 500 edificios conectados podr\u00e1n beneficiarse de la expansi\u00f3n con conexiones de 100Gbps r\u00e1pidas y seguras<\/em><\/li>\n<li><em>Las infraestructuras de Colt en Berl\u00edn ser\u00e1n clave para la pr\u00f3xima expansi\u00f3n de los servicios de la compa\u00f1\u00eda en Europa del Este<\/em><\/li>\n<\/ul>\n<p>El pasado 11 de octubre<strong>,\u00a0<\/strong>\u00a0<a href=\"https:\/\/legacy.colt.net\/es\">Colt Technology Services<\/a>\u00a0anunci\u00f3 sus planes para la expansi\u00f3n de la <a href=\"https:\/\/legacy.colt.net\/global-network\/\">Colt IQ Network<\/a> en Berl\u00edn (Alemania), permitiendo a los consumidores acceder a la transformaci\u00f3n digital gracias a servicios bajo demanda y de alto ancho de banda. Esta \u00faltima expansi\u00f3n ampl\u00eda todav\u00eda m\u00e1s la huella global de Colt, que ver\u00e1 como m\u00e1s de 100 kil\u00f3metros nuevos de fibra se despliegan bajo los suelos de la capital alemana y enlazar\u00e1 a m\u00e1s de 500 edificios conectados.<\/p>\n<p>Esta importante inversi\u00f3n realizada en la regi\u00f3n asegurar\u00e1 que la Colt IQ Network, la red optimizada e inteligente de 100Gbps de Colt, ofrezca el mejor servicio para SDN, NFV y <em>cloud<\/em>; y sea capaz de cumplir con las crecientes necesidades de las empresas digitales. En Berl\u00edn, Colt lleva operando desde 1997 su propia Red de \u00c1rea Metropolitana (MAN por sus siglas en ingl\u00e9s).<\/p>\n<p>Una reciente encuesta de la C\u00e1mara de Industria y Comercio de Berl\u00edn desvel\u00f3 que el 70% de las empresas de Berl\u00edn necesitan conexiones de 100Mbit\/s o superiores. La presencia de Colt en la zona permite a la compa\u00f1\u00eda de ofrecer conectividad de alto ancho de banda al parque tecnol\u00f3gico Berlin Adlershof. Este es uno de los emplazamientos <em>high-tech<\/em> m\u00e1s exitosos de Alemania y el <em>media site<\/em> m\u00e1s grande de Berl\u00edn. Adem\u00e1s, Potsdam estar\u00e1 tambi\u00e9n conectada a la Colt IQ Network.<\/p>\n<p><strong>Colt Technology Services<\/strong> est\u00e1 en un punto avanzado de la expansi\u00f3n de su red a 6 capitales del Este de Europa y Berl\u00edn tendr\u00e1 un papel clave en esta operaci\u00f3n. La red se extender\u00e1 desde Klagenfurt en Austria, donde Colt ya est\u00e1 presente, en direcci\u00f3n al este para pasar por Bratislava, Budapest, Bucarest y Sof\u00eda, para posteriormente volver por Belgrado y Zagreb y terminar de completar el c\u00edrculo de vuelta en Klagenfurt.<\/p>\n<p><strong>Carl Grivner, Director General de Colt Technology Services<\/strong> explica: &#8220;<em>Berl\u00edn es el ecosistema de negocios que m\u00e1s r\u00e1pido crece de Europa. La expansi\u00f3n en la capital alemana es parte de la estrategia de expansi\u00f3n de Colt, que busca ayudar a los consumidores de Europa, Asia y Norteam\u00e9rica a trav\u00e9s de soluciones de alto ancho de banda \u00e1giles y On Demand. Tenemos 13 ciudades importantes en Norteam\u00e9rica, incluyendo Nueva York, San Francisco y Chicago, conectadas a las densas redes metro asi\u00e1ticas y europeas. Tambi\u00e9n hemos incrementado nuestra cobertura en Espa\u00f1a, a\u00f1adiendo 22 nuevas provincias al alcance local en el pa\u00eds y hemos desplegado m\u00e1s fibra en la ciudad de Dubl\u00edn; expandiendo nuestra IQ Network para permitir la transformaci\u00f3n digital de las empresas hoy y ma\u00f1ana<\/em>\u201d.<\/p>\n<p>Colt ofrece servicios <em>On Demand<\/em> basados en redes de fibra \u00f3ptica de alto rendimiento. Eso permite a las empresas controlar su propia red y escalar el ancho de banda casi en tiempo real para adaptarse a sus necesidades en cada momento. De esta forma se superan los largos tiempos de espera que normalmente tienen los servicios de red. Adem\u00e1s, Colt ofrece a trav\u00e9s de su red acceso dedicado y seguro a los servicios en la nube p\u00fablica de los principales proveedores.<\/p>\n<p>\u201c<em>La consistente expansi\u00f3n de la fibra \u00f3ptica es un requisito importante para el uso de tecnolog\u00edas 5G,una de nuestras prioridades, puesto que forman las infraestructuras backhaul necesarias para hacer posibles las tasas de transferencia acordes a este est\u00e1ndar. Con nuestra inversi\u00f3n, apoyamos a Berl\u00edn en su camino a convertirse en una metr\u00f3polis digital y a su ecosistema start-up. Colt tiene una conexi\u00f3n muy especial con Berl\u00edn, porque ha sido el Digital Cinema Partner del Internationale Filmfestspiele Berlin (Berlinale) desde 2009 y est\u00e1 contribuyendo a su digitalizaci\u00f3n. Para Colt, Berl\u00edn como ciudad es importante y contin\u00faa creciendo con la expansi\u00f3n anunciada hoy<\/em>\u201d, dice S\u00fcleyman Karman, Managing Director de Colt Technology Services GmbH en Alemania.<\/p>\n<p>Adem\u00e1s de Berl\u00edn, Colt tiene redes de \u00e1rea metropolitana en Alemania en D\u00fcsseldorf, Frankfurt, Hamburgo, Hannover, Colonia, Munich y Stuttgart. En total, m\u00e1s de 170 <em>data centres<\/em> y m\u00e1s de 6.200 edificios de oficinas y centros de negocio est\u00e1n conectados a la red de Colt en Alemania.<\/p>\n","protected":false},"excerpt":{"rendered":"<p>Cerca de 500 edificios conectados podr\u00e1n beneficiarse de la expansi\u00f3n con conexiones de 100Gbps r\u00e1pidas y seguras<\/p>\n","protected":false},"author":48,"featured_media":47995,"comment_status":"closed","ping_status":"closed","sticky":false,"template":"","format":"standard","meta":{"_acf_changed":false,"footnotes":""},"colt_type":[],"colt_ind":[1214,1254,1259],"colt_products":[1264],"colt_solutions":[],"class_list":["post-48131","post","type-post","status-publish","format-standard","has-post-thumbnail","hentry","colt_ind-business-es","colt_ind-technology-es","colt_ind-telecoms-es","colt_products-business-connect-es"],"acf":[],"yoast_head":"<!-- This site is optimized with the Yoast SEO plugin v26.8 - https:\/\/yoast.com\/product\/yoast-seo-wordpress\/ -->\n<title>Colt anuncia el despliegue de fibra adicional en la ciudad de Berl\u00edn - Colt Technology Services<\/title>\n<meta name=\"description\" content=\"Cerca de 500 edificios conectados podr\u00e1n beneficiarse de la expansi\u00f3n con conexiones de 100Gbps r\u00e1pidas y seguras\" \/>\n<meta name=\"robots\" content=\"noindex, follow, max-snippet:-1, max-image-preview:large, max-video-preview:-1\" \/>\n<meta property=\"og:locale\" content=\"es_ES\" \/>\n<meta property=\"og:type\" content=\"article\" \/>\n<meta property=\"og:title\" content=\"Colt anuncia el despliegue de fibra adicional en la ciudad de Berl\u00edn - Colt Technology Services\" \/>\n<meta property=\"og:description\" content=\"Cerca de 500 edificios conectados podr\u00e1n beneficiarse de la expansi\u00f3n con conexiones de 100Gbps r\u00e1pidas y seguras\" \/>\n<meta property=\"og:url\" content=\"https:\/\/legacy.colt.net\/es\/resources\/colt-anuncia-el-despliegue-de-fibra-adicional-en-la-ciudad-de-berlin\/\" \/>\n<meta property=\"og:site_name\" content=\"Colt Technology Services\" \/>\n<meta property=\"article:publisher\" content=\"https:\/\/www.facebook.com\/ColtTechnologyServices\/\" \/>\n<meta property=\"article:published_time\" content=\"2018-10-14T23:00:00+00:00\" \/>\n<meta property=\"og:image\" content=\"https:\/\/legacy.colt.net\/wp-content\/uploads\/2019\/03\/Connectivity-1.jpg\" \/>\n\t<meta property=\"og:image:width\" content=\"1255\" \/>\n\t<meta property=\"og:image:height\" content=\"836\" \/>\n\t<meta property=\"og:image:type\" content=\"image\/jpeg\" \/>\n<meta name=\"author\" content=\"Lourdes Serrano\" \/>\n<meta name=\"twitter:card\" content=\"summary_large_image\" \/>\n<meta name=\"twitter:image\" content=\"https:\/\/legacy.colt.net\/wp-content\/uploads\/2019\/03\/Connectivity-1.jpg\" \/>\n<meta name=\"twitter:creator\" content=\"@colt_technology\" \/>\n<meta name=\"twitter:site\" content=\"@colt_technology\" \/>\n<meta name=\"twitter:label1\" content=\"Written by\" \/>\n\t<meta name=\"twitter:data1\" content=\"Lourdes Serrano\" \/>\n\t<meta name=\"twitter:label2\" content=\"Est. reading time\" \/>\n\t<meta name=\"twitter:data2\" content=\"4 minutes\" \/>\n<script type=\"application\/ld+json\" class=\"yoast-schema-graph\">{\"@context\":\"https:\/\/schema.org\",\"@graph\":[{\"@type\":\"Article\",\"@id\":\"https:\/\/legacy.colt.net\/es\/resources\/colt-anuncia-el-despliegue-de-fibra-adicional-en-la-ciudad-de-berlin\/#article\",\"isPartOf\":{\"@id\":\"https:\/\/legacy.colt.net\/es\/resources\/colt-anuncia-el-despliegue-de-fibra-adicional-en-la-ciudad-de-berlin\/\"},\"author\":{\"name\":\"Lourdes Serrano\",\"@id\":\"https:\/\/legacy.colt.net\/#\/schema\/person\/0790b52b9c3cc2a1173a6ceeaf63f304\"},\"headline\":\"Colt anuncia el despliegue de fibra adicional en la ciudad de Berl\u00edn\",\"datePublished\":\"2018-10-14T23:00:00+00:00\",\"mainEntityOfPage\":{\"@id\":\"https:\/\/legacy.colt.net\/es\/resources\/colt-anuncia-el-despliegue-de-fibra-adicional-en-la-ciudad-de-berlin\/\"},\"wordCount\":779,\"publisher\":{\"@id\":\"https:\/\/legacy.colt.net\/#organization\"},\"image\":{\"@id\":\"https:\/\/legacy.colt.net\/es\/resources\/colt-anuncia-el-despliegue-de-fibra-adicional-en-la-ciudad-de-berlin\/#primaryimage\"},\"thumbnailUrl\":\"https:\/\/legacy.colt.net\/wp-content\/uploads\/2019\/03\/Connectivity-1.jpg\",\"articleSection\":[\"General\"],\"inLanguage\":\"es-ES\"},{\"@type\":\"WebPage\",\"@id\":\"https:\/\/legacy.colt.net\/es\/resources\/colt-anuncia-el-despliegue-de-fibra-adicional-en-la-ciudad-de-berlin\/\",\"url\":\"https:\/\/legacy.colt.net\/es\/resources\/colt-anuncia-el-despliegue-de-fibra-adicional-en-la-ciudad-de-berlin\/\",\"name\":\"Colt anuncia el despliegue de fibra adicional en la ciudad de Berl\u00edn - Colt Technology Services\",\"isPartOf\":{\"@id\":\"https:\/\/legacy.colt.net\/#website\"},\"primaryImageOfPage\":{\"@id\":\"https:\/\/legacy.colt.net\/es\/resources\/colt-anuncia-el-despliegue-de-fibra-adicional-en-la-ciudad-de-berlin\/#primaryimage\"},\"image\":{\"@id\":\"https:\/\/legacy.colt.net\/es\/resources\/colt-anuncia-el-despliegue-de-fibra-adicional-en-la-ciudad-de-berlin\/#primaryimage\"},\"thumbnailUrl\":\"https:\/\/legacy.colt.net\/wp-content\/uploads\/2019\/03\/Connectivity-1.jpg\",\"datePublished\":\"2018-10-14T23:00:00+00:00\",\"description\":\"Cerca de 500 edificios conectados podr\u00e1n beneficiarse de la expansi\u00f3n con conexiones de 100Gbps r\u00e1pidas y seguras\",\"breadcrumb\":{\"@id\":\"https:\/\/legacy.colt.net\/es\/resources\/colt-anuncia-el-despliegue-de-fibra-adicional-en-la-ciudad-de-berlin\/#breadcrumb\"},\"inLanguage\":\"es-ES\",\"potentialAction\":[{\"@type\":\"ReadAction\",\"target\":[\"https:\/\/legacy.colt.net\/es\/resources\/colt-anuncia-el-despliegue-de-fibra-adicional-en-la-ciudad-de-berlin\/\"]}]},{\"@type\":\"ImageObject\",\"inLanguage\":\"es-ES\",\"@id\":\"https:\/\/legacy.colt.net\/es\/resources\/colt-anuncia-el-despliegue-de-fibra-adicional-en-la-ciudad-de-berlin\/#primaryimage\",\"url\":\"https:\/\/legacy.colt.net\/wp-content\/uploads\/2019\/03\/Connectivity-1.jpg\",\"contentUrl\":\"https:\/\/legacy.colt.net\/wp-content\/uploads\/2019\/03\/Connectivity-1.jpg\",\"width\":1255,\"height\":836},{\"@type\":\"BreadcrumbList\",\"@id\":\"https:\/\/legacy.colt.net\/es\/resources\/colt-anuncia-el-despliegue-de-fibra-adicional-en-la-ciudad-de-berlin\/#breadcrumb\",\"itemListElement\":[{\"@type\":\"ListItem\",\"position\":1,\"name\":\"Home\",\"item\":\"https:\/\/legacy.colt.net\/es\/\"},{\"@type\":\"ListItem\",\"position\":2,\"name\":\"Colt anuncia el despliegue de fibra adicional en la ciudad de Berl\u00edn\"}]},{\"@type\":\"WebSite\",\"@id\":\"https:\/\/legacy.colt.net\/#website\",\"url\":\"https:\/\/legacy.colt.net\/\",\"name\":\"Colt\u30c6\u30af\u30ce\u30ed\u30b8\u30fc\u30b5\u30fc\u30d3\u30b9\u682a\u5f0f\u4f1a\u793e\",\"description\":\"Managed Network &amp; Voice Services Provider\",\"publisher\":{\"@id\":\"https:\/\/legacy.colt.net\/#organization\"},\"potentialAction\":[{\"@type\":\"SearchAction\",\"target\":{\"@type\":\"EntryPoint\",\"urlTemplate\":\"https:\/\/legacy.colt.net\/?s={search_term_string}\"},\"query-input\":{\"@type\":\"PropertyValueSpecification\",\"valueRequired\":true,\"valueName\":\"search_term_string\"}}],\"inLanguage\":\"es-ES\"},{\"@type\":\"Organization\",\"@id\":\"https:\/\/legacy.colt.net\/#organization\",\"name\":\"Colt Technology Services\",\"url\":\"https:\/\/legacy.colt.net\/\",\"logo\":{\"@type\":\"ImageObject\",\"inLanguage\":\"es-ES\",\"@id\":\"https:\/\/legacy.colt.net\/#\/schema\/logo\/image\/\",\"url\":\"https:\/\/legacy.colt.net\/wp-content\/uploads\/2019\/02\/Colt-Logo.png\",\"contentUrl\":\"https:\/\/legacy.colt.net\/wp-content\/uploads\/2019\/02\/Colt-Logo.png\",\"width\":195,\"height\":77,\"caption\":\"Colt Technology Services\"},\"image\":{\"@id\":\"https:\/\/legacy.colt.net\/#\/schema\/logo\/image\/\"},\"sameAs\":[\"https:\/\/www.facebook.com\/ColtTechnologyServices\/\",\"https:\/\/x.com\/colt_technology\",\"https:\/\/www.instagram.com\/colttechnologyservices\/\",\"https:\/\/www.linkedin.com\/company\/colt-technology-services\",\"https:\/\/www.youtube.com\/user\/ColtTechnology\"]},{\"@type\":\"Person\",\"@id\":\"https:\/\/legacy.colt.net\/#\/schema\/person\/0790b52b9c3cc2a1173a6ceeaf63f304\",\"name\":\"Lourdes Serrano\",\"image\":{\"@type\":\"ImageObject\",\"inLanguage\":\"es-ES\",\"@id\":\"https:\/\/legacy.colt.net\/#\/schema\/person\/image\/\",\"url\":\"https:\/\/secure.gravatar.com\/avatar\/b6363e26360d3ce05582b80235b0da9914782c05898cdb163a08e94feb75b238?s=96&d=mm&r=g\",\"contentUrl\":\"https:\/\/secure.gravatar.com\/avatar\/b6363e26360d3ce05582b80235b0da9914782c05898cdb163a08e94feb75b238?s=96&d=mm&r=g\",\"caption\":\"Lourdes Serrano\"},\"url\":\"https:\/\/legacy.colt.net\/es\/resources\/author\/lourdesserrano\/\"}]}<\/script>\n<!-- \/ Yoast SEO plugin. -->","yoast_head_json":{"title":"Colt anuncia el despliegue de fibra adicional en la ciudad de Berl\u00edn - Colt Technology Services","description":"Cerca de 500 edificios conectados podr\u00e1n beneficiarse de la expansi\u00f3n con conexiones de 100Gbps r\u00e1pidas y seguras","robots":{"index":"noindex","follow":"follow","max-snippet":"max-snippet:-1","max-image-preview":"max-image-preview:large","max-video-preview":"max-video-preview:-1"},"og_locale":"es_ES","og_type":"article","og_title":"Colt anuncia el despliegue de fibra adicional en la ciudad de Berl\u00edn - Colt Technology Services","og_description":"Cerca de 500 edificios conectados podr\u00e1n beneficiarse de la expansi\u00f3n con conexiones de 100Gbps r\u00e1pidas y seguras","og_url":"https:\/\/legacy.colt.net\/es\/resources\/colt-anuncia-el-despliegue-de-fibra-adicional-en-la-ciudad-de-berlin\/","og_site_name":"Colt Technology Services","article_publisher":"https:\/\/www.facebook.com\/ColtTechnologyServices\/","article_published_time":"2018-10-14T23:00:00+00:00","og_image":[{"width":1255,"height":836,"url":"https:\/\/legacy.colt.net\/wp-content\/uploads\/2019\/03\/Connectivity-1.jpg","type":"image\/jpeg"}],"author":"Lourdes Serrano","twitter_card":"summary_large_image","twitter_image":"https:\/\/legacy.colt.net\/wp-content\/uploads\/2019\/03\/Connectivity-1.jpg","twitter_creator":"@colt_technology","twitter_site":"@colt_technology","twitter_misc":{"Written by":"Lourdes Serrano","Est. reading time":"4 minutes"},"schema":{"@context":"https:\/\/schema.org","@graph":[{"@type":"Article","@id":"https:\/\/legacy.colt.net\/es\/resources\/colt-anuncia-el-despliegue-de-fibra-adicional-en-la-ciudad-de-berlin\/#article","isPartOf":{"@id":"https:\/\/legacy.colt.net\/es\/resources\/colt-anuncia-el-despliegue-de-fibra-adicional-en-la-ciudad-de-berlin\/"},"author":{"name":"Lourdes Serrano","@id":"https:\/\/legacy.colt.net\/#\/schema\/person\/0790b52b9c3cc2a1173a6ceeaf63f304"},"headline":"Colt anuncia el despliegue de fibra adicional en la ciudad de Berl\u00edn","datePublished":"2018-10-14T23:00:00+00:00","mainEntityOfPage":{"@id":"https:\/\/legacy.colt.net\/es\/resources\/colt-anuncia-el-despliegue-de-fibra-adicional-en-la-ciudad-de-berlin\/"},"wordCount":779,"publisher":{"@id":"https:\/\/legacy.colt.net\/#organization"},"image":{"@id":"https:\/\/legacy.colt.net\/es\/resources\/colt-anuncia-el-despliegue-de-fibra-adicional-en-la-ciudad-de-berlin\/#primaryimage"},"thumbnailUrl":"https:\/\/legacy.colt.net\/wp-content\/uploads\/2019\/03\/Connectivity-1.jpg","articleSection":["General"],"inLanguage":"es-ES"},{"@type":"WebPage","@id":"https:\/\/legacy.colt.net\/es\/resources\/colt-anuncia-el-despliegue-de-fibra-adicional-en-la-ciudad-de-berlin\/","url":"https:\/\/legacy.colt.net\/es\/resources\/colt-anuncia-el-despliegue-de-fibra-adicional-en-la-ciudad-de-berlin\/","name":"Colt anuncia el despliegue de fibra adicional en la ciudad de Berl\u00edn - Colt Technology Services","isPartOf":{"@id":"https:\/\/legacy.colt.net\/#website"},"primaryImageOfPage":{"@id":"https:\/\/legacy.colt.net\/es\/resources\/colt-anuncia-el-despliegue-de-fibra-adicional-en-la-ciudad-de-berlin\/#primaryimage"},"image":{"@id":"https:\/\/legacy.colt.net\/es\/resources\/colt-anuncia-el-despliegue-de-fibra-adicional-en-la-ciudad-de-berlin\/#primaryimage"},"thumbnailUrl":"https:\/\/legacy.colt.net\/wp-content\/uploads\/2019\/03\/Connectivity-1.jpg","datePublished":"2018-10-14T23:00:00+00:00","description":"Cerca de 500 edificios conectados podr\u00e1n beneficiarse de la expansi\u00f3n con conexiones de 100Gbps r\u00e1pidas y seguras","breadcrumb":{"@id":"https:\/\/legacy.colt.net\/es\/resources\/colt-anuncia-el-despliegue-de-fibra-adicional-en-la-ciudad-de-berlin\/#breadcrumb"},"inLanguage":"es-ES","potentialAction":[{"@type":"ReadAction","target":["https:\/\/legacy.colt.net\/es\/resources\/colt-anuncia-el-despliegue-de-fibra-adicional-en-la-ciudad-de-berlin\/"]}]},{"@type":"ImageObject","inLanguage":"es-ES","@id":"https:\/\/legacy.colt.net\/es\/resources\/colt-anuncia-el-despliegue-de-fibra-adicional-en-la-ciudad-de-berlin\/#primaryimage","url":"https:\/\/legacy.colt.net\/wp-content\/uploads\/2019\/03\/Connectivity-1.jpg","contentUrl":"https:\/\/legacy.colt.net\/wp-content\/uploads\/2019\/03\/Connectivity-1.jpg","width":1255,"height":836},{"@type":"BreadcrumbList","@id":"https:\/\/legacy.colt.net\/es\/resources\/colt-anuncia-el-despliegue-de-fibra-adicional-en-la-ciudad-de-berlin\/#breadcrumb","itemListElement":[{"@type":"ListItem","position":1,"name":"Home","item":"https:\/\/legacy.colt.net\/es\/"},{"@type":"ListItem","position":2,"name":"Colt anuncia el despliegue de fibra adicional en la ciudad de Berl\u00edn"}]},{"@type":"WebSite","@id":"https:\/\/legacy.colt.net\/#website","url":"https:\/\/legacy.colt.net\/","name":"Colt\u30c6\u30af\u30ce\u30ed\u30b8\u30fc\u30b5\u30fc\u30d3\u30b9\u682a\u5f0f\u4f1a\u793e","description":"Managed Network &amp; Voice Services Provider","publisher":{"@id":"https:\/\/legacy.colt.net\/#organization"},"potentialAction":[{"@type":"SearchAction","target":{"@type":"EntryPoint","urlTemplate":"https:\/\/legacy.colt.net\/?s={search_term_string}"},"query-input":{"@type":"PropertyValueSpecification","valueRequired":true,"valueName":"search_term_string"}}],"inLanguage":"es-ES"},{"@type":"Organization","@id":"https:\/\/legacy.colt.net\/#organization","name":"Colt Technology Services","url":"https:\/\/legacy.colt.net\/","logo":{"@type":"ImageObject","inLanguage":"es-ES","@id":"https:\/\/legacy.colt.net\/#\/schema\/logo\/image\/","url":"https:\/\/legacy.colt.net\/wp-content\/uploads\/2019\/02\/Colt-Logo.png","contentUrl":"https:\/\/legacy.colt.net\/wp-content\/uploads\/2019\/02\/Colt-Logo.png","width":195,"height":77,"caption":"Colt Technology Services"},"image":{"@id":"https:\/\/legacy.colt.net\/#\/schema\/logo\/image\/"},"sameAs":["https:\/\/www.facebook.com\/ColtTechnologyServices\/","https:\/\/x.com\/colt_technology","https:\/\/www.instagram.com\/colttechnologyservices\/","https:\/\/www.linkedin.com\/company\/colt-technology-services","https:\/\/www.youtube.com\/user\/ColtTechnology"]},{"@type":"Person","@id":"https:\/\/legacy.colt.net\/#\/schema\/person\/0790b52b9c3cc2a1173a6ceeaf63f304","name":"Lourdes Serrano","image":{"@type":"ImageObject","inLanguage":"es-ES","@id":"https:\/\/legacy.colt.net\/#\/schema\/person\/image\/","url":"https:\/\/secure.gravatar.com\/avatar\/b6363e26360d3ce05582b80235b0da9914782c05898cdb163a08e94feb75b238?s=96&d=mm&r=g","contentUrl":"https:\/\/secure.gravatar.com\/avatar\/b6363e26360d3ce05582b80235b0da9914782c05898cdb163a08e94feb75b238?s=96&d=mm&r=g","caption":"Lourdes Serrano"},"url":"https:\/\/legacy.colt.net\/es\/resources\/author\/lourdesserrano\/"}]}},"_links":{"self":[{"href":"https:\/\/legacy.colt.net\/es\/wp-json\/wp\/v2\/posts\/48131","targetHints":{"allow":["GET"]}}],"collection":[{"href":"https:\/\/legacy.colt.net\/es\/wp-json\/wp\/v2\/posts"}],"about":[{"href":"https:\/\/legacy.colt.net\/es\/wp-json\/wp\/v2\/types\/post"}],"author":[{"embeddable":true,"href":"https:\/\/legacy.colt.net\/es\/wp-json\/wp\/v2\/users\/48"}],"replies":[{"embeddable":true,"href":"https:\/\/legacy.colt.net\/es\/wp-json\/wp\/v2\/comments?post=48131"}],"version-history":[{"count":0,"href":"https:\/\/legacy.colt.net\/es\/wp-json\/wp\/v2\/posts\/48131\/revisions"}],"wp:featuredmedia":[{"embeddable":true,"href":"https:\/\/legacy.colt.net\/es\/wp-json\/wp\/v2\/media\/47995"}],"wp:attachment":[{"href":"https:\/\/legacy.colt.net\/es\/wp-json\/wp\/v2\/media?parent=48131"}],"wp:term":[{"taxonomy":"colt_type","embeddable":true,"href":"https:\/\/legacy.colt.net\/es\/wp-json\/wp\/v2\/colt_type?post=48131"},{"taxonomy":"colt_ind","embeddable":true,"href":"https:\/\/legacy.colt.net\/es\/wp-json\/wp\/v2\/colt_ind?post=48131"},{"taxonomy":"colt_products","embeddable":true,"href":"https:\/\/legacy.colt.net\/es\/wp-json\/wp\/v2\/colt_products?post=48131"},{"taxonomy":"colt_solutions","embeddable":true,"href":"https:\/\/legacy.colt.net\/es\/wp-json\/wp\/v2\/colt_solutions?post=48131"}],"curies":[{"name":"wp","href":"https:\/\/api.w.org\/{rel}","templated":true}]}}