{"id":48008,"date":"2018-06-18T00:00:00","date_gmt":"2018-06-17T23:00:00","guid":{"rendered":"https:\/\/www.colt.net\/resources\/la-adopcion-de-la-nube-hace-mas-critica-la-interconexion-de-data-centres\/"},"modified":"2019-04-25T15:20:20","modified_gmt":"2019-04-25T14:20:20","slug":"la-adopcion-de-la-nube-hace-mas-critica-la-interconexion-de-data-centres","status":"publish","type":"post","link":"https:\/\/legacy.colt.net\/es\/resources\/la-adopcion-de-la-nube-hace-mas-critica-la-interconexion-de-data-centres\/","title":{"rendered":"La adopci\u00f3n a la nube hace m\u00e1s cr\u00edtica la interconexi\u00f3n a data centres"},"content":{"rendered":"<p>Empresas inteligentes de casi todos los sectores han reconocido hace tiempo que los datos que poseen y las aplicaciones que emplean son el fluido vital de sus operaciones digitales y comerciales.\u00a0 Esto es as\u00ed tanto dentro de sus data centres como en las nubes p\u00fablicas\/privadas e instalaciones de <em>colocation<\/em> externas.<\/p>\n<p>Impulsado por la r\u00e1pida adopci\u00f3n de las aplicaciones basadas en nube, el tr\u00e1fico de data centres est\u00e1 creciendo r\u00e1pidamente y se espera que alcance los 19,5 zettabytes (ZB) anuales para 2021, frente a los 6,0 ZB anuales de 2016, seg\u00fan datos de Cisco. Para dar una idea de la relevancia de la nube, el tr\u00e1fico de los data centres en nube representar\u00e1 el 95% del tr\u00e1fico total de data centres para 2021, frente a un 88% de 2016.<\/p>\n<p>No realizar un mantenimiento proactivo de la seguridad, la integridad y la disponibilidad de estos datos cr\u00edticos puede poner en peligro la supervivencia de cualquier organizaci\u00f3n. La tendencia global de las organizaciones es pasar sus aplicaciones a la nube p\u00fablica, donde pueden disfrutar de gamas de productos y una f\u00e1cil escalabilidad. Al mismo tiempo, el crecimiento del n\u00famero de trabajadores remotos y desde casa implica que un mayor n\u00famero de usuarios necesita acceder a un mayor n\u00famero de aplicaciones de empresa simult\u00e1neamente. El \u00abtrabajo\u00bb ya no es un sitio al que ir, sino algo que se hace desde cualquier sitio.<\/p>\n<p>Como consecuencia, las aplicaciones utilizadas por las organizaciones son cada vez m\u00e1s \u00abpesadas\u00bb. Piensa en que las Comunicaciones Unificadas (UC) son ahora una aplicaci\u00f3n con uso intensivo de v\u00eddeo y utilizada para compartir ficheros, facilitando as\u00ed la colaboraci\u00f3n (en tiempo real), mientras que las herramientas de Planificaci\u00f3n de Recursos de Empresa (ERP) pueden transportar cientos de megabytes de una sola vez. De hecho, estas dos aplicaciones est\u00e1n cada vez m\u00e1s \u00abnubificadas\u00bb o consumidas como servicio en internet, contribuyendo as\u00ed al crecimiento del tr\u00e1fico IP en la red corporativa.<\/p>\n<p>Por eso, es una buena pr\u00e1ctica replicar los datos y las aplicaciones cr\u00edticas en dos o m\u00e1s data centres geogr\u00e1ficamente separados e implantar una conectividad resiliente hasta y entre ellos.<\/p>\n<p>No obstante, en relaci\u00f3n con las redes WAN, unos presupuestos congelados o reducidos y la naturaleza variable del consumo de ancho de banda significan que, para muchas empresas internacionales, la conectividad haya quedado rezagada respecto al conjunto de iniciativas de digitalizaci\u00f3n empresarial. Para algunas organizaciones, esto significa que sus datos y aplicaciones valiosas siguen \u00abatrapadas\u00bb en los data centres o cuando menos constre\u00f1idas por una infraestructura que es demasiado farragosa para las \u00e1giles demandas de la econom\u00eda moderna.<\/p>\n<p>As\u00ed, las organizaciones orientadas al futuro est\u00e1n demandando capacidad hasta y entre los data centres distribuidos geogr\u00e1ficamente con el fin de alcanzar la agilidad necesaria para competir y, por consiguiente, estas empresas suelen ser las m\u00e1s avanzadas en t\u00e9rminos de transformaci\u00f3n digital.<\/p>\n<p>El cat\u00e1logo de soluciones de red de Colt permite al cliente conectar edificios empresariales con edificios empresariales, edificios empresariales con data centres, y data centres con data centres, a fin de crear un entorno seguro y resiliente donde almacenar y agregar los datos de los que sus empresas dependen. Y todo a trav\u00e9s de un portal intuitivo y f\u00e1cil de usar que proporciona\u00a0 a las empresas una experiencia de cliente.<\/p>\n","protected":false},"excerpt":{"rendered":"<p>Empresas inteligentes han reconocido que los datos que poseen y las aplicaciones que emplean son el fluido vital de sus operaciones digitales y comerciales.<\/p>\n","protected":false},"author":48,"featured_media":0,"comment_status":"closed","ping_status":"closed","sticky":false,"template":"","format":"standard","meta":{"_acf_changed":false,"footnotes":""},"colt_type":[1174],"colt_ind":[1214,1219,1224,1229,1234,1239,1244,1249,1254,1259],"colt_products":[1264,1633,1640],"colt_solutions":[],"class_list":["post-48008","post","type-post","status-publish","format-standard","hentry","colt_type-blog-es","colt_ind-business-es","colt_ind-education-es","colt_ind-finance-es","colt_ind-government-es","colt_ind-healthcare-es","colt_ind-leisure-es","colt_ind-media-es","colt_ind-retail-es","colt_ind-technology-es","colt_ind-telecoms-es","colt_products-business-connect-es","colt_products-cloud-connect-es","colt_products-dca-cloud-data-centre-colt-iq-network-es"],"acf":[],"yoast_head":"<!-- This site is optimized with the Yoast SEO plugin v26.8 - https:\/\/yoast.com\/product\/yoast-seo-wordpress\/ -->\n<title>La adopci\u00f3n a la nube hace m\u00e1s cr\u00edtica la interconexi\u00f3n a data centres - Colt Technology Services<\/title>\n<meta name=\"description\" content=\"Empresas inteligentes han reconocido que los datos que poseen y las aplicaciones que emplean son el fluido vital de sus operaciones digitales y comerciales.\" \/>\n<meta name=\"robots\" content=\"noindex, follow, max-snippet:-1, max-image-preview:large, max-video-preview:-1\" \/>\n<meta property=\"og:locale\" content=\"es_ES\" \/>\n<meta property=\"og:type\" content=\"article\" \/>\n<meta property=\"og:title\" content=\"La adopci\u00f3n a la nube hace m\u00e1s cr\u00edtica la interconexi\u00f3n a data centres - Colt Technology Services\" \/>\n<meta property=\"og:description\" content=\"Empresas inteligentes han reconocido que los datos que poseen y las aplicaciones que emplean son el fluido vital de sus operaciones digitales y comerciales.\" \/>\n<meta property=\"og:url\" content=\"https:\/\/legacy.colt.net\/es\/resources\/la-adopcion-de-la-nube-hace-mas-critica-la-interconexion-de-data-centres\/\" \/>\n<meta property=\"og:site_name\" content=\"Colt Technology Services\" \/>\n<meta property=\"article:publisher\" content=\"https:\/\/www.facebook.com\/ColtTechnologyServices\/\" \/>\n<meta property=\"article:published_time\" content=\"2018-06-17T23:00:00+00:00\" \/>\n<meta property=\"article:modified_time\" content=\"2019-04-25T14:20:20+00:00\" \/>\n<meta property=\"og:image\" content=\"https:\/\/legacy.colt.net\/wp-content\/uploads\/2021\/01\/Brand-2021-Stock-3.jpg\" \/>\n\t<meta property=\"og:image:width\" content=\"1000\" \/>\n\t<meta property=\"og:image:height\" content=\"667\" \/>\n\t<meta property=\"og:image:type\" content=\"image\/jpeg\" \/>\n<meta name=\"author\" content=\"Lourdes Serrano\" \/>\n<meta name=\"twitter:card\" content=\"summary_large_image\" \/>\n<meta name=\"twitter:creator\" content=\"@colt_technology\" \/>\n<meta name=\"twitter:site\" content=\"@colt_technology\" \/>\n<meta name=\"twitter:label1\" content=\"Written by\" \/>\n\t<meta name=\"twitter:data1\" content=\"Lourdes Serrano\" \/>\n\t<meta name=\"twitter:label2\" content=\"Est. reading time\" \/>\n\t<meta name=\"twitter:data2\" content=\"3 minutes\" \/>\n<script type=\"application\/ld+json\" class=\"yoast-schema-graph\">{\"@context\":\"https:\/\/schema.org\",\"@graph\":[{\"@type\":\"Article\",\"@id\":\"https:\/\/legacy.colt.net\/es\/resources\/la-adopcion-de-la-nube-hace-mas-critica-la-interconexion-de-data-centres\/#article\",\"isPartOf\":{\"@id\":\"https:\/\/legacy.colt.net\/es\/resources\/la-adopcion-de-la-nube-hace-mas-critica-la-interconexion-de-data-centres\/\"},\"author\":{\"name\":\"Lourdes Serrano\",\"@id\":\"https:\/\/legacy.colt.net\/#\/schema\/person\/0790b52b9c3cc2a1173a6ceeaf63f304\"},\"headline\":\"La adopci\u00f3n a la nube hace m\u00e1s cr\u00edtica la interconexi\u00f3n a data centres\",\"datePublished\":\"2018-06-17T23:00:00+00:00\",\"dateModified\":\"2019-04-25T14:20:20+00:00\",\"mainEntityOfPage\":{\"@id\":\"https:\/\/legacy.colt.net\/es\/resources\/la-adopcion-de-la-nube-hace-mas-critica-la-interconexion-de-data-centres\/\"},\"wordCount\":586,\"publisher\":{\"@id\":\"https:\/\/legacy.colt.net\/#organization\"},\"articleSection\":[\"General\"],\"inLanguage\":\"es-ES\"},{\"@type\":\"WebPage\",\"@id\":\"https:\/\/legacy.colt.net\/es\/resources\/la-adopcion-de-la-nube-hace-mas-critica-la-interconexion-de-data-centres\/\",\"url\":\"https:\/\/legacy.colt.net\/es\/resources\/la-adopcion-de-la-nube-hace-mas-critica-la-interconexion-de-data-centres\/\",\"name\":\"La adopci\u00f3n a la nube hace m\u00e1s cr\u00edtica la interconexi\u00f3n a data centres - Colt Technology Services\",\"isPartOf\":{\"@id\":\"https:\/\/legacy.colt.net\/#website\"},\"datePublished\":\"2018-06-17T23:00:00+00:00\",\"dateModified\":\"2019-04-25T14:20:20+00:00\",\"description\":\"Empresas inteligentes han reconocido que los datos que poseen y las aplicaciones que emplean son el fluido vital de sus operaciones digitales y comerciales.\",\"breadcrumb\":{\"@id\":\"https:\/\/legacy.colt.net\/es\/resources\/la-adopcion-de-la-nube-hace-mas-critica-la-interconexion-de-data-centres\/#breadcrumb\"},\"inLanguage\":\"es-ES\",\"potentialAction\":[{\"@type\":\"ReadAction\",\"target\":[\"https:\/\/legacy.colt.net\/es\/resources\/la-adopcion-de-la-nube-hace-mas-critica-la-interconexion-de-data-centres\/\"]}]},{\"@type\":\"BreadcrumbList\",\"@id\":\"https:\/\/legacy.colt.net\/es\/resources\/la-adopcion-de-la-nube-hace-mas-critica-la-interconexion-de-data-centres\/#breadcrumb\",\"itemListElement\":[{\"@type\":\"ListItem\",\"position\":1,\"name\":\"Home\",\"item\":\"https:\/\/legacy.colt.net\/es\/\"},{\"@type\":\"ListItem\",\"position\":2,\"name\":\"Blogs\",\"item\":\"https:\/\/legacy.colt.net\/es\/resources\/type\/blog-es\/\"},{\"@type\":\"ListItem\",\"position\":3,\"name\":\"La adopci\u00f3n a la nube hace m\u00e1s cr\u00edtica la interconexi\u00f3n a data centres\"}]},{\"@type\":\"WebSite\",\"@id\":\"https:\/\/legacy.colt.net\/#website\",\"url\":\"https:\/\/legacy.colt.net\/\",\"name\":\"Colt\u30c6\u30af\u30ce\u30ed\u30b8\u30fc\u30b5\u30fc\u30d3\u30b9\u682a\u5f0f\u4f1a\u793e\",\"description\":\"Managed Network &amp; Voice Services Provider\",\"publisher\":{\"@id\":\"https:\/\/legacy.colt.net\/#organization\"},\"potentialAction\":[{\"@type\":\"SearchAction\",\"target\":{\"@type\":\"EntryPoint\",\"urlTemplate\":\"https:\/\/legacy.colt.net\/?s={search_term_string}\"},\"query-input\":{\"@type\":\"PropertyValueSpecification\",\"valueRequired\":true,\"valueName\":\"search_term_string\"}}],\"inLanguage\":\"es-ES\"},{\"@type\":\"Organization\",\"@id\":\"https:\/\/legacy.colt.net\/#organization\",\"name\":\"Colt Technology Services\",\"url\":\"https:\/\/legacy.colt.net\/\",\"logo\":{\"@type\":\"ImageObject\",\"inLanguage\":\"es-ES\",\"@id\":\"https:\/\/legacy.colt.net\/#\/schema\/logo\/image\/\",\"url\":\"https:\/\/legacy.colt.net\/wp-content\/uploads\/2019\/02\/Colt-Logo.png\",\"contentUrl\":\"https:\/\/legacy.colt.net\/wp-content\/uploads\/2019\/02\/Colt-Logo.png\",\"width\":195,\"height\":77,\"caption\":\"Colt Technology Services\"},\"image\":{\"@id\":\"https:\/\/legacy.colt.net\/#\/schema\/logo\/image\/\"},\"sameAs\":[\"https:\/\/www.facebook.com\/ColtTechnologyServices\/\",\"https:\/\/x.com\/colt_technology\",\"https:\/\/www.instagram.com\/colttechnologyservices\/\",\"https:\/\/www.linkedin.com\/company\/colt-technology-services\",\"https:\/\/www.youtube.com\/user\/ColtTechnology\"]},{\"@type\":\"Person\",\"@id\":\"https:\/\/legacy.colt.net\/#\/schema\/person\/0790b52b9c3cc2a1173a6ceeaf63f304\",\"name\":\"Lourdes Serrano\",\"image\":{\"@type\":\"ImageObject\",\"inLanguage\":\"es-ES\",\"@id\":\"https:\/\/legacy.colt.net\/#\/schema\/person\/image\/\",\"url\":\"https:\/\/secure.gravatar.com\/avatar\/b6363e26360d3ce05582b80235b0da9914782c05898cdb163a08e94feb75b238?s=96&d=mm&r=g\",\"contentUrl\":\"https:\/\/secure.gravatar.com\/avatar\/b6363e26360d3ce05582b80235b0da9914782c05898cdb163a08e94feb75b238?s=96&d=mm&r=g\",\"caption\":\"Lourdes Serrano\"},\"url\":\"https:\/\/legacy.colt.net\/es\/resources\/author\/lourdesserrano\/\"}]}<\/script>\n<!-- \/ Yoast SEO plugin. -->","yoast_head_json":{"title":"La adopci\u00f3n a la nube hace m\u00e1s cr\u00edtica la interconexi\u00f3n a data centres - Colt Technology Services","description":"Empresas inteligentes han reconocido que los datos que poseen y las aplicaciones que emplean son el fluido vital de sus operaciones digitales y comerciales.","robots":{"index":"noindex","follow":"follow","max-snippet":"max-snippet:-1","max-image-preview":"max-image-preview:large","max-video-preview":"max-video-preview:-1"},"og_locale":"es_ES","og_type":"article","og_title":"La adopci\u00f3n a la nube hace m\u00e1s cr\u00edtica la interconexi\u00f3n a data centres - Colt Technology Services","og_description":"Empresas inteligentes han reconocido que los datos que poseen y las aplicaciones que emplean son el fluido vital de sus operaciones digitales y comerciales.","og_url":"https:\/\/legacy.colt.net\/es\/resources\/la-adopcion-de-la-nube-hace-mas-critica-la-interconexion-de-data-centres\/","og_site_name":"Colt Technology Services","article_publisher":"https:\/\/www.facebook.com\/ColtTechnologyServices\/","article_published_time":"2018-06-17T23:00:00+00:00","article_modified_time":"2019-04-25T14:20:20+00:00","og_image":[{"width":1000,"height":667,"url":"https:\/\/legacy.colt.net\/wp-content\/uploads\/2021\/01\/Brand-2021-Stock-3.jpg","type":"image\/jpeg"}],"author":"Lourdes Serrano","twitter_card":"summary_large_image","twitter_creator":"@colt_technology","twitter_site":"@colt_technology","twitter_misc":{"Written by":"Lourdes Serrano","Est. reading time":"3 minutes"},"schema":{"@context":"https:\/\/schema.org","@graph":[{"@type":"Article","@id":"https:\/\/legacy.colt.net\/es\/resources\/la-adopcion-de-la-nube-hace-mas-critica-la-interconexion-de-data-centres\/#article","isPartOf":{"@id":"https:\/\/legacy.colt.net\/es\/resources\/la-adopcion-de-la-nube-hace-mas-critica-la-interconexion-de-data-centres\/"},"author":{"name":"Lourdes Serrano","@id":"https:\/\/legacy.colt.net\/#\/schema\/person\/0790b52b9c3cc2a1173a6ceeaf63f304"},"headline":"La adopci\u00f3n a la nube hace m\u00e1s cr\u00edtica la interconexi\u00f3n a data centres","datePublished":"2018-06-17T23:00:00+00:00","dateModified":"2019-04-25T14:20:20+00:00","mainEntityOfPage":{"@id":"https:\/\/legacy.colt.net\/es\/resources\/la-adopcion-de-la-nube-hace-mas-critica-la-interconexion-de-data-centres\/"},"wordCount":586,"publisher":{"@id":"https:\/\/legacy.colt.net\/#organization"},"articleSection":["General"],"inLanguage":"es-ES"},{"@type":"WebPage","@id":"https:\/\/legacy.colt.net\/es\/resources\/la-adopcion-de-la-nube-hace-mas-critica-la-interconexion-de-data-centres\/","url":"https:\/\/legacy.colt.net\/es\/resources\/la-adopcion-de-la-nube-hace-mas-critica-la-interconexion-de-data-centres\/","name":"La adopci\u00f3n a la nube hace m\u00e1s cr\u00edtica la interconexi\u00f3n a data centres - Colt Technology Services","isPartOf":{"@id":"https:\/\/legacy.colt.net\/#website"},"datePublished":"2018-06-17T23:00:00+00:00","dateModified":"2019-04-25T14:20:20+00:00","description":"Empresas inteligentes han reconocido que los datos que poseen y las aplicaciones que emplean son el fluido vital de sus operaciones digitales y comerciales.","breadcrumb":{"@id":"https:\/\/legacy.colt.net\/es\/resources\/la-adopcion-de-la-nube-hace-mas-critica-la-interconexion-de-data-centres\/#breadcrumb"},"inLanguage":"es-ES","potentialAction":[{"@type":"ReadAction","target":["https:\/\/legacy.colt.net\/es\/resources\/la-adopcion-de-la-nube-hace-mas-critica-la-interconexion-de-data-centres\/"]}]},{"@type":"BreadcrumbList","@id":"https:\/\/legacy.colt.net\/es\/resources\/la-adopcion-de-la-nube-hace-mas-critica-la-interconexion-de-data-centres\/#breadcrumb","itemListElement":[{"@type":"ListItem","position":1,"name":"Home","item":"https:\/\/legacy.colt.net\/es\/"},{"@type":"ListItem","position":2,"name":"Blogs","item":"https:\/\/legacy.colt.net\/es\/resources\/type\/blog-es\/"},{"@type":"ListItem","position":3,"name":"La adopci\u00f3n a la nube hace m\u00e1s cr\u00edtica la interconexi\u00f3n a data centres"}]},{"@type":"WebSite","@id":"https:\/\/legacy.colt.net\/#website","url":"https:\/\/legacy.colt.net\/","name":"Colt\u30c6\u30af\u30ce\u30ed\u30b8\u30fc\u30b5\u30fc\u30d3\u30b9\u682a\u5f0f\u4f1a\u793e","description":"Managed Network &amp; Voice Services Provider","publisher":{"@id":"https:\/\/legacy.colt.net\/#organization"},"potentialAction":[{"@type":"SearchAction","target":{"@type":"EntryPoint","urlTemplate":"https:\/\/legacy.colt.net\/?s={search_term_string}"},"query-input":{"@type":"PropertyValueSpecification","valueRequired":true,"valueName":"search_term_string"}}],"inLanguage":"es-ES"},{"@type":"Organization","@id":"https:\/\/legacy.colt.net\/#organization","name":"Colt Technology Services","url":"https:\/\/legacy.colt.net\/","logo":{"@type":"ImageObject","inLanguage":"es-ES","@id":"https:\/\/legacy.colt.net\/#\/schema\/logo\/image\/","url":"https:\/\/legacy.colt.net\/wp-content\/uploads\/2019\/02\/Colt-Logo.png","contentUrl":"https:\/\/legacy.colt.net\/wp-content\/uploads\/2019\/02\/Colt-Logo.png","width":195,"height":77,"caption":"Colt Technology Services"},"image":{"@id":"https:\/\/legacy.colt.net\/#\/schema\/logo\/image\/"},"sameAs":["https:\/\/www.facebook.com\/ColtTechnologyServices\/","https:\/\/x.com\/colt_technology","https:\/\/www.instagram.com\/colttechnologyservices\/","https:\/\/www.linkedin.com\/company\/colt-technology-services","https:\/\/www.youtube.com\/user\/ColtTechnology"]},{"@type":"Person","@id":"https:\/\/legacy.colt.net\/#\/schema\/person\/0790b52b9c3cc2a1173a6ceeaf63f304","name":"Lourdes Serrano","image":{"@type":"ImageObject","inLanguage":"es-ES","@id":"https:\/\/legacy.colt.net\/#\/schema\/person\/image\/","url":"https:\/\/secure.gravatar.com\/avatar\/b6363e26360d3ce05582b80235b0da9914782c05898cdb163a08e94feb75b238?s=96&d=mm&r=g","contentUrl":"https:\/\/secure.gravatar.com\/avatar\/b6363e26360d3ce05582b80235b0da9914782c05898cdb163a08e94feb75b238?s=96&d=mm&r=g","caption":"Lourdes Serrano"},"url":"https:\/\/legacy.colt.net\/es\/resources\/author\/lourdesserrano\/"}]}},"_links":{"self":[{"href":"https:\/\/legacy.colt.net\/es\/wp-json\/wp\/v2\/posts\/48008","targetHints":{"allow":["GET"]}}],"collection":[{"href":"https:\/\/legacy.colt.net\/es\/wp-json\/wp\/v2\/posts"}],"about":[{"href":"https:\/\/legacy.colt.net\/es\/wp-json\/wp\/v2\/types\/post"}],"author":[{"embeddable":true,"href":"https:\/\/legacy.colt.net\/es\/wp-json\/wp\/v2\/users\/48"}],"replies":[{"embeddable":true,"href":"https:\/\/legacy.colt.net\/es\/wp-json\/wp\/v2\/comments?post=48008"}],"version-history":[{"count":0,"href":"https:\/\/legacy.colt.net\/es\/wp-json\/wp\/v2\/posts\/48008\/revisions"}],"wp:attachment":[{"href":"https:\/\/legacy.colt.net\/es\/wp-json\/wp\/v2\/media?parent=48008"}],"wp:term":[{"taxonomy":"colt_type","embeddable":true,"href":"https:\/\/legacy.colt.net\/es\/wp-json\/wp\/v2\/colt_type?post=48008"},{"taxonomy":"colt_ind","embeddable":true,"href":"https:\/\/legacy.colt.net\/es\/wp-json\/wp\/v2\/colt_ind?post=48008"},{"taxonomy":"colt_products","embeddable":true,"href":"https:\/\/legacy.colt.net\/es\/wp-json\/wp\/v2\/colt_products?post=48008"},{"taxonomy":"colt_solutions","embeddable":true,"href":"https:\/\/legacy.colt.net\/es\/wp-json\/wp\/v2\/colt_solutions?post=48008"}],"curies":[{"name":"wp","href":"https:\/\/api.w.org\/{rel}","templated":true}]}}