{"id":47920,"date":"2018-02-23T00:00:00","date_gmt":"2018-02-23T00:00:00","guid":{"rendered":"https:\/\/www.colt.net\/resources\/pablo-diez-director-de-regulacion-de-colt-habla-sobre-los-beneficios-de-la-fibra-en-el-ftth-conference-2018\/"},"modified":"2019-04-25T15:22:11","modified_gmt":"2019-04-25T14:22:11","slug":"pablo-diez-director-de-regulacion-de-colt-habla-sobre-los-beneficios-de-la-fibra-en-el-ftth-conference-2018","status":"publish","type":"post","link":"https:\/\/legacy.colt.net\/es\/resources\/pablo-diez-director-de-regulacion-de-colt-habla-sobre-los-beneficios-de-la-fibra-en-el-ftth-conference-2018\/","title":{"rendered":"Colt participa en el FTTH Conference 2018"},"content":{"rendered":"<p><strong>Pablo Diez, Director de regulaci\u00f3n de Colt, habla sobre los beneficios de la fibra en el FTTH Conference 2018<\/strong><\/p>\n<p>Del 13 al 15 de febrero se celebr\u00f3 en Valencia el FTTH Conference 2018, el mayor punto de encuentro del mundo para los interesados en banda ancha con 3.000 participantes de un total de 94 pa\u00edses. De entre todas las actividades que se realizaron, con 11 talleres y 14 conferencias, Colt tuvo la oportunidad de poner su granito de arena y compartir su experiencia y conocimientos sobre el uso del FTTH o Fiber To The Home (fibra hasta el hogar en ingl\u00e9s).<\/p>\n<p>&nbsp;<\/p>\n<p><strong>Colt en el FTTH Conference 2018<\/strong><\/p>\n<p>Representando a Colt estuvo Pablo Diez, \u200eDirector de Regulaci\u00f3n de Colt para Espa\u00f1a y Portugal, hablando en el panel de \u201cBeneficios socioecon\u00f3micos de la fibra: la perspectiva del usuario final\u201d.<\/p>\n<p>All\u00ed, el Director de Regulaci\u00f3n de Colt, Pablo Diez, centr\u00f3 el debate en el impacto de las redes FTTH en los clientes empresariales, resaltando que el motivo principal de \u00e9stos para migrar a redes FTTH no es el precio, ni la velocidad, sino la confianza en la infraestructura. As\u00ed, destac\u00f3 que las redes FTTH deben de ser totalmente \u201ccustomizadas\u201d hacia el cliente, esto es, deben poder adaptar aspectos como la velocidad o la calidad del servicio a las necesidades temporales (de negocio) y geogr\u00e1ficas del cliente.<\/p>\n<p>Igualmente, destac\u00f3 que los clientes empresariales deben evolucionar del concepto \u201cCloud first\u201d. Para ello, es necesario dejar de vincular el concepto cloud s\u00f3lo a los servicios de IT, y avanzar hacia el concepto \u201cCloud only\u201d. Es importante entender, por lo tanto, que la evoluci\u00f3n tecnol\u00f3gica en los servicios de IT s\u00f3lo puede tener \u00e9xito si existe una evoluci\u00f3n tecnol\u00f3gica en las infraestructuras de red que soportan dichos servicios. A modo de ejemplo, Pablo Diez mencion\u00f3 un estudio reciente en el que se indica que las redes de telecomunicaciones est\u00e1n actualmente al 60% de su capacidad, por lo que la innovaci\u00f3n en redes de telecomunicaciones es imprescindible para permitir la evoluci\u00f3n de los servicios y, en definitiva, de los negocios en la Era Digital.<\/p>\n<p>En el panel tambi\u00e9n estuvieron presentes los responsables de las consultoras WIK (Iris Ahl) e IDATE (Roland Montagne). Ambos pusieron el foco en las \u00faltimas novedades del sector y dieron datos sobre el impacto positivo del FTTH en los usuarios, motivos de los clientes residenciales para contratar redes FTTH, y patrones de uso y adopci\u00f3n. Adem\u00e1s, aportaron al debate sus propias perspectivas de evoluci\u00f3n a medio plazo en Europa. Por otra parte, la representante de Telia Sonera (Mia Forsang) expuso como ejemplo pr\u00e1ctico del impacto en la educaci\u00f3n un robot que se utiliza en las escuelas suecas para fomentar el uso de la banda ancha entre los j\u00f3venes.<\/p>\n<p>La FTTH Conference, que cont\u00f3 con un total de 155 ponentes a lo largo de sus 3 d\u00edas de duraci\u00f3n, contar\u00e1 con una nueva edici\u00f3n el a\u00f1o que viene que se celebrar\u00e1 en \u00c1msterdam (Pa\u00edses Bajos).<\/p>\n","protected":false},"excerpt":{"rendered":"<p>Pablo Diez, Director de regulaci\u00f3n de Colt, habla sobre los beneficios de la fibra en el FTTH Conference 2018<\/p>\n","protected":false},"author":48,"featured_media":0,"comment_status":"closed","ping_status":"closed","sticky":false,"template":"","format":"standard","meta":{"_acf_changed":false,"footnotes":""},"colt_type":[1174],"colt_ind":[1214,1254,1259],"colt_products":[1264],"colt_solutions":[],"class_list":["post-47920","post","type-post","status-publish","format-standard","hentry","colt_type-blog-es","colt_ind-business-es","colt_ind-technology-es","colt_ind-telecoms-es","colt_products-business-connect-es"],"acf":[],"yoast_head":"<!-- This site is optimized with the Yoast SEO plugin v26.8 - https:\/\/yoast.com\/product\/yoast-seo-wordpress\/ -->\n<title>Colt participa en el FTTH Conference 2018 - Colt Technology Services<\/title>\n<meta name=\"description\" content=\"Pablo Diez, Director de regulaci\u00f3n de Colt, habla sobre los beneficios de la fibra en el FTTH Conference 2018\" \/>\n<meta name=\"robots\" content=\"noindex, follow, max-snippet:-1, max-image-preview:large, max-video-preview:-1\" \/>\n<meta property=\"og:locale\" content=\"es_ES\" \/>\n<meta property=\"og:type\" content=\"article\" \/>\n<meta property=\"og:title\" content=\"Colt participa en el FTTH Conference 2018 - Colt Technology Services\" \/>\n<meta property=\"og:description\" content=\"Pablo Diez, Director de regulaci\u00f3n de Colt, habla sobre los beneficios de la fibra en el FTTH Conference 2018\" \/>\n<meta property=\"og:url\" content=\"https:\/\/legacy.colt.net\/es\/resources\/pablo-diez-director-de-regulacion-de-colt-habla-sobre-los-beneficios-de-la-fibra-en-el-ftth-conference-2018\/\" \/>\n<meta property=\"og:site_name\" content=\"Colt Technology Services\" \/>\n<meta property=\"article:publisher\" content=\"https:\/\/www.facebook.com\/ColtTechnologyServices\/\" \/>\n<meta property=\"article:published_time\" content=\"2018-02-23T00:00:00+00:00\" \/>\n<meta property=\"article:modified_time\" content=\"2019-04-25T14:22:11+00:00\" \/>\n<meta property=\"og:image\" content=\"https:\/\/legacy.colt.net\/wp-content\/uploads\/2021\/01\/Brand-2021-Stock-43.jpg\" \/>\n\t<meta property=\"og:image:width\" content=\"1000\" \/>\n\t<meta property=\"og:image:height\" content=\"667\" \/>\n\t<meta property=\"og:image:type\" content=\"image\/jpeg\" \/>\n<meta name=\"author\" content=\"Lourdes Serrano\" \/>\n<meta name=\"twitter:card\" content=\"summary_large_image\" \/>\n<meta name=\"twitter:creator\" content=\"@colt_technology\" \/>\n<meta name=\"twitter:site\" content=\"@colt_technology\" \/>\n<meta name=\"twitter:label1\" content=\"Written by\" \/>\n\t<meta name=\"twitter:data1\" content=\"Lourdes Serrano\" \/>\n\t<meta name=\"twitter:label2\" content=\"Est. reading time\" \/>\n\t<meta name=\"twitter:data2\" content=\"3 minutes\" \/>\n<script type=\"application\/ld+json\" class=\"yoast-schema-graph\">{\"@context\":\"https:\/\/schema.org\",\"@graph\":[{\"@type\":\"Article\",\"@id\":\"https:\/\/legacy.colt.net\/es\/resources\/pablo-diez-director-de-regulacion-de-colt-habla-sobre-los-beneficios-de-la-fibra-en-el-ftth-conference-2018\/#article\",\"isPartOf\":{\"@id\":\"https:\/\/legacy.colt.net\/es\/resources\/pablo-diez-director-de-regulacion-de-colt-habla-sobre-los-beneficios-de-la-fibra-en-el-ftth-conference-2018\/\"},\"author\":{\"name\":\"Lourdes Serrano\",\"@id\":\"https:\/\/legacy.colt.net\/#\/schema\/person\/0790b52b9c3cc2a1173a6ceeaf63f304\"},\"headline\":\"Colt participa en el FTTH Conference 2018\",\"datePublished\":\"2018-02-23T00:00:00+00:00\",\"dateModified\":\"2019-04-25T14:22:11+00:00\",\"mainEntityOfPage\":{\"@id\":\"https:\/\/legacy.colt.net\/es\/resources\/pablo-diez-director-de-regulacion-de-colt-habla-sobre-los-beneficios-de-la-fibra-en-el-ftth-conference-2018\/\"},\"wordCount\":514,\"publisher\":{\"@id\":\"https:\/\/legacy.colt.net\/#organization\"},\"articleSection\":[\"General\"],\"inLanguage\":\"es-ES\"},{\"@type\":\"WebPage\",\"@id\":\"https:\/\/legacy.colt.net\/es\/resources\/pablo-diez-director-de-regulacion-de-colt-habla-sobre-los-beneficios-de-la-fibra-en-el-ftth-conference-2018\/\",\"url\":\"https:\/\/legacy.colt.net\/es\/resources\/pablo-diez-director-de-regulacion-de-colt-habla-sobre-los-beneficios-de-la-fibra-en-el-ftth-conference-2018\/\",\"name\":\"Colt participa en el FTTH Conference 2018 - Colt Technology Services\",\"isPartOf\":{\"@id\":\"https:\/\/legacy.colt.net\/#website\"},\"datePublished\":\"2018-02-23T00:00:00+00:00\",\"dateModified\":\"2019-04-25T14:22:11+00:00\",\"description\":\"Pablo Diez, Director de regulaci\u00f3n de Colt, habla sobre los beneficios de la fibra en el FTTH Conference 2018\",\"breadcrumb\":{\"@id\":\"https:\/\/legacy.colt.net\/es\/resources\/pablo-diez-director-de-regulacion-de-colt-habla-sobre-los-beneficios-de-la-fibra-en-el-ftth-conference-2018\/#breadcrumb\"},\"inLanguage\":\"es-ES\",\"potentialAction\":[{\"@type\":\"ReadAction\",\"target\":[\"https:\/\/legacy.colt.net\/es\/resources\/pablo-diez-director-de-regulacion-de-colt-habla-sobre-los-beneficios-de-la-fibra-en-el-ftth-conference-2018\/\"]}]},{\"@type\":\"BreadcrumbList\",\"@id\":\"https:\/\/legacy.colt.net\/es\/resources\/pablo-diez-director-de-regulacion-de-colt-habla-sobre-los-beneficios-de-la-fibra-en-el-ftth-conference-2018\/#breadcrumb\",\"itemListElement\":[{\"@type\":\"ListItem\",\"position\":1,\"name\":\"Home\",\"item\":\"https:\/\/legacy.colt.net\/es\/\"},{\"@type\":\"ListItem\",\"position\":2,\"name\":\"Blogs\",\"item\":\"https:\/\/legacy.colt.net\/es\/resources\/type\/blog-es\/\"},{\"@type\":\"ListItem\",\"position\":3,\"name\":\"Colt participa en el FTTH Conference 2018\"}]},{\"@type\":\"WebSite\",\"@id\":\"https:\/\/legacy.colt.net\/#website\",\"url\":\"https:\/\/legacy.colt.net\/\",\"name\":\"Colt\u30c6\u30af\u30ce\u30ed\u30b8\u30fc\u30b5\u30fc\u30d3\u30b9\u682a\u5f0f\u4f1a\u793e\",\"description\":\"Managed Network &amp; Voice Services Provider\",\"publisher\":{\"@id\":\"https:\/\/legacy.colt.net\/#organization\"},\"potentialAction\":[{\"@type\":\"SearchAction\",\"target\":{\"@type\":\"EntryPoint\",\"urlTemplate\":\"https:\/\/legacy.colt.net\/?s={search_term_string}\"},\"query-input\":{\"@type\":\"PropertyValueSpecification\",\"valueRequired\":true,\"valueName\":\"search_term_string\"}}],\"inLanguage\":\"es-ES\"},{\"@type\":\"Organization\",\"@id\":\"https:\/\/legacy.colt.net\/#organization\",\"name\":\"Colt Technology Services\",\"url\":\"https:\/\/legacy.colt.net\/\",\"logo\":{\"@type\":\"ImageObject\",\"inLanguage\":\"es-ES\",\"@id\":\"https:\/\/legacy.colt.net\/#\/schema\/logo\/image\/\",\"url\":\"https:\/\/legacy.colt.net\/wp-content\/uploads\/2019\/02\/Colt-Logo.png\",\"contentUrl\":\"https:\/\/legacy.colt.net\/wp-content\/uploads\/2019\/02\/Colt-Logo.png\",\"width\":195,\"height\":77,\"caption\":\"Colt Technology Services\"},\"image\":{\"@id\":\"https:\/\/legacy.colt.net\/#\/schema\/logo\/image\/\"},\"sameAs\":[\"https:\/\/www.facebook.com\/ColtTechnologyServices\/\",\"https:\/\/x.com\/colt_technology\",\"https:\/\/www.instagram.com\/colttechnologyservices\/\",\"https:\/\/www.linkedin.com\/company\/colt-technology-services\",\"https:\/\/www.youtube.com\/user\/ColtTechnology\"]},{\"@type\":\"Person\",\"@id\":\"https:\/\/legacy.colt.net\/#\/schema\/person\/0790b52b9c3cc2a1173a6ceeaf63f304\",\"name\":\"Lourdes Serrano\",\"image\":{\"@type\":\"ImageObject\",\"inLanguage\":\"es-ES\",\"@id\":\"https:\/\/legacy.colt.net\/#\/schema\/person\/image\/\",\"url\":\"https:\/\/secure.gravatar.com\/avatar\/b6363e26360d3ce05582b80235b0da9914782c05898cdb163a08e94feb75b238?s=96&d=mm&r=g\",\"contentUrl\":\"https:\/\/secure.gravatar.com\/avatar\/b6363e26360d3ce05582b80235b0da9914782c05898cdb163a08e94feb75b238?s=96&d=mm&r=g\",\"caption\":\"Lourdes Serrano\"},\"url\":\"https:\/\/legacy.colt.net\/es\/resources\/author\/lourdesserrano\/\"}]}<\/script>\n<!-- \/ Yoast SEO plugin. -->","yoast_head_json":{"title":"Colt participa en el FTTH Conference 2018 - Colt Technology Services","description":"Pablo Diez, Director de regulaci\u00f3n de Colt, habla sobre los beneficios de la fibra en el FTTH Conference 2018","robots":{"index":"noindex","follow":"follow","max-snippet":"max-snippet:-1","max-image-preview":"max-image-preview:large","max-video-preview":"max-video-preview:-1"},"og_locale":"es_ES","og_type":"article","og_title":"Colt participa en el FTTH Conference 2018 - Colt Technology Services","og_description":"Pablo Diez, Director de regulaci\u00f3n de Colt, habla sobre los beneficios de la fibra en el FTTH Conference 2018","og_url":"https:\/\/legacy.colt.net\/es\/resources\/pablo-diez-director-de-regulacion-de-colt-habla-sobre-los-beneficios-de-la-fibra-en-el-ftth-conference-2018\/","og_site_name":"Colt Technology Services","article_publisher":"https:\/\/www.facebook.com\/ColtTechnologyServices\/","article_published_time":"2018-02-23T00:00:00+00:00","article_modified_time":"2019-04-25T14:22:11+00:00","og_image":[{"width":1000,"height":667,"url":"https:\/\/legacy.colt.net\/wp-content\/uploads\/2021\/01\/Brand-2021-Stock-43.jpg","type":"image\/jpeg"}],"author":"Lourdes Serrano","twitter_card":"summary_large_image","twitter_creator":"@colt_technology","twitter_site":"@colt_technology","twitter_misc":{"Written by":"Lourdes Serrano","Est. reading time":"3 minutes"},"schema":{"@context":"https:\/\/schema.org","@graph":[{"@type":"Article","@id":"https:\/\/legacy.colt.net\/es\/resources\/pablo-diez-director-de-regulacion-de-colt-habla-sobre-los-beneficios-de-la-fibra-en-el-ftth-conference-2018\/#article","isPartOf":{"@id":"https:\/\/legacy.colt.net\/es\/resources\/pablo-diez-director-de-regulacion-de-colt-habla-sobre-los-beneficios-de-la-fibra-en-el-ftth-conference-2018\/"},"author":{"name":"Lourdes Serrano","@id":"https:\/\/legacy.colt.net\/#\/schema\/person\/0790b52b9c3cc2a1173a6ceeaf63f304"},"headline":"Colt participa en el FTTH Conference 2018","datePublished":"2018-02-23T00:00:00+00:00","dateModified":"2019-04-25T14:22:11+00:00","mainEntityOfPage":{"@id":"https:\/\/legacy.colt.net\/es\/resources\/pablo-diez-director-de-regulacion-de-colt-habla-sobre-los-beneficios-de-la-fibra-en-el-ftth-conference-2018\/"},"wordCount":514,"publisher":{"@id":"https:\/\/legacy.colt.net\/#organization"},"articleSection":["General"],"inLanguage":"es-ES"},{"@type":"WebPage","@id":"https:\/\/legacy.colt.net\/es\/resources\/pablo-diez-director-de-regulacion-de-colt-habla-sobre-los-beneficios-de-la-fibra-en-el-ftth-conference-2018\/","url":"https:\/\/legacy.colt.net\/es\/resources\/pablo-diez-director-de-regulacion-de-colt-habla-sobre-los-beneficios-de-la-fibra-en-el-ftth-conference-2018\/","name":"Colt participa en el FTTH Conference 2018 - Colt Technology Services","isPartOf":{"@id":"https:\/\/legacy.colt.net\/#website"},"datePublished":"2018-02-23T00:00:00+00:00","dateModified":"2019-04-25T14:22:11+00:00","description":"Pablo Diez, Director de regulaci\u00f3n de Colt, habla sobre los beneficios de la fibra en el FTTH Conference 2018","breadcrumb":{"@id":"https:\/\/legacy.colt.net\/es\/resources\/pablo-diez-director-de-regulacion-de-colt-habla-sobre-los-beneficios-de-la-fibra-en-el-ftth-conference-2018\/#breadcrumb"},"inLanguage":"es-ES","potentialAction":[{"@type":"ReadAction","target":["https:\/\/legacy.colt.net\/es\/resources\/pablo-diez-director-de-regulacion-de-colt-habla-sobre-los-beneficios-de-la-fibra-en-el-ftth-conference-2018\/"]}]},{"@type":"BreadcrumbList","@id":"https:\/\/legacy.colt.net\/es\/resources\/pablo-diez-director-de-regulacion-de-colt-habla-sobre-los-beneficios-de-la-fibra-en-el-ftth-conference-2018\/#breadcrumb","itemListElement":[{"@type":"ListItem","position":1,"name":"Home","item":"https:\/\/legacy.colt.net\/es\/"},{"@type":"ListItem","position":2,"name":"Blogs","item":"https:\/\/legacy.colt.net\/es\/resources\/type\/blog-es\/"},{"@type":"ListItem","position":3,"name":"Colt participa en el FTTH Conference 2018"}]},{"@type":"WebSite","@id":"https:\/\/legacy.colt.net\/#website","url":"https:\/\/legacy.colt.net\/","name":"Colt\u30c6\u30af\u30ce\u30ed\u30b8\u30fc\u30b5\u30fc\u30d3\u30b9\u682a\u5f0f\u4f1a\u793e","description":"Managed Network &amp; Voice Services Provider","publisher":{"@id":"https:\/\/legacy.colt.net\/#organization"},"potentialAction":[{"@type":"SearchAction","target":{"@type":"EntryPoint","urlTemplate":"https:\/\/legacy.colt.net\/?s={search_term_string}"},"query-input":{"@type":"PropertyValueSpecification","valueRequired":true,"valueName":"search_term_string"}}],"inLanguage":"es-ES"},{"@type":"Organization","@id":"https:\/\/legacy.colt.net\/#organization","name":"Colt Technology Services","url":"https:\/\/legacy.colt.net\/","logo":{"@type":"ImageObject","inLanguage":"es-ES","@id":"https:\/\/legacy.colt.net\/#\/schema\/logo\/image\/","url":"https:\/\/legacy.colt.net\/wp-content\/uploads\/2019\/02\/Colt-Logo.png","contentUrl":"https:\/\/legacy.colt.net\/wp-content\/uploads\/2019\/02\/Colt-Logo.png","width":195,"height":77,"caption":"Colt Technology Services"},"image":{"@id":"https:\/\/legacy.colt.net\/#\/schema\/logo\/image\/"},"sameAs":["https:\/\/www.facebook.com\/ColtTechnologyServices\/","https:\/\/x.com\/colt_technology","https:\/\/www.instagram.com\/colttechnologyservices\/","https:\/\/www.linkedin.com\/company\/colt-technology-services","https:\/\/www.youtube.com\/user\/ColtTechnology"]},{"@type":"Person","@id":"https:\/\/legacy.colt.net\/#\/schema\/person\/0790b52b9c3cc2a1173a6ceeaf63f304","name":"Lourdes Serrano","image":{"@type":"ImageObject","inLanguage":"es-ES","@id":"https:\/\/legacy.colt.net\/#\/schema\/person\/image\/","url":"https:\/\/secure.gravatar.com\/avatar\/b6363e26360d3ce05582b80235b0da9914782c05898cdb163a08e94feb75b238?s=96&d=mm&r=g","contentUrl":"https:\/\/secure.gravatar.com\/avatar\/b6363e26360d3ce05582b80235b0da9914782c05898cdb163a08e94feb75b238?s=96&d=mm&r=g","caption":"Lourdes Serrano"},"url":"https:\/\/legacy.colt.net\/es\/resources\/author\/lourdesserrano\/"}]}},"_links":{"self":[{"href":"https:\/\/legacy.colt.net\/es\/wp-json\/wp\/v2\/posts\/47920","targetHints":{"allow":["GET"]}}],"collection":[{"href":"https:\/\/legacy.colt.net\/es\/wp-json\/wp\/v2\/posts"}],"about":[{"href":"https:\/\/legacy.colt.net\/es\/wp-json\/wp\/v2\/types\/post"}],"author":[{"embeddable":true,"href":"https:\/\/legacy.colt.net\/es\/wp-json\/wp\/v2\/users\/48"}],"replies":[{"embeddable":true,"href":"https:\/\/legacy.colt.net\/es\/wp-json\/wp\/v2\/comments?post=47920"}],"version-history":[{"count":0,"href":"https:\/\/legacy.colt.net\/es\/wp-json\/wp\/v2\/posts\/47920\/revisions"}],"wp:attachment":[{"href":"https:\/\/legacy.colt.net\/es\/wp-json\/wp\/v2\/media?parent=47920"}],"wp:term":[{"taxonomy":"colt_type","embeddable":true,"href":"https:\/\/legacy.colt.net\/es\/wp-json\/wp\/v2\/colt_type?post=47920"},{"taxonomy":"colt_ind","embeddable":true,"href":"https:\/\/legacy.colt.net\/es\/wp-json\/wp\/v2\/colt_ind?post=47920"},{"taxonomy":"colt_products","embeddable":true,"href":"https:\/\/legacy.colt.net\/es\/wp-json\/wp\/v2\/colt_products?post=47920"},{"taxonomy":"colt_solutions","embeddable":true,"href":"https:\/\/legacy.colt.net\/es\/wp-json\/wp\/v2\/colt_solutions?post=47920"}],"curies":[{"name":"wp","href":"https:\/\/api.w.org\/{rel}","templated":true}]}}