{"id":47516,"date":"2014-04-28T00:00:00","date_gmt":"2014-04-27T23:00:00","guid":{"rendered":"https:\/\/www.colt.net\/resources\/la-nube-protagonista-de-aslan-2014\/"},"modified":"2021-03-29T23:20:00","modified_gmt":"2021-03-29T22:20:00","slug":"la-nube-protagonista-de-aslan-2014","status":"publish","type":"post","link":"https:\/\/legacy.colt.net\/es\/resources\/la-nube-protagonista-de-aslan-2014\/","title":{"rendered":"La nube, protagonista de asLAN 2014"},"content":{"rendered":"<p>Un a\u00f1o m\u00e1s, en Colt hemos participado en el Congreso y EXPO <a href=\"https:\/\/www.cnf2014.aslan.es\/\" target=\"_blank\" rel=\"noopener noreferrer\">asLAN 2014<\/a>, celebrado en Madrid los pasados 23 y 24 de abril, compartiendo experiencias y debatiendo sobre el sector de la tecnolog\u00eda en torno al mundo de la red y la convergencia digital.<\/p>\n<p>All\u00ed tuvimos la oportunidad de presentar <strong>ejemplos aplicados de la fusi\u00f3n de ambos entornos: Cloud y Network<\/strong> y acercar el valor que aportan el cloud y las tecnolog\u00edas de redes a las empresas, ofreciendo conocimiento, datos y, sobre todo, nuestras experiencias. La integraci\u00f3n de estos servicios a trav\u00e9s del canal ofrece interesantes capacidades, as\u00ed como la flexibilidad necesaria para responder a los retos del negocio.<\/p>\n<p>El Congreso y EXPO se celebr\u00f3 en el Centro de Convenciones Norte de IFEMA, donde tuvimos la oportunidad de patrocinar la sala principal (Visi\u00f3n 2020) en la que disfrutamos de interesantes ponencias y conferencias acerca de las \u00faltimas tendencias, ofreciendo <strong>una visi\u00f3n en contexto del potencial de transformaci\u00f3n de las nuevas tecnolog\u00edas<\/strong>, y las oportunidades que ofrece el continuo incremento de la conectividad de personas, procesos y datos. Nuevos conceptos como Big Data, Internet de las Cosas o Seguridad en Cloud ofrecen nuevas perspectivas para incrementar el conocimiento, la colaboraci\u00f3n, el an\u00e1lisis y, en definitiva, la mejora de la inteligencia global de la empresa.<\/p>\n<p>En la Sala Tendencias, Javier Gallego, Cloud Services Channel Development Manager de Colt, explic\u00f3 c\u00f3mo funcionan los <strong>ecosistemas cloud para gestionar y controlar los backups y la replicaci\u00f3n de informaci\u00f3n<\/strong>. La seguridad de los datos es una de las principales preocupaciones para las empresas, dado el papel que juega la informaci\u00f3n y su almacenamiento en la continuidad del negocio. As\u00ed, automatizar la replicaci\u00f3n y las copias de seguridad y poder gestionarlo todo en la nube es la mejor herramienta de prevenci\u00f3n y recuperaci\u00f3n ante desastres en un modelo abierto al canal profesional.<\/p>\n<p>Por otro lado Albert Barrera, Sales Director de Colt, comparti\u00f3 con los asistentes el <strong>modelo de franquicia aplicado a servicios integrales de red y cloud como una oportunidad de hacer crecer el negocio<\/strong>. En Colt, entendemos las franquicias como empresas independientes que ofrecen nuestros productos y servicios para complementar sus propios productos y servicios, con el fin de ofrecer una gama m\u00e1s amplia de servicios de TIC.<\/p>\n<p>En otra vertiente tambi\u00e9n dirigida a las Pymes, Alberto Fern\u00e1ndez, Services Partner Director de Colt, imparti\u00f3 una ponencia centrada en la aplicaci\u00f3n de <strong>modelos de cloud din\u00e1mico para peque\u00f1as y medianas empresas<\/strong>. En estos \u00faltimos tiempos hemos podido constatar c\u00f3mo las necesidades de las PYMES se han ido encaminando hacia una versi\u00f3n de la soluciones cloud m\u00e1s adaptable y escalable, adem\u00e1s de la importancia que ha cobrado la autogesti\u00f3n de la soluciones cloud. Por ello, Alberto Fern\u00e1ndez hizo especial \u00e9nfasis en Ceano, nuestra soluci\u00f3n para Pymes que permite conectarse de forma m\u00e1s rentable a servicios de nivel profesional, comunicarse sin problemas con la oficina y con todos los contactos, colaborar f\u00e1cilmente con su equipo, partners y clientes, crear y supervisar una infraestructura de TI y proteger el negocio y sus activos.<\/p>\n<p>Una edici\u00f3n m\u00e1s, ha sido una experiencia muy enriquecedora para nosotros. Este tipo de eventos siempre son positivos para acercar el valor que aportan las tecnolog\u00edas de la informaci\u00f3n a las empresas, ofrecer conocimiento y experiencias que permitan entender y evaluar estas tendencias y encontrar soluciones a cada caso, pudiendo adem\u00e1s estrechar la relaci\u00f3n con los clientes.<\/p>\n<p>\u00a1Nos vemos de nuevo el a\u00f1o que viene en asLAN!<\/p>\n","protected":false},"excerpt":{"rendered":"<p>Un a\u00f1o m\u00e1s, en Colt hemos participado en el Congreso y EXPO asLAN 2014, celebrado en Madrid los pasados 23 y 24 de abril, compartiendo experiencias y debatiendo sobre el sector de la tecnolog\u00eda en torno al mundo de la red y la convergencia digital. All\u00ed tuvimos la oportunidad de presentar ejemplos aplicados de la&#8230;<\/p>\n","protected":false},"author":112,"featured_media":0,"comment_status":"closed","ping_status":"closed","sticky":false,"template":"","format":"standard","meta":{"_acf_changed":false,"footnotes":""},"colt_type":[],"colt_ind":[],"colt_products":[],"colt_solutions":[],"class_list":["post-47516","post","type-post","status-publish","format-standard","hentry"],"acf":[],"yoast_head":"<!-- This site is optimized with the Yoast SEO plugin v26.8 - https:\/\/yoast.com\/product\/yoast-seo-wordpress\/ -->\n<title>La nube, protagonista de asLAN 2014 - Colt Technology Services<\/title>\n<meta name=\"description\" content=\"La nube, protagonista de asLAN 2014 Colt Technology Services\" \/>\n<meta name=\"robots\" content=\"noindex, follow, max-snippet:-1, max-image-preview:large, max-video-preview:-1\" \/>\n<meta property=\"og:locale\" content=\"es_ES\" \/>\n<meta property=\"og:type\" content=\"article\" \/>\n<meta property=\"og:title\" content=\"La nube, protagonista de asLAN 2014 - Colt Technology Services\" \/>\n<meta property=\"og:description\" content=\"La nube, protagonista de asLAN 2014 Colt Technology Services\" \/>\n<meta property=\"og:url\" content=\"https:\/\/legacy.colt.net\/es\/resources\/la-nube-protagonista-de-aslan-2014\/\" \/>\n<meta property=\"og:site_name\" content=\"Colt Technology Services\" \/>\n<meta property=\"article:publisher\" content=\"https:\/\/www.facebook.com\/ColtTechnologyServices\/\" \/>\n<meta property=\"article:published_time\" content=\"2014-04-27T23:00:00+00:00\" \/>\n<meta property=\"article:modified_time\" content=\"2021-03-29T22:20:00+00:00\" \/>\n<meta property=\"og:image\" content=\"https:\/\/legacy.colt.net\/wp-content\/uploads\/2021\/01\/Brand-2021-Stock-24.jpg\" \/>\n\t<meta property=\"og:image:width\" content=\"1000\" \/>\n\t<meta property=\"og:image:height\" content=\"574\" \/>\n\t<meta property=\"og:image:type\" content=\"image\/jpeg\" \/>\n<meta name=\"author\" content=\"Make Do\" \/>\n<meta name=\"twitter:card\" content=\"summary_large_image\" \/>\n<meta name=\"twitter:creator\" content=\"@colt_technology\" \/>\n<meta name=\"twitter:site\" content=\"@colt_technology\" \/>\n<meta name=\"twitter:label1\" content=\"Written by\" \/>\n\t<meta name=\"twitter:data1\" content=\"Make Do\" \/>\n\t<meta name=\"twitter:label2\" content=\"Est. reading time\" \/>\n\t<meta name=\"twitter:data2\" content=\"3 minutes\" \/>\n<script type=\"application\/ld+json\" class=\"yoast-schema-graph\">{\"@context\":\"https:\/\/schema.org\",\"@graph\":[{\"@type\":\"Article\",\"@id\":\"https:\/\/legacy.colt.net\/es\/resources\/la-nube-protagonista-de-aslan-2014\/#article\",\"isPartOf\":{\"@id\":\"https:\/\/legacy.colt.net\/es\/resources\/la-nube-protagonista-de-aslan-2014\/\"},\"author\":{\"name\":\"Make Do\",\"@id\":\"https:\/\/legacy.colt.net\/#\/schema\/person\/71cb803a99c6757c1c6940a6f0683e57\"},\"headline\":\"La nube, protagonista de asLAN 2014\",\"datePublished\":\"2014-04-27T23:00:00+00:00\",\"dateModified\":\"2021-03-29T22:20:00+00:00\",\"mainEntityOfPage\":{\"@id\":\"https:\/\/legacy.colt.net\/es\/resources\/la-nube-protagonista-de-aslan-2014\/\"},\"wordCount\":614,\"publisher\":{\"@id\":\"https:\/\/legacy.colt.net\/#organization\"},\"articleSection\":[\"General\"],\"inLanguage\":\"es-ES\"},{\"@type\":\"WebPage\",\"@id\":\"https:\/\/legacy.colt.net\/es\/resources\/la-nube-protagonista-de-aslan-2014\/\",\"url\":\"https:\/\/legacy.colt.net\/es\/resources\/la-nube-protagonista-de-aslan-2014\/\",\"name\":\"La nube, protagonista de asLAN 2014 - Colt Technology Services\",\"isPartOf\":{\"@id\":\"https:\/\/legacy.colt.net\/#website\"},\"datePublished\":\"2014-04-27T23:00:00+00:00\",\"dateModified\":\"2021-03-29T22:20:00+00:00\",\"description\":\"La nube, protagonista de asLAN 2014 Colt Technology Services\",\"breadcrumb\":{\"@id\":\"https:\/\/legacy.colt.net\/es\/resources\/la-nube-protagonista-de-aslan-2014\/#breadcrumb\"},\"inLanguage\":\"es-ES\",\"potentialAction\":[{\"@type\":\"ReadAction\",\"target\":[\"https:\/\/legacy.colt.net\/es\/resources\/la-nube-protagonista-de-aslan-2014\/\"]}]},{\"@type\":\"BreadcrumbList\",\"@id\":\"https:\/\/legacy.colt.net\/es\/resources\/la-nube-protagonista-de-aslan-2014\/#breadcrumb\",\"itemListElement\":[{\"@type\":\"ListItem\",\"position\":1,\"name\":\"Home\",\"item\":\"https:\/\/legacy.colt.net\/es\/\"},{\"@type\":\"ListItem\",\"position\":2,\"name\":\"La nube, protagonista de asLAN 2014\"}]},{\"@type\":\"WebSite\",\"@id\":\"https:\/\/legacy.colt.net\/#website\",\"url\":\"https:\/\/legacy.colt.net\/\",\"name\":\"Colt\u30c6\u30af\u30ce\u30ed\u30b8\u30fc\u30b5\u30fc\u30d3\u30b9\u682a\u5f0f\u4f1a\u793e\",\"description\":\"Managed Network &amp; Voice Services Provider\",\"publisher\":{\"@id\":\"https:\/\/legacy.colt.net\/#organization\"},\"potentialAction\":[{\"@type\":\"SearchAction\",\"target\":{\"@type\":\"EntryPoint\",\"urlTemplate\":\"https:\/\/legacy.colt.net\/?s={search_term_string}\"},\"query-input\":{\"@type\":\"PropertyValueSpecification\",\"valueRequired\":true,\"valueName\":\"search_term_string\"}}],\"inLanguage\":\"es-ES\"},{\"@type\":\"Organization\",\"@id\":\"https:\/\/legacy.colt.net\/#organization\",\"name\":\"Colt Technology Services\",\"url\":\"https:\/\/legacy.colt.net\/\",\"logo\":{\"@type\":\"ImageObject\",\"inLanguage\":\"es-ES\",\"@id\":\"https:\/\/legacy.colt.net\/#\/schema\/logo\/image\/\",\"url\":\"https:\/\/legacy.colt.net\/wp-content\/uploads\/2019\/02\/Colt-Logo.png\",\"contentUrl\":\"https:\/\/legacy.colt.net\/wp-content\/uploads\/2019\/02\/Colt-Logo.png\",\"width\":195,\"height\":77,\"caption\":\"Colt Technology Services\"},\"image\":{\"@id\":\"https:\/\/legacy.colt.net\/#\/schema\/logo\/image\/\"},\"sameAs\":[\"https:\/\/www.facebook.com\/ColtTechnologyServices\/\",\"https:\/\/x.com\/colt_technology\",\"https:\/\/www.instagram.com\/colttechnologyservices\/\",\"https:\/\/www.linkedin.com\/company\/colt-technology-services\",\"https:\/\/www.youtube.com\/user\/ColtTechnology\"]},{\"@type\":\"Person\",\"@id\":\"https:\/\/legacy.colt.net\/#\/schema\/person\/71cb803a99c6757c1c6940a6f0683e57\",\"name\":\"Make Do\",\"image\":{\"@type\":\"ImageObject\",\"inLanguage\":\"es-ES\",\"@id\":\"https:\/\/legacy.colt.net\/#\/schema\/person\/image\/\",\"url\":\"https:\/\/secure.gravatar.com\/avatar\/fe73597d3286e48e5f95eb7e1bd97ea091a03336686cad88ca44eadaa6287761?s=96&d=mm&r=g\",\"contentUrl\":\"https:\/\/secure.gravatar.com\/avatar\/fe73597d3286e48e5f95eb7e1bd97ea091a03336686cad88ca44eadaa6287761?s=96&d=mm&r=g\",\"caption\":\"Make Do\"},\"sameAs\":[\"https:\/\/makedo.net\"],\"url\":\"https:\/\/legacy.colt.net\/es\/resources\/author\/makedo\/\"}]}<\/script>\n<!-- \/ Yoast SEO plugin. -->","yoast_head_json":{"title":"La nube, protagonista de asLAN 2014 - Colt Technology Services","description":"La nube, protagonista de asLAN 2014 Colt Technology Services","robots":{"index":"noindex","follow":"follow","max-snippet":"max-snippet:-1","max-image-preview":"max-image-preview:large","max-video-preview":"max-video-preview:-1"},"og_locale":"es_ES","og_type":"article","og_title":"La nube, protagonista de asLAN 2014 - Colt Technology Services","og_description":"La nube, protagonista de asLAN 2014 Colt Technology Services","og_url":"https:\/\/legacy.colt.net\/es\/resources\/la-nube-protagonista-de-aslan-2014\/","og_site_name":"Colt Technology Services","article_publisher":"https:\/\/www.facebook.com\/ColtTechnologyServices\/","article_published_time":"2014-04-27T23:00:00+00:00","article_modified_time":"2021-03-29T22:20:00+00:00","og_image":[{"width":1000,"height":574,"url":"https:\/\/legacy.colt.net\/wp-content\/uploads\/2021\/01\/Brand-2021-Stock-24.jpg","type":"image\/jpeg"}],"author":"Make Do","twitter_card":"summary_large_image","twitter_creator":"@colt_technology","twitter_site":"@colt_technology","twitter_misc":{"Written by":"Make Do","Est. reading time":"3 minutes"},"schema":{"@context":"https:\/\/schema.org","@graph":[{"@type":"Article","@id":"https:\/\/legacy.colt.net\/es\/resources\/la-nube-protagonista-de-aslan-2014\/#article","isPartOf":{"@id":"https:\/\/legacy.colt.net\/es\/resources\/la-nube-protagonista-de-aslan-2014\/"},"author":{"name":"Make Do","@id":"https:\/\/legacy.colt.net\/#\/schema\/person\/71cb803a99c6757c1c6940a6f0683e57"},"headline":"La nube, protagonista de asLAN 2014","datePublished":"2014-04-27T23:00:00+00:00","dateModified":"2021-03-29T22:20:00+00:00","mainEntityOfPage":{"@id":"https:\/\/legacy.colt.net\/es\/resources\/la-nube-protagonista-de-aslan-2014\/"},"wordCount":614,"publisher":{"@id":"https:\/\/legacy.colt.net\/#organization"},"articleSection":["General"],"inLanguage":"es-ES"},{"@type":"WebPage","@id":"https:\/\/legacy.colt.net\/es\/resources\/la-nube-protagonista-de-aslan-2014\/","url":"https:\/\/legacy.colt.net\/es\/resources\/la-nube-protagonista-de-aslan-2014\/","name":"La nube, protagonista de asLAN 2014 - Colt Technology Services","isPartOf":{"@id":"https:\/\/legacy.colt.net\/#website"},"datePublished":"2014-04-27T23:00:00+00:00","dateModified":"2021-03-29T22:20:00+00:00","description":"La nube, protagonista de asLAN 2014 Colt Technology Services","breadcrumb":{"@id":"https:\/\/legacy.colt.net\/es\/resources\/la-nube-protagonista-de-aslan-2014\/#breadcrumb"},"inLanguage":"es-ES","potentialAction":[{"@type":"ReadAction","target":["https:\/\/legacy.colt.net\/es\/resources\/la-nube-protagonista-de-aslan-2014\/"]}]},{"@type":"BreadcrumbList","@id":"https:\/\/legacy.colt.net\/es\/resources\/la-nube-protagonista-de-aslan-2014\/#breadcrumb","itemListElement":[{"@type":"ListItem","position":1,"name":"Home","item":"https:\/\/legacy.colt.net\/es\/"},{"@type":"ListItem","position":2,"name":"La nube, protagonista de asLAN 2014"}]},{"@type":"WebSite","@id":"https:\/\/legacy.colt.net\/#website","url":"https:\/\/legacy.colt.net\/","name":"Colt\u30c6\u30af\u30ce\u30ed\u30b8\u30fc\u30b5\u30fc\u30d3\u30b9\u682a\u5f0f\u4f1a\u793e","description":"Managed Network &amp; Voice Services Provider","publisher":{"@id":"https:\/\/legacy.colt.net\/#organization"},"potentialAction":[{"@type":"SearchAction","target":{"@type":"EntryPoint","urlTemplate":"https:\/\/legacy.colt.net\/?s={search_term_string}"},"query-input":{"@type":"PropertyValueSpecification","valueRequired":true,"valueName":"search_term_string"}}],"inLanguage":"es-ES"},{"@type":"Organization","@id":"https:\/\/legacy.colt.net\/#organization","name":"Colt Technology Services","url":"https:\/\/legacy.colt.net\/","logo":{"@type":"ImageObject","inLanguage":"es-ES","@id":"https:\/\/legacy.colt.net\/#\/schema\/logo\/image\/","url":"https:\/\/legacy.colt.net\/wp-content\/uploads\/2019\/02\/Colt-Logo.png","contentUrl":"https:\/\/legacy.colt.net\/wp-content\/uploads\/2019\/02\/Colt-Logo.png","width":195,"height":77,"caption":"Colt Technology Services"},"image":{"@id":"https:\/\/legacy.colt.net\/#\/schema\/logo\/image\/"},"sameAs":["https:\/\/www.facebook.com\/ColtTechnologyServices\/","https:\/\/x.com\/colt_technology","https:\/\/www.instagram.com\/colttechnologyservices\/","https:\/\/www.linkedin.com\/company\/colt-technology-services","https:\/\/www.youtube.com\/user\/ColtTechnology"]},{"@type":"Person","@id":"https:\/\/legacy.colt.net\/#\/schema\/person\/71cb803a99c6757c1c6940a6f0683e57","name":"Make Do","image":{"@type":"ImageObject","inLanguage":"es-ES","@id":"https:\/\/legacy.colt.net\/#\/schema\/person\/image\/","url":"https:\/\/secure.gravatar.com\/avatar\/fe73597d3286e48e5f95eb7e1bd97ea091a03336686cad88ca44eadaa6287761?s=96&d=mm&r=g","contentUrl":"https:\/\/secure.gravatar.com\/avatar\/fe73597d3286e48e5f95eb7e1bd97ea091a03336686cad88ca44eadaa6287761?s=96&d=mm&r=g","caption":"Make Do"},"sameAs":["https:\/\/makedo.net"],"url":"https:\/\/legacy.colt.net\/es\/resources\/author\/makedo\/"}]}},"_links":{"self":[{"href":"https:\/\/legacy.colt.net\/es\/wp-json\/wp\/v2\/posts\/47516","targetHints":{"allow":["GET"]}}],"collection":[{"href":"https:\/\/legacy.colt.net\/es\/wp-json\/wp\/v2\/posts"}],"about":[{"href":"https:\/\/legacy.colt.net\/es\/wp-json\/wp\/v2\/types\/post"}],"author":[{"embeddable":true,"href":"https:\/\/legacy.colt.net\/es\/wp-json\/wp\/v2\/users\/112"}],"replies":[{"embeddable":true,"href":"https:\/\/legacy.colt.net\/es\/wp-json\/wp\/v2\/comments?post=47516"}],"version-history":[{"count":0,"href":"https:\/\/legacy.colt.net\/es\/wp-json\/wp\/v2\/posts\/47516\/revisions"}],"wp:attachment":[{"href":"https:\/\/legacy.colt.net\/es\/wp-json\/wp\/v2\/media?parent=47516"}],"wp:term":[{"taxonomy":"colt_type","embeddable":true,"href":"https:\/\/legacy.colt.net\/es\/wp-json\/wp\/v2\/colt_type?post=47516"},{"taxonomy":"colt_ind","embeddable":true,"href":"https:\/\/legacy.colt.net\/es\/wp-json\/wp\/v2\/colt_ind?post=47516"},{"taxonomy":"colt_products","embeddable":true,"href":"https:\/\/legacy.colt.net\/es\/wp-json\/wp\/v2\/colt_products?post=47516"},{"taxonomy":"colt_solutions","embeddable":true,"href":"https:\/\/legacy.colt.net\/es\/wp-json\/wp\/v2\/colt_solutions?post=47516"}],"curies":[{"name":"wp","href":"https:\/\/api.w.org\/{rel}","templated":true}]}}