{"id":47375,"date":"2015-02-03T00:00:00","date_gmt":"2015-02-03T00:00:00","guid":{"rendered":"https:\/\/www.colt.net\/resources\/el-festival-internacional-de-cine-de-berlin-se-vuelve-digital\/"},"modified":"2015-02-03T00:00:00","modified_gmt":"2015-02-03T00:00:00","slug":"el-festival-internacional-de-cine-de-berlin-se-vuelve-digital","status":"publish","type":"post","link":"https:\/\/legacy.colt.net\/es\/resources\/el-festival-internacional-de-cine-de-berlin-se-vuelve-digital\/","title":{"rendered":"El Festival Internacional de Cine de Berl\u00edn se vuelve digital"},"content":{"rendered":"<div class=\"show_bullets\"> <strong>Madrid, 3 de febrero de 2015<\/strong> <\/p>\n<p>Colt anuncia hoy que, un a\u00f1o m\u00e1s, colaborar\u00e1 con el 65\u00ba Festival Internacional de Berl\u00edn \u2013 conocido como \u201cla Berlinale\u201d \u2013 que tiene lugar entre los d\u00edas 5 y 15 de febrero de 2015. Colt ofrece sus servicios al Festival por s\u00e9ptimo a\u00f1o, manteniendo una consistente y alta calidad de experiencia de visionado para cerca de 500.000 visitantes en las 2.500 pantallas que hay en los distintos lugares a lo largo de Berl\u00edn, entre ellos el Zoo Palast, el Friedrichstadtpalast y el CinemaxX Postdamer Platz.<\/p>\n<p>Colt ha ayudado a la Berlinale a gestionar los desaf\u00edos t\u00e9cnicos asociados a la implantaci\u00f3n del cine digital. Este a\u00f1o ser\u00e1 la primera vez que la Berlinale distribuya todas las pel\u00edculas directamente desde su \u201ccoraz\u00f3n digital\u201d, localizado en un data centre de Colt, a las 16 salas de proyecci\u00f3n en todo Berl\u00edn. Adem\u00e1s, los directores que entran en concurso en la Berlinale podr\u00e1n subir sus entradas en formato digital directamente al sistema de almacenamiento, simplificando la log\u00edstica.<\/p>\n<p>La Berlinale es el festival p\u00fablico m\u00e1s grande del mundo y uno de los eventos m\u00e1s importantes de la industria del cine. Durante los diez d\u00edas de Festival, un total de 500 terabytes de datos ser\u00e1n transferidos desde el data centre de Colt, donde est\u00e1n almacenados, a las salas participantes a trav\u00e9s de la red de fibra de alta calidad transmitida de Colt.<\/p>\n<p>\u201cLa digitalizaci\u00f3n de la industria del cine est\u00e1 casi completa y el festival de Berl\u00edn permanece a la cabeza de este desarrollo con el apoyo de Colt. Hemos afrontado enormes desaf\u00edos t\u00e9cnicos y log\u00edsticos, en particular la aceptaci\u00f3n y la distribuci\u00f3n de las pel\u00edculas producidas digitalmente con incluso mayores cantidades de datos\u201d, dice el director del festival Dieter Kosslick. \u201cCon Colt como colaborador estamos bien equipados: la infraestructura y los servicios de Colt y la experiencia de transmisi\u00f3n de todo su equipo son esenciales para convertir el festival de cine en un \u00e9xito y asegurar que los fans del cine puedan disfrutar al m\u00e1ximo de su visita a la Berlinale\u201d.<\/p>\n<p>Hasta hace poco el film office de la Berlinale fue usado como centro de almacenamiento. Esta funci\u00f3n ha sido ahora trasladada al data centre de alta seguridad de Colt, aumentando la estabilidad de las conexiones con las salas participantes \u2013 clave para asegurar una experiencia de visionado excepcional. El film office ahora opera como \u201ccentro de control\u201d desde donde todas las operaciones son dirigidas de manera remota, en particular aqu\u00e9llas basadas en los EE.UU.<\/p>\n<p>\u201cLa Berlinale demuestra c\u00f3mo la transformaci\u00f3n digital est\u00e1 cambiando la industria del cine. Al mismo tiempo, el Festival sirve como un excelente ejemplo de una organizaci\u00f3n que reconoce esta transformaci\u00f3n y lo trata como una oportunidad, desarrollando continuamente su oferta tanto a directores como a los fans, proporcion\u00e1ndoles una experiencia \u00fanica\u201d, asegura Falk Weinreich, Vicepresidente Ejecutivo de Colt.<\/p>\n<p>Colt ha trabajado muy de cerca con la Berlinale para asegurar que los visitantes obtienen una excelente experiencia de visionado. La fase de planificaci\u00f3n empez\u00f3 en el verano de 2015 para adaptar la infraestructura a las necesidades espec\u00edficas del Festival este a\u00f1o. Por primera vez la infraestructura ha sido utilizada en el proceso de preselecci\u00f3n de las pel\u00edculas del festival, permitiendo al equipo de la Berlinale probar los sistemas antes que en a\u00f1os anteriores y de manera m\u00e1s efectiva.<\/p>\n<p>El equipo t\u00e9cnico de Colt est\u00e1 disponible 24 horas a lo largo de los diez d\u00edas de Festival y presente en los eventos principales de la Berlinale, tanto en la gala de apertura como en la ceremonia de premios, que es retransmitida en directo a trav\u00e9s de la red a otros lugares como el Friedichstadtpalast y el CinemaxX en Berl\u00edn.<\/p>\n<h3>Algunas cifras de inter\u00e9s<\/h3>\n<p>Estad\u00edsticas clave sobre el 65\u00ba Festival Internacional de Cine de Berl\u00edn:<\/p>\n<ul>\n<li>2.500 pantallas<\/li>\n<li>500.000 visitantes<\/li>\n<li>20.000 visitantes profesionales de 124 pa\u00edses<\/li>\n<li>1.100 pel\u00edculas<\/li>\n<\/ul>\n<p>Datos t\u00e9cnicos destacados del \u201ccoraz\u00f3n digital\u201d que apoya la Berlinale:<\/p>\n<ul>\n<li>Una conexi\u00f3n a Internet renovada y desplegada de 10 gigabytes que hace posible que los estudios suban directamente los datos de las pel\u00edculas y los guarden en el sistema de almacenamiento de la Berlinale.<\/li>\n<li>500 terabytes de datos de pel\u00edculas son transferidos a trav\u00e9s de la red de fibra de Colt a las salas en el transcurso del festival.<\/li>\n<li>La red de fibra que apoya el festival tiene una longitud total de 250 kil\u00f3metros.<\/li>\n<\/ul>\n<p>Puedes ver nuestra red en la Berlinale en el siguiente enlace: <a href=\"https:\/\/www.flickr.com\/photos\/colttechnology\/16432366362\/\" target=\"_blank\" rel=\"noopener noreferrer\">https:\/\/www.flickr.com\/photos\/colttechnology\/16432366362\/<\/a><\/p>\n<h3>Acerca de Colt<\/h3>\n<p>Colt es la information delivey platform, que ofrece servicios de redes integradas, data centre y voz y de TI. Entre los clientes se incluyen 17 de las 25 empresas globales de medios de comunicaci\u00f3n y m\u00e1s de la mitad tanto de servicios financieros globales como de empresas de telecomunicaci\u00f3n (Forbes 1000 lista 2013). Adem\u00e1s, Colt trabaja con m\u00e1s de 50 mercados de valores y con 13 bancos centrales europeos (BCN). Colt opera en 28 pa\u00edses en toda Europa, Asia y EE.UU., con conexiones en m\u00e1s de 200 ciudades a nivel mundial y las redes de \u00e1rea metropolitana en 47 ciudades. Colt posee 22 data centres independientes y gestiona 7 en la regi\u00f3n de Asia-Pac\u00edfico. <\/p>\n<p>Recientemente Colt ha completado la adquisici\u00f3n de KVH, una empresa de servicios de infraestructuras de TI integradas gestionables y de comunicaciones, con oficinas en Tokio y sedes de operaciones en Hong Kong, Se\u00fal y Singapur.<\/p>\n<p>Colt cotiza en el mercado de valores de Londres (COLT).<\/p>\n<h3>Contactos de prensa:<\/h3>\n<p>Jorge Mart\u00ednez <br \/>Telf: 917899000<br \/>Email: <a href=\"mailto:jorge.martinez@colt.net\" target=\"\" rel=\"noopener noreferrer\">jorge.martinez@colt.net<\/a><\/p>\n<p>Jes\u00fas Rubio<br \/>Telf: 915211134<br \/>Email: <a href=\"mailto:jesus@bestrelations.com\" target=\"\" rel=\"noopener noreferrer\">jesus@bestrelations.com<\/a> <\/div>\n","protected":false},"excerpt":{"rendered":"<p>Madrid, 3 de febrero de 2015 Colt anuncia hoy que, un a\u00f1o m\u00e1s, colaborar\u00e1 con el 65\u00ba Festival Internacional de Berl\u00edn \u2013 conocido como \u201cla Berlinale\u201d \u2013 que tiene lugar entre los d\u00edas 5 y 15 de febrero de 2015. Colt ofrece sus servicios al Festival por s\u00e9ptimo a\u00f1o, manteniendo una consistente y alta calidad&#8230;<\/p>\n","protected":false},"author":112,"featured_media":0,"comment_status":"closed","ping_status":"closed","sticky":false,"template":"","format":"standard","meta":{"_acf_changed":false,"footnotes":""},"colt_type":[1184],"colt_ind":[],"colt_products":[],"colt_solutions":[],"class_list":["post-47375","post","type-post","status-publish","format-standard","hentry","colt_type-news-es"],"acf":[],"yoast_head":"<!-- This site is optimized with the Yoast SEO plugin v26.8 - https:\/\/yoast.com\/product\/yoast-seo-wordpress\/ -->\n<title>El Festival Internacional de Cine de Berl\u00edn se vuelve digital - Colt Technology Services<\/title>\n<meta name=\"description\" content=\"El Festival Internacional de Cine de Berl\u00edn se vuelve digital Colt Technology Services\" \/>\n<meta name=\"robots\" content=\"noindex, follow, max-snippet:-1, max-image-preview:large, max-video-preview:-1\" \/>\n<meta property=\"og:locale\" content=\"es_ES\" \/>\n<meta property=\"og:type\" content=\"article\" \/>\n<meta property=\"og:title\" content=\"El Festival Internacional de Cine de Berl\u00edn se vuelve digital - Colt Technology Services\" \/>\n<meta property=\"og:description\" content=\"El Festival Internacional de Cine de Berl\u00edn se vuelve digital Colt Technology Services\" \/>\n<meta property=\"og:url\" content=\"https:\/\/legacy.colt.net\/es\/resources\/el-festival-internacional-de-cine-de-berlin-se-vuelve-digital\/\" \/>\n<meta property=\"og:site_name\" content=\"Colt Technology Services\" \/>\n<meta property=\"article:publisher\" content=\"https:\/\/www.facebook.com\/ColtTechnologyServices\/\" \/>\n<meta property=\"article:published_time\" content=\"2015-02-03T00:00:00+00:00\" \/>\n<meta property=\"og:image\" content=\"https:\/\/legacy.colt.net\/wp-content\/uploads\/2021\/01\/Brand-2021-Stock-40.jpg\" \/>\n\t<meta property=\"og:image:width\" content=\"1000\" \/>\n\t<meta property=\"og:image:height\" content=\"667\" \/>\n\t<meta property=\"og:image:type\" content=\"image\/jpeg\" \/>\n<meta name=\"author\" content=\"Make Do\" \/>\n<meta name=\"twitter:card\" content=\"summary_large_image\" \/>\n<meta name=\"twitter:creator\" content=\"@colt_technology\" \/>\n<meta name=\"twitter:site\" content=\"@colt_technology\" \/>\n<meta name=\"twitter:label1\" content=\"Written by\" \/>\n\t<meta name=\"twitter:data1\" content=\"Make Do\" \/>\n\t<meta name=\"twitter:label2\" content=\"Est. reading time\" \/>\n\t<meta name=\"twitter:data2\" content=\"5 minutes\" \/>\n<script type=\"application\/ld+json\" class=\"yoast-schema-graph\">{\"@context\":\"https:\/\/schema.org\",\"@graph\":[{\"@type\":\"Article\",\"@id\":\"https:\/\/legacy.colt.net\/es\/resources\/el-festival-internacional-de-cine-de-berlin-se-vuelve-digital\/#article\",\"isPartOf\":{\"@id\":\"https:\/\/legacy.colt.net\/es\/resources\/el-festival-internacional-de-cine-de-berlin-se-vuelve-digital\/\"},\"author\":{\"name\":\"Make Do\",\"@id\":\"https:\/\/legacy.colt.net\/#\/schema\/person\/71cb803a99c6757c1c6940a6f0683e57\"},\"headline\":\"El Festival Internacional de Cine de Berl\u00edn se vuelve digital\",\"datePublished\":\"2015-02-03T00:00:00+00:00\",\"mainEntityOfPage\":{\"@id\":\"https:\/\/legacy.colt.net\/es\/resources\/el-festival-internacional-de-cine-de-berlin-se-vuelve-digital\/\"},\"wordCount\":973,\"publisher\":{\"@id\":\"https:\/\/legacy.colt.net\/#organization\"},\"inLanguage\":\"es-ES\"},{\"@type\":\"WebPage\",\"@id\":\"https:\/\/legacy.colt.net\/es\/resources\/el-festival-internacional-de-cine-de-berlin-se-vuelve-digital\/\",\"url\":\"https:\/\/legacy.colt.net\/es\/resources\/el-festival-internacional-de-cine-de-berlin-se-vuelve-digital\/\",\"name\":\"El Festival Internacional de Cine de Berl\u00edn se vuelve digital - Colt Technology Services\",\"isPartOf\":{\"@id\":\"https:\/\/legacy.colt.net\/#website\"},\"datePublished\":\"2015-02-03T00:00:00+00:00\",\"description\":\"El Festival Internacional de Cine de Berl\u00edn se vuelve digital Colt Technology Services\",\"breadcrumb\":{\"@id\":\"https:\/\/legacy.colt.net\/es\/resources\/el-festival-internacional-de-cine-de-berlin-se-vuelve-digital\/#breadcrumb\"},\"inLanguage\":\"es-ES\",\"potentialAction\":[{\"@type\":\"ReadAction\",\"target\":[\"https:\/\/legacy.colt.net\/es\/resources\/el-festival-internacional-de-cine-de-berlin-se-vuelve-digital\/\"]}]},{\"@type\":\"BreadcrumbList\",\"@id\":\"https:\/\/legacy.colt.net\/es\/resources\/el-festival-internacional-de-cine-de-berlin-se-vuelve-digital\/#breadcrumb\",\"itemListElement\":[{\"@type\":\"ListItem\",\"position\":1,\"name\":\"Home\",\"item\":\"https:\/\/legacy.colt.net\/es\/\"},{\"@type\":\"ListItem\",\"position\":2,\"name\":\"Colt Technology News\",\"item\":\"https:\/\/legacy.colt.net\/es\/resources\/type\/news-es\/\"},{\"@type\":\"ListItem\",\"position\":3,\"name\":\"El Festival Internacional de Cine de Berl\u00edn se vuelve digital\"}]},{\"@type\":\"WebSite\",\"@id\":\"https:\/\/legacy.colt.net\/#website\",\"url\":\"https:\/\/legacy.colt.net\/\",\"name\":\"Colt\u30c6\u30af\u30ce\u30ed\u30b8\u30fc\u30b5\u30fc\u30d3\u30b9\u682a\u5f0f\u4f1a\u793e\",\"description\":\"Managed Network &amp; Voice Services Provider\",\"publisher\":{\"@id\":\"https:\/\/legacy.colt.net\/#organization\"},\"potentialAction\":[{\"@type\":\"SearchAction\",\"target\":{\"@type\":\"EntryPoint\",\"urlTemplate\":\"https:\/\/legacy.colt.net\/?s={search_term_string}\"},\"query-input\":{\"@type\":\"PropertyValueSpecification\",\"valueRequired\":true,\"valueName\":\"search_term_string\"}}],\"inLanguage\":\"es-ES\"},{\"@type\":\"Organization\",\"@id\":\"https:\/\/legacy.colt.net\/#organization\",\"name\":\"Colt Technology Services\",\"url\":\"https:\/\/legacy.colt.net\/\",\"logo\":{\"@type\":\"ImageObject\",\"inLanguage\":\"es-ES\",\"@id\":\"https:\/\/legacy.colt.net\/#\/schema\/logo\/image\/\",\"url\":\"https:\/\/legacy.colt.net\/wp-content\/uploads\/2019\/02\/Colt-Logo.png\",\"contentUrl\":\"https:\/\/legacy.colt.net\/wp-content\/uploads\/2019\/02\/Colt-Logo.png\",\"width\":195,\"height\":77,\"caption\":\"Colt Technology Services\"},\"image\":{\"@id\":\"https:\/\/legacy.colt.net\/#\/schema\/logo\/image\/\"},\"sameAs\":[\"https:\/\/www.facebook.com\/ColtTechnologyServices\/\",\"https:\/\/x.com\/colt_technology\",\"https:\/\/www.instagram.com\/colttechnologyservices\/\",\"https:\/\/www.linkedin.com\/company\/colt-technology-services\",\"https:\/\/www.youtube.com\/user\/ColtTechnology\"]},{\"@type\":\"Person\",\"@id\":\"https:\/\/legacy.colt.net\/#\/schema\/person\/71cb803a99c6757c1c6940a6f0683e57\",\"name\":\"Make Do\",\"image\":{\"@type\":\"ImageObject\",\"inLanguage\":\"es-ES\",\"@id\":\"https:\/\/legacy.colt.net\/#\/schema\/person\/image\/\",\"url\":\"https:\/\/secure.gravatar.com\/avatar\/fe73597d3286e48e5f95eb7e1bd97ea091a03336686cad88ca44eadaa6287761?s=96&d=mm&r=g\",\"contentUrl\":\"https:\/\/secure.gravatar.com\/avatar\/fe73597d3286e48e5f95eb7e1bd97ea091a03336686cad88ca44eadaa6287761?s=96&d=mm&r=g\",\"caption\":\"Make Do\"},\"sameAs\":[\"https:\/\/makedo.net\"],\"url\":\"https:\/\/legacy.colt.net\/es\/resources\/author\/makedo\/\"}]}<\/script>\n<!-- \/ Yoast SEO plugin. -->","yoast_head_json":{"title":"El Festival Internacional de Cine de Berl\u00edn se vuelve digital - Colt Technology Services","description":"El Festival Internacional de Cine de Berl\u00edn se vuelve digital Colt Technology Services","robots":{"index":"noindex","follow":"follow","max-snippet":"max-snippet:-1","max-image-preview":"max-image-preview:large","max-video-preview":"max-video-preview:-1"},"og_locale":"es_ES","og_type":"article","og_title":"El Festival Internacional de Cine de Berl\u00edn se vuelve digital - Colt Technology Services","og_description":"El Festival Internacional de Cine de Berl\u00edn se vuelve digital Colt Technology Services","og_url":"https:\/\/legacy.colt.net\/es\/resources\/el-festival-internacional-de-cine-de-berlin-se-vuelve-digital\/","og_site_name":"Colt Technology Services","article_publisher":"https:\/\/www.facebook.com\/ColtTechnologyServices\/","article_published_time":"2015-02-03T00:00:00+00:00","og_image":[{"width":1000,"height":667,"url":"https:\/\/legacy.colt.net\/wp-content\/uploads\/2021\/01\/Brand-2021-Stock-40.jpg","type":"image\/jpeg"}],"author":"Make Do","twitter_card":"summary_large_image","twitter_creator":"@colt_technology","twitter_site":"@colt_technology","twitter_misc":{"Written by":"Make Do","Est. reading time":"5 minutes"},"schema":{"@context":"https:\/\/schema.org","@graph":[{"@type":"Article","@id":"https:\/\/legacy.colt.net\/es\/resources\/el-festival-internacional-de-cine-de-berlin-se-vuelve-digital\/#article","isPartOf":{"@id":"https:\/\/legacy.colt.net\/es\/resources\/el-festival-internacional-de-cine-de-berlin-se-vuelve-digital\/"},"author":{"name":"Make Do","@id":"https:\/\/legacy.colt.net\/#\/schema\/person\/71cb803a99c6757c1c6940a6f0683e57"},"headline":"El Festival Internacional de Cine de Berl\u00edn se vuelve digital","datePublished":"2015-02-03T00:00:00+00:00","mainEntityOfPage":{"@id":"https:\/\/legacy.colt.net\/es\/resources\/el-festival-internacional-de-cine-de-berlin-se-vuelve-digital\/"},"wordCount":973,"publisher":{"@id":"https:\/\/legacy.colt.net\/#organization"},"inLanguage":"es-ES"},{"@type":"WebPage","@id":"https:\/\/legacy.colt.net\/es\/resources\/el-festival-internacional-de-cine-de-berlin-se-vuelve-digital\/","url":"https:\/\/legacy.colt.net\/es\/resources\/el-festival-internacional-de-cine-de-berlin-se-vuelve-digital\/","name":"El Festival Internacional de Cine de Berl\u00edn se vuelve digital - Colt Technology Services","isPartOf":{"@id":"https:\/\/legacy.colt.net\/#website"},"datePublished":"2015-02-03T00:00:00+00:00","description":"El Festival Internacional de Cine de Berl\u00edn se vuelve digital Colt Technology Services","breadcrumb":{"@id":"https:\/\/legacy.colt.net\/es\/resources\/el-festival-internacional-de-cine-de-berlin-se-vuelve-digital\/#breadcrumb"},"inLanguage":"es-ES","potentialAction":[{"@type":"ReadAction","target":["https:\/\/legacy.colt.net\/es\/resources\/el-festival-internacional-de-cine-de-berlin-se-vuelve-digital\/"]}]},{"@type":"BreadcrumbList","@id":"https:\/\/legacy.colt.net\/es\/resources\/el-festival-internacional-de-cine-de-berlin-se-vuelve-digital\/#breadcrumb","itemListElement":[{"@type":"ListItem","position":1,"name":"Home","item":"https:\/\/legacy.colt.net\/es\/"},{"@type":"ListItem","position":2,"name":"Colt Technology News","item":"https:\/\/legacy.colt.net\/es\/resources\/type\/news-es\/"},{"@type":"ListItem","position":3,"name":"El Festival Internacional de Cine de Berl\u00edn se vuelve digital"}]},{"@type":"WebSite","@id":"https:\/\/legacy.colt.net\/#website","url":"https:\/\/legacy.colt.net\/","name":"Colt\u30c6\u30af\u30ce\u30ed\u30b8\u30fc\u30b5\u30fc\u30d3\u30b9\u682a\u5f0f\u4f1a\u793e","description":"Managed Network &amp; Voice Services Provider","publisher":{"@id":"https:\/\/legacy.colt.net\/#organization"},"potentialAction":[{"@type":"SearchAction","target":{"@type":"EntryPoint","urlTemplate":"https:\/\/legacy.colt.net\/?s={search_term_string}"},"query-input":{"@type":"PropertyValueSpecification","valueRequired":true,"valueName":"search_term_string"}}],"inLanguage":"es-ES"},{"@type":"Organization","@id":"https:\/\/legacy.colt.net\/#organization","name":"Colt Technology Services","url":"https:\/\/legacy.colt.net\/","logo":{"@type":"ImageObject","inLanguage":"es-ES","@id":"https:\/\/legacy.colt.net\/#\/schema\/logo\/image\/","url":"https:\/\/legacy.colt.net\/wp-content\/uploads\/2019\/02\/Colt-Logo.png","contentUrl":"https:\/\/legacy.colt.net\/wp-content\/uploads\/2019\/02\/Colt-Logo.png","width":195,"height":77,"caption":"Colt Technology Services"},"image":{"@id":"https:\/\/legacy.colt.net\/#\/schema\/logo\/image\/"},"sameAs":["https:\/\/www.facebook.com\/ColtTechnologyServices\/","https:\/\/x.com\/colt_technology","https:\/\/www.instagram.com\/colttechnologyservices\/","https:\/\/www.linkedin.com\/company\/colt-technology-services","https:\/\/www.youtube.com\/user\/ColtTechnology"]},{"@type":"Person","@id":"https:\/\/legacy.colt.net\/#\/schema\/person\/71cb803a99c6757c1c6940a6f0683e57","name":"Make Do","image":{"@type":"ImageObject","inLanguage":"es-ES","@id":"https:\/\/legacy.colt.net\/#\/schema\/person\/image\/","url":"https:\/\/secure.gravatar.com\/avatar\/fe73597d3286e48e5f95eb7e1bd97ea091a03336686cad88ca44eadaa6287761?s=96&d=mm&r=g","contentUrl":"https:\/\/secure.gravatar.com\/avatar\/fe73597d3286e48e5f95eb7e1bd97ea091a03336686cad88ca44eadaa6287761?s=96&d=mm&r=g","caption":"Make Do"},"sameAs":["https:\/\/makedo.net"],"url":"https:\/\/legacy.colt.net\/es\/resources\/author\/makedo\/"}]}},"_links":{"self":[{"href":"https:\/\/legacy.colt.net\/es\/wp-json\/wp\/v2\/posts\/47375","targetHints":{"allow":["GET"]}}],"collection":[{"href":"https:\/\/legacy.colt.net\/es\/wp-json\/wp\/v2\/posts"}],"about":[{"href":"https:\/\/legacy.colt.net\/es\/wp-json\/wp\/v2\/types\/post"}],"author":[{"embeddable":true,"href":"https:\/\/legacy.colt.net\/es\/wp-json\/wp\/v2\/users\/112"}],"replies":[{"embeddable":true,"href":"https:\/\/legacy.colt.net\/es\/wp-json\/wp\/v2\/comments?post=47375"}],"version-history":[{"count":0,"href":"https:\/\/legacy.colt.net\/es\/wp-json\/wp\/v2\/posts\/47375\/revisions"}],"wp:attachment":[{"href":"https:\/\/legacy.colt.net\/es\/wp-json\/wp\/v2\/media?parent=47375"}],"wp:term":[{"taxonomy":"colt_type","embeddable":true,"href":"https:\/\/legacy.colt.net\/es\/wp-json\/wp\/v2\/colt_type?post=47375"},{"taxonomy":"colt_ind","embeddable":true,"href":"https:\/\/legacy.colt.net\/es\/wp-json\/wp\/v2\/colt_ind?post=47375"},{"taxonomy":"colt_products","embeddable":true,"href":"https:\/\/legacy.colt.net\/es\/wp-json\/wp\/v2\/colt_products?post=47375"},{"taxonomy":"colt_solutions","embeddable":true,"href":"https:\/\/legacy.colt.net\/es\/wp-json\/wp\/v2\/colt_solutions?post=47375"}],"curies":[{"name":"wp","href":"https:\/\/api.w.org\/{rel}","templated":true}]}}