{"id":148580,"date":"2025-02-12T08:10:56","date_gmt":"2025-02-12T08:10:56","guid":{"rendered":"https:\/\/www.colt.net\/?p=148580"},"modified":"2025-02-12T08:40:33","modified_gmt":"2025-02-12T08:40:33","slug":"colt-y-adam-cumplen-10-anos-impulsando-la-conectividad-y-el-futuro-digital","status":"publish","type":"post","link":"https:\/\/legacy.colt.net\/es\/resources\/colt-y-adam-cumplen-10-anos-impulsando-la-conectividad-y-el-futuro-digital\/","title":{"rendered":"Colt y Adam cumplen 10 a\u00f1os impulsando la conectividad y el futuro digital"},"content":{"rendered":"<p><b>Colt Technology Services y Adam, <\/b><span style=\"font-weight: 400;\">compa\u00f1\u00edas l\u00edderes en la transformaci\u00f3n tecnol\u00f3gica en Espa\u00f1a y Europa, <\/span><b>colaboran desde hace m\u00e1s de 10 a\u00f1os para hacer frente a las demandas crecientes de conectividad avanzada, servicios de alta calidad y expansi\u00f3n digital teniendo como base la experiencia y la innovaci\u00f3n.<\/b><\/p>\n<p><span style=\"font-weight: 400;\">Esta <\/span><b>alianza estrat\u00e9gica<\/b><span style=\"font-weight: 400;\"> es una de las<\/span><b> m\u00e1s importantes del sector de data centers y conectividad.<\/b><span style=\"font-weight: 400;\"> Colt, el mayor operador de fibra \u00f3ptica internacional, ofrece conexiones directas a m\u00e1s de 1.200 centros de datos y puntos estrat\u00e9gicos globalmente. Por eso, hace una d\u00e9cada, <\/span><b>Adam deposit\u00f3 su confianza en Colt para el suministro de servicios de tr\u00e1nsito y redes punto a punto (PaP) en sus data centers de Madrid y Barcelona, <\/b><span style=\"font-weight: 400;\">lo que le ha permitido ofrecer soluciones de conectividad neutral y robusta.\u00a0<\/span><\/p>\n<p><i><span style=\"font-weight: 400;\">\u201cColt aporta la solvencia, capacidad y competitividad necesarias para que Adam ofrezca una propuesta de valor diferenciada y destacada\u201d,<\/span><\/i><span style=\"font-weight: 400;\"> afirma David Ribalta, el director de marketing de Adam, empresa que opera como proveedor data centers, IaaS y conectividad con servicios de Internet (Sistema Aut\u00f3nomo AS15699) con conexiones en Madrid y Barcelona.\u00a0<\/span><\/p>\n<p><span style=\"font-weight: 400;\">En l\u00ednea con lo anterior, el director general de Adam, Jos\u00e9 Mej\u00edas, coincide en que <\/span><i><span style=\"font-weight: 400;\">\u201cColt es uno de nuestros proveedores de referencia para complementar nuestra oferta de servicios de Data Center con comunicaciones solventes y de calidad, adem\u00e1s de encajar perfectamente en nuestros planes de crecimiento\u201d<\/span><\/i><span style=\"font-weight: 400;\">.<\/span><\/p>\n<p><span style=\"font-weight: 400;\">Los <\/span><b>proveedores de redes de fibra \u00f3ptica como Colt juegan un papel crucial en los data centers <\/b><span style=\"font-weight: 400;\">\u00a0ya que permiten que estos se conecten a la <\/span><b>red mundial de Internet<\/b><span style=\"font-weight: 400;\">, facilitando el intercambio de datos a nivel internacional. Adem\u00e1s, ofrecen <\/span><b>seguridad, bajas latencias y alta disponibilidad<\/b><span style=\"font-weight: 400;\">, as\u00ed como <\/span><b>rutas alternativas<\/b><span style=\"font-weight: 400;\"> para el tr\u00e1fico de datos y un <\/span><b>ancho de banda <\/b><span style=\"font-weight: 400;\">con capacidad para manejar grandes vol\u00famenes de tr\u00e1fico de hasta 400 Gbit\/s. Por \u00faltimo, destacan los <\/span><b>servicios de conectividad bajo demanda<\/b><span style=\"font-weight: 400;\"> (NaaS, por sus siglas en ingl\u00e9s) y la <\/span><b>fibra oscura<\/b><span style=\"font-weight: 400;\"> que permite al cliente gestionarla seg\u00fan sus necesidades y bajo su control.<\/span><\/p>\n<p><span style=\"font-weight: 400;\">Adam y Colt refuerzan su compromiso con la innovaci\u00f3n y el desarrollo tecnol\u00f3gico en el marco del prestigioso proyecto europeo \u00ab<\/span><a href=\"https:\/\/ec.europa.eu\/commission\/presscorner\/detail\/en\/ip_24_6302\"><span style=\"font-weight: 400;\">AI Factory<\/span><\/a><span style=\"font-weight: 400;\">\u00bb liderado por el <\/span><a href=\"https:\/\/www.bsc.es\/es\"><span style=\"font-weight: 400;\">Barcelona Supercomputing Center<\/span><\/a><span style=\"font-weight: 400;\">. A trav\u00e9s de una conexi\u00f3n de fibra oscura contratada con Colt, Adam garantiza una comunicaci\u00f3n segura y de alta capacidad entre su data center en Barcelona y el MareNostrum.\u00a0<\/span><\/p>\n<p><span style=\"font-weight: 400;\">Este esfuerzo conjunto posiciona a ambas compa\u00f1\u00edas como actores clave en el ecosistema digital que impulsa a Barcelona como epicentro europeo de la inteligencia artificial y el supercomputing.<\/span><\/p>\n<p><span style=\"font-weight: 400;\">Cabe destacar que <\/span><b>Barcelona<\/b><span style=\"font-weight: 400;\"> se est\u00e1 consolidando como un<\/span><b> hub digital <\/b><span style=\"font-weight: 400;\">debido al n\u00famero creciente de infraestructura tecnol\u00f3gica y al de casi <\/span><b>100.000 profesionales digitales con una s\u00f3lida formaci\u00f3n en tecnolog\u00eda, <\/b><span style=\"font-weight: 400;\">adem\u00e1s de una significativa inversi\u00f3n internacional y un ecosistema de startups que ha crecido un 86% desde 2016.\u00a0<\/span><\/p>\n<p><span style=\"font-weight: 400;\">La ubicaci\u00f3n estrat\u00e9gica de la ciudad y una alta calidad de vida que contribuye a su atractivo para empresas y talento global, est\u00e1n reforzando su conectividad internacional, facilitando el acceso a redes submarinas cr\u00edticas.<\/span><\/p>\n<p>&nbsp;<\/p>\n<p><span style=\"font-weight: 400;\">El<\/span><b> Parc de l\u2019Alba<\/b><span style=\"font-weight: 400;\">, ubicado en Cerdanyola del Vall\u00e8s, se est\u00e1 convirtiendo en un <\/span><b>nodo de conectividad y de centros de datos crucial en Catalu\u00f1a<\/b><span style=\"font-weight: 400;\">. En \u00e9l, Colt cuenta con una red de fibra, para la conexi\u00f3n de varios centros de datos privados. Por su parte Adam, establecer\u00e1 en el mismo un nuevo data center de 12.500 m2 y una capacidad inicial de 5 MW que se convertir\u00e1 en una de las instalaciones m\u00e1s modernas en el Sur de Europa.\u00a0<\/span><\/p>\n<p>&nbsp;<\/p>\n<p><span style=\"font-weight: 400;\">Colt est\u00e1 expandiendo su red en esta \u00e1rea para proporcionar conectividad avanzada y apoyar el desarrollo del ecosistema digital en Barcelona. <\/span><i><span style=\"font-weight: 400;\">\u201cLa inversi\u00f3n de Adam en su nuevo centro de datos en Barcelona forma parte de la transformaci\u00f3n de la regi\u00f3n hacia un hub de conectividad principal a nivel nacional, europeo y global. Nuestra estrategia de expansi\u00f3n en la Pen\u00ednsula Ib\u00e9rica concuerda perfectamente con el proyecto\u201d, <\/span><\/i><span style=\"font-weight: 400;\">destaca Christian Schmidt, Network Expansion Manager de Colt\u00a0<\/span><\/p>\n<p><span style=\"font-weight: 400;\">La unidad de acci\u00f3n entre Adam y Colt y su apuesta de expansi\u00f3n sienta las bases para un futuro digital conectado y fortalece la posici\u00f3n de Espa\u00f1a como un puerto digital de referencia en Europa.\u00a0<\/span><\/p>\n<p><i><span style=\"font-weight: 400;\">\u201cLa alianza estrat\u00e9gica entre Colt y Adam combina la respuesta a la creciente demanda de espacio de colocaci\u00f3n y la necesidad de conectividad a trav\u00e9s de una red de fibra segura a los mercados nacionales e internacionales por v\u00eda terrestre y submarina\u201d, <\/span><\/i><span style=\"font-weight: 400;\">concluye Joan Monraba, Director General de Colt Espa\u00f1a.<\/span><\/p>\n","protected":false},"excerpt":{"rendered":"<p>Colt Technology Services y Adam, compa\u00f1\u00edas l\u00edderes en la transformaci\u00f3n tecnol\u00f3gica en Espa\u00f1a y Europa, colaboran desde hace m\u00e1s de 10 a\u00f1os para hacer frente a las demandas crecientes de conectividad avanzada, servicios de alta calidad y expansi\u00f3n digital teniendo como base la experiencia y la innovaci\u00f3n. Esta alianza estrat\u00e9gica es una de las m\u00e1s&#8230;<\/p>\n","protected":false},"author":48,"featured_media":148592,"comment_status":"closed","ping_status":"closed","sticky":false,"template":"","format":"standard","meta":{"_acf_changed":false,"footnotes":""},"colt_type":[1174],"colt_ind":[1259],"colt_products":[1858],"colt_solutions":[1782],"class_list":["post-148580","post","type-post","status-publish","format-standard","has-post-thumbnail","hentry","colt_type-blog-es","colt_ind-telecoms-es","colt_products-cloud-data-centre-es-2","colt_solutions-networking"],"acf":[],"yoast_head":"<!-- This site is optimized with the Yoast SEO plugin v26.8 - https:\/\/yoast.com\/product\/yoast-seo-wordpress\/ -->\n<title>Colt y Adam cumplen 10 a\u00f1os impulsando la conectividad y el futuro digital - Colt Technology Services<\/title>\n<meta name=\"description\" content=\"Colt y Adam cumplen 10 a\u00f1os impulsando la conectividad y el futuro digital Colt Technology Services\" \/>\n<meta name=\"robots\" content=\"noindex, follow, max-snippet:-1, max-image-preview:large, max-video-preview:-1\" \/>\n<meta property=\"og:locale\" content=\"es_ES\" \/>\n<meta property=\"og:type\" content=\"article\" \/>\n<meta property=\"og:title\" content=\"Colt y Adam cumplen 10 a\u00f1os impulsando la conectividad y el futuro digital - Colt Technology Services\" \/>\n<meta property=\"og:description\" content=\"Colt y Adam cumplen 10 a\u00f1os impulsando la conectividad y el futuro digital Colt Technology Services\" \/>\n<meta property=\"og:url\" content=\"https:\/\/legacy.colt.net\/es\/resources\/colt-y-adam-cumplen-10-anos-impulsando-la-conectividad-y-el-futuro-digital\/\" \/>\n<meta property=\"og:site_name\" content=\"Colt Technology Services\" \/>\n<meta property=\"article:publisher\" content=\"https:\/\/www.facebook.com\/ColtTechnologyServices\/\" \/>\n<meta property=\"article:published_time\" content=\"2025-02-12T08:10:56+00:00\" \/>\n<meta property=\"article:modified_time\" content=\"2025-02-12T08:40:33+00:00\" \/>\n<meta name=\"author\" content=\"Lourdes Serrano\" \/>\n<meta name=\"twitter:card\" content=\"summary_large_image\" \/>\n<meta name=\"twitter:image\" content=\"https:\/\/legacy.colt.net\/wp-content\/uploads\/2025\/02\/centro-de-datos-adam-en-madrid.jpeg.avif\" \/>\n<meta name=\"twitter:creator\" content=\"@colt_technology\" \/>\n<meta name=\"twitter:site\" content=\"@colt_technology\" \/>\n<meta name=\"twitter:label1\" content=\"Written by\" \/>\n\t<meta name=\"twitter:data1\" content=\"Lourdes Serrano\" \/>\n\t<meta name=\"twitter:label2\" content=\"Est. reading time\" \/>\n\t<meta name=\"twitter:data2\" content=\"4 minutes\" \/>\n<script type=\"application\/ld+json\" class=\"yoast-schema-graph\">{\"@context\":\"https:\/\/schema.org\",\"@graph\":[{\"@type\":\"Article\",\"@id\":\"https:\/\/legacy.colt.net\/es\/resources\/colt-y-adam-cumplen-10-anos-impulsando-la-conectividad-y-el-futuro-digital\/#article\",\"isPartOf\":{\"@id\":\"https:\/\/legacy.colt.net\/es\/resources\/colt-y-adam-cumplen-10-anos-impulsando-la-conectividad-y-el-futuro-digital\/\"},\"author\":{\"name\":\"Lourdes Serrano\",\"@id\":\"https:\/\/legacy.colt.net\/#\/schema\/person\/0790b52b9c3cc2a1173a6ceeaf63f304\"},\"headline\":\"Colt y Adam cumplen 10 a\u00f1os impulsando la conectividad y el futuro digital\",\"datePublished\":\"2025-02-12T08:10:56+00:00\",\"dateModified\":\"2025-02-12T08:40:33+00:00\",\"mainEntityOfPage\":{\"@id\":\"https:\/\/legacy.colt.net\/es\/resources\/colt-y-adam-cumplen-10-anos-impulsando-la-conectividad-y-el-futuro-digital\/\"},\"wordCount\":807,\"publisher\":{\"@id\":\"https:\/\/legacy.colt.net\/#organization\"},\"image\":{\"@id\":\"https:\/\/legacy.colt.net\/es\/resources\/colt-y-adam-cumplen-10-anos-impulsando-la-conectividad-y-el-futuro-digital\/#primaryimage\"},\"thumbnailUrl\":\"https:\/\/legacy.colt.net\/wp-content\/uploads\/2025\/02\/centro-de-datos-adam-en-madrid.jpeg.avif\",\"inLanguage\":\"es-ES\"},{\"@type\":\"WebPage\",\"@id\":\"https:\/\/legacy.colt.net\/es\/resources\/colt-y-adam-cumplen-10-anos-impulsando-la-conectividad-y-el-futuro-digital\/\",\"url\":\"https:\/\/legacy.colt.net\/es\/resources\/colt-y-adam-cumplen-10-anos-impulsando-la-conectividad-y-el-futuro-digital\/\",\"name\":\"Colt y Adam cumplen 10 a\u00f1os impulsando la conectividad y el futuro digital - Colt Technology Services\",\"isPartOf\":{\"@id\":\"https:\/\/legacy.colt.net\/#website\"},\"primaryImageOfPage\":{\"@id\":\"https:\/\/legacy.colt.net\/es\/resources\/colt-y-adam-cumplen-10-anos-impulsando-la-conectividad-y-el-futuro-digital\/#primaryimage\"},\"image\":{\"@id\":\"https:\/\/legacy.colt.net\/es\/resources\/colt-y-adam-cumplen-10-anos-impulsando-la-conectividad-y-el-futuro-digital\/#primaryimage\"},\"thumbnailUrl\":\"https:\/\/legacy.colt.net\/wp-content\/uploads\/2025\/02\/centro-de-datos-adam-en-madrid.jpeg.avif\",\"datePublished\":\"2025-02-12T08:10:56+00:00\",\"dateModified\":\"2025-02-12T08:40:33+00:00\",\"description\":\"Colt y Adam cumplen 10 a\u00f1os impulsando la conectividad y el futuro digital Colt Technology Services\",\"breadcrumb\":{\"@id\":\"https:\/\/legacy.colt.net\/es\/resources\/colt-y-adam-cumplen-10-anos-impulsando-la-conectividad-y-el-futuro-digital\/#breadcrumb\"},\"inLanguage\":\"es-ES\",\"potentialAction\":[{\"@type\":\"ReadAction\",\"target\":[\"https:\/\/legacy.colt.net\/es\/resources\/colt-y-adam-cumplen-10-anos-impulsando-la-conectividad-y-el-futuro-digital\/\"]}]},{\"@type\":\"ImageObject\",\"inLanguage\":\"es-ES\",\"@id\":\"https:\/\/legacy.colt.net\/es\/resources\/colt-y-adam-cumplen-10-anos-impulsando-la-conectividad-y-el-futuro-digital\/#primaryimage\",\"url\":\"https:\/\/legacy.colt.net\/wp-content\/uploads\/2025\/02\/centro-de-datos-adam-en-madrid.jpeg.avif\",\"contentUrl\":\"https:\/\/legacy.colt.net\/wp-content\/uploads\/2025\/02\/centro-de-datos-adam-en-madrid.jpeg.avif\",\"width\":1200,\"height\":796},{\"@type\":\"BreadcrumbList\",\"@id\":\"https:\/\/legacy.colt.net\/es\/resources\/colt-y-adam-cumplen-10-anos-impulsando-la-conectividad-y-el-futuro-digital\/#breadcrumb\",\"itemListElement\":[{\"@type\":\"ListItem\",\"position\":1,\"name\":\"Home\",\"item\":\"https:\/\/legacy.colt.net\/es\/\"},{\"@type\":\"ListItem\",\"position\":2,\"name\":\"Blogs\",\"item\":\"https:\/\/legacy.colt.net\/es\/resources\/type\/blog-es\/\"},{\"@type\":\"ListItem\",\"position\":3,\"name\":\"Colt y Adam cumplen 10 a\u00f1os impulsando la conectividad y el futuro digital\"}]},{\"@type\":\"WebSite\",\"@id\":\"https:\/\/legacy.colt.net\/#website\",\"url\":\"https:\/\/legacy.colt.net\/\",\"name\":\"Colt\u30c6\u30af\u30ce\u30ed\u30b8\u30fc\u30b5\u30fc\u30d3\u30b9\u682a\u5f0f\u4f1a\u793e\",\"description\":\"Managed Network &amp; Voice Services Provider\",\"publisher\":{\"@id\":\"https:\/\/legacy.colt.net\/#organization\"},\"potentialAction\":[{\"@type\":\"SearchAction\",\"target\":{\"@type\":\"EntryPoint\",\"urlTemplate\":\"https:\/\/legacy.colt.net\/?s={search_term_string}\"},\"query-input\":{\"@type\":\"PropertyValueSpecification\",\"valueRequired\":true,\"valueName\":\"search_term_string\"}}],\"inLanguage\":\"es-ES\"},{\"@type\":\"Organization\",\"@id\":\"https:\/\/legacy.colt.net\/#organization\",\"name\":\"Colt Technology Services\",\"url\":\"https:\/\/legacy.colt.net\/\",\"logo\":{\"@type\":\"ImageObject\",\"inLanguage\":\"es-ES\",\"@id\":\"https:\/\/legacy.colt.net\/#\/schema\/logo\/image\/\",\"url\":\"https:\/\/legacy.colt.net\/wp-content\/uploads\/2019\/02\/Colt-Logo.png\",\"contentUrl\":\"https:\/\/legacy.colt.net\/wp-content\/uploads\/2019\/02\/Colt-Logo.png\",\"width\":195,\"height\":77,\"caption\":\"Colt Technology Services\"},\"image\":{\"@id\":\"https:\/\/legacy.colt.net\/#\/schema\/logo\/image\/\"},\"sameAs\":[\"https:\/\/www.facebook.com\/ColtTechnologyServices\/\",\"https:\/\/x.com\/colt_technology\",\"https:\/\/www.instagram.com\/colttechnologyservices\/\",\"https:\/\/www.linkedin.com\/company\/colt-technology-services\",\"https:\/\/www.youtube.com\/user\/ColtTechnology\"]},{\"@type\":\"Person\",\"@id\":\"https:\/\/legacy.colt.net\/#\/schema\/person\/0790b52b9c3cc2a1173a6ceeaf63f304\",\"name\":\"Lourdes Serrano\",\"image\":{\"@type\":\"ImageObject\",\"inLanguage\":\"es-ES\",\"@id\":\"https:\/\/legacy.colt.net\/#\/schema\/person\/image\/\",\"url\":\"https:\/\/secure.gravatar.com\/avatar\/b6363e26360d3ce05582b80235b0da9914782c05898cdb163a08e94feb75b238?s=96&d=mm&r=g\",\"contentUrl\":\"https:\/\/secure.gravatar.com\/avatar\/b6363e26360d3ce05582b80235b0da9914782c05898cdb163a08e94feb75b238?s=96&d=mm&r=g\",\"caption\":\"Lourdes Serrano\"},\"url\":\"https:\/\/legacy.colt.net\/es\/resources\/author\/lourdesserrano\/\"}]}<\/script>\n<!-- \/ Yoast SEO plugin. -->","yoast_head_json":{"title":"Colt y Adam cumplen 10 a\u00f1os impulsando la conectividad y el futuro digital - Colt Technology Services","description":"Colt y Adam cumplen 10 a\u00f1os impulsando la conectividad y el futuro digital Colt Technology Services","robots":{"index":"noindex","follow":"follow","max-snippet":"max-snippet:-1","max-image-preview":"max-image-preview:large","max-video-preview":"max-video-preview:-1"},"og_locale":"es_ES","og_type":"article","og_title":"Colt y Adam cumplen 10 a\u00f1os impulsando la conectividad y el futuro digital - Colt Technology Services","og_description":"Colt y Adam cumplen 10 a\u00f1os impulsando la conectividad y el futuro digital Colt Technology Services","og_url":"https:\/\/legacy.colt.net\/es\/resources\/colt-y-adam-cumplen-10-anos-impulsando-la-conectividad-y-el-futuro-digital\/","og_site_name":"Colt Technology Services","article_publisher":"https:\/\/www.facebook.com\/ColtTechnologyServices\/","article_published_time":"2025-02-12T08:10:56+00:00","article_modified_time":"2025-02-12T08:40:33+00:00","author":"Lourdes Serrano","twitter_card":"summary_large_image","twitter_image":"https:\/\/legacy.colt.net\/wp-content\/uploads\/2025\/02\/centro-de-datos-adam-en-madrid.jpeg.avif","twitter_creator":"@colt_technology","twitter_site":"@colt_technology","twitter_misc":{"Written by":"Lourdes Serrano","Est. reading time":"4 minutes"},"schema":{"@context":"https:\/\/schema.org","@graph":[{"@type":"Article","@id":"https:\/\/legacy.colt.net\/es\/resources\/colt-y-adam-cumplen-10-anos-impulsando-la-conectividad-y-el-futuro-digital\/#article","isPartOf":{"@id":"https:\/\/legacy.colt.net\/es\/resources\/colt-y-adam-cumplen-10-anos-impulsando-la-conectividad-y-el-futuro-digital\/"},"author":{"name":"Lourdes Serrano","@id":"https:\/\/legacy.colt.net\/#\/schema\/person\/0790b52b9c3cc2a1173a6ceeaf63f304"},"headline":"Colt y Adam cumplen 10 a\u00f1os impulsando la conectividad y el futuro digital","datePublished":"2025-02-12T08:10:56+00:00","dateModified":"2025-02-12T08:40:33+00:00","mainEntityOfPage":{"@id":"https:\/\/legacy.colt.net\/es\/resources\/colt-y-adam-cumplen-10-anos-impulsando-la-conectividad-y-el-futuro-digital\/"},"wordCount":807,"publisher":{"@id":"https:\/\/legacy.colt.net\/#organization"},"image":{"@id":"https:\/\/legacy.colt.net\/es\/resources\/colt-y-adam-cumplen-10-anos-impulsando-la-conectividad-y-el-futuro-digital\/#primaryimage"},"thumbnailUrl":"https:\/\/legacy.colt.net\/wp-content\/uploads\/2025\/02\/centro-de-datos-adam-en-madrid.jpeg.avif","inLanguage":"es-ES"},{"@type":"WebPage","@id":"https:\/\/legacy.colt.net\/es\/resources\/colt-y-adam-cumplen-10-anos-impulsando-la-conectividad-y-el-futuro-digital\/","url":"https:\/\/legacy.colt.net\/es\/resources\/colt-y-adam-cumplen-10-anos-impulsando-la-conectividad-y-el-futuro-digital\/","name":"Colt y Adam cumplen 10 a\u00f1os impulsando la conectividad y el futuro digital - Colt Technology Services","isPartOf":{"@id":"https:\/\/legacy.colt.net\/#website"},"primaryImageOfPage":{"@id":"https:\/\/legacy.colt.net\/es\/resources\/colt-y-adam-cumplen-10-anos-impulsando-la-conectividad-y-el-futuro-digital\/#primaryimage"},"image":{"@id":"https:\/\/legacy.colt.net\/es\/resources\/colt-y-adam-cumplen-10-anos-impulsando-la-conectividad-y-el-futuro-digital\/#primaryimage"},"thumbnailUrl":"https:\/\/legacy.colt.net\/wp-content\/uploads\/2025\/02\/centro-de-datos-adam-en-madrid.jpeg.avif","datePublished":"2025-02-12T08:10:56+00:00","dateModified":"2025-02-12T08:40:33+00:00","description":"Colt y Adam cumplen 10 a\u00f1os impulsando la conectividad y el futuro digital Colt Technology Services","breadcrumb":{"@id":"https:\/\/legacy.colt.net\/es\/resources\/colt-y-adam-cumplen-10-anos-impulsando-la-conectividad-y-el-futuro-digital\/#breadcrumb"},"inLanguage":"es-ES","potentialAction":[{"@type":"ReadAction","target":["https:\/\/legacy.colt.net\/es\/resources\/colt-y-adam-cumplen-10-anos-impulsando-la-conectividad-y-el-futuro-digital\/"]}]},{"@type":"ImageObject","inLanguage":"es-ES","@id":"https:\/\/legacy.colt.net\/es\/resources\/colt-y-adam-cumplen-10-anos-impulsando-la-conectividad-y-el-futuro-digital\/#primaryimage","url":"https:\/\/legacy.colt.net\/wp-content\/uploads\/2025\/02\/centro-de-datos-adam-en-madrid.jpeg.avif","contentUrl":"https:\/\/legacy.colt.net\/wp-content\/uploads\/2025\/02\/centro-de-datos-adam-en-madrid.jpeg.avif","width":1200,"height":796},{"@type":"BreadcrumbList","@id":"https:\/\/legacy.colt.net\/es\/resources\/colt-y-adam-cumplen-10-anos-impulsando-la-conectividad-y-el-futuro-digital\/#breadcrumb","itemListElement":[{"@type":"ListItem","position":1,"name":"Home","item":"https:\/\/legacy.colt.net\/es\/"},{"@type":"ListItem","position":2,"name":"Blogs","item":"https:\/\/legacy.colt.net\/es\/resources\/type\/blog-es\/"},{"@type":"ListItem","position":3,"name":"Colt y Adam cumplen 10 a\u00f1os impulsando la conectividad y el futuro digital"}]},{"@type":"WebSite","@id":"https:\/\/legacy.colt.net\/#website","url":"https:\/\/legacy.colt.net\/","name":"Colt\u30c6\u30af\u30ce\u30ed\u30b8\u30fc\u30b5\u30fc\u30d3\u30b9\u682a\u5f0f\u4f1a\u793e","description":"Managed Network &amp; Voice Services Provider","publisher":{"@id":"https:\/\/legacy.colt.net\/#organization"},"potentialAction":[{"@type":"SearchAction","target":{"@type":"EntryPoint","urlTemplate":"https:\/\/legacy.colt.net\/?s={search_term_string}"},"query-input":{"@type":"PropertyValueSpecification","valueRequired":true,"valueName":"search_term_string"}}],"inLanguage":"es-ES"},{"@type":"Organization","@id":"https:\/\/legacy.colt.net\/#organization","name":"Colt Technology Services","url":"https:\/\/legacy.colt.net\/","logo":{"@type":"ImageObject","inLanguage":"es-ES","@id":"https:\/\/legacy.colt.net\/#\/schema\/logo\/image\/","url":"https:\/\/legacy.colt.net\/wp-content\/uploads\/2019\/02\/Colt-Logo.png","contentUrl":"https:\/\/legacy.colt.net\/wp-content\/uploads\/2019\/02\/Colt-Logo.png","width":195,"height":77,"caption":"Colt Technology Services"},"image":{"@id":"https:\/\/legacy.colt.net\/#\/schema\/logo\/image\/"},"sameAs":["https:\/\/www.facebook.com\/ColtTechnologyServices\/","https:\/\/x.com\/colt_technology","https:\/\/www.instagram.com\/colttechnologyservices\/","https:\/\/www.linkedin.com\/company\/colt-technology-services","https:\/\/www.youtube.com\/user\/ColtTechnology"]},{"@type":"Person","@id":"https:\/\/legacy.colt.net\/#\/schema\/person\/0790b52b9c3cc2a1173a6ceeaf63f304","name":"Lourdes Serrano","image":{"@type":"ImageObject","inLanguage":"es-ES","@id":"https:\/\/legacy.colt.net\/#\/schema\/person\/image\/","url":"https:\/\/secure.gravatar.com\/avatar\/b6363e26360d3ce05582b80235b0da9914782c05898cdb163a08e94feb75b238?s=96&d=mm&r=g","contentUrl":"https:\/\/secure.gravatar.com\/avatar\/b6363e26360d3ce05582b80235b0da9914782c05898cdb163a08e94feb75b238?s=96&d=mm&r=g","caption":"Lourdes Serrano"},"url":"https:\/\/legacy.colt.net\/es\/resources\/author\/lourdesserrano\/"}]}},"_links":{"self":[{"href":"https:\/\/legacy.colt.net\/es\/wp-json\/wp\/v2\/posts\/148580","targetHints":{"allow":["GET"]}}],"collection":[{"href":"https:\/\/legacy.colt.net\/es\/wp-json\/wp\/v2\/posts"}],"about":[{"href":"https:\/\/legacy.colt.net\/es\/wp-json\/wp\/v2\/types\/post"}],"author":[{"embeddable":true,"href":"https:\/\/legacy.colt.net\/es\/wp-json\/wp\/v2\/users\/48"}],"replies":[{"embeddable":true,"href":"https:\/\/legacy.colt.net\/es\/wp-json\/wp\/v2\/comments?post=148580"}],"version-history":[{"count":0,"href":"https:\/\/legacy.colt.net\/es\/wp-json\/wp\/v2\/posts\/148580\/revisions"}],"wp:featuredmedia":[{"embeddable":true,"href":"https:\/\/legacy.colt.net\/es\/wp-json\/wp\/v2\/media\/148592"}],"wp:attachment":[{"href":"https:\/\/legacy.colt.net\/es\/wp-json\/wp\/v2\/media?parent=148580"}],"wp:term":[{"taxonomy":"colt_type","embeddable":true,"href":"https:\/\/legacy.colt.net\/es\/wp-json\/wp\/v2\/colt_type?post=148580"},{"taxonomy":"colt_ind","embeddable":true,"href":"https:\/\/legacy.colt.net\/es\/wp-json\/wp\/v2\/colt_ind?post=148580"},{"taxonomy":"colt_products","embeddable":true,"href":"https:\/\/legacy.colt.net\/es\/wp-json\/wp\/v2\/colt_products?post=148580"},{"taxonomy":"colt_solutions","embeddable":true,"href":"https:\/\/legacy.colt.net\/es\/wp-json\/wp\/v2\/colt_solutions?post=148580"}],"curies":[{"name":"wp","href":"https:\/\/api.w.org\/{rel}","templated":true}]}}