{"id":119462,"date":"2023-03-10T09:29:27","date_gmt":"2023-03-10T09:29:27","guid":{"rendered":"https:\/\/www.colt.net\/?p=119462"},"modified":"2023-03-13T10:27:17","modified_gmt":"2023-03-13T10:27:17","slug":"colt-patrocina-la-28a-edicion-de-la-nit-de-les-telecomunicacions","status":"publish","type":"post","link":"https:\/\/legacy.colt.net\/es\/resources\/colt-patrocina-la-28a-edicion-de-la-nit-de-les-telecomunicacions\/","title":{"rendered":"Colt patrocina la 28\u00aa edici\u00f3n de la Nit de les Telecomunicacions"},"content":{"rendered":"<p><span style=\"font-weight: 400;\">El pasado 9 de marzo, Colt acudi\u00f3 de nuevo como patrocinador a la <\/span><a href=\"https:\/\/www.lanit.cat\/\"><b>Nit de les Telecomunicacions<\/b><\/a><span style=\"font-weight: 400;\">, un encuentro donde tiene lugar el primer networking del a\u00f1o entre las empresas, los trabajadores, la administraci\u00f3n p\u00fablica y las instituciones y asociaciones del sector TIC.\u00a0<\/span><\/p>\n<p><span style=\"font-weight: 400;\">La Nit de les Telecomunicacions es un evento <\/span><b>organizado por la Associaci\u00f3 Catalana d\u2019Enginyers de Telecomunicaci\u00f3 (Telecos.cat) y el Col\u00b7legi d\u2019Enginyeria en Inform\u00e0tica que se celebra en Catalu\u00f1a (COEINF)<\/b><span style=\"font-weight: 400;\">.\u00a0 Esta jornada tecnol\u00f3gica es todo un referente, en la que se crean encuentros de negocios y en la que los profesionales dedicados a la industria de las <\/span><b>telecomunicaciones<\/b><span style=\"font-weight: 400;\"> intercambian proyectos y opiniones.<\/span><\/p>\n<p><span style=\"font-weight: 400;\">El acto tuvo lugar en L\u2019Auditori de la ciudad de Barcelona, donde contaron con la oresencia de varias autoridades como la consellera de Presidencia\u00a0<strong>Laura Vilagr\u00e0;<\/strong>\u00a0\u00a0de la secretaria de Pol\u00edticas Digitales,\u00a0<strong>Gina Tost<\/strong>; del secretario de Telecomunicaciones y Transformaci\u00f3n Digital,\u00a0<strong>Sergi Marc\u00e9n;<\/strong>\u00a0\u00a0de la teniente de Agenda 2030 del Ayuntamiento de Barcelona,\u00a0<strong>Laia Bonet;<\/strong>\u00a0\u00a0y del presidente delegado del \u00c1rea de Innovaci\u00f3n de la Diputaci\u00f3n de Barcelona,\u00a0<strong>Marc Verdaguer.<\/strong><\/span><\/p>\n<p><span style=\"font-weight: 400;\">Este a\u00f1o se reprodujo un video especial titulado: \u201cTIC, cambio clim\u00e1tico y sostenibilidad\u201d con el fin de visibilizar la importancia de estos aspectos para el sector.\u00a0<\/span><\/p>\n<p><span style=\"font-weight: 400;\">El momento estrella de la noche fue la entrega de los Premios La Nit, en la que se destac\u00f3 el trabajo de los galardonados. Los reconocimientos de este a\u00f1o fueron los siguientes: a la personalidad destacada, <\/span><b>CIO<\/b><span style=\"font-weight: 400;\"> destacado\/a, emprendedor\/a, compromiso social, <\/span><b>comunicaci\u00f3n<\/b><span style=\"font-weight: 400;\"> y <\/span><b>divulgaci\u00f3n<\/b><span style=\"font-weight: 400;\"> de las <\/span><b>TIC<\/b><span style=\"font-weight: 400;\"> y el premio de honor.<\/span><\/p>\n<p>En la imagen de noticia encontramos a parte del equipo de Colt que asisti\u00f3 al evento como Lluis Merino &#8211; Service &amp; Contract Manager, <span class=\"ui-provider vz b c d e f g h i j k l m n o p q r s t u v w x y z ab ac ae af ag ah ai aj ak\" dir=\"ltr\">Luis Calzado &#8211;\u00a0<\/span>Senior Manager Data and Optical specialist y Francisco Palma &#8211; GCA TX Services Specialist\u00a0 Manager.<\/p>\n<p>En la imagen abajo: <span class=\"ui-provider vd b c d e f g h i j k l m n o p q r s t u v w x y z ab ac ae af ag ah ai aj ak\" dir=\"ltr\">Gina Tost, de la secret\u00e0ria de Pol\u00edtiques Digitals con Vicent Partal, Pioner de la comunicaci\u00f3n digital.<\/span><\/p>\n<p><img loading=\"lazy\" decoding=\"async\" class=\"alignnone size-full wp-image-119463\" src=\"https:\/\/legacy.colt.net\/wp-content\/uploads\/2023\/03\/Lanit.jpeg\" alt=\"\" width=\"742\" height=\"581\" srcset=\"https:\/\/legacy.colt.net\/wp-content\/uploads\/2023\/03\/Lanit.jpeg 742w, https:\/\/legacy.colt.net\/wp-content\/uploads\/2023\/03\/Lanit-300x235.jpeg 300w, https:\/\/legacy.colt.net\/wp-content\/uploads\/2023\/03\/Lanit-400x313.jpeg 400w, https:\/\/legacy.colt.net\/wp-content\/uploads\/2023\/03\/Lanit-500x392.jpeg 500w\" sizes=\"auto, (max-width: 742px) 100vw, 742px\" \/><\/p>\n","protected":false},"excerpt":{"rendered":"<p>El pasado 9 de marzo, Colt acudi\u00f3 de nuevo como patrocinador a la Nit de les Telecomunicacions, un encuentro donde tiene lugar el primer networking del a\u00f1o entre las empresas, los trabajadores, la administraci\u00f3n p\u00fablica y las instituciones y asociaciones del sector TIC.\u00a0 La Nit de les Telecomunicacions es un evento organizado por la Associaci\u00f3&#8230;<\/p>\n","protected":false},"author":2,"featured_media":119469,"comment_status":"closed","ping_status":"closed","sticky":false,"template":"","format":"standard","meta":{"_acf_changed":false,"footnotes":""},"colt_type":[1174],"colt_ind":[],"colt_products":[1262],"colt_solutions":[1781,1784,1778,1779,1782,1783,1785,1780],"class_list":["post-119462","post","type-post","status-publish","format-standard","has-post-thumbnail","hentry","colt_type-blog-es","colt_products-business-connect-it","colt_solutions-capital-markets","colt_solutions-communications","colt_solutions-modernise-cloud-environments","colt_solutions-network-as-a-service","colt_solutions-networking","colt_solutions-optimise-network-infrastructure","colt_solutions-security","colt_solutions-transform-your-workplace"],"acf":[],"yoast_head":"<!-- This site is optimized with the Yoast SEO plugin v26.8 - https:\/\/yoast.com\/product\/yoast-seo-wordpress\/ -->\n<title>Colt patrocina la 28\u00aa edici\u00f3n de la Nit de les Telecomunicacions - Colt Technology Services<\/title>\n<meta name=\"description\" content=\"Colt patrocina la 28\u00aa edici\u00f3n de la Nit de les Telecomunicacions Colt Technology Services\" \/>\n<meta name=\"robots\" content=\"noindex, follow, max-snippet:-1, max-image-preview:large, max-video-preview:-1\" \/>\n<meta property=\"og:locale\" content=\"es_ES\" \/>\n<meta property=\"og:type\" content=\"article\" \/>\n<meta property=\"og:title\" content=\"Colt patrocina la 28\u00aa edici\u00f3n de la Nit de les Telecomunicacions - Colt Technology Services\" \/>\n<meta property=\"og:description\" content=\"Colt patrocina la 28\u00aa edici\u00f3n de la Nit de les Telecomunicacions Colt Technology Services\" \/>\n<meta property=\"og:url\" content=\"https:\/\/legacy.colt.net\/es\/resources\/colt-patrocina-la-28a-edicion-de-la-nit-de-les-telecomunicacions\/\" \/>\n<meta property=\"og:site_name\" content=\"Colt Technology Services\" \/>\n<meta property=\"article:publisher\" content=\"https:\/\/www.facebook.com\/ColtTechnologyServices\/\" \/>\n<meta property=\"article:published_time\" content=\"2023-03-10T09:29:27+00:00\" \/>\n<meta property=\"article:modified_time\" content=\"2023-03-13T10:27:17+00:00\" \/>\n<meta property=\"og:image\" content=\"https:\/\/legacy.colt.net\/wp-content\/uploads\/2023\/03\/IMG_2464-scaled.jpg\" \/>\n\t<meta property=\"og:image:width\" content=\"2560\" \/>\n\t<meta property=\"og:image:height\" content=\"1968\" \/>\n\t<meta property=\"og:image:type\" content=\"image\/jpeg\" \/>\n<meta name=\"author\" content=\"Colt Technology Services\" \/>\n<meta name=\"twitter:card\" content=\"summary_large_image\" \/>\n<meta name=\"twitter:image\" content=\"https:\/\/legacy.colt.net\/wp-content\/uploads\/2023\/03\/IMG_2464-scaled.jpg\" \/>\n<meta name=\"twitter:creator\" content=\"@colt_technology\" \/>\n<meta name=\"twitter:site\" content=\"@colt_technology\" \/>\n<meta name=\"twitter:label1\" content=\"Written by\" \/>\n\t<meta name=\"twitter:data1\" content=\"Colt Technology Services\" \/>\n\t<meta name=\"twitter:label2\" content=\"Est. reading time\" \/>\n\t<meta name=\"twitter:data2\" content=\"2 minutes\" \/>\n<script type=\"application\/ld+json\" class=\"yoast-schema-graph\">{\"@context\":\"https:\/\/schema.org\",\"@graph\":[{\"@type\":\"Article\",\"@id\":\"https:\/\/legacy.colt.net\/es\/resources\/colt-patrocina-la-28a-edicion-de-la-nit-de-les-telecomunicacions\/#article\",\"isPartOf\":{\"@id\":\"https:\/\/legacy.colt.net\/es\/resources\/colt-patrocina-la-28a-edicion-de-la-nit-de-les-telecomunicacions\/\"},\"author\":{\"name\":\"Colt Technology Services\",\"@id\":\"https:\/\/legacy.colt.net\/#\/schema\/person\/09439f92d8793dbc4008ae5e9c2dfcea\"},\"headline\":\"Colt patrocina la 28\u00aa edici\u00f3n de la Nit de les Telecomunicacions\",\"datePublished\":\"2023-03-10T09:29:27+00:00\",\"dateModified\":\"2023-03-13T10:27:17+00:00\",\"mainEntityOfPage\":{\"@id\":\"https:\/\/legacy.colt.net\/es\/resources\/colt-patrocina-la-28a-edicion-de-la-nit-de-les-telecomunicacions\/\"},\"wordCount\":349,\"publisher\":{\"@id\":\"https:\/\/legacy.colt.net\/#organization\"},\"image\":{\"@id\":\"https:\/\/legacy.colt.net\/es\/resources\/colt-patrocina-la-28a-edicion-de-la-nit-de-les-telecomunicacions\/#primaryimage\"},\"thumbnailUrl\":\"https:\/\/legacy.colt.net\/wp-content\/uploads\/2023\/03\/IMG_2464-scaled.jpg\",\"inLanguage\":\"es-ES\"},{\"@type\":\"WebPage\",\"@id\":\"https:\/\/legacy.colt.net\/es\/resources\/colt-patrocina-la-28a-edicion-de-la-nit-de-les-telecomunicacions\/\",\"url\":\"https:\/\/legacy.colt.net\/es\/resources\/colt-patrocina-la-28a-edicion-de-la-nit-de-les-telecomunicacions\/\",\"name\":\"Colt patrocina la 28\u00aa edici\u00f3n de la Nit de les Telecomunicacions - Colt Technology Services\",\"isPartOf\":{\"@id\":\"https:\/\/legacy.colt.net\/#website\"},\"primaryImageOfPage\":{\"@id\":\"https:\/\/legacy.colt.net\/es\/resources\/colt-patrocina-la-28a-edicion-de-la-nit-de-les-telecomunicacions\/#primaryimage\"},\"image\":{\"@id\":\"https:\/\/legacy.colt.net\/es\/resources\/colt-patrocina-la-28a-edicion-de-la-nit-de-les-telecomunicacions\/#primaryimage\"},\"thumbnailUrl\":\"https:\/\/legacy.colt.net\/wp-content\/uploads\/2023\/03\/IMG_2464-scaled.jpg\",\"datePublished\":\"2023-03-10T09:29:27+00:00\",\"dateModified\":\"2023-03-13T10:27:17+00:00\",\"description\":\"Colt patrocina la 28\u00aa edici\u00f3n de la Nit de les Telecomunicacions Colt Technology Services\",\"breadcrumb\":{\"@id\":\"https:\/\/legacy.colt.net\/es\/resources\/colt-patrocina-la-28a-edicion-de-la-nit-de-les-telecomunicacions\/#breadcrumb\"},\"inLanguage\":\"es-ES\",\"potentialAction\":[{\"@type\":\"ReadAction\",\"target\":[\"https:\/\/legacy.colt.net\/es\/resources\/colt-patrocina-la-28a-edicion-de-la-nit-de-les-telecomunicacions\/\"]}]},{\"@type\":\"ImageObject\",\"inLanguage\":\"es-ES\",\"@id\":\"https:\/\/legacy.colt.net\/es\/resources\/colt-patrocina-la-28a-edicion-de-la-nit-de-les-telecomunicacions\/#primaryimage\",\"url\":\"https:\/\/legacy.colt.net\/wp-content\/uploads\/2023\/03\/IMG_2464-scaled.jpg\",\"contentUrl\":\"https:\/\/legacy.colt.net\/wp-content\/uploads\/2023\/03\/IMG_2464-scaled.jpg\",\"width\":2560,\"height\":1968},{\"@type\":\"BreadcrumbList\",\"@id\":\"https:\/\/legacy.colt.net\/es\/resources\/colt-patrocina-la-28a-edicion-de-la-nit-de-les-telecomunicacions\/#breadcrumb\",\"itemListElement\":[{\"@type\":\"ListItem\",\"position\":1,\"name\":\"Home\",\"item\":\"https:\/\/legacy.colt.net\/es\/\"},{\"@type\":\"ListItem\",\"position\":2,\"name\":\"Blogs\",\"item\":\"https:\/\/legacy.colt.net\/es\/resources\/type\/blog-es\/\"},{\"@type\":\"ListItem\",\"position\":3,\"name\":\"Colt patrocina la 28\u00aa edici\u00f3n de la Nit de les Telecomunicacions\"}]},{\"@type\":\"WebSite\",\"@id\":\"https:\/\/legacy.colt.net\/#website\",\"url\":\"https:\/\/legacy.colt.net\/\",\"name\":\"Colt\u30c6\u30af\u30ce\u30ed\u30b8\u30fc\u30b5\u30fc\u30d3\u30b9\u682a\u5f0f\u4f1a\u793e\",\"description\":\"Managed Network &amp; Voice Services Provider\",\"publisher\":{\"@id\":\"https:\/\/legacy.colt.net\/#organization\"},\"potentialAction\":[{\"@type\":\"SearchAction\",\"target\":{\"@type\":\"EntryPoint\",\"urlTemplate\":\"https:\/\/legacy.colt.net\/?s={search_term_string}\"},\"query-input\":{\"@type\":\"PropertyValueSpecification\",\"valueRequired\":true,\"valueName\":\"search_term_string\"}}],\"inLanguage\":\"es-ES\"},{\"@type\":\"Organization\",\"@id\":\"https:\/\/legacy.colt.net\/#organization\",\"name\":\"Colt Technology Services\",\"url\":\"https:\/\/legacy.colt.net\/\",\"logo\":{\"@type\":\"ImageObject\",\"inLanguage\":\"es-ES\",\"@id\":\"https:\/\/legacy.colt.net\/#\/schema\/logo\/image\/\",\"url\":\"https:\/\/legacy.colt.net\/wp-content\/uploads\/2019\/02\/Colt-Logo.png\",\"contentUrl\":\"https:\/\/legacy.colt.net\/wp-content\/uploads\/2019\/02\/Colt-Logo.png\",\"width\":195,\"height\":77,\"caption\":\"Colt Technology Services\"},\"image\":{\"@id\":\"https:\/\/legacy.colt.net\/#\/schema\/logo\/image\/\"},\"sameAs\":[\"https:\/\/www.facebook.com\/ColtTechnologyServices\/\",\"https:\/\/x.com\/colt_technology\",\"https:\/\/www.instagram.com\/colttechnologyservices\/\",\"https:\/\/www.linkedin.com\/company\/colt-technology-services\",\"https:\/\/www.youtube.com\/user\/ColtTechnology\"]},{\"@type\":\"Person\",\"@id\":\"https:\/\/legacy.colt.net\/#\/schema\/person\/09439f92d8793dbc4008ae5e9c2dfcea\",\"name\":\"Colt Technology Services\",\"image\":{\"@type\":\"ImageObject\",\"inLanguage\":\"es-ES\",\"@id\":\"https:\/\/legacy.colt.net\/#\/schema\/person\/image\/\",\"url\":\"https:\/\/secure.gravatar.com\/avatar\/6b9a881ba14db66fdade203b02c05780e2538ba69b96f23bf61453fb9bbaabba?s=96&d=mm&r=g\",\"contentUrl\":\"https:\/\/secure.gravatar.com\/avatar\/6b9a881ba14db66fdade203b02c05780e2538ba69b96f23bf61453fb9bbaabba?s=96&d=mm&r=g\",\"caption\":\"Colt Technology Services\"},\"description\":\"As an industry-leading global digital infrastructure company, Colt helps businesses succeed by creating extraordinary connections. Powered by amazing people, like-minded partners and innovative technology, Colt is driven by its purpose: to put the power of the digital universe in the hands of its customers \u2013 whenever, wherever and however they want.\",\"url\":\"https:\/\/legacy.colt.net\/es\/resources\/author\/colt\/\"}]}<\/script>\n<!-- \/ Yoast SEO plugin. -->","yoast_head_json":{"title":"Colt patrocina la 28\u00aa edici\u00f3n de la Nit de les Telecomunicacions - Colt Technology Services","description":"Colt patrocina la 28\u00aa edici\u00f3n de la Nit de les Telecomunicacions Colt Technology Services","robots":{"index":"noindex","follow":"follow","max-snippet":"max-snippet:-1","max-image-preview":"max-image-preview:large","max-video-preview":"max-video-preview:-1"},"og_locale":"es_ES","og_type":"article","og_title":"Colt patrocina la 28\u00aa edici\u00f3n de la Nit de les Telecomunicacions - Colt Technology Services","og_description":"Colt patrocina la 28\u00aa edici\u00f3n de la Nit de les Telecomunicacions Colt Technology Services","og_url":"https:\/\/legacy.colt.net\/es\/resources\/colt-patrocina-la-28a-edicion-de-la-nit-de-les-telecomunicacions\/","og_site_name":"Colt Technology Services","article_publisher":"https:\/\/www.facebook.com\/ColtTechnologyServices\/","article_published_time":"2023-03-10T09:29:27+00:00","article_modified_time":"2023-03-13T10:27:17+00:00","og_image":[{"width":2560,"height":1968,"url":"https:\/\/legacy.colt.net\/wp-content\/uploads\/2023\/03\/IMG_2464-scaled.jpg","type":"image\/jpeg"}],"author":"Colt Technology Services","twitter_card":"summary_large_image","twitter_image":"https:\/\/legacy.colt.net\/wp-content\/uploads\/2023\/03\/IMG_2464-scaled.jpg","twitter_creator":"@colt_technology","twitter_site":"@colt_technology","twitter_misc":{"Written by":"Colt Technology Services","Est. reading time":"2 minutes"},"schema":{"@context":"https:\/\/schema.org","@graph":[{"@type":"Article","@id":"https:\/\/legacy.colt.net\/es\/resources\/colt-patrocina-la-28a-edicion-de-la-nit-de-les-telecomunicacions\/#article","isPartOf":{"@id":"https:\/\/legacy.colt.net\/es\/resources\/colt-patrocina-la-28a-edicion-de-la-nit-de-les-telecomunicacions\/"},"author":{"name":"Colt Technology Services","@id":"https:\/\/legacy.colt.net\/#\/schema\/person\/09439f92d8793dbc4008ae5e9c2dfcea"},"headline":"Colt patrocina la 28\u00aa edici\u00f3n de la Nit de les Telecomunicacions","datePublished":"2023-03-10T09:29:27+00:00","dateModified":"2023-03-13T10:27:17+00:00","mainEntityOfPage":{"@id":"https:\/\/legacy.colt.net\/es\/resources\/colt-patrocina-la-28a-edicion-de-la-nit-de-les-telecomunicacions\/"},"wordCount":349,"publisher":{"@id":"https:\/\/legacy.colt.net\/#organization"},"image":{"@id":"https:\/\/legacy.colt.net\/es\/resources\/colt-patrocina-la-28a-edicion-de-la-nit-de-les-telecomunicacions\/#primaryimage"},"thumbnailUrl":"https:\/\/legacy.colt.net\/wp-content\/uploads\/2023\/03\/IMG_2464-scaled.jpg","inLanguage":"es-ES"},{"@type":"WebPage","@id":"https:\/\/legacy.colt.net\/es\/resources\/colt-patrocina-la-28a-edicion-de-la-nit-de-les-telecomunicacions\/","url":"https:\/\/legacy.colt.net\/es\/resources\/colt-patrocina-la-28a-edicion-de-la-nit-de-les-telecomunicacions\/","name":"Colt patrocina la 28\u00aa edici\u00f3n de la Nit de les Telecomunicacions - Colt Technology Services","isPartOf":{"@id":"https:\/\/legacy.colt.net\/#website"},"primaryImageOfPage":{"@id":"https:\/\/legacy.colt.net\/es\/resources\/colt-patrocina-la-28a-edicion-de-la-nit-de-les-telecomunicacions\/#primaryimage"},"image":{"@id":"https:\/\/legacy.colt.net\/es\/resources\/colt-patrocina-la-28a-edicion-de-la-nit-de-les-telecomunicacions\/#primaryimage"},"thumbnailUrl":"https:\/\/legacy.colt.net\/wp-content\/uploads\/2023\/03\/IMG_2464-scaled.jpg","datePublished":"2023-03-10T09:29:27+00:00","dateModified":"2023-03-13T10:27:17+00:00","description":"Colt patrocina la 28\u00aa edici\u00f3n de la Nit de les Telecomunicacions Colt Technology Services","breadcrumb":{"@id":"https:\/\/legacy.colt.net\/es\/resources\/colt-patrocina-la-28a-edicion-de-la-nit-de-les-telecomunicacions\/#breadcrumb"},"inLanguage":"es-ES","potentialAction":[{"@type":"ReadAction","target":["https:\/\/legacy.colt.net\/es\/resources\/colt-patrocina-la-28a-edicion-de-la-nit-de-les-telecomunicacions\/"]}]},{"@type":"ImageObject","inLanguage":"es-ES","@id":"https:\/\/legacy.colt.net\/es\/resources\/colt-patrocina-la-28a-edicion-de-la-nit-de-les-telecomunicacions\/#primaryimage","url":"https:\/\/legacy.colt.net\/wp-content\/uploads\/2023\/03\/IMG_2464-scaled.jpg","contentUrl":"https:\/\/legacy.colt.net\/wp-content\/uploads\/2023\/03\/IMG_2464-scaled.jpg","width":2560,"height":1968},{"@type":"BreadcrumbList","@id":"https:\/\/legacy.colt.net\/es\/resources\/colt-patrocina-la-28a-edicion-de-la-nit-de-les-telecomunicacions\/#breadcrumb","itemListElement":[{"@type":"ListItem","position":1,"name":"Home","item":"https:\/\/legacy.colt.net\/es\/"},{"@type":"ListItem","position":2,"name":"Blogs","item":"https:\/\/legacy.colt.net\/es\/resources\/type\/blog-es\/"},{"@type":"ListItem","position":3,"name":"Colt patrocina la 28\u00aa edici\u00f3n de la Nit de les Telecomunicacions"}]},{"@type":"WebSite","@id":"https:\/\/legacy.colt.net\/#website","url":"https:\/\/legacy.colt.net\/","name":"Colt\u30c6\u30af\u30ce\u30ed\u30b8\u30fc\u30b5\u30fc\u30d3\u30b9\u682a\u5f0f\u4f1a\u793e","description":"Managed Network &amp; Voice Services Provider","publisher":{"@id":"https:\/\/legacy.colt.net\/#organization"},"potentialAction":[{"@type":"SearchAction","target":{"@type":"EntryPoint","urlTemplate":"https:\/\/legacy.colt.net\/?s={search_term_string}"},"query-input":{"@type":"PropertyValueSpecification","valueRequired":true,"valueName":"search_term_string"}}],"inLanguage":"es-ES"},{"@type":"Organization","@id":"https:\/\/legacy.colt.net\/#organization","name":"Colt Technology Services","url":"https:\/\/legacy.colt.net\/","logo":{"@type":"ImageObject","inLanguage":"es-ES","@id":"https:\/\/legacy.colt.net\/#\/schema\/logo\/image\/","url":"https:\/\/legacy.colt.net\/wp-content\/uploads\/2019\/02\/Colt-Logo.png","contentUrl":"https:\/\/legacy.colt.net\/wp-content\/uploads\/2019\/02\/Colt-Logo.png","width":195,"height":77,"caption":"Colt Technology Services"},"image":{"@id":"https:\/\/legacy.colt.net\/#\/schema\/logo\/image\/"},"sameAs":["https:\/\/www.facebook.com\/ColtTechnologyServices\/","https:\/\/x.com\/colt_technology","https:\/\/www.instagram.com\/colttechnologyservices\/","https:\/\/www.linkedin.com\/company\/colt-technology-services","https:\/\/www.youtube.com\/user\/ColtTechnology"]},{"@type":"Person","@id":"https:\/\/legacy.colt.net\/#\/schema\/person\/09439f92d8793dbc4008ae5e9c2dfcea","name":"Colt Technology Services","image":{"@type":"ImageObject","inLanguage":"es-ES","@id":"https:\/\/legacy.colt.net\/#\/schema\/person\/image\/","url":"https:\/\/secure.gravatar.com\/avatar\/6b9a881ba14db66fdade203b02c05780e2538ba69b96f23bf61453fb9bbaabba?s=96&d=mm&r=g","contentUrl":"https:\/\/secure.gravatar.com\/avatar\/6b9a881ba14db66fdade203b02c05780e2538ba69b96f23bf61453fb9bbaabba?s=96&d=mm&r=g","caption":"Colt Technology Services"},"description":"As an industry-leading global digital infrastructure company, Colt helps businesses succeed by creating extraordinary connections. Powered by amazing people, like-minded partners and innovative technology, Colt is driven by its purpose: to put the power of the digital universe in the hands of its customers \u2013 whenever, wherever and however they want.","url":"https:\/\/legacy.colt.net\/es\/resources\/author\/colt\/"}]}},"_links":{"self":[{"href":"https:\/\/legacy.colt.net\/es\/wp-json\/wp\/v2\/posts\/119462","targetHints":{"allow":["GET"]}}],"collection":[{"href":"https:\/\/legacy.colt.net\/es\/wp-json\/wp\/v2\/posts"}],"about":[{"href":"https:\/\/legacy.colt.net\/es\/wp-json\/wp\/v2\/types\/post"}],"author":[{"embeddable":true,"href":"https:\/\/legacy.colt.net\/es\/wp-json\/wp\/v2\/users\/2"}],"replies":[{"embeddable":true,"href":"https:\/\/legacy.colt.net\/es\/wp-json\/wp\/v2\/comments?post=119462"}],"version-history":[{"count":0,"href":"https:\/\/legacy.colt.net\/es\/wp-json\/wp\/v2\/posts\/119462\/revisions"}],"wp:featuredmedia":[{"embeddable":true,"href":"https:\/\/legacy.colt.net\/es\/wp-json\/wp\/v2\/media\/119469"}],"wp:attachment":[{"href":"https:\/\/legacy.colt.net\/es\/wp-json\/wp\/v2\/media?parent=119462"}],"wp:term":[{"taxonomy":"colt_type","embeddable":true,"href":"https:\/\/legacy.colt.net\/es\/wp-json\/wp\/v2\/colt_type?post=119462"},{"taxonomy":"colt_ind","embeddable":true,"href":"https:\/\/legacy.colt.net\/es\/wp-json\/wp\/v2\/colt_ind?post=119462"},{"taxonomy":"colt_products","embeddable":true,"href":"https:\/\/legacy.colt.net\/es\/wp-json\/wp\/v2\/colt_products?post=119462"},{"taxonomy":"colt_solutions","embeddable":true,"href":"https:\/\/legacy.colt.net\/es\/wp-json\/wp\/v2\/colt_solutions?post=119462"}],"curies":[{"name":"wp","href":"https:\/\/api.w.org\/{rel}","templated":true}]}}