{"id":118656,"date":"2023-02-06T08:57:40","date_gmt":"2023-02-06T08:57:40","guid":{"rendered":"https:\/\/www.colt.net\/?p=118656"},"modified":"2023-02-06T08:57:40","modified_gmt":"2023-02-06T08:57:40","slug":"migracion-a-la-nube-y-el-legado-del-covid","status":"publish","type":"post","link":"https:\/\/legacy.colt.net\/es\/resources\/migracion-a-la-nube-y-el-legado-del-covid\/","title":{"rendered":"Migraci\u00f3n a la nube y el legado del COVID"},"content":{"rendered":"<p><span style=\"font-weight: 400;\">Como continuaci\u00f3n a nuestro<\/span><a href=\"https:\/\/legacy.colt.net\/resources\/from-adoption-to-optimisation-cloud-research-report-2022\/\"><b> Informe de investigaci\u00f3n sobre la nube 2022<\/b><\/a><span style=\"font-weight: 400;\">, queremos explorar algunos de sus matices con m\u00e1s detalle. En este art\u00edculo vamos a hablar sobre el impacto de la reciente <\/span><b>pandemia<\/b><span style=\"font-weight: 400;\"> en la <\/span><b>migraci\u00f3n <\/b><span style=\"font-weight: 400;\">a la<\/span><b> nube<\/b><span style=\"font-weight: 400;\"> y preguntarnos si existe una divisi\u00f3n realmente significativa entre<\/span><b><i> fast adopters<\/i><\/b><span style=\"font-weight: 400;\"> y <\/span><b><i>slow adopters<\/i><\/b><span style=\"font-weight: 400;\">.<\/span><\/p>\n<p><span style=\"font-weight: 400;\">La pandemia aceler\u00f3 los planes de<\/span><b> transformaci\u00f3n digital<\/b><span style=\"font-weight: 400;\"> de las empresas de la noche a la ma\u00f1ana. Uno de los motores de este cambio fue la necesidad de proporcionar a los trabajadores en remoto un acceso inmediato y eficaz a las aplicaciones esenciales.\u00a0<\/span><\/p>\n<p><span style=\"font-weight: 400;\">Alrededor del 38% de los encuestados declararon que sus proyectos hacia la<\/span><b> implementaci\u00f3n <\/b><span style=\"font-weight: 400;\">de la <\/span><b>nube<\/b><span style=\"font-weight: 400;\"> se precipitaron con la pandemia. Muchos afirman que se vieron forzados a revisar o incluso replantearse por completo sus <\/span><b>planes<\/b><span style=\"font-weight: 400;\"> de la <\/span><b>nube<\/b><span style=\"font-weight: 400;\"> existentes. Sin embargo, un 31% se\u00f1al\u00f3 que el <\/span><b>COVID<\/b><span style=\"font-weight: 400;\"> hab\u00eda frenado su impulso hacia la <\/span><b>nube<\/b><span style=\"font-weight: 400;\">.\u00a0<\/span><\/p>\n<p><span style=\"font-weight: 400;\">La encuesta revel\u00f3 una separaci\u00f3n geogr\u00e1fica, con un marcado contraste entre el norte y sur de Europa. En Reino Unido, Francia y Alemania son m\u00e1s los encuestados que afirman que la <\/span><b>migraci\u00f3n <\/b><span style=\"font-weight: 400;\">a la<\/span><b> nube<\/b><span style=\"font-weight: 400;\"> se ha ralentizado con la pandemia, una situaci\u00f3n que se refleja en Singapur. En Espa\u00f1a e Italia, por el contrario, la <\/span><b>migraci\u00f3n <\/b><span style=\"font-weight: 400;\">a la<\/span><b> nube<\/b><span style=\"font-weight: 400;\"> se aceler\u00f3 con el COVID, al igual que en Jap\u00f3n.\u00a0<\/span><\/p>\n<p><span style=\"font-weight: 400;\">Cuando las respuestas se dividen por sector en vez de por nacionalidades, todo cambia. Quiz\u00e1 no es sorprendente que el sector viajes, el de transportes y la industria log\u00edstica ralentizaran sus<\/span><b> movimientos<\/b><span style=\"font-weight: 400;\"> en la<\/span><b> nube<\/b><span style=\"font-weight: 400;\"> durante la crisis sanitaria. Los medios y la industria del entretenimiento reflejaron el mismo patr\u00f3n. Por otro lado, las empresas de <\/span><b>infraestructura digital<\/b><span style=\"font-weight: 400;\"> siguieron adelante con sus<\/span><b> planes<\/b><span style=\"font-weight: 400;\"> de la <\/span><b>nube<\/b><span style=\"font-weight: 400;\">, aunque con estrateg\u00edas revisadas, al igual que los fabricantes, mientras que los servicios financieros y el retail se dividieron entre <\/span><b><i>fast adopters<\/i><\/b><span style=\"font-weight: 400;\"> y <\/span><b><i>slow adopters<\/i><\/b><span style=\"font-weight: 400;\"> de la<\/span><b> nube<\/b><span style=\"font-weight: 400;\">.\u00a0<\/span><\/p>\n<p><span style=\"font-weight: 400;\">La preocupaci\u00f3n que suscitan todas estas cifras es evidente. La pandemia ha creado una carrera de <\/span><b>migraci\u00f3n<\/b><span style=\"font-weight: 400;\"> a la<\/span><b> nube<\/b><span style=\"font-weight: 400;\"> de doble sentido: algunos la han aprovechado para adelantarse a sus rivales, mientras que para otros ha sido la causa de un arriesgado par\u00f3n. \u00bfLes resultar\u00e1 dif\u00edcil a aquellos que se han quedado atr\u00e1s ponerse al d\u00eda? \u00bfQu\u00e9 precio pagar\u00e1 la <\/span><b>econom\u00eda<\/b> <b>digital <\/b><span style=\"font-weight: 400;\">a nivel global por este abismo entre \u201cr\u00e1pidos\u201d y \u201clentos\u201d?\u00a0<\/span><\/p>\n<p><span style=\"font-weight: 400;\">Hay opciones para aquellos que ralentizaron su ritmo pero quieren ponerse al d\u00eda. El primer paso consiste en reforzar el compromiso con la <\/span><b>migraci\u00f3n<\/b><span style=\"font-weight: 400;\"> a la <\/span><b>nube<\/b><span style=\"font-weight: 400;\"> de toda la organizaci\u00f3n desde la c\u00fapula directiva hasta la base. Lo siguiente es desplegar la infraestructura que les permita llegar hasta el punto donde deber\u00edan estar. No es el momento de quedarse estancado mientras los competidores contin\u00faan avanzando en la <\/span><b>migraci\u00f3n<\/b><span style=\"font-weight: 400;\"> a la <\/span><b>nube<\/b><span style=\"font-weight: 400;\">.<\/span><\/p>\n","protected":false},"excerpt":{"rendered":"<p>Como continuaci\u00f3n a nuestro Informe de investigaci\u00f3n sobre la nube 2022, queremos explorar algunos de sus matices con m\u00e1s detalle. En este art\u00edculo vamos a hablar sobre el impacto de la reciente pandemia en la migraci\u00f3n a la nube y preguntarnos si existe una divisi\u00f3n realmente significativa entre fast adopters y slow adopters. La pandemia&#8230;<\/p>\n","protected":false},"author":2,"featured_media":118301,"comment_status":"closed","ping_status":"closed","sticky":false,"template":"","format":"standard","meta":{"_acf_changed":false,"footnotes":""},"colt_type":[1174],"colt_ind":[1214,1804,1219,1224,1806,1229,1234,1239,1805,1244,1249,1254,1259],"colt_products":[],"colt_solutions":[1778],"class_list":["post-118656","post","type-post","status-publish","format-standard","has-post-thumbnail","hentry","colt_type-blog-es","colt_ind-business-es","colt_ind-construction-es","colt_ind-education-es","colt_ind-finance-es","colt_ind-gaming-es","colt_ind-government-es","colt_ind-healthcare-es","colt_ind-leisure-es","colt_ind-manufacturing-es","colt_ind-media-es","colt_ind-retail-es","colt_ind-technology-es","colt_ind-telecoms-es","colt_solutions-modernise-cloud-environments"],"acf":[],"yoast_head":"<!-- This site is optimized with the Yoast SEO plugin v26.8 - https:\/\/yoast.com\/product\/yoast-seo-wordpress\/ -->\n<title>Migraci\u00f3n a la nube y el legado del COVID - Colt Technology Services<\/title>\n<meta name=\"description\" content=\"Migraci\u00f3n a la nube y el legado del COVID Colt Technology Services\" \/>\n<meta name=\"robots\" content=\"noindex, follow, max-snippet:-1, max-image-preview:large, max-video-preview:-1\" \/>\n<meta property=\"og:locale\" content=\"es_ES\" \/>\n<meta property=\"og:type\" content=\"article\" \/>\n<meta property=\"og:title\" content=\"Migraci\u00f3n a la nube y el legado del COVID - Colt Technology Services\" \/>\n<meta property=\"og:description\" content=\"Migraci\u00f3n a la nube y el legado del COVID Colt Technology Services\" \/>\n<meta property=\"og:url\" content=\"https:\/\/legacy.colt.net\/es\/resources\/migracion-a-la-nube-y-el-legado-del-covid\/\" \/>\n<meta property=\"og:site_name\" content=\"Colt Technology Services\" \/>\n<meta property=\"article:publisher\" content=\"https:\/\/www.facebook.com\/ColtTechnologyServices\/\" \/>\n<meta property=\"article:published_time\" content=\"2023-02-06T08:57:40+00:00\" \/>\n<meta property=\"og:image\" content=\"https:\/\/legacy.colt.net\/wp-content\/uploads\/2023\/01\/MicrosoftTeams-image-17.jpg\" \/>\n\t<meta property=\"og:image:width\" content=\"2308\" \/>\n\t<meta property=\"og:image:height\" content=\"1298\" \/>\n\t<meta property=\"og:image:type\" content=\"image\/jpeg\" \/>\n<meta name=\"author\" content=\"Colt Technology Services\" \/>\n<meta name=\"twitter:card\" content=\"summary_large_image\" \/>\n<meta name=\"twitter:image\" content=\"https:\/\/legacy.colt.net\/wp-content\/uploads\/2023\/01\/MicrosoftTeams-image-17.jpg\" \/>\n<meta name=\"twitter:creator\" content=\"@colt_technology\" \/>\n<meta name=\"twitter:site\" content=\"@colt_technology\" \/>\n<meta name=\"twitter:label1\" content=\"Written by\" \/>\n\t<meta name=\"twitter:data1\" content=\"Colt Technology Services\" \/>\n\t<meta name=\"twitter:label2\" content=\"Est. reading time\" \/>\n\t<meta name=\"twitter:data2\" content=\"3 minutes\" \/>\n<script type=\"application\/ld+json\" class=\"yoast-schema-graph\">{\"@context\":\"https:\/\/schema.org\",\"@graph\":[{\"@type\":\"Article\",\"@id\":\"https:\/\/legacy.colt.net\/es\/resources\/migracion-a-la-nube-y-el-legado-del-covid\/#article\",\"isPartOf\":{\"@id\":\"https:\/\/legacy.colt.net\/es\/resources\/migracion-a-la-nube-y-el-legado-del-covid\/\"},\"author\":{\"name\":\"Colt Technology Services\",\"@id\":\"https:\/\/legacy.colt.net\/#\/schema\/person\/09439f92d8793dbc4008ae5e9c2dfcea\"},\"headline\":\"Migraci\u00f3n a la nube y el legado del COVID\",\"datePublished\":\"2023-02-06T08:57:40+00:00\",\"mainEntityOfPage\":{\"@id\":\"https:\/\/legacy.colt.net\/es\/resources\/migracion-a-la-nube-y-el-legado-del-covid\/\"},\"wordCount\":504,\"publisher\":{\"@id\":\"https:\/\/legacy.colt.net\/#organization\"},\"image\":{\"@id\":\"https:\/\/legacy.colt.net\/es\/resources\/migracion-a-la-nube-y-el-legado-del-covid\/#primaryimage\"},\"thumbnailUrl\":\"https:\/\/legacy.colt.net\/wp-content\/uploads\/2023\/01\/MicrosoftTeams-image-17.jpg\",\"inLanguage\":\"es-ES\"},{\"@type\":\"WebPage\",\"@id\":\"https:\/\/legacy.colt.net\/es\/resources\/migracion-a-la-nube-y-el-legado-del-covid\/\",\"url\":\"https:\/\/legacy.colt.net\/es\/resources\/migracion-a-la-nube-y-el-legado-del-covid\/\",\"name\":\"Migraci\u00f3n a la nube y el legado del COVID - Colt Technology Services\",\"isPartOf\":{\"@id\":\"https:\/\/legacy.colt.net\/#website\"},\"primaryImageOfPage\":{\"@id\":\"https:\/\/legacy.colt.net\/es\/resources\/migracion-a-la-nube-y-el-legado-del-covid\/#primaryimage\"},\"image\":{\"@id\":\"https:\/\/legacy.colt.net\/es\/resources\/migracion-a-la-nube-y-el-legado-del-covid\/#primaryimage\"},\"thumbnailUrl\":\"https:\/\/legacy.colt.net\/wp-content\/uploads\/2023\/01\/MicrosoftTeams-image-17.jpg\",\"datePublished\":\"2023-02-06T08:57:40+00:00\",\"description\":\"Migraci\u00f3n a la nube y el legado del COVID Colt Technology Services\",\"breadcrumb\":{\"@id\":\"https:\/\/legacy.colt.net\/es\/resources\/migracion-a-la-nube-y-el-legado-del-covid\/#breadcrumb\"},\"inLanguage\":\"es-ES\",\"potentialAction\":[{\"@type\":\"ReadAction\",\"target\":[\"https:\/\/legacy.colt.net\/es\/resources\/migracion-a-la-nube-y-el-legado-del-covid\/\"]}]},{\"@type\":\"ImageObject\",\"inLanguage\":\"es-ES\",\"@id\":\"https:\/\/legacy.colt.net\/es\/resources\/migracion-a-la-nube-y-el-legado-del-covid\/#primaryimage\",\"url\":\"https:\/\/legacy.colt.net\/wp-content\/uploads\/2023\/01\/MicrosoftTeams-image-17.jpg\",\"contentUrl\":\"https:\/\/legacy.colt.net\/wp-content\/uploads\/2023\/01\/MicrosoftTeams-image-17.jpg\",\"width\":2308,\"height\":1298,\"caption\":\"Cloud Computing, Change, Technology, Service, Vitality, Innovation, Community, Hand\"},{\"@type\":\"BreadcrumbList\",\"@id\":\"https:\/\/legacy.colt.net\/es\/resources\/migracion-a-la-nube-y-el-legado-del-covid\/#breadcrumb\",\"itemListElement\":[{\"@type\":\"ListItem\",\"position\":1,\"name\":\"Home\",\"item\":\"https:\/\/legacy.colt.net\/es\/\"},{\"@type\":\"ListItem\",\"position\":2,\"name\":\"Blogs\",\"item\":\"https:\/\/legacy.colt.net\/es\/resources\/type\/blog-es\/\"},{\"@type\":\"ListItem\",\"position\":3,\"name\":\"Migraci\u00f3n a la nube y el legado del COVID\"}]},{\"@type\":\"WebSite\",\"@id\":\"https:\/\/legacy.colt.net\/#website\",\"url\":\"https:\/\/legacy.colt.net\/\",\"name\":\"Colt\u30c6\u30af\u30ce\u30ed\u30b8\u30fc\u30b5\u30fc\u30d3\u30b9\u682a\u5f0f\u4f1a\u793e\",\"description\":\"Managed Network &amp; Voice Services Provider\",\"publisher\":{\"@id\":\"https:\/\/legacy.colt.net\/#organization\"},\"potentialAction\":[{\"@type\":\"SearchAction\",\"target\":{\"@type\":\"EntryPoint\",\"urlTemplate\":\"https:\/\/legacy.colt.net\/?s={search_term_string}\"},\"query-input\":{\"@type\":\"PropertyValueSpecification\",\"valueRequired\":true,\"valueName\":\"search_term_string\"}}],\"inLanguage\":\"es-ES\"},{\"@type\":\"Organization\",\"@id\":\"https:\/\/legacy.colt.net\/#organization\",\"name\":\"Colt Technology Services\",\"url\":\"https:\/\/legacy.colt.net\/\",\"logo\":{\"@type\":\"ImageObject\",\"inLanguage\":\"es-ES\",\"@id\":\"https:\/\/legacy.colt.net\/#\/schema\/logo\/image\/\",\"url\":\"https:\/\/legacy.colt.net\/wp-content\/uploads\/2019\/02\/Colt-Logo.png\",\"contentUrl\":\"https:\/\/legacy.colt.net\/wp-content\/uploads\/2019\/02\/Colt-Logo.png\",\"width\":195,\"height\":77,\"caption\":\"Colt Technology Services\"},\"image\":{\"@id\":\"https:\/\/legacy.colt.net\/#\/schema\/logo\/image\/\"},\"sameAs\":[\"https:\/\/www.facebook.com\/ColtTechnologyServices\/\",\"https:\/\/x.com\/colt_technology\",\"https:\/\/www.instagram.com\/colttechnologyservices\/\",\"https:\/\/www.linkedin.com\/company\/colt-technology-services\",\"https:\/\/www.youtube.com\/user\/ColtTechnology\"]},{\"@type\":\"Person\",\"@id\":\"https:\/\/legacy.colt.net\/#\/schema\/person\/09439f92d8793dbc4008ae5e9c2dfcea\",\"name\":\"Colt Technology Services\",\"image\":{\"@type\":\"ImageObject\",\"inLanguage\":\"es-ES\",\"@id\":\"https:\/\/legacy.colt.net\/#\/schema\/person\/image\/\",\"url\":\"https:\/\/secure.gravatar.com\/avatar\/6b9a881ba14db66fdade203b02c05780e2538ba69b96f23bf61453fb9bbaabba?s=96&d=mm&r=g\",\"contentUrl\":\"https:\/\/secure.gravatar.com\/avatar\/6b9a881ba14db66fdade203b02c05780e2538ba69b96f23bf61453fb9bbaabba?s=96&d=mm&r=g\",\"caption\":\"Colt Technology Services\"},\"description\":\"As an industry-leading global digital infrastructure company, Colt helps businesses succeed by creating extraordinary connections. Powered by amazing people, like-minded partners and innovative technology, Colt is driven by its purpose: to put the power of the digital universe in the hands of its customers \u2013 whenever, wherever and however they want.\",\"url\":\"https:\/\/legacy.colt.net\/es\/resources\/author\/colt\/\"}]}<\/script>\n<!-- \/ Yoast SEO plugin. -->","yoast_head_json":{"title":"Migraci\u00f3n a la nube y el legado del COVID - Colt Technology Services","description":"Migraci\u00f3n a la nube y el legado del COVID Colt Technology Services","robots":{"index":"noindex","follow":"follow","max-snippet":"max-snippet:-1","max-image-preview":"max-image-preview:large","max-video-preview":"max-video-preview:-1"},"og_locale":"es_ES","og_type":"article","og_title":"Migraci\u00f3n a la nube y el legado del COVID - Colt Technology Services","og_description":"Migraci\u00f3n a la nube y el legado del COVID Colt Technology Services","og_url":"https:\/\/legacy.colt.net\/es\/resources\/migracion-a-la-nube-y-el-legado-del-covid\/","og_site_name":"Colt Technology Services","article_publisher":"https:\/\/www.facebook.com\/ColtTechnologyServices\/","article_published_time":"2023-02-06T08:57:40+00:00","og_image":[{"width":2308,"height":1298,"url":"https:\/\/legacy.colt.net\/wp-content\/uploads\/2023\/01\/MicrosoftTeams-image-17.jpg","type":"image\/jpeg"}],"author":"Colt Technology Services","twitter_card":"summary_large_image","twitter_image":"https:\/\/legacy.colt.net\/wp-content\/uploads\/2023\/01\/MicrosoftTeams-image-17.jpg","twitter_creator":"@colt_technology","twitter_site":"@colt_technology","twitter_misc":{"Written by":"Colt Technology Services","Est. reading time":"3 minutes"},"schema":{"@context":"https:\/\/schema.org","@graph":[{"@type":"Article","@id":"https:\/\/legacy.colt.net\/es\/resources\/migracion-a-la-nube-y-el-legado-del-covid\/#article","isPartOf":{"@id":"https:\/\/legacy.colt.net\/es\/resources\/migracion-a-la-nube-y-el-legado-del-covid\/"},"author":{"name":"Colt Technology Services","@id":"https:\/\/legacy.colt.net\/#\/schema\/person\/09439f92d8793dbc4008ae5e9c2dfcea"},"headline":"Migraci\u00f3n a la nube y el legado del COVID","datePublished":"2023-02-06T08:57:40+00:00","mainEntityOfPage":{"@id":"https:\/\/legacy.colt.net\/es\/resources\/migracion-a-la-nube-y-el-legado-del-covid\/"},"wordCount":504,"publisher":{"@id":"https:\/\/legacy.colt.net\/#organization"},"image":{"@id":"https:\/\/legacy.colt.net\/es\/resources\/migracion-a-la-nube-y-el-legado-del-covid\/#primaryimage"},"thumbnailUrl":"https:\/\/legacy.colt.net\/wp-content\/uploads\/2023\/01\/MicrosoftTeams-image-17.jpg","inLanguage":"es-ES"},{"@type":"WebPage","@id":"https:\/\/legacy.colt.net\/es\/resources\/migracion-a-la-nube-y-el-legado-del-covid\/","url":"https:\/\/legacy.colt.net\/es\/resources\/migracion-a-la-nube-y-el-legado-del-covid\/","name":"Migraci\u00f3n a la nube y el legado del COVID - Colt Technology Services","isPartOf":{"@id":"https:\/\/legacy.colt.net\/#website"},"primaryImageOfPage":{"@id":"https:\/\/legacy.colt.net\/es\/resources\/migracion-a-la-nube-y-el-legado-del-covid\/#primaryimage"},"image":{"@id":"https:\/\/legacy.colt.net\/es\/resources\/migracion-a-la-nube-y-el-legado-del-covid\/#primaryimage"},"thumbnailUrl":"https:\/\/legacy.colt.net\/wp-content\/uploads\/2023\/01\/MicrosoftTeams-image-17.jpg","datePublished":"2023-02-06T08:57:40+00:00","description":"Migraci\u00f3n a la nube y el legado del COVID Colt Technology Services","breadcrumb":{"@id":"https:\/\/legacy.colt.net\/es\/resources\/migracion-a-la-nube-y-el-legado-del-covid\/#breadcrumb"},"inLanguage":"es-ES","potentialAction":[{"@type":"ReadAction","target":["https:\/\/legacy.colt.net\/es\/resources\/migracion-a-la-nube-y-el-legado-del-covid\/"]}]},{"@type":"ImageObject","inLanguage":"es-ES","@id":"https:\/\/legacy.colt.net\/es\/resources\/migracion-a-la-nube-y-el-legado-del-covid\/#primaryimage","url":"https:\/\/legacy.colt.net\/wp-content\/uploads\/2023\/01\/MicrosoftTeams-image-17.jpg","contentUrl":"https:\/\/legacy.colt.net\/wp-content\/uploads\/2023\/01\/MicrosoftTeams-image-17.jpg","width":2308,"height":1298,"caption":"Cloud Computing, Change, Technology, Service, Vitality, Innovation, Community, Hand"},{"@type":"BreadcrumbList","@id":"https:\/\/legacy.colt.net\/es\/resources\/migracion-a-la-nube-y-el-legado-del-covid\/#breadcrumb","itemListElement":[{"@type":"ListItem","position":1,"name":"Home","item":"https:\/\/legacy.colt.net\/es\/"},{"@type":"ListItem","position":2,"name":"Blogs","item":"https:\/\/legacy.colt.net\/es\/resources\/type\/blog-es\/"},{"@type":"ListItem","position":3,"name":"Migraci\u00f3n a la nube y el legado del COVID"}]},{"@type":"WebSite","@id":"https:\/\/legacy.colt.net\/#website","url":"https:\/\/legacy.colt.net\/","name":"Colt\u30c6\u30af\u30ce\u30ed\u30b8\u30fc\u30b5\u30fc\u30d3\u30b9\u682a\u5f0f\u4f1a\u793e","description":"Managed Network &amp; Voice Services Provider","publisher":{"@id":"https:\/\/legacy.colt.net\/#organization"},"potentialAction":[{"@type":"SearchAction","target":{"@type":"EntryPoint","urlTemplate":"https:\/\/legacy.colt.net\/?s={search_term_string}"},"query-input":{"@type":"PropertyValueSpecification","valueRequired":true,"valueName":"search_term_string"}}],"inLanguage":"es-ES"},{"@type":"Organization","@id":"https:\/\/legacy.colt.net\/#organization","name":"Colt Technology Services","url":"https:\/\/legacy.colt.net\/","logo":{"@type":"ImageObject","inLanguage":"es-ES","@id":"https:\/\/legacy.colt.net\/#\/schema\/logo\/image\/","url":"https:\/\/legacy.colt.net\/wp-content\/uploads\/2019\/02\/Colt-Logo.png","contentUrl":"https:\/\/legacy.colt.net\/wp-content\/uploads\/2019\/02\/Colt-Logo.png","width":195,"height":77,"caption":"Colt Technology Services"},"image":{"@id":"https:\/\/legacy.colt.net\/#\/schema\/logo\/image\/"},"sameAs":["https:\/\/www.facebook.com\/ColtTechnologyServices\/","https:\/\/x.com\/colt_technology","https:\/\/www.instagram.com\/colttechnologyservices\/","https:\/\/www.linkedin.com\/company\/colt-technology-services","https:\/\/www.youtube.com\/user\/ColtTechnology"]},{"@type":"Person","@id":"https:\/\/legacy.colt.net\/#\/schema\/person\/09439f92d8793dbc4008ae5e9c2dfcea","name":"Colt Technology Services","image":{"@type":"ImageObject","inLanguage":"es-ES","@id":"https:\/\/legacy.colt.net\/#\/schema\/person\/image\/","url":"https:\/\/secure.gravatar.com\/avatar\/6b9a881ba14db66fdade203b02c05780e2538ba69b96f23bf61453fb9bbaabba?s=96&d=mm&r=g","contentUrl":"https:\/\/secure.gravatar.com\/avatar\/6b9a881ba14db66fdade203b02c05780e2538ba69b96f23bf61453fb9bbaabba?s=96&d=mm&r=g","caption":"Colt Technology Services"},"description":"As an industry-leading global digital infrastructure company, Colt helps businesses succeed by creating extraordinary connections. Powered by amazing people, like-minded partners and innovative technology, Colt is driven by its purpose: to put the power of the digital universe in the hands of its customers \u2013 whenever, wherever and however they want.","url":"https:\/\/legacy.colt.net\/es\/resources\/author\/colt\/"}]}},"_links":{"self":[{"href":"https:\/\/legacy.colt.net\/es\/wp-json\/wp\/v2\/posts\/118656","targetHints":{"allow":["GET"]}}],"collection":[{"href":"https:\/\/legacy.colt.net\/es\/wp-json\/wp\/v2\/posts"}],"about":[{"href":"https:\/\/legacy.colt.net\/es\/wp-json\/wp\/v2\/types\/post"}],"author":[{"embeddable":true,"href":"https:\/\/legacy.colt.net\/es\/wp-json\/wp\/v2\/users\/2"}],"replies":[{"embeddable":true,"href":"https:\/\/legacy.colt.net\/es\/wp-json\/wp\/v2\/comments?post=118656"}],"version-history":[{"count":0,"href":"https:\/\/legacy.colt.net\/es\/wp-json\/wp\/v2\/posts\/118656\/revisions"}],"wp:featuredmedia":[{"embeddable":true,"href":"https:\/\/legacy.colt.net\/es\/wp-json\/wp\/v2\/media\/118301"}],"wp:attachment":[{"href":"https:\/\/legacy.colt.net\/es\/wp-json\/wp\/v2\/media?parent=118656"}],"wp:term":[{"taxonomy":"colt_type","embeddable":true,"href":"https:\/\/legacy.colt.net\/es\/wp-json\/wp\/v2\/colt_type?post=118656"},{"taxonomy":"colt_ind","embeddable":true,"href":"https:\/\/legacy.colt.net\/es\/wp-json\/wp\/v2\/colt_ind?post=118656"},{"taxonomy":"colt_products","embeddable":true,"href":"https:\/\/legacy.colt.net\/es\/wp-json\/wp\/v2\/colt_products?post=118656"},{"taxonomy":"colt_solutions","embeddable":true,"href":"https:\/\/legacy.colt.net\/es\/wp-json\/wp\/v2\/colt_solutions?post=118656"}],"curies":[{"name":"wp","href":"https:\/\/api.w.org\/{rel}","templated":true}]}}