{"id":103810,"date":"2021-10-25T11:19:29","date_gmt":"2021-10-25T10:19:29","guid":{"rendered":"https:\/\/www.colt.net\/?p=103810"},"modified":"2021-10-25T11:23:29","modified_gmt":"2021-10-25T10:23:29","slug":"keri-gilder-se-compromete-con-el-tm-forum-para-impulsar-el-talento-y-la-diversidad-en-las-telecomunicaciones","status":"publish","type":"post","link":"https:\/\/legacy.colt.net\/es\/resources\/keri-gilder-se-compromete-con-el-tm-forum-para-impulsar-el-talento-y-la-diversidad-en-las-telecomunicaciones\/","title":{"rendered":"Keri Gilder se compromete con el TM Forum para impulsar el talento y la diversidad en las telecomunicaciones"},"content":{"rendered":"<p><strong>TM Forum<\/strong>, la asociaci\u00f3n industrial que impulsa la <strong>transformaci\u00f3n digital<\/strong> a trav\u00e9s de la colaboraci\u00f3n, ha completado con \u00e9xito una prueba alfa de un nuevo<strong> \u00edndice de Inclusi\u00f3n y Diversidad (IDS). <\/strong>Se cree que es el primero en el mundo en medir tanto la <strong>diversidad<\/strong> como la <strong>inclusi\u00f3n cultural<\/strong>, proporcionando un punto de referencia para ejecutar cambios reales.<\/p>\n<p>La exitosa prueba de<strong> IDS <\/strong>es un paso significativo hacia la visi\u00f3n de <strong>TM Forum<\/strong> de hacer de la industria de las<strong> telecomunicaciones<\/strong> un l\u00edder mundial en <strong>diversidad, igualdad e inclusi\u00f3n<\/strong>.<\/p>\n<p>Tras un exitoso piloto con 5 compa\u00f1\u00edas y en el que<strong> Keri Gilder<\/strong> ha estado muy implicada, el<strong> IDS <\/strong>pasar\u00e1 ahora a una fase beta con un conjunto m\u00e1s amplio de organizaciones, antes de su lanzamiento total previsto para 2022.<\/p>\n<p><em>&#8220;Como industria, hemos avanzado muy poco en impulsar un cambio real cuando se trata de inclusi\u00f3n y diversidad. Todos sabemos que necesitamos soporte ejecutivo y datos para impulsar decisiones que faciliten el cambio en nuestro negocio. Aunque esto es s\u00f3lo el comienzo de nuestro viaje, realmente creo que al tener esta m\u00e9trica, ahora podemos poner en marcha un cambio real\u201d<\/em>, afirma<strong> Keri Gilder,<\/strong> CEO de Colt y presidenta del Foro de Inclusi\u00f3n y Diversidad del consejo de TM.<\/p>\n<p>La inclusi\u00f3n de la <strong>diversidad <\/strong>es ahora un imperativo para muchas empresas, y las juntas reconocen los beneficios empresariales de atraer a una fuerza laboral diversa e inclusiva. Datos recientes de McKinsey revelan que las organizaciones con mayor diversidad logran un 83% m\u00e1s de participaci\u00f3n de los empleados, experimentan un 20% m\u00e1s de innovaci\u00f3n, obtienen un 35% m\u00e1s de rendimiento financiero y generan un 38% m\u00e1s de ingresos en promedio.<\/p>\n<p><em>\u00a0<\/em><strong>TM Forum <\/strong>ahora est\u00e1 buscando <strong>directores ejecutivos<\/strong> con visi\u00f3n de futuro que est\u00e9n apasionados por la importancia de la diversidad, la igualdad y la inclusi\u00f3n y que quieran participar en el programa.<\/p>\n<p><strong>Para m\u00e1s informaci\u00f3n y para inscribirse, visita <\/strong><a href=\"https:\/\/www.tmforum.org\/diversity-and-inclusion\/\"><strong>www.tmforum.org\/diversity-and-inclusion\/<\/strong><\/a><\/p>\n","protected":false},"excerpt":{"rendered":"<p>TM Forum, la asociaci\u00f3n industrial que impulsa la transformaci\u00f3n digital a trav\u00e9s de la colaboraci\u00f3n, ha completado con \u00e9xito una prueba alfa de un nuevo \u00edndice de Inclusi\u00f3n y Diversidad (IDS). Se cree que es el primero en el mundo en medir tanto la diversidad como la inclusi\u00f3n cultural, proporcionando un punto de referencia para&#8230;<\/p>\n","protected":false},"author":2,"featured_media":0,"comment_status":"closed","ping_status":"closed","sticky":false,"template":"","format":"standard","meta":{"_acf_changed":false,"footnotes":""},"colt_type":[1174],"colt_ind":[1214,1804,1219,1224,1806,1229,1234,1239,1805,1244,1249,1254,1259],"colt_products":[],"colt_solutions":[],"class_list":["post-103810","post","type-post","status-publish","format-standard","hentry","colt_type-blog-es","colt_ind-business-es","colt_ind-construction-es","colt_ind-education-es","colt_ind-finance-es","colt_ind-gaming-es","colt_ind-government-es","colt_ind-healthcare-es","colt_ind-leisure-es","colt_ind-manufacturing-es","colt_ind-media-es","colt_ind-retail-es","colt_ind-technology-es","colt_ind-telecoms-es"],"acf":[],"yoast_head":"<!-- This site is optimized with the Yoast SEO plugin v26.8 - https:\/\/yoast.com\/product\/yoast-seo-wordpress\/ -->\n<title>Keri Gilder se compromete con el TM Forum para impulsar el talento y la diversidad en las telecomunicaciones - Colt Technology Services<\/title>\n<meta name=\"description\" content=\"Keri Gilder se compromete con el TM Forum para impulsar el talento y la diversidad en las telecomunicaciones Colt Technology Services\" \/>\n<meta name=\"robots\" content=\"noindex, follow, max-snippet:-1, max-image-preview:large, max-video-preview:-1\" \/>\n<meta property=\"og:locale\" content=\"es_ES\" \/>\n<meta property=\"og:type\" content=\"article\" \/>\n<meta property=\"og:title\" content=\"Keri Gilder se compromete con el TM Forum para impulsar el talento y la diversidad en las telecomunicaciones - Colt Technology Services\" \/>\n<meta property=\"og:description\" content=\"Keri Gilder se compromete con el TM Forum para impulsar el talento y la diversidad en las telecomunicaciones Colt Technology Services\" \/>\n<meta property=\"og:url\" content=\"https:\/\/legacy.colt.net\/es\/resources\/keri-gilder-se-compromete-con-el-tm-forum-para-impulsar-el-talento-y-la-diversidad-en-las-telecomunicaciones\/\" \/>\n<meta property=\"og:site_name\" content=\"Colt Technology Services\" \/>\n<meta property=\"article:publisher\" content=\"https:\/\/www.facebook.com\/ColtTechnologyServices\/\" \/>\n<meta property=\"article:published_time\" content=\"2021-10-25T10:19:29+00:00\" \/>\n<meta property=\"article:modified_time\" content=\"2021-10-25T10:23:29+00:00\" \/>\n<meta property=\"og:image\" content=\"https:\/\/legacy.colt.net\/wp-content\/uploads\/2021\/01\/Brand-2021-Stock-37.jpg\" \/>\n\t<meta property=\"og:image:width\" content=\"1000\" \/>\n\t<meta property=\"og:image:height\" content=\"644\" \/>\n\t<meta property=\"og:image:type\" content=\"image\/jpeg\" \/>\n<meta name=\"author\" content=\"Colt Technology Services\" \/>\n<meta name=\"twitter:card\" content=\"summary_large_image\" \/>\n<meta name=\"twitter:creator\" content=\"@colt_technology\" \/>\n<meta name=\"twitter:site\" content=\"@colt_technology\" \/>\n<meta name=\"twitter:label1\" content=\"Written by\" \/>\n\t<meta name=\"twitter:data1\" content=\"Colt Technology Services\" \/>\n\t<meta name=\"twitter:label2\" content=\"Est. reading time\" \/>\n\t<meta name=\"twitter:data2\" content=\"2 minutes\" \/>\n<script type=\"application\/ld+json\" class=\"yoast-schema-graph\">{\"@context\":\"https:\/\/schema.org\",\"@graph\":[{\"@type\":\"Article\",\"@id\":\"https:\/\/legacy.colt.net\/es\/resources\/keri-gilder-se-compromete-con-el-tm-forum-para-impulsar-el-talento-y-la-diversidad-en-las-telecomunicaciones\/#article\",\"isPartOf\":{\"@id\":\"https:\/\/legacy.colt.net\/es\/resources\/keri-gilder-se-compromete-con-el-tm-forum-para-impulsar-el-talento-y-la-diversidad-en-las-telecomunicaciones\/\"},\"author\":{\"name\":\"Colt Technology Services\",\"@id\":\"https:\/\/legacy.colt.net\/#\/schema\/person\/09439f92d8793dbc4008ae5e9c2dfcea\"},\"headline\":\"Keri Gilder se compromete con el TM Forum para impulsar el talento y la diversidad en las telecomunicaciones\",\"datePublished\":\"2021-10-25T10:19:29+00:00\",\"dateModified\":\"2021-10-25T10:23:29+00:00\",\"mainEntityOfPage\":{\"@id\":\"https:\/\/legacy.colt.net\/es\/resources\/keri-gilder-se-compromete-con-el-tm-forum-para-impulsar-el-talento-y-la-diversidad-en-las-telecomunicaciones\/\"},\"wordCount\":359,\"publisher\":{\"@id\":\"https:\/\/legacy.colt.net\/#organization\"},\"inLanguage\":\"es-ES\"},{\"@type\":\"WebPage\",\"@id\":\"https:\/\/legacy.colt.net\/es\/resources\/keri-gilder-se-compromete-con-el-tm-forum-para-impulsar-el-talento-y-la-diversidad-en-las-telecomunicaciones\/\",\"url\":\"https:\/\/legacy.colt.net\/es\/resources\/keri-gilder-se-compromete-con-el-tm-forum-para-impulsar-el-talento-y-la-diversidad-en-las-telecomunicaciones\/\",\"name\":\"Keri Gilder se compromete con el TM Forum para impulsar el talento y la diversidad en las telecomunicaciones - Colt Technology Services\",\"isPartOf\":{\"@id\":\"https:\/\/legacy.colt.net\/#website\"},\"datePublished\":\"2021-10-25T10:19:29+00:00\",\"dateModified\":\"2021-10-25T10:23:29+00:00\",\"description\":\"Keri Gilder se compromete con el TM Forum para impulsar el talento y la diversidad en las telecomunicaciones Colt Technology Services\",\"breadcrumb\":{\"@id\":\"https:\/\/legacy.colt.net\/es\/resources\/keri-gilder-se-compromete-con-el-tm-forum-para-impulsar-el-talento-y-la-diversidad-en-las-telecomunicaciones\/#breadcrumb\"},\"inLanguage\":\"es-ES\",\"potentialAction\":[{\"@type\":\"ReadAction\",\"target\":[\"https:\/\/legacy.colt.net\/es\/resources\/keri-gilder-se-compromete-con-el-tm-forum-para-impulsar-el-talento-y-la-diversidad-en-las-telecomunicaciones\/\"]}]},{\"@type\":\"BreadcrumbList\",\"@id\":\"https:\/\/legacy.colt.net\/es\/resources\/keri-gilder-se-compromete-con-el-tm-forum-para-impulsar-el-talento-y-la-diversidad-en-las-telecomunicaciones\/#breadcrumb\",\"itemListElement\":[{\"@type\":\"ListItem\",\"position\":1,\"name\":\"Home\",\"item\":\"https:\/\/legacy.colt.net\/es\/\"},{\"@type\":\"ListItem\",\"position\":2,\"name\":\"Blogs\",\"item\":\"https:\/\/legacy.colt.net\/es\/resources\/type\/blog-es\/\"},{\"@type\":\"ListItem\",\"position\":3,\"name\":\"Keri Gilder se compromete con el TM Forum para impulsar el talento y la diversidad en las telecomunicaciones\"}]},{\"@type\":\"WebSite\",\"@id\":\"https:\/\/legacy.colt.net\/#website\",\"url\":\"https:\/\/legacy.colt.net\/\",\"name\":\"Colt\u30c6\u30af\u30ce\u30ed\u30b8\u30fc\u30b5\u30fc\u30d3\u30b9\u682a\u5f0f\u4f1a\u793e\",\"description\":\"Managed Network &amp; Voice Services Provider\",\"publisher\":{\"@id\":\"https:\/\/legacy.colt.net\/#organization\"},\"potentialAction\":[{\"@type\":\"SearchAction\",\"target\":{\"@type\":\"EntryPoint\",\"urlTemplate\":\"https:\/\/legacy.colt.net\/?s={search_term_string}\"},\"query-input\":{\"@type\":\"PropertyValueSpecification\",\"valueRequired\":true,\"valueName\":\"search_term_string\"}}],\"inLanguage\":\"es-ES\"},{\"@type\":\"Organization\",\"@id\":\"https:\/\/legacy.colt.net\/#organization\",\"name\":\"Colt Technology Services\",\"url\":\"https:\/\/legacy.colt.net\/\",\"logo\":{\"@type\":\"ImageObject\",\"inLanguage\":\"es-ES\",\"@id\":\"https:\/\/legacy.colt.net\/#\/schema\/logo\/image\/\",\"url\":\"https:\/\/legacy.colt.net\/wp-content\/uploads\/2019\/02\/Colt-Logo.png\",\"contentUrl\":\"https:\/\/legacy.colt.net\/wp-content\/uploads\/2019\/02\/Colt-Logo.png\",\"width\":195,\"height\":77,\"caption\":\"Colt Technology Services\"},\"image\":{\"@id\":\"https:\/\/legacy.colt.net\/#\/schema\/logo\/image\/\"},\"sameAs\":[\"https:\/\/www.facebook.com\/ColtTechnologyServices\/\",\"https:\/\/x.com\/colt_technology\",\"https:\/\/www.instagram.com\/colttechnologyservices\/\",\"https:\/\/www.linkedin.com\/company\/colt-technology-services\",\"https:\/\/www.youtube.com\/user\/ColtTechnology\"]},{\"@type\":\"Person\",\"@id\":\"https:\/\/legacy.colt.net\/#\/schema\/person\/09439f92d8793dbc4008ae5e9c2dfcea\",\"name\":\"Colt Technology Services\",\"image\":{\"@type\":\"ImageObject\",\"inLanguage\":\"es-ES\",\"@id\":\"https:\/\/legacy.colt.net\/#\/schema\/person\/image\/\",\"url\":\"https:\/\/secure.gravatar.com\/avatar\/6b9a881ba14db66fdade203b02c05780e2538ba69b96f23bf61453fb9bbaabba?s=96&d=mm&r=g\",\"contentUrl\":\"https:\/\/secure.gravatar.com\/avatar\/6b9a881ba14db66fdade203b02c05780e2538ba69b96f23bf61453fb9bbaabba?s=96&d=mm&r=g\",\"caption\":\"Colt Technology Services\"},\"description\":\"As an industry-leading global digital infrastructure company, Colt helps businesses succeed by creating extraordinary connections. Powered by amazing people, like-minded partners and innovative technology, Colt is driven by its purpose: to put the power of the digital universe in the hands of its customers \u2013 whenever, wherever and however they want.\",\"url\":\"https:\/\/legacy.colt.net\/es\/resources\/author\/colt\/\"}]}<\/script>\n<!-- \/ Yoast SEO plugin. -->","yoast_head_json":{"title":"Keri Gilder se compromete con el TM Forum para impulsar el talento y la diversidad en las telecomunicaciones - Colt Technology Services","description":"Keri Gilder se compromete con el TM Forum para impulsar el talento y la diversidad en las telecomunicaciones Colt Technology Services","robots":{"index":"noindex","follow":"follow","max-snippet":"max-snippet:-1","max-image-preview":"max-image-preview:large","max-video-preview":"max-video-preview:-1"},"og_locale":"es_ES","og_type":"article","og_title":"Keri Gilder se compromete con el TM Forum para impulsar el talento y la diversidad en las telecomunicaciones - Colt Technology Services","og_description":"Keri Gilder se compromete con el TM Forum para impulsar el talento y la diversidad en las telecomunicaciones Colt Technology Services","og_url":"https:\/\/legacy.colt.net\/es\/resources\/keri-gilder-se-compromete-con-el-tm-forum-para-impulsar-el-talento-y-la-diversidad-en-las-telecomunicaciones\/","og_site_name":"Colt Technology Services","article_publisher":"https:\/\/www.facebook.com\/ColtTechnologyServices\/","article_published_time":"2021-10-25T10:19:29+00:00","article_modified_time":"2021-10-25T10:23:29+00:00","og_image":[{"width":1000,"height":644,"url":"https:\/\/legacy.colt.net\/wp-content\/uploads\/2021\/01\/Brand-2021-Stock-37.jpg","type":"image\/jpeg"}],"author":"Colt Technology Services","twitter_card":"summary_large_image","twitter_creator":"@colt_technology","twitter_site":"@colt_technology","twitter_misc":{"Written by":"Colt Technology Services","Est. reading time":"2 minutes"},"schema":{"@context":"https:\/\/schema.org","@graph":[{"@type":"Article","@id":"https:\/\/legacy.colt.net\/es\/resources\/keri-gilder-se-compromete-con-el-tm-forum-para-impulsar-el-talento-y-la-diversidad-en-las-telecomunicaciones\/#article","isPartOf":{"@id":"https:\/\/legacy.colt.net\/es\/resources\/keri-gilder-se-compromete-con-el-tm-forum-para-impulsar-el-talento-y-la-diversidad-en-las-telecomunicaciones\/"},"author":{"name":"Colt Technology Services","@id":"https:\/\/legacy.colt.net\/#\/schema\/person\/09439f92d8793dbc4008ae5e9c2dfcea"},"headline":"Keri Gilder se compromete con el TM Forum para impulsar el talento y la diversidad en las telecomunicaciones","datePublished":"2021-10-25T10:19:29+00:00","dateModified":"2021-10-25T10:23:29+00:00","mainEntityOfPage":{"@id":"https:\/\/legacy.colt.net\/es\/resources\/keri-gilder-se-compromete-con-el-tm-forum-para-impulsar-el-talento-y-la-diversidad-en-las-telecomunicaciones\/"},"wordCount":359,"publisher":{"@id":"https:\/\/legacy.colt.net\/#organization"},"inLanguage":"es-ES"},{"@type":"WebPage","@id":"https:\/\/legacy.colt.net\/es\/resources\/keri-gilder-se-compromete-con-el-tm-forum-para-impulsar-el-talento-y-la-diversidad-en-las-telecomunicaciones\/","url":"https:\/\/legacy.colt.net\/es\/resources\/keri-gilder-se-compromete-con-el-tm-forum-para-impulsar-el-talento-y-la-diversidad-en-las-telecomunicaciones\/","name":"Keri Gilder se compromete con el TM Forum para impulsar el talento y la diversidad en las telecomunicaciones - Colt Technology Services","isPartOf":{"@id":"https:\/\/legacy.colt.net\/#website"},"datePublished":"2021-10-25T10:19:29+00:00","dateModified":"2021-10-25T10:23:29+00:00","description":"Keri Gilder se compromete con el TM Forum para impulsar el talento y la diversidad en las telecomunicaciones Colt Technology Services","breadcrumb":{"@id":"https:\/\/legacy.colt.net\/es\/resources\/keri-gilder-se-compromete-con-el-tm-forum-para-impulsar-el-talento-y-la-diversidad-en-las-telecomunicaciones\/#breadcrumb"},"inLanguage":"es-ES","potentialAction":[{"@type":"ReadAction","target":["https:\/\/legacy.colt.net\/es\/resources\/keri-gilder-se-compromete-con-el-tm-forum-para-impulsar-el-talento-y-la-diversidad-en-las-telecomunicaciones\/"]}]},{"@type":"BreadcrumbList","@id":"https:\/\/legacy.colt.net\/es\/resources\/keri-gilder-se-compromete-con-el-tm-forum-para-impulsar-el-talento-y-la-diversidad-en-las-telecomunicaciones\/#breadcrumb","itemListElement":[{"@type":"ListItem","position":1,"name":"Home","item":"https:\/\/legacy.colt.net\/es\/"},{"@type":"ListItem","position":2,"name":"Blogs","item":"https:\/\/legacy.colt.net\/es\/resources\/type\/blog-es\/"},{"@type":"ListItem","position":3,"name":"Keri Gilder se compromete con el TM Forum para impulsar el talento y la diversidad en las telecomunicaciones"}]},{"@type":"WebSite","@id":"https:\/\/legacy.colt.net\/#website","url":"https:\/\/legacy.colt.net\/","name":"Colt\u30c6\u30af\u30ce\u30ed\u30b8\u30fc\u30b5\u30fc\u30d3\u30b9\u682a\u5f0f\u4f1a\u793e","description":"Managed Network &amp; Voice Services Provider","publisher":{"@id":"https:\/\/legacy.colt.net\/#organization"},"potentialAction":[{"@type":"SearchAction","target":{"@type":"EntryPoint","urlTemplate":"https:\/\/legacy.colt.net\/?s={search_term_string}"},"query-input":{"@type":"PropertyValueSpecification","valueRequired":true,"valueName":"search_term_string"}}],"inLanguage":"es-ES"},{"@type":"Organization","@id":"https:\/\/legacy.colt.net\/#organization","name":"Colt Technology Services","url":"https:\/\/legacy.colt.net\/","logo":{"@type":"ImageObject","inLanguage":"es-ES","@id":"https:\/\/legacy.colt.net\/#\/schema\/logo\/image\/","url":"https:\/\/legacy.colt.net\/wp-content\/uploads\/2019\/02\/Colt-Logo.png","contentUrl":"https:\/\/legacy.colt.net\/wp-content\/uploads\/2019\/02\/Colt-Logo.png","width":195,"height":77,"caption":"Colt Technology Services"},"image":{"@id":"https:\/\/legacy.colt.net\/#\/schema\/logo\/image\/"},"sameAs":["https:\/\/www.facebook.com\/ColtTechnologyServices\/","https:\/\/x.com\/colt_technology","https:\/\/www.instagram.com\/colttechnologyservices\/","https:\/\/www.linkedin.com\/company\/colt-technology-services","https:\/\/www.youtube.com\/user\/ColtTechnology"]},{"@type":"Person","@id":"https:\/\/legacy.colt.net\/#\/schema\/person\/09439f92d8793dbc4008ae5e9c2dfcea","name":"Colt Technology Services","image":{"@type":"ImageObject","inLanguage":"es-ES","@id":"https:\/\/legacy.colt.net\/#\/schema\/person\/image\/","url":"https:\/\/secure.gravatar.com\/avatar\/6b9a881ba14db66fdade203b02c05780e2538ba69b96f23bf61453fb9bbaabba?s=96&d=mm&r=g","contentUrl":"https:\/\/secure.gravatar.com\/avatar\/6b9a881ba14db66fdade203b02c05780e2538ba69b96f23bf61453fb9bbaabba?s=96&d=mm&r=g","caption":"Colt Technology Services"},"description":"As an industry-leading global digital infrastructure company, Colt helps businesses succeed by creating extraordinary connections. Powered by amazing people, like-minded partners and innovative technology, Colt is driven by its purpose: to put the power of the digital universe in the hands of its customers \u2013 whenever, wherever and however they want.","url":"https:\/\/legacy.colt.net\/es\/resources\/author\/colt\/"}]}},"_links":{"self":[{"href":"https:\/\/legacy.colt.net\/es\/wp-json\/wp\/v2\/posts\/103810","targetHints":{"allow":["GET"]}}],"collection":[{"href":"https:\/\/legacy.colt.net\/es\/wp-json\/wp\/v2\/posts"}],"about":[{"href":"https:\/\/legacy.colt.net\/es\/wp-json\/wp\/v2\/types\/post"}],"author":[{"embeddable":true,"href":"https:\/\/legacy.colt.net\/es\/wp-json\/wp\/v2\/users\/2"}],"replies":[{"embeddable":true,"href":"https:\/\/legacy.colt.net\/es\/wp-json\/wp\/v2\/comments?post=103810"}],"version-history":[{"count":0,"href":"https:\/\/legacy.colt.net\/es\/wp-json\/wp\/v2\/posts\/103810\/revisions"}],"wp:attachment":[{"href":"https:\/\/legacy.colt.net\/es\/wp-json\/wp\/v2\/media?parent=103810"}],"wp:term":[{"taxonomy":"colt_type","embeddable":true,"href":"https:\/\/legacy.colt.net\/es\/wp-json\/wp\/v2\/colt_type?post=103810"},{"taxonomy":"colt_ind","embeddable":true,"href":"https:\/\/legacy.colt.net\/es\/wp-json\/wp\/v2\/colt_ind?post=103810"},{"taxonomy":"colt_products","embeddable":true,"href":"https:\/\/legacy.colt.net\/es\/wp-json\/wp\/v2\/colt_products?post=103810"},{"taxonomy":"colt_solutions","embeddable":true,"href":"https:\/\/legacy.colt.net\/es\/wp-json\/wp\/v2\/colt_solutions?post=103810"}],"curies":[{"name":"wp","href":"https:\/\/api.w.org\/{rel}","templated":true}]}}