{"id":103293,"date":"2021-10-11T10:44:56","date_gmt":"2021-10-11T09:44:56","guid":{"rendered":"https:\/\/www.colt.net\/?p=103293"},"modified":"2021-10-11T10:56:00","modified_gmt":"2021-10-11T09:56:00","slug":"colt-participara-en-la-23a-edicion-de-la-noche-de-las-telecomunicaciones-valencianas-ntv2021","status":"publish","type":"post","link":"https:\/\/legacy.colt.net\/es\/resources\/colt-participara-en-la-23a-edicion-de-la-noche-de-las-telecomunicaciones-valencianas-ntv2021\/","title":{"rendered":"Colt participar\u00e1 en la 23\u00aa edici\u00f3n de la Noche de las Telecomunicaciones Valencianas #NTV2021"},"content":{"rendered":"<p><span style=\"font-weight: 400\">Colt participar\u00e1 el pr\u00f3ximo 15 de octubre en <\/span><a href=\"https:\/\/www.nochetelecovlc.org\/2021\/\"><b>la 23\u00aa edici\u00f3n de la Noche de las Telecomunicaciones Valencianas<\/b><span style=\"font-weight: 400\">.<\/span><\/a><span style=\"font-weight: 400\"> La NTV es un escenario donde los profesionales de las <\/span><b>telecomunicaciones<\/b><span style=\"font-weight: 400\"> y las empresas m\u00e1s relevantes del sector se re\u00fanen para compartir su punto de vista sobre las <\/span><b>tecnolog\u00edas digitales<\/b><span style=\"font-weight: 400\">, su evoluci\u00f3n y expansi\u00f3n.\u00a0<\/span><\/p>\n<p><span style=\"font-weight: 400\">El objetivo de la NTV es hacer part\u00edcipe a la sociedad de la importancia de las <\/span><b>telecomunicaciones<\/b><span style=\"font-weight: 400\">, as\u00ed como ayudar al tejido empresarial de la Comunidad Valenciana a expandirse, crecer y avanzar.<\/span><\/p>\n<p><span style=\"font-weight: 400\">Este a\u00f1o, el tema principal ser\u00e1 la <\/span><b>sostenibilidad<\/b><span style=\"font-weight: 400\"> y las claves que deben ser tenidas en cuenta para conseguir los<\/span><b> 17 Objetivos de Desarrollo Sostenible en 2030<\/b><span style=\"font-weight: 400\">.<\/span><\/p>\n<p><b>Joan Monrab\u00e1<\/b><span style=\"font-weight: 400\">, director general de Colt Espa\u00f1a, en una video-entrevista que se publicar\u00e1 en el canal NTV, compartir\u00e1 su amplio expertise en la industria, realizando un diagn\u00f3stico de la situaci\u00f3n actual del sector de las telecomunicaciones, los retos y los proyectos futuros. Tambi\u00e9n hablar\u00e1 sobre la aportaci\u00f3n de Colt para ayudar a cumplir los <\/span><b>objetivos de desarrollo sostenible<\/b><span style=\"font-weight: 400\">.\u00a0<\/span><\/p>\n<p><span style=\"font-weight: 400\">La participaci\u00f3n de Colt en esta edici\u00f3n es un ejemplo m\u00e1s de nuestro <\/span><strong><a href=\"https:\/\/legacy.colt.net\/why-colt\/sustainability-matters\/\">compromiso con la sostenibilidad<\/a>. <\/strong><i><span style=\"font-weight: 400\">Q<\/span><\/i><span style=\"font-weight: 400\">ueremos convertirnos en l\u00edderes del mercado en sostenibilidad, no s\u00f3lo reduciendo nuestras propias emisiones, sino tambi\u00e9n ayudando a nuestros\u00a0 clientes a ser m\u00e1s sostenibles.<\/span><\/p>\n","protected":false},"excerpt":{"rendered":"<p>Colt participar\u00e1 el pr\u00f3ximo 15 de octubre en la 23\u00aa edici\u00f3n de la Noche de las Telecomunicaciones Valencianas. La NTV es un escenario donde los profesionales de las telecomunicaciones y las empresas m\u00e1s relevantes del sector se re\u00fanen para compartir su punto de vista sobre las tecnolog\u00edas digitales, su evoluci\u00f3n y expansi\u00f3n.\u00a0 El objetivo de&#8230;<\/p>\n","protected":false},"author":2,"featured_media":103294,"comment_status":"closed","ping_status":"closed","sticky":false,"template":"","format":"standard","meta":{"_acf_changed":false,"footnotes":""},"colt_type":[1174],"colt_ind":[1214,1804,1219,1224,1806,1229,1234,1239,1805,1244,1249,1254,1259],"colt_products":[1264],"colt_solutions":[1778],"class_list":["post-103293","post","type-post","status-publish","format-standard","has-post-thumbnail","hentry","colt_type-blog-es","colt_ind-business-es","colt_ind-construction-es","colt_ind-education-es","colt_ind-finance-es","colt_ind-gaming-es","colt_ind-government-es","colt_ind-healthcare-es","colt_ind-leisure-es","colt_ind-manufacturing-es","colt_ind-media-es","colt_ind-retail-es","colt_ind-technology-es","colt_ind-telecoms-es","colt_products-business-connect-es","colt_solutions-modernise-cloud-environments"],"acf":[],"yoast_head":"<!-- This site is optimized with the Yoast SEO plugin v26.8 - https:\/\/yoast.com\/product\/yoast-seo-wordpress\/ -->\n<title>Colt participar\u00e1 en la 23\u00aa edici\u00f3n de la Noche de las Telecomunicaciones Valencianas #NTV2021 - Colt Technology Services<\/title>\n<meta name=\"description\" content=\"Colt participar\u00e1 en la 23\u00aa edici\u00f3n de la Noche de las Telecomunicaciones Valencianas #NTV2021 Colt Technology Services\" \/>\n<meta name=\"robots\" content=\"noindex, follow, max-snippet:-1, max-image-preview:large, max-video-preview:-1\" \/>\n<meta property=\"og:locale\" content=\"es_ES\" \/>\n<meta property=\"og:type\" content=\"article\" \/>\n<meta property=\"og:title\" content=\"Colt participar\u00e1 en la 23\u00aa edici\u00f3n de la Noche de las Telecomunicaciones Valencianas #NTV2021 - Colt Technology Services\" \/>\n<meta property=\"og:description\" content=\"Colt participar\u00e1 en la 23\u00aa edici\u00f3n de la Noche de las Telecomunicaciones Valencianas #NTV2021 Colt Technology Services\" \/>\n<meta property=\"og:url\" content=\"https:\/\/legacy.colt.net\/es\/resources\/colt-participara-en-la-23a-edicion-de-la-noche-de-las-telecomunicaciones-valencianas-ntv2021\/\" \/>\n<meta property=\"og:site_name\" content=\"Colt Technology Services\" \/>\n<meta property=\"article:publisher\" content=\"https:\/\/www.facebook.com\/ColtTechnologyServices\/\" \/>\n<meta property=\"article:published_time\" content=\"2021-10-11T09:44:56+00:00\" \/>\n<meta property=\"article:modified_time\" content=\"2021-10-11T09:56:00+00:00\" \/>\n<meta property=\"og:image\" content=\"https:\/\/legacy.colt.net\/wp-content\/uploads\/2021\/10\/NTV2021.png\" \/>\n\t<meta property=\"og:image:width\" content=\"1200\" \/>\n\t<meta property=\"og:image:height\" content=\"675\" \/>\n\t<meta property=\"og:image:type\" content=\"image\/png\" \/>\n<meta name=\"author\" content=\"Colt Technology Services\" \/>\n<meta name=\"twitter:card\" content=\"summary_large_image\" \/>\n<meta name=\"twitter:image\" content=\"https:\/\/legacy.colt.net\/wp-content\/uploads\/2021\/10\/NTV2021.png\" \/>\n<meta name=\"twitter:creator\" content=\"@colt_technology\" \/>\n<meta name=\"twitter:site\" content=\"@colt_technology\" \/>\n<meta name=\"twitter:label1\" content=\"Written by\" \/>\n\t<meta name=\"twitter:data1\" content=\"Colt Technology Services\" \/>\n\t<meta name=\"twitter:label2\" content=\"Est. reading time\" \/>\n\t<meta name=\"twitter:data2\" content=\"1 minute\" \/>\n<script type=\"application\/ld+json\" class=\"yoast-schema-graph\">{\"@context\":\"https:\/\/schema.org\",\"@graph\":[{\"@type\":\"Article\",\"@id\":\"https:\/\/legacy.colt.net\/es\/resources\/colt-participara-en-la-23a-edicion-de-la-noche-de-las-telecomunicaciones-valencianas-ntv2021\/#article\",\"isPartOf\":{\"@id\":\"https:\/\/legacy.colt.net\/es\/resources\/colt-participara-en-la-23a-edicion-de-la-noche-de-las-telecomunicaciones-valencianas-ntv2021\/\"},\"author\":{\"name\":\"Colt Technology Services\",\"@id\":\"https:\/\/legacy.colt.net\/#\/schema\/person\/09439f92d8793dbc4008ae5e9c2dfcea\"},\"headline\":\"Colt participar\u00e1 en la 23\u00aa edici\u00f3n de la Noche de las Telecomunicaciones Valencianas #NTV2021\",\"datePublished\":\"2021-10-11T09:44:56+00:00\",\"dateModified\":\"2021-10-11T09:56:00+00:00\",\"mainEntityOfPage\":{\"@id\":\"https:\/\/legacy.colt.net\/es\/resources\/colt-participara-en-la-23a-edicion-de-la-noche-de-las-telecomunicaciones-valencianas-ntv2021\/\"},\"wordCount\":242,\"publisher\":{\"@id\":\"https:\/\/legacy.colt.net\/#organization\"},\"image\":{\"@id\":\"https:\/\/legacy.colt.net\/es\/resources\/colt-participara-en-la-23a-edicion-de-la-noche-de-las-telecomunicaciones-valencianas-ntv2021\/#primaryimage\"},\"thumbnailUrl\":\"https:\/\/legacy.colt.net\/wp-content\/uploads\/2021\/10\/NTV2021.png\",\"inLanguage\":\"es-ES\"},{\"@type\":\"WebPage\",\"@id\":\"https:\/\/legacy.colt.net\/es\/resources\/colt-participara-en-la-23a-edicion-de-la-noche-de-las-telecomunicaciones-valencianas-ntv2021\/\",\"url\":\"https:\/\/legacy.colt.net\/es\/resources\/colt-participara-en-la-23a-edicion-de-la-noche-de-las-telecomunicaciones-valencianas-ntv2021\/\",\"name\":\"Colt participar\u00e1 en la 23\u00aa edici\u00f3n de la Noche de las Telecomunicaciones Valencianas #NTV2021 - Colt Technology Services\",\"isPartOf\":{\"@id\":\"https:\/\/legacy.colt.net\/#website\"},\"primaryImageOfPage\":{\"@id\":\"https:\/\/legacy.colt.net\/es\/resources\/colt-participara-en-la-23a-edicion-de-la-noche-de-las-telecomunicaciones-valencianas-ntv2021\/#primaryimage\"},\"image\":{\"@id\":\"https:\/\/legacy.colt.net\/es\/resources\/colt-participara-en-la-23a-edicion-de-la-noche-de-las-telecomunicaciones-valencianas-ntv2021\/#primaryimage\"},\"thumbnailUrl\":\"https:\/\/legacy.colt.net\/wp-content\/uploads\/2021\/10\/NTV2021.png\",\"datePublished\":\"2021-10-11T09:44:56+00:00\",\"dateModified\":\"2021-10-11T09:56:00+00:00\",\"description\":\"Colt participar\u00e1 en la 23\u00aa edici\u00f3n de la Noche de las Telecomunicaciones Valencianas #NTV2021 Colt Technology Services\",\"breadcrumb\":{\"@id\":\"https:\/\/legacy.colt.net\/es\/resources\/colt-participara-en-la-23a-edicion-de-la-noche-de-las-telecomunicaciones-valencianas-ntv2021\/#breadcrumb\"},\"inLanguage\":\"es-ES\",\"potentialAction\":[{\"@type\":\"ReadAction\",\"target\":[\"https:\/\/legacy.colt.net\/es\/resources\/colt-participara-en-la-23a-edicion-de-la-noche-de-las-telecomunicaciones-valencianas-ntv2021\/\"]}]},{\"@type\":\"ImageObject\",\"inLanguage\":\"es-ES\",\"@id\":\"https:\/\/legacy.colt.net\/es\/resources\/colt-participara-en-la-23a-edicion-de-la-noche-de-las-telecomunicaciones-valencianas-ntv2021\/#primaryimage\",\"url\":\"https:\/\/legacy.colt.net\/wp-content\/uploads\/2021\/10\/NTV2021.png\",\"contentUrl\":\"https:\/\/legacy.colt.net\/wp-content\/uploads\/2021\/10\/NTV2021.png\",\"width\":1200,\"height\":675},{\"@type\":\"BreadcrumbList\",\"@id\":\"https:\/\/legacy.colt.net\/es\/resources\/colt-participara-en-la-23a-edicion-de-la-noche-de-las-telecomunicaciones-valencianas-ntv2021\/#breadcrumb\",\"itemListElement\":[{\"@type\":\"ListItem\",\"position\":1,\"name\":\"Home\",\"item\":\"https:\/\/legacy.colt.net\/es\/\"},{\"@type\":\"ListItem\",\"position\":2,\"name\":\"Blogs\",\"item\":\"https:\/\/legacy.colt.net\/es\/resources\/type\/blog-es\/\"},{\"@type\":\"ListItem\",\"position\":3,\"name\":\"Colt participar\u00e1 en la 23\u00aa edici\u00f3n de la Noche de las Telecomunicaciones Valencianas #NTV2021\"}]},{\"@type\":\"WebSite\",\"@id\":\"https:\/\/legacy.colt.net\/#website\",\"url\":\"https:\/\/legacy.colt.net\/\",\"name\":\"Colt\u30c6\u30af\u30ce\u30ed\u30b8\u30fc\u30b5\u30fc\u30d3\u30b9\u682a\u5f0f\u4f1a\u793e\",\"description\":\"Managed Network &amp; Voice Services Provider\",\"publisher\":{\"@id\":\"https:\/\/legacy.colt.net\/#organization\"},\"potentialAction\":[{\"@type\":\"SearchAction\",\"target\":{\"@type\":\"EntryPoint\",\"urlTemplate\":\"https:\/\/legacy.colt.net\/?s={search_term_string}\"},\"query-input\":{\"@type\":\"PropertyValueSpecification\",\"valueRequired\":true,\"valueName\":\"search_term_string\"}}],\"inLanguage\":\"es-ES\"},{\"@type\":\"Organization\",\"@id\":\"https:\/\/legacy.colt.net\/#organization\",\"name\":\"Colt Technology Services\",\"url\":\"https:\/\/legacy.colt.net\/\",\"logo\":{\"@type\":\"ImageObject\",\"inLanguage\":\"es-ES\",\"@id\":\"https:\/\/legacy.colt.net\/#\/schema\/logo\/image\/\",\"url\":\"https:\/\/legacy.colt.net\/wp-content\/uploads\/2019\/02\/Colt-Logo.png\",\"contentUrl\":\"https:\/\/legacy.colt.net\/wp-content\/uploads\/2019\/02\/Colt-Logo.png\",\"width\":195,\"height\":77,\"caption\":\"Colt Technology Services\"},\"image\":{\"@id\":\"https:\/\/legacy.colt.net\/#\/schema\/logo\/image\/\"},\"sameAs\":[\"https:\/\/www.facebook.com\/ColtTechnologyServices\/\",\"https:\/\/x.com\/colt_technology\",\"https:\/\/www.instagram.com\/colttechnologyservices\/\",\"https:\/\/www.linkedin.com\/company\/colt-technology-services\",\"https:\/\/www.youtube.com\/user\/ColtTechnology\"]},{\"@type\":\"Person\",\"@id\":\"https:\/\/legacy.colt.net\/#\/schema\/person\/09439f92d8793dbc4008ae5e9c2dfcea\",\"name\":\"Colt Technology Services\",\"image\":{\"@type\":\"ImageObject\",\"inLanguage\":\"es-ES\",\"@id\":\"https:\/\/legacy.colt.net\/#\/schema\/person\/image\/\",\"url\":\"https:\/\/secure.gravatar.com\/avatar\/6b9a881ba14db66fdade203b02c05780e2538ba69b96f23bf61453fb9bbaabba?s=96&d=mm&r=g\",\"contentUrl\":\"https:\/\/secure.gravatar.com\/avatar\/6b9a881ba14db66fdade203b02c05780e2538ba69b96f23bf61453fb9bbaabba?s=96&d=mm&r=g\",\"caption\":\"Colt Technology Services\"},\"description\":\"As an industry-leading global digital infrastructure company, Colt helps businesses succeed by creating extraordinary connections. Powered by amazing people, like-minded partners and innovative technology, Colt is driven by its purpose: to put the power of the digital universe in the hands of its customers \u2013 whenever, wherever and however they want.\",\"url\":\"https:\/\/legacy.colt.net\/es\/resources\/author\/colt\/\"}]}<\/script>\n<!-- \/ Yoast SEO plugin. -->","yoast_head_json":{"title":"Colt participar\u00e1 en la 23\u00aa edici\u00f3n de la Noche de las Telecomunicaciones Valencianas #NTV2021 - Colt Technology Services","description":"Colt participar\u00e1 en la 23\u00aa edici\u00f3n de la Noche de las Telecomunicaciones Valencianas #NTV2021 Colt Technology Services","robots":{"index":"noindex","follow":"follow","max-snippet":"max-snippet:-1","max-image-preview":"max-image-preview:large","max-video-preview":"max-video-preview:-1"},"og_locale":"es_ES","og_type":"article","og_title":"Colt participar\u00e1 en la 23\u00aa edici\u00f3n de la Noche de las Telecomunicaciones Valencianas #NTV2021 - Colt Technology Services","og_description":"Colt participar\u00e1 en la 23\u00aa edici\u00f3n de la Noche de las Telecomunicaciones Valencianas #NTV2021 Colt Technology Services","og_url":"https:\/\/legacy.colt.net\/es\/resources\/colt-participara-en-la-23a-edicion-de-la-noche-de-las-telecomunicaciones-valencianas-ntv2021\/","og_site_name":"Colt Technology Services","article_publisher":"https:\/\/www.facebook.com\/ColtTechnologyServices\/","article_published_time":"2021-10-11T09:44:56+00:00","article_modified_time":"2021-10-11T09:56:00+00:00","og_image":[{"width":1200,"height":675,"url":"https:\/\/legacy.colt.net\/wp-content\/uploads\/2021\/10\/NTV2021.png","type":"image\/png"}],"author":"Colt Technology Services","twitter_card":"summary_large_image","twitter_image":"https:\/\/legacy.colt.net\/wp-content\/uploads\/2021\/10\/NTV2021.png","twitter_creator":"@colt_technology","twitter_site":"@colt_technology","twitter_misc":{"Written by":"Colt Technology Services","Est. reading time":"1 minute"},"schema":{"@context":"https:\/\/schema.org","@graph":[{"@type":"Article","@id":"https:\/\/legacy.colt.net\/es\/resources\/colt-participara-en-la-23a-edicion-de-la-noche-de-las-telecomunicaciones-valencianas-ntv2021\/#article","isPartOf":{"@id":"https:\/\/legacy.colt.net\/es\/resources\/colt-participara-en-la-23a-edicion-de-la-noche-de-las-telecomunicaciones-valencianas-ntv2021\/"},"author":{"name":"Colt Technology Services","@id":"https:\/\/legacy.colt.net\/#\/schema\/person\/09439f92d8793dbc4008ae5e9c2dfcea"},"headline":"Colt participar\u00e1 en la 23\u00aa edici\u00f3n de la Noche de las Telecomunicaciones Valencianas #NTV2021","datePublished":"2021-10-11T09:44:56+00:00","dateModified":"2021-10-11T09:56:00+00:00","mainEntityOfPage":{"@id":"https:\/\/legacy.colt.net\/es\/resources\/colt-participara-en-la-23a-edicion-de-la-noche-de-las-telecomunicaciones-valencianas-ntv2021\/"},"wordCount":242,"publisher":{"@id":"https:\/\/legacy.colt.net\/#organization"},"image":{"@id":"https:\/\/legacy.colt.net\/es\/resources\/colt-participara-en-la-23a-edicion-de-la-noche-de-las-telecomunicaciones-valencianas-ntv2021\/#primaryimage"},"thumbnailUrl":"https:\/\/legacy.colt.net\/wp-content\/uploads\/2021\/10\/NTV2021.png","inLanguage":"es-ES"},{"@type":"WebPage","@id":"https:\/\/legacy.colt.net\/es\/resources\/colt-participara-en-la-23a-edicion-de-la-noche-de-las-telecomunicaciones-valencianas-ntv2021\/","url":"https:\/\/legacy.colt.net\/es\/resources\/colt-participara-en-la-23a-edicion-de-la-noche-de-las-telecomunicaciones-valencianas-ntv2021\/","name":"Colt participar\u00e1 en la 23\u00aa edici\u00f3n de la Noche de las Telecomunicaciones Valencianas #NTV2021 - Colt Technology Services","isPartOf":{"@id":"https:\/\/legacy.colt.net\/#website"},"primaryImageOfPage":{"@id":"https:\/\/legacy.colt.net\/es\/resources\/colt-participara-en-la-23a-edicion-de-la-noche-de-las-telecomunicaciones-valencianas-ntv2021\/#primaryimage"},"image":{"@id":"https:\/\/legacy.colt.net\/es\/resources\/colt-participara-en-la-23a-edicion-de-la-noche-de-las-telecomunicaciones-valencianas-ntv2021\/#primaryimage"},"thumbnailUrl":"https:\/\/legacy.colt.net\/wp-content\/uploads\/2021\/10\/NTV2021.png","datePublished":"2021-10-11T09:44:56+00:00","dateModified":"2021-10-11T09:56:00+00:00","description":"Colt participar\u00e1 en la 23\u00aa edici\u00f3n de la Noche de las Telecomunicaciones Valencianas #NTV2021 Colt Technology Services","breadcrumb":{"@id":"https:\/\/legacy.colt.net\/es\/resources\/colt-participara-en-la-23a-edicion-de-la-noche-de-las-telecomunicaciones-valencianas-ntv2021\/#breadcrumb"},"inLanguage":"es-ES","potentialAction":[{"@type":"ReadAction","target":["https:\/\/legacy.colt.net\/es\/resources\/colt-participara-en-la-23a-edicion-de-la-noche-de-las-telecomunicaciones-valencianas-ntv2021\/"]}]},{"@type":"ImageObject","inLanguage":"es-ES","@id":"https:\/\/legacy.colt.net\/es\/resources\/colt-participara-en-la-23a-edicion-de-la-noche-de-las-telecomunicaciones-valencianas-ntv2021\/#primaryimage","url":"https:\/\/legacy.colt.net\/wp-content\/uploads\/2021\/10\/NTV2021.png","contentUrl":"https:\/\/legacy.colt.net\/wp-content\/uploads\/2021\/10\/NTV2021.png","width":1200,"height":675},{"@type":"BreadcrumbList","@id":"https:\/\/legacy.colt.net\/es\/resources\/colt-participara-en-la-23a-edicion-de-la-noche-de-las-telecomunicaciones-valencianas-ntv2021\/#breadcrumb","itemListElement":[{"@type":"ListItem","position":1,"name":"Home","item":"https:\/\/legacy.colt.net\/es\/"},{"@type":"ListItem","position":2,"name":"Blogs","item":"https:\/\/legacy.colt.net\/es\/resources\/type\/blog-es\/"},{"@type":"ListItem","position":3,"name":"Colt participar\u00e1 en la 23\u00aa edici\u00f3n de la Noche de las Telecomunicaciones Valencianas #NTV2021"}]},{"@type":"WebSite","@id":"https:\/\/legacy.colt.net\/#website","url":"https:\/\/legacy.colt.net\/","name":"Colt\u30c6\u30af\u30ce\u30ed\u30b8\u30fc\u30b5\u30fc\u30d3\u30b9\u682a\u5f0f\u4f1a\u793e","description":"Managed Network &amp; Voice Services Provider","publisher":{"@id":"https:\/\/legacy.colt.net\/#organization"},"potentialAction":[{"@type":"SearchAction","target":{"@type":"EntryPoint","urlTemplate":"https:\/\/legacy.colt.net\/?s={search_term_string}"},"query-input":{"@type":"PropertyValueSpecification","valueRequired":true,"valueName":"search_term_string"}}],"inLanguage":"es-ES"},{"@type":"Organization","@id":"https:\/\/legacy.colt.net\/#organization","name":"Colt Technology Services","url":"https:\/\/legacy.colt.net\/","logo":{"@type":"ImageObject","inLanguage":"es-ES","@id":"https:\/\/legacy.colt.net\/#\/schema\/logo\/image\/","url":"https:\/\/legacy.colt.net\/wp-content\/uploads\/2019\/02\/Colt-Logo.png","contentUrl":"https:\/\/legacy.colt.net\/wp-content\/uploads\/2019\/02\/Colt-Logo.png","width":195,"height":77,"caption":"Colt Technology Services"},"image":{"@id":"https:\/\/legacy.colt.net\/#\/schema\/logo\/image\/"},"sameAs":["https:\/\/www.facebook.com\/ColtTechnologyServices\/","https:\/\/x.com\/colt_technology","https:\/\/www.instagram.com\/colttechnologyservices\/","https:\/\/www.linkedin.com\/company\/colt-technology-services","https:\/\/www.youtube.com\/user\/ColtTechnology"]},{"@type":"Person","@id":"https:\/\/legacy.colt.net\/#\/schema\/person\/09439f92d8793dbc4008ae5e9c2dfcea","name":"Colt Technology Services","image":{"@type":"ImageObject","inLanguage":"es-ES","@id":"https:\/\/legacy.colt.net\/#\/schema\/person\/image\/","url":"https:\/\/secure.gravatar.com\/avatar\/6b9a881ba14db66fdade203b02c05780e2538ba69b96f23bf61453fb9bbaabba?s=96&d=mm&r=g","contentUrl":"https:\/\/secure.gravatar.com\/avatar\/6b9a881ba14db66fdade203b02c05780e2538ba69b96f23bf61453fb9bbaabba?s=96&d=mm&r=g","caption":"Colt Technology Services"},"description":"As an industry-leading global digital infrastructure company, Colt helps businesses succeed by creating extraordinary connections. Powered by amazing people, like-minded partners and innovative technology, Colt is driven by its purpose: to put the power of the digital universe in the hands of its customers \u2013 whenever, wherever and however they want.","url":"https:\/\/legacy.colt.net\/es\/resources\/author\/colt\/"}]}},"_links":{"self":[{"href":"https:\/\/legacy.colt.net\/es\/wp-json\/wp\/v2\/posts\/103293","targetHints":{"allow":["GET"]}}],"collection":[{"href":"https:\/\/legacy.colt.net\/es\/wp-json\/wp\/v2\/posts"}],"about":[{"href":"https:\/\/legacy.colt.net\/es\/wp-json\/wp\/v2\/types\/post"}],"author":[{"embeddable":true,"href":"https:\/\/legacy.colt.net\/es\/wp-json\/wp\/v2\/users\/2"}],"replies":[{"embeddable":true,"href":"https:\/\/legacy.colt.net\/es\/wp-json\/wp\/v2\/comments?post=103293"}],"version-history":[{"count":0,"href":"https:\/\/legacy.colt.net\/es\/wp-json\/wp\/v2\/posts\/103293\/revisions"}],"wp:featuredmedia":[{"embeddable":true,"href":"https:\/\/legacy.colt.net\/es\/wp-json\/wp\/v2\/media\/103294"}],"wp:attachment":[{"href":"https:\/\/legacy.colt.net\/es\/wp-json\/wp\/v2\/media?parent=103293"}],"wp:term":[{"taxonomy":"colt_type","embeddable":true,"href":"https:\/\/legacy.colt.net\/es\/wp-json\/wp\/v2\/colt_type?post=103293"},{"taxonomy":"colt_ind","embeddable":true,"href":"https:\/\/legacy.colt.net\/es\/wp-json\/wp\/v2\/colt_ind?post=103293"},{"taxonomy":"colt_products","embeddable":true,"href":"https:\/\/legacy.colt.net\/es\/wp-json\/wp\/v2\/colt_products?post=103293"},{"taxonomy":"colt_solutions","embeddable":true,"href":"https:\/\/legacy.colt.net\/es\/wp-json\/wp\/v2\/colt_solutions?post=103293"}],"curies":[{"name":"wp","href":"https:\/\/api.w.org\/{rel}","templated":true}]}}