{"id":74096,"date":"2020-05-20T10:56:58","date_gmt":"2020-05-20T09:56:58","guid":{"rendered":"https:\/\/www.colt.net\/?p=74096"},"modified":"2020-05-20T10:56:58","modified_gmt":"2020-05-20T09:56:58","slug":"colt-ernennt-neuen-ceo","status":"publish","type":"post","link":"https:\/\/legacy.colt.net\/de\/resources\/colt-ernennt-neuen-ceo\/","title":{"rendered":"Colt ernennt neuen CEO"},"content":{"rendered":"<p><em>Nach f\u00fcnf Jahren an der Spitze tritt Carl Grivner als CEO von Colt zur\u00fcck. Seine Nachfolgerin wird Keri Gilder, derzeit Chief Commercial Officer.<\/em><\/p>\n<p>Frankfurt, 20.05.2020, Colt Technology Services hat heute die Ernennung von Keri Gilder zum Chief Executive Officer (CEO) des Unternehmens bekannt gegeben. Gilder folgt auf Carl Grivner, der sich nach f\u00fcnf Jahren bei Colt entschieden hat, zur\u00fcckzutreten.<\/p>\n<p>Grivner hat Colt durch eine Phase starken Wachstums und Wandels gef\u00fchrt. W\u00e4hrend seiner Amtszeit hat Colt ma\u00dfgeblich in den Ausbau des Colt IQ Network investiert, um sicherzustellen, dass das Unternehmen die Anforderungen seiner Kunden an Verbindungen mit hoher Bandbreite stets erf\u00fcllen kann.<\/p>\n<p>In den vergangenen Jahren hat Colt sein IQ Network in Europa sowie in der Asien-Pazifik Region kontinuierlich ausgebaut und 2018 in die USA erweitert. Colt hat zudem in Technologien der n\u00e4chsten Generation investiert und Verbindungen zu wichtigen Cloud Service Providern (CSP) bereitgestellt, sodass Unternehmen von hochflexiblen Bandbreitenl\u00f6sungen f\u00fcr ihren On-Demand-Zugang zur Cloud profitieren. Durch die Konzentration auf hohe Bandbreiten und die St\u00e4rkung des Partner-\u00d6kosystems sieht sich Colt in der bestm\u00f6glichen Position, um Kunden bei ihrer digitalen Transformation zu unterst\u00fctzen.<\/p>\n<p>\u00dcber seine Zeit bei Colt sagt Grivner: \u201eEs war schon immer das Ziel von Colt, seiner Zeit voraus zu sein. Aus diesem Grund haben wir in Verbindungen mit hoher Bandbreite, Blockchain und Schnittstellen (APIs) investiert, noch bevor unsere Kunden diese innovativen L\u00f6sungen nachgefragt haben. Es war ein Privileg, ein Unternehmen w\u00e4hrend einer solchen Transformation zu leiten, und eine Ehre, dabei die Unterst\u00fctzung des Vorstands, meines Teams und des gesamten Unternehmens zu haben. So haben wir einige Projekte vorantreiben k\u00f6nnen, die vorher noch nicht umgesetzt wurden. Ich bin stolz darauf, ein Coltie zu sein und kann es kaum erwarten zu sehen, wohin Keri das Unternehmen f\u00fchrt \u2013 mit ihr ist es in besten H\u00e4nden&#8221;.<\/p>\n<p>Zu ihrer Ernennung sagt Gilder: \u201eIch f\u00fchle mich geehrt, die F\u00fchrung von Colt von Carl zu \u00fcbernehmen. Seitdem ich in das Unternehmen eingetreten bin, habe ich mich von der Leidenschaft meiner Kollegen inspirieren lassen: von unserem Bestreben stets das Beste f\u00fcr unsere Kunden zu geben, bis hin zu unserem Einsatz innovativer und neuer Technologien, um die Branche voranzubringen.\u201c<\/p>\n<p>\u201eDiese Leidenschaft kam schon immer von ganz oben. Es ist schwer, jemanden zu finden, der nicht von Carl und seiner Begeisterung f\u00fcr diese Branche und f\u00fcr Colt inspiriert wurde. Colt befindet sich in einer hervorragenden Position, um in dieser Zeit des tiefgreifenden Wandels erfolgreich zu sein \u2013 und zwar durch unseren unersch\u00fctterlichen Fokus auf unsere Kunden und Partner sowie unser Bestreben, ein integratives Umfeld innerhalb von Colt und in der gesamten Branche zu schaffen. Ich kann mir keine bessere Aufgabe vorstellen, als dieses Unternehmen zu leiten.&#8221;<\/p>\n<p>Der Vorsitzende des Verwaltungsrats von Colt, Michael Wilens, f\u00fcgt hinzu: \u201eDie vergangenen f\u00fcnf Jahre waren f\u00fcr Colt von gro\u00dfer Bedeutung, und ein gro\u00dfer Teil davon ist auf Carls F\u00fchrung zur\u00fcckzuf\u00fchren. Wir werden ihn vermissen. Gleichzeitig ist es sehr erfreulich, dass jemand aus der Colt-Familie in seine Fu\u00dfstapfen tritt. In ihren 18 Monaten bei Colt hat Keri neue Ideen in das Unternehmen gebracht. Wir sind davon \u00fcberzeugt, dass die n\u00e4chsten f\u00fcnf Jahre f\u00fcr Colt genauso erfolgreich sein werden wie die vergangenen.\u201c<\/p>\n<p>Gilder, die seit November 2018 f\u00fcr Colt t\u00e4tig ist, \u00fcbernimmt ab heute die Rolle des CEO. Grivner bleibt bis Ende Juni 2020 im Unternehmen.<\/p>\n","protected":false},"excerpt":{"rendered":"<p>Colt Technology Services hat heute die Ernennung von Keri Gilder zum Chief Executive Officer (CEO) des Unternehmens bekannt gegeben. Gilder folgt auf Carl Grivner, der sich nach f\u00fcnf Jahren bei Colt entschieden hat, zur\u00fcckzutreten.<\/p>\n","protected":false},"author":57,"featured_media":74068,"comment_status":"closed","ping_status":"closed","sticky":false,"template":"","format":"standard","meta":{"_acf_changed":false,"footnotes":""},"colt_type":[1180],"colt_ind":[1211],"colt_products":[],"colt_solutions":[],"class_list":["post-74096","post","type-post","status-publish","format-standard","has-post-thumbnail","hentry","colt_type-news-de","colt_ind-business-de"],"acf":[],"yoast_head":"<!-- This site is optimized with the Yoast SEO plugin v26.8 - https:\/\/yoast.com\/product\/yoast-seo-wordpress\/ -->\n<title>Colt ernennt neuen CEO - Colt Technology Services<\/title>\n<meta name=\"description\" content=\"Colt ernennt neuen CEO Colt Technology Services\" \/>\n<meta name=\"robots\" content=\"noindex, follow, max-snippet:-1, max-image-preview:large, max-video-preview:-1\" \/>\n<meta property=\"og:locale\" content=\"de_DE\" \/>\n<meta property=\"og:type\" content=\"article\" \/>\n<meta property=\"og:title\" content=\"Colt ernennt neuen CEO - Colt Technology Services\" \/>\n<meta property=\"og:description\" content=\"Colt ernennt neuen CEO Colt Technology Services\" \/>\n<meta property=\"og:url\" content=\"https:\/\/legacy.colt.net\/de\/resources\/colt-ernennt-neuen-ceo\/\" \/>\n<meta property=\"og:site_name\" content=\"Colt Technology Services\" \/>\n<meta property=\"article:publisher\" content=\"https:\/\/www.facebook.com\/ColtTechnologyServices\/\" \/>\n<meta property=\"article:published_time\" content=\"2020-05-20T09:56:58+00:00\" \/>\n<meta property=\"og:image\" content=\"https:\/\/legacy.colt.net\/wp-content\/uploads\/2020\/05\/Colt_Keri-Gilder_WEB-scaled.jpg\" \/>\n\t<meta property=\"og:image:width\" content=\"2560\" \/>\n\t<meta property=\"og:image:height\" content=\"2560\" \/>\n\t<meta property=\"og:image:type\" content=\"image\/jpeg\" \/>\n<meta name=\"author\" content=\"Colt Technology Services\" \/>\n<meta name=\"twitter:card\" content=\"summary_large_image\" \/>\n<meta name=\"twitter:image\" content=\"https:\/\/legacy.colt.net\/wp-content\/uploads\/2020\/05\/Colt_Keri-Gilder_WEB-scaled.jpg\" \/>\n<meta name=\"twitter:creator\" content=\"@colt_technology\" \/>\n<meta name=\"twitter:site\" content=\"@colt_technology\" \/>\n<meta name=\"twitter:label1\" content=\"Written by\" \/>\n\t<meta name=\"twitter:data1\" content=\"Colt Technology Services\" \/>\n\t<meta name=\"twitter:label2\" content=\"Est. reading time\" \/>\n\t<meta name=\"twitter:data2\" content=\"3 minutes\" \/>\n<script type=\"application\/ld+json\" class=\"yoast-schema-graph\">{\"@context\":\"https:\/\/schema.org\",\"@graph\":[{\"@type\":\"Article\",\"@id\":\"https:\/\/legacy.colt.net\/de\/resources\/colt-ernennt-neuen-ceo\/#article\",\"isPartOf\":{\"@id\":\"https:\/\/legacy.colt.net\/de\/resources\/colt-ernennt-neuen-ceo\/\"},\"author\":{\"name\":\"Colt Technology Services\",\"@id\":\"https:\/\/legacy.colt.net\/#\/schema\/person\/51d93677433c644cebd2e188a39f408c\"},\"headline\":\"Colt ernennt neuen CEO\",\"datePublished\":\"2020-05-20T09:56:58+00:00\",\"mainEntityOfPage\":{\"@id\":\"https:\/\/legacy.colt.net\/de\/resources\/colt-ernennt-neuen-ceo\/\"},\"wordCount\":579,\"publisher\":{\"@id\":\"https:\/\/legacy.colt.net\/#organization\"},\"image\":{\"@id\":\"https:\/\/legacy.colt.net\/de\/resources\/colt-ernennt-neuen-ceo\/#primaryimage\"},\"thumbnailUrl\":\"https:\/\/legacy.colt.net\/wp-content\/uploads\/2020\/05\/Colt_Keri-Gilder_WEB-scaled.jpg\",\"inLanguage\":\"de-DE\"},{\"@type\":\"WebPage\",\"@id\":\"https:\/\/legacy.colt.net\/de\/resources\/colt-ernennt-neuen-ceo\/\",\"url\":\"https:\/\/legacy.colt.net\/de\/resources\/colt-ernennt-neuen-ceo\/\",\"name\":\"Colt ernennt neuen CEO - Colt Technology Services\",\"isPartOf\":{\"@id\":\"https:\/\/legacy.colt.net\/#website\"},\"primaryImageOfPage\":{\"@id\":\"https:\/\/legacy.colt.net\/de\/resources\/colt-ernennt-neuen-ceo\/#primaryimage\"},\"image\":{\"@id\":\"https:\/\/legacy.colt.net\/de\/resources\/colt-ernennt-neuen-ceo\/#primaryimage\"},\"thumbnailUrl\":\"https:\/\/legacy.colt.net\/wp-content\/uploads\/2020\/05\/Colt_Keri-Gilder_WEB-scaled.jpg\",\"datePublished\":\"2020-05-20T09:56:58+00:00\",\"description\":\"Colt ernennt neuen CEO Colt Technology Services\",\"breadcrumb\":{\"@id\":\"https:\/\/legacy.colt.net\/de\/resources\/colt-ernennt-neuen-ceo\/#breadcrumb\"},\"inLanguage\":\"de-DE\",\"potentialAction\":[{\"@type\":\"ReadAction\",\"target\":[\"https:\/\/legacy.colt.net\/de\/resources\/colt-ernennt-neuen-ceo\/\"]}]},{\"@type\":\"ImageObject\",\"inLanguage\":\"de-DE\",\"@id\":\"https:\/\/legacy.colt.net\/de\/resources\/colt-ernennt-neuen-ceo\/#primaryimage\",\"url\":\"https:\/\/legacy.colt.net\/wp-content\/uploads\/2020\/05\/Colt_Keri-Gilder_WEB-scaled.jpg\",\"contentUrl\":\"https:\/\/legacy.colt.net\/wp-content\/uploads\/2020\/05\/Colt_Keri-Gilder_WEB-scaled.jpg\",\"width\":2560,\"height\":2560,\"caption\":\"Keir Gilder, new CEO at Colt Technology Services\"},{\"@type\":\"BreadcrumbList\",\"@id\":\"https:\/\/legacy.colt.net\/de\/resources\/colt-ernennt-neuen-ceo\/#breadcrumb\",\"itemListElement\":[{\"@type\":\"ListItem\",\"position\":1,\"name\":\"Home\",\"item\":\"https:\/\/legacy.colt.net\/de\/\"},{\"@type\":\"ListItem\",\"position\":2,\"name\":\"News\",\"item\":\"https:\/\/legacy.colt.net\/de\/resources\/type\/news-de\/\"},{\"@type\":\"ListItem\",\"position\":3,\"name\":\"Colt ernennt neuen CEO\"}]},{\"@type\":\"WebSite\",\"@id\":\"https:\/\/legacy.colt.net\/#website\",\"url\":\"https:\/\/legacy.colt.net\/\",\"name\":\"Colt\u30c6\u30af\u30ce\u30ed\u30b8\u30fc\u30b5\u30fc\u30d3\u30b9\u682a\u5f0f\u4f1a\u793e\",\"description\":\"Managed Network &amp; Voice Services Provider\",\"publisher\":{\"@id\":\"https:\/\/legacy.colt.net\/#organization\"},\"potentialAction\":[{\"@type\":\"SearchAction\",\"target\":{\"@type\":\"EntryPoint\",\"urlTemplate\":\"https:\/\/legacy.colt.net\/?s={search_term_string}\"},\"query-input\":{\"@type\":\"PropertyValueSpecification\",\"valueRequired\":true,\"valueName\":\"search_term_string\"}}],\"inLanguage\":\"de-DE\"},{\"@type\":\"Organization\",\"@id\":\"https:\/\/legacy.colt.net\/#organization\",\"name\":\"Colt Technology Services\",\"url\":\"https:\/\/legacy.colt.net\/\",\"logo\":{\"@type\":\"ImageObject\",\"inLanguage\":\"de-DE\",\"@id\":\"https:\/\/legacy.colt.net\/#\/schema\/logo\/image\/\",\"url\":\"https:\/\/legacy.colt.net\/wp-content\/uploads\/2019\/02\/Colt-Logo.png\",\"contentUrl\":\"https:\/\/legacy.colt.net\/wp-content\/uploads\/2019\/02\/Colt-Logo.png\",\"width\":195,\"height\":77,\"caption\":\"Colt Technology Services\"},\"image\":{\"@id\":\"https:\/\/legacy.colt.net\/#\/schema\/logo\/image\/\"},\"sameAs\":[\"https:\/\/www.facebook.com\/ColtTechnologyServices\/\",\"https:\/\/x.com\/colt_technology\",\"https:\/\/www.instagram.com\/colttechnologyservices\/\",\"https:\/\/www.linkedin.com\/company\/colt-technology-services\",\"https:\/\/www.youtube.com\/user\/ColtTechnology\"]},{\"@type\":\"Person\",\"@id\":\"https:\/\/legacy.colt.net\/#\/schema\/person\/51d93677433c644cebd2e188a39f408c\",\"name\":\"Colt Technology Services\",\"image\":{\"@type\":\"ImageObject\",\"inLanguage\":\"de-DE\",\"@id\":\"https:\/\/legacy.colt.net\/#\/schema\/person\/image\/\",\"url\":\"https:\/\/secure.gravatar.com\/avatar\/da955e1f4d3d16640f8f02837628dfd989b81c4cd9c4f0dbc6c258b0f599616f?s=96&d=mm&r=g\",\"contentUrl\":\"https:\/\/secure.gravatar.com\/avatar\/da955e1f4d3d16640f8f02837628dfd989b81c4cd9c4f0dbc6c258b0f599616f?s=96&d=mm&r=g\",\"caption\":\"Colt Technology Services\"},\"sameAs\":[\"https:\/\/Fauth%20Gundlach%20&amp;%20Hubl\"],\"url\":\"https:\/\/legacy.colt.net\/de\/resources\/author\/florianstrube\/\"}]}<\/script>\n<!-- \/ Yoast SEO plugin. -->","yoast_head_json":{"title":"Colt ernennt neuen CEO - Colt Technology Services","description":"Colt ernennt neuen CEO Colt Technology Services","robots":{"index":"noindex","follow":"follow","max-snippet":"max-snippet:-1","max-image-preview":"max-image-preview:large","max-video-preview":"max-video-preview:-1"},"og_locale":"de_DE","og_type":"article","og_title":"Colt ernennt neuen CEO - Colt Technology Services","og_description":"Colt ernennt neuen CEO Colt Technology Services","og_url":"https:\/\/legacy.colt.net\/de\/resources\/colt-ernennt-neuen-ceo\/","og_site_name":"Colt Technology Services","article_publisher":"https:\/\/www.facebook.com\/ColtTechnologyServices\/","article_published_time":"2020-05-20T09:56:58+00:00","og_image":[{"width":2560,"height":2560,"url":"https:\/\/legacy.colt.net\/wp-content\/uploads\/2020\/05\/Colt_Keri-Gilder_WEB-scaled.jpg","type":"image\/jpeg"}],"author":"Colt Technology Services","twitter_card":"summary_large_image","twitter_image":"https:\/\/legacy.colt.net\/wp-content\/uploads\/2020\/05\/Colt_Keri-Gilder_WEB-scaled.jpg","twitter_creator":"@colt_technology","twitter_site":"@colt_technology","twitter_misc":{"Written by":"Colt Technology Services","Est. reading time":"3 minutes"},"schema":{"@context":"https:\/\/schema.org","@graph":[{"@type":"Article","@id":"https:\/\/legacy.colt.net\/de\/resources\/colt-ernennt-neuen-ceo\/#article","isPartOf":{"@id":"https:\/\/legacy.colt.net\/de\/resources\/colt-ernennt-neuen-ceo\/"},"author":{"name":"Colt Technology Services","@id":"https:\/\/legacy.colt.net\/#\/schema\/person\/51d93677433c644cebd2e188a39f408c"},"headline":"Colt ernennt neuen CEO","datePublished":"2020-05-20T09:56:58+00:00","mainEntityOfPage":{"@id":"https:\/\/legacy.colt.net\/de\/resources\/colt-ernennt-neuen-ceo\/"},"wordCount":579,"publisher":{"@id":"https:\/\/legacy.colt.net\/#organization"},"image":{"@id":"https:\/\/legacy.colt.net\/de\/resources\/colt-ernennt-neuen-ceo\/#primaryimage"},"thumbnailUrl":"https:\/\/legacy.colt.net\/wp-content\/uploads\/2020\/05\/Colt_Keri-Gilder_WEB-scaled.jpg","inLanguage":"de-DE"},{"@type":"WebPage","@id":"https:\/\/legacy.colt.net\/de\/resources\/colt-ernennt-neuen-ceo\/","url":"https:\/\/legacy.colt.net\/de\/resources\/colt-ernennt-neuen-ceo\/","name":"Colt ernennt neuen CEO - Colt Technology Services","isPartOf":{"@id":"https:\/\/legacy.colt.net\/#website"},"primaryImageOfPage":{"@id":"https:\/\/legacy.colt.net\/de\/resources\/colt-ernennt-neuen-ceo\/#primaryimage"},"image":{"@id":"https:\/\/legacy.colt.net\/de\/resources\/colt-ernennt-neuen-ceo\/#primaryimage"},"thumbnailUrl":"https:\/\/legacy.colt.net\/wp-content\/uploads\/2020\/05\/Colt_Keri-Gilder_WEB-scaled.jpg","datePublished":"2020-05-20T09:56:58+00:00","description":"Colt ernennt neuen CEO Colt Technology Services","breadcrumb":{"@id":"https:\/\/legacy.colt.net\/de\/resources\/colt-ernennt-neuen-ceo\/#breadcrumb"},"inLanguage":"de-DE","potentialAction":[{"@type":"ReadAction","target":["https:\/\/legacy.colt.net\/de\/resources\/colt-ernennt-neuen-ceo\/"]}]},{"@type":"ImageObject","inLanguage":"de-DE","@id":"https:\/\/legacy.colt.net\/de\/resources\/colt-ernennt-neuen-ceo\/#primaryimage","url":"https:\/\/legacy.colt.net\/wp-content\/uploads\/2020\/05\/Colt_Keri-Gilder_WEB-scaled.jpg","contentUrl":"https:\/\/legacy.colt.net\/wp-content\/uploads\/2020\/05\/Colt_Keri-Gilder_WEB-scaled.jpg","width":2560,"height":2560,"caption":"Keir Gilder, new CEO at Colt Technology Services"},{"@type":"BreadcrumbList","@id":"https:\/\/legacy.colt.net\/de\/resources\/colt-ernennt-neuen-ceo\/#breadcrumb","itemListElement":[{"@type":"ListItem","position":1,"name":"Home","item":"https:\/\/legacy.colt.net\/de\/"},{"@type":"ListItem","position":2,"name":"News","item":"https:\/\/legacy.colt.net\/de\/resources\/type\/news-de\/"},{"@type":"ListItem","position":3,"name":"Colt ernennt neuen CEO"}]},{"@type":"WebSite","@id":"https:\/\/legacy.colt.net\/#website","url":"https:\/\/legacy.colt.net\/","name":"Colt\u30c6\u30af\u30ce\u30ed\u30b8\u30fc\u30b5\u30fc\u30d3\u30b9\u682a\u5f0f\u4f1a\u793e","description":"Managed Network &amp; Voice Services Provider","publisher":{"@id":"https:\/\/legacy.colt.net\/#organization"},"potentialAction":[{"@type":"SearchAction","target":{"@type":"EntryPoint","urlTemplate":"https:\/\/legacy.colt.net\/?s={search_term_string}"},"query-input":{"@type":"PropertyValueSpecification","valueRequired":true,"valueName":"search_term_string"}}],"inLanguage":"de-DE"},{"@type":"Organization","@id":"https:\/\/legacy.colt.net\/#organization","name":"Colt Technology Services","url":"https:\/\/legacy.colt.net\/","logo":{"@type":"ImageObject","inLanguage":"de-DE","@id":"https:\/\/legacy.colt.net\/#\/schema\/logo\/image\/","url":"https:\/\/legacy.colt.net\/wp-content\/uploads\/2019\/02\/Colt-Logo.png","contentUrl":"https:\/\/legacy.colt.net\/wp-content\/uploads\/2019\/02\/Colt-Logo.png","width":195,"height":77,"caption":"Colt Technology Services"},"image":{"@id":"https:\/\/legacy.colt.net\/#\/schema\/logo\/image\/"},"sameAs":["https:\/\/www.facebook.com\/ColtTechnologyServices\/","https:\/\/x.com\/colt_technology","https:\/\/www.instagram.com\/colttechnologyservices\/","https:\/\/www.linkedin.com\/company\/colt-technology-services","https:\/\/www.youtube.com\/user\/ColtTechnology"]},{"@type":"Person","@id":"https:\/\/legacy.colt.net\/#\/schema\/person\/51d93677433c644cebd2e188a39f408c","name":"Colt Technology Services","image":{"@type":"ImageObject","inLanguage":"de-DE","@id":"https:\/\/legacy.colt.net\/#\/schema\/person\/image\/","url":"https:\/\/secure.gravatar.com\/avatar\/da955e1f4d3d16640f8f02837628dfd989b81c4cd9c4f0dbc6c258b0f599616f?s=96&d=mm&r=g","contentUrl":"https:\/\/secure.gravatar.com\/avatar\/da955e1f4d3d16640f8f02837628dfd989b81c4cd9c4f0dbc6c258b0f599616f?s=96&d=mm&r=g","caption":"Colt Technology Services"},"sameAs":["https:\/\/Fauth%20Gundlach%20&amp;%20Hubl"],"url":"https:\/\/legacy.colt.net\/de\/resources\/author\/florianstrube\/"}]}},"_links":{"self":[{"href":"https:\/\/legacy.colt.net\/de\/wp-json\/wp\/v2\/posts\/74096","targetHints":{"allow":["GET"]}}],"collection":[{"href":"https:\/\/legacy.colt.net\/de\/wp-json\/wp\/v2\/posts"}],"about":[{"href":"https:\/\/legacy.colt.net\/de\/wp-json\/wp\/v2\/types\/post"}],"author":[{"embeddable":true,"href":"https:\/\/legacy.colt.net\/de\/wp-json\/wp\/v2\/users\/57"}],"replies":[{"embeddable":true,"href":"https:\/\/legacy.colt.net\/de\/wp-json\/wp\/v2\/comments?post=74096"}],"version-history":[{"count":0,"href":"https:\/\/legacy.colt.net\/de\/wp-json\/wp\/v2\/posts\/74096\/revisions"}],"wp:featuredmedia":[{"embeddable":true,"href":"https:\/\/legacy.colt.net\/de\/wp-json\/wp\/v2\/media\/74068"}],"wp:attachment":[{"href":"https:\/\/legacy.colt.net\/de\/wp-json\/wp\/v2\/media?parent=74096"}],"wp:term":[{"taxonomy":"colt_type","embeddable":true,"href":"https:\/\/legacy.colt.net\/de\/wp-json\/wp\/v2\/colt_type?post=74096"},{"taxonomy":"colt_ind","embeddable":true,"href":"https:\/\/legacy.colt.net\/de\/wp-json\/wp\/v2\/colt_ind?post=74096"},{"taxonomy":"colt_products","embeddable":true,"href":"https:\/\/legacy.colt.net\/de\/wp-json\/wp\/v2\/colt_products?post=74096"},{"taxonomy":"colt_solutions","embeddable":true,"href":"https:\/\/legacy.colt.net\/de\/wp-json\/wp\/v2\/colt_solutions?post=74096"}],"curies":[{"name":"wp","href":"https:\/\/api.w.org\/{rel}","templated":true}]}}