{"id":56301,"date":"2019-05-29T09:01:48","date_gmt":"2019-05-29T08:01:48","guid":{"rendered":"https:\/\/www.colt.net\/?p=56301"},"modified":"2019-05-29T09:50:46","modified_gmt":"2019-05-29T08:50:46","slug":"sueleyman-karaman-begruesst-plaene-der-bundesnetzagentur-kooperationen-fuer-glasfaserausbau-sinnvoll-und-notwendig","status":"publish","type":"post","link":"https:\/\/legacy.colt.net\/de\/resources\/sueleyman-karaman-begruesst-plaene-der-bundesnetzagentur-kooperationen-fuer-glasfaserausbau-sinnvoll-und-notwendig\/","title":{"rendered":"\u201eKooperationen f\u00fcr Glasfaserausbau sinnvoll und notwendig\u201c"},"content":{"rendered":"<p><em>S\u00fcleyman Karaman begr\u00fc\u00dft Pl\u00e4ne der Bundesnetzagentur<\/em><\/p>\n<p>Frankfurt, 28.05.2019, Die Bundesnetzagentur verk\u00fcndete am gestrigen Tag, die Regulierung von Glasfasernetzen \u201eauf das absolute Mindestma\u00df\u201c beschr\u00e4nken zu wollen. Dadurch sollen Investitionen in diesem Bereich erleichtert und Kooperationen zwischen Telekommunikationsunternehmen attraktiver gestaltet werden. S\u00fcleyman Karaman, Gesch\u00e4ftsf\u00fchrer der Colt Technology Services GmbH in Deutschland, begr\u00fc\u00dft diese Entscheidung und nimmt dazu Stellung.<\/p>\n<p>\u201eDer Pr\u00e4sident der Bundesnetzagentur Jochen Homann hat vollkommen recht, wenn er die Glasfaser als \u201aTechnologie f\u00fcr die Gigabit-Welt\u2018 beschreibt. Die \u201aletzte Meile\u2018 ist bundesweit essenziell, nicht nur f\u00fcr die Fibre-To-The-Home-Anschl\u00fcsse (FTTH) von Kunden in privaten Haushalten, sondern insbesondere auch f\u00fcr den Mittelstand und Unternehmen mit vielen Niederlassungen au\u00dferhalb von Gro\u00dfst\u00e4dten. Diese steigern ihre Produktivit\u00e4t durch die Digitalisierung vor allem dann, wenn ihnen schnelle und sichere Netzwerkverbindungen zur Verf\u00fcgung stehen. Auch f\u00fcr den neuen Mobilfunkstandard 5G ist die Glasfaser unverzichtbar, damit der sogenannte Backhaul, die Anbindung der Basisstationen an die Kern-Netzwerke, so leistungsf\u00e4hig ist, wie die Datenmengen es erfordern. Wir sehen daher in den Pl\u00e4nen der Bundesnetzagentur ein positives Zeichen und einen weiteren wichtigen Schritt f\u00fcr den Glasfaserausbau in Deutschland.\u201c<\/p>\n<p>\u00dcber Colt<br \/>\nColt unterst\u00fctzt Unternehmen bei ihrer digitalen Transformation mit agilen und On Demand L\u00f6sungen mit hoher Bandbreite. Das Colt IQ Network verbindet mehr als 850 Rechenzentren in den Wirtschaftszentren Europas, Asiens und Nordamerikas mit mehr als 27.500 Geb\u00e4uden, die an das Netzwerk angeschlossen sind \u2013 und t\u00e4glich werden es mehr.<\/p>\n<p>Colt hat einen ausgezeichneten Ruf sowie die branchenweit h\u00f6chste Kundenzufriedenheit. Zu den Kunden geh\u00f6ren Unternehmen aus datenintensiven Branchen in mehr als 213 St\u00e4dten in rund 32 L\u00e4ndern. Colt ist Innovationsf\u00fchrer bei den Themen Software Defined Networking (SDN) und Network Functions Virtualization (NFV). Colt ist in Privatbesitz, z\u00e4hlt zu den finanziell am besten aufgestellten Unternehmen der Branche und bietet den besten Kundenservice zu einem wettbewerbsf\u00e4higen Preis.<\/p>\n<p>Um mehr \u00fcber Colt zu erfahren, besuchen Sie <a href=\"https:\/\/legacy.colt.net\/de\/\">legacy.colt.net\/de<\/a> oder folgen Sie uns auf LinkedIn und Xing.<\/p>\n<p>Pressekontakt:<br \/>\nFauth Gundlach &amp; H\u00fcbl<br \/>\nMathias Gundlach<br \/>\nTel.: +49 (0) 611 172142 00<br \/>\nE-Mail: <a href=\"mailto:gundlach@fgundh.de\">gundlach@fgundh.de<\/a><\/p>\n<p>Colt Technology Services GmbH<br \/>\nGervinusstra\u00dfe 18-22<br \/>\n60322 Frankfurt am Main<br \/>\n<a href=\"https:\/\/legacy.colt.net\/de\">legacy.colt.net\/de<\/a><br \/>\nSitz und Registergericht: Amtsgericht Frankfurt\/Main HRB 46123<br \/>\nGesch\u00e4ftsf\u00fchrer: S\u00fcleyman Karaman, Richard Tilbrook, Pieter Veenman<\/p>\n","protected":false},"excerpt":{"rendered":"<p>Die Bundesnetzagentur verk\u00fcndete am gestrigen Tag, die Regulierung von Glasfasernetzen \u201eauf das absolute Mindestma\u00df\u201c beschr\u00e4nken zu wollen. S\u00fcleyman Karaman begr\u00fc\u00dft diese Entscheidung und nimmt dazu Stellung.<\/p>\n","protected":false},"author":57,"featured_media":45448,"comment_status":"closed","ping_status":"closed","sticky":false,"template":"","format":"standard","meta":{"_acf_changed":false,"footnotes":""},"colt_type":[1180],"colt_ind":[1250],"colt_products":[1261],"colt_solutions":[],"class_list":["post-56301","post","type-post","status-publish","format-standard","has-post-thumbnail","hentry","colt_type-news-de","colt_ind-technology-de","colt_products-business-connect-de"],"acf":[],"yoast_head":"<!-- This site is optimized with the Yoast SEO plugin v26.8 - https:\/\/yoast.com\/product\/yoast-seo-wordpress\/ -->\n<title>\u201eKooperationen f\u00fcr Glasfaserausbau sinnvoll und notwendig\u201c - Colt Technology Services<\/title>\n<meta name=\"description\" content=\"S\u00fcleyman Karaman nimmt Stellung zur Entscheidung der Bundesnetzagentur, die Regulierung von Glasfasernetzen \u201eauf das absolute Mindestma\u00df\u201c zu beschr\u00e4nken.\" \/>\n<meta name=\"robots\" content=\"noindex, follow, max-snippet:-1, max-image-preview:large, max-video-preview:-1\" \/>\n<meta property=\"og:locale\" content=\"de_DE\" \/>\n<meta property=\"og:type\" content=\"article\" \/>\n<meta property=\"og:title\" content=\"\u201eKooperationen f\u00fcr Glasfaserausbau sinnvoll und notwendig\u201c - Colt Technology Services\" \/>\n<meta property=\"og:description\" content=\"S\u00fcleyman Karaman nimmt Stellung zur Entscheidung der Bundesnetzagentur, die Regulierung von Glasfasernetzen \u201eauf das absolute Mindestma\u00df\u201c zu beschr\u00e4nken.\" \/>\n<meta property=\"og:url\" content=\"https:\/\/legacy.colt.net\/de\/resources\/sueleyman-karaman-begruesst-plaene-der-bundesnetzagentur-kooperationen-fuer-glasfaserausbau-sinnvoll-und-notwendig\/\" \/>\n<meta property=\"og:site_name\" content=\"Colt Technology Services\" \/>\n<meta property=\"article:publisher\" content=\"https:\/\/www.facebook.com\/ColtTechnologyServices\/\" \/>\n<meta property=\"article:published_time\" content=\"2019-05-29T08:01:48+00:00\" \/>\n<meta property=\"article:modified_time\" content=\"2019-05-29T08:50:46+00:00\" \/>\n<meta property=\"og:image\" content=\"https:\/\/legacy.colt.net\/wp-content\/uploads\/2019\/03\/Colt_Sueleyman_Karaman_Web.jpg\" \/>\n\t<meta property=\"og:image:width\" content=\"1024\" \/>\n\t<meta property=\"og:image:height\" content=\"683\" \/>\n\t<meta property=\"og:image:type\" content=\"image\/jpeg\" \/>\n<meta name=\"author\" content=\"Colt Technology Services\" \/>\n<meta name=\"twitter:card\" content=\"summary_large_image\" \/>\n<meta name=\"twitter:image\" content=\"https:\/\/legacy.colt.net\/wp-content\/uploads\/2019\/03\/Colt_Sueleyman_Karaman_Web.jpg\" \/>\n<meta name=\"twitter:creator\" content=\"@colt_technology\" \/>\n<meta name=\"twitter:site\" content=\"@colt_technology\" \/>\n<meta name=\"twitter:label1\" content=\"Written by\" \/>\n\t<meta name=\"twitter:data1\" content=\"Colt Technology Services\" \/>\n\t<meta name=\"twitter:label2\" content=\"Est. reading time\" \/>\n\t<meta name=\"twitter:data2\" content=\"2 minutes\" \/>\n<script type=\"application\/ld+json\" class=\"yoast-schema-graph\">{\"@context\":\"https:\/\/schema.org\",\"@graph\":[{\"@type\":\"Article\",\"@id\":\"https:\/\/legacy.colt.net\/de\/resources\/sueleyman-karaman-begruesst-plaene-der-bundesnetzagentur-kooperationen-fuer-glasfaserausbau-sinnvoll-und-notwendig\/#article\",\"isPartOf\":{\"@id\":\"https:\/\/legacy.colt.net\/de\/resources\/sueleyman-karaman-begruesst-plaene-der-bundesnetzagentur-kooperationen-fuer-glasfaserausbau-sinnvoll-und-notwendig\/\"},\"author\":{\"name\":\"Colt Technology Services\",\"@id\":\"https:\/\/legacy.colt.net\/#\/schema\/person\/51d93677433c644cebd2e188a39f408c\"},\"headline\":\"\u201eKooperationen f\u00fcr Glasfaserausbau sinnvoll und notwendig\u201c\",\"datePublished\":\"2019-05-29T08:01:48+00:00\",\"dateModified\":\"2019-05-29T08:50:46+00:00\",\"mainEntityOfPage\":{\"@id\":\"https:\/\/legacy.colt.net\/de\/resources\/sueleyman-karaman-begruesst-plaene-der-bundesnetzagentur-kooperationen-fuer-glasfaserausbau-sinnvoll-und-notwendig\/\"},\"wordCount\":390,\"publisher\":{\"@id\":\"https:\/\/legacy.colt.net\/#organization\"},\"image\":{\"@id\":\"https:\/\/legacy.colt.net\/de\/resources\/sueleyman-karaman-begruesst-plaene-der-bundesnetzagentur-kooperationen-fuer-glasfaserausbau-sinnvoll-und-notwendig\/#primaryimage\"},\"thumbnailUrl\":\"https:\/\/legacy.colt.net\/wp-content\/uploads\/2019\/03\/Colt_Sueleyman_Karaman_Web.jpg\",\"inLanguage\":\"de-DE\"},{\"@type\":\"WebPage\",\"@id\":\"https:\/\/legacy.colt.net\/de\/resources\/sueleyman-karaman-begruesst-plaene-der-bundesnetzagentur-kooperationen-fuer-glasfaserausbau-sinnvoll-und-notwendig\/\",\"url\":\"https:\/\/legacy.colt.net\/de\/resources\/sueleyman-karaman-begruesst-plaene-der-bundesnetzagentur-kooperationen-fuer-glasfaserausbau-sinnvoll-und-notwendig\/\",\"name\":\"\u201eKooperationen f\u00fcr Glasfaserausbau sinnvoll und notwendig\u201c - Colt Technology Services\",\"isPartOf\":{\"@id\":\"https:\/\/legacy.colt.net\/#website\"},\"primaryImageOfPage\":{\"@id\":\"https:\/\/legacy.colt.net\/de\/resources\/sueleyman-karaman-begruesst-plaene-der-bundesnetzagentur-kooperationen-fuer-glasfaserausbau-sinnvoll-und-notwendig\/#primaryimage\"},\"image\":{\"@id\":\"https:\/\/legacy.colt.net\/de\/resources\/sueleyman-karaman-begruesst-plaene-der-bundesnetzagentur-kooperationen-fuer-glasfaserausbau-sinnvoll-und-notwendig\/#primaryimage\"},\"thumbnailUrl\":\"https:\/\/legacy.colt.net\/wp-content\/uploads\/2019\/03\/Colt_Sueleyman_Karaman_Web.jpg\",\"datePublished\":\"2019-05-29T08:01:48+00:00\",\"dateModified\":\"2019-05-29T08:50:46+00:00\",\"description\":\"S\u00fcleyman Karaman nimmt Stellung zur Entscheidung der Bundesnetzagentur, die Regulierung von Glasfasernetzen \u201eauf das absolute Mindestma\u00df\u201c zu beschr\u00e4nken.\",\"breadcrumb\":{\"@id\":\"https:\/\/legacy.colt.net\/de\/resources\/sueleyman-karaman-begruesst-plaene-der-bundesnetzagentur-kooperationen-fuer-glasfaserausbau-sinnvoll-und-notwendig\/#breadcrumb\"},\"inLanguage\":\"de-DE\",\"potentialAction\":[{\"@type\":\"ReadAction\",\"target\":[\"https:\/\/legacy.colt.net\/de\/resources\/sueleyman-karaman-begruesst-plaene-der-bundesnetzagentur-kooperationen-fuer-glasfaserausbau-sinnvoll-und-notwendig\/\"]}]},{\"@type\":\"ImageObject\",\"inLanguage\":\"de-DE\",\"@id\":\"https:\/\/legacy.colt.net\/de\/resources\/sueleyman-karaman-begruesst-plaene-der-bundesnetzagentur-kooperationen-fuer-glasfaserausbau-sinnvoll-und-notwendig\/#primaryimage\",\"url\":\"https:\/\/legacy.colt.net\/wp-content\/uploads\/2019\/03\/Colt_Sueleyman_Karaman_Web.jpg\",\"contentUrl\":\"https:\/\/legacy.colt.net\/wp-content\/uploads\/2019\/03\/Colt_Sueleyman_Karaman_Web.jpg\",\"width\":1024,\"height\":683},{\"@type\":\"BreadcrumbList\",\"@id\":\"https:\/\/legacy.colt.net\/de\/resources\/sueleyman-karaman-begruesst-plaene-der-bundesnetzagentur-kooperationen-fuer-glasfaserausbau-sinnvoll-und-notwendig\/#breadcrumb\",\"itemListElement\":[{\"@type\":\"ListItem\",\"position\":1,\"name\":\"Home\",\"item\":\"https:\/\/legacy.colt.net\/de\/\"},{\"@type\":\"ListItem\",\"position\":2,\"name\":\"News\",\"item\":\"https:\/\/legacy.colt.net\/de\/resources\/type\/news-de\/\"},{\"@type\":\"ListItem\",\"position\":3,\"name\":\"\u201eKooperationen f\u00fcr Glasfaserausbau sinnvoll und notwendig\u201c\"}]},{\"@type\":\"WebSite\",\"@id\":\"https:\/\/legacy.colt.net\/#website\",\"url\":\"https:\/\/legacy.colt.net\/\",\"name\":\"Colt\u30c6\u30af\u30ce\u30ed\u30b8\u30fc\u30b5\u30fc\u30d3\u30b9\u682a\u5f0f\u4f1a\u793e\",\"description\":\"Managed Network &amp; Voice Services Provider\",\"publisher\":{\"@id\":\"https:\/\/legacy.colt.net\/#organization\"},\"potentialAction\":[{\"@type\":\"SearchAction\",\"target\":{\"@type\":\"EntryPoint\",\"urlTemplate\":\"https:\/\/legacy.colt.net\/?s={search_term_string}\"},\"query-input\":{\"@type\":\"PropertyValueSpecification\",\"valueRequired\":true,\"valueName\":\"search_term_string\"}}],\"inLanguage\":\"de-DE\"},{\"@type\":\"Organization\",\"@id\":\"https:\/\/legacy.colt.net\/#organization\",\"name\":\"Colt Technology Services\",\"url\":\"https:\/\/legacy.colt.net\/\",\"logo\":{\"@type\":\"ImageObject\",\"inLanguage\":\"de-DE\",\"@id\":\"https:\/\/legacy.colt.net\/#\/schema\/logo\/image\/\",\"url\":\"https:\/\/legacy.colt.net\/wp-content\/uploads\/2019\/02\/Colt-Logo.png\",\"contentUrl\":\"https:\/\/legacy.colt.net\/wp-content\/uploads\/2019\/02\/Colt-Logo.png\",\"width\":195,\"height\":77,\"caption\":\"Colt Technology Services\"},\"image\":{\"@id\":\"https:\/\/legacy.colt.net\/#\/schema\/logo\/image\/\"},\"sameAs\":[\"https:\/\/www.facebook.com\/ColtTechnologyServices\/\",\"https:\/\/x.com\/colt_technology\",\"https:\/\/www.instagram.com\/colttechnologyservices\/\",\"https:\/\/www.linkedin.com\/company\/colt-technology-services\",\"https:\/\/www.youtube.com\/user\/ColtTechnology\"]},{\"@type\":\"Person\",\"@id\":\"https:\/\/legacy.colt.net\/#\/schema\/person\/51d93677433c644cebd2e188a39f408c\",\"name\":\"Colt Technology Services\",\"image\":{\"@type\":\"ImageObject\",\"inLanguage\":\"de-DE\",\"@id\":\"https:\/\/legacy.colt.net\/#\/schema\/person\/image\/\",\"url\":\"https:\/\/secure.gravatar.com\/avatar\/da955e1f4d3d16640f8f02837628dfd989b81c4cd9c4f0dbc6c258b0f599616f?s=96&d=mm&r=g\",\"contentUrl\":\"https:\/\/secure.gravatar.com\/avatar\/da955e1f4d3d16640f8f02837628dfd989b81c4cd9c4f0dbc6c258b0f599616f?s=96&d=mm&r=g\",\"caption\":\"Colt Technology Services\"},\"sameAs\":[\"https:\/\/Fauth%20Gundlach%20&amp;%20Hubl\"],\"url\":\"https:\/\/legacy.colt.net\/de\/resources\/author\/florianstrube\/\"}]}<\/script>\n<!-- \/ Yoast SEO plugin. -->","yoast_head_json":{"title":"\u201eKooperationen f\u00fcr Glasfaserausbau sinnvoll und notwendig\u201c - Colt Technology Services","description":"S\u00fcleyman Karaman nimmt Stellung zur Entscheidung der Bundesnetzagentur, die Regulierung von Glasfasernetzen \u201eauf das absolute Mindestma\u00df\u201c zu beschr\u00e4nken.","robots":{"index":"noindex","follow":"follow","max-snippet":"max-snippet:-1","max-image-preview":"max-image-preview:large","max-video-preview":"max-video-preview:-1"},"og_locale":"de_DE","og_type":"article","og_title":"\u201eKooperationen f\u00fcr Glasfaserausbau sinnvoll und notwendig\u201c - Colt Technology Services","og_description":"S\u00fcleyman Karaman nimmt Stellung zur Entscheidung der Bundesnetzagentur, die Regulierung von Glasfasernetzen \u201eauf das absolute Mindestma\u00df\u201c zu beschr\u00e4nken.","og_url":"https:\/\/legacy.colt.net\/de\/resources\/sueleyman-karaman-begruesst-plaene-der-bundesnetzagentur-kooperationen-fuer-glasfaserausbau-sinnvoll-und-notwendig\/","og_site_name":"Colt Technology Services","article_publisher":"https:\/\/www.facebook.com\/ColtTechnologyServices\/","article_published_time":"2019-05-29T08:01:48+00:00","article_modified_time":"2019-05-29T08:50:46+00:00","og_image":[{"width":1024,"height":683,"url":"https:\/\/legacy.colt.net\/wp-content\/uploads\/2019\/03\/Colt_Sueleyman_Karaman_Web.jpg","type":"image\/jpeg"}],"author":"Colt Technology Services","twitter_card":"summary_large_image","twitter_image":"https:\/\/legacy.colt.net\/wp-content\/uploads\/2019\/03\/Colt_Sueleyman_Karaman_Web.jpg","twitter_creator":"@colt_technology","twitter_site":"@colt_technology","twitter_misc":{"Written by":"Colt Technology Services","Est. reading time":"2 minutes"},"schema":{"@context":"https:\/\/schema.org","@graph":[{"@type":"Article","@id":"https:\/\/legacy.colt.net\/de\/resources\/sueleyman-karaman-begruesst-plaene-der-bundesnetzagentur-kooperationen-fuer-glasfaserausbau-sinnvoll-und-notwendig\/#article","isPartOf":{"@id":"https:\/\/legacy.colt.net\/de\/resources\/sueleyman-karaman-begruesst-plaene-der-bundesnetzagentur-kooperationen-fuer-glasfaserausbau-sinnvoll-und-notwendig\/"},"author":{"name":"Colt Technology Services","@id":"https:\/\/legacy.colt.net\/#\/schema\/person\/51d93677433c644cebd2e188a39f408c"},"headline":"\u201eKooperationen f\u00fcr Glasfaserausbau sinnvoll und notwendig\u201c","datePublished":"2019-05-29T08:01:48+00:00","dateModified":"2019-05-29T08:50:46+00:00","mainEntityOfPage":{"@id":"https:\/\/legacy.colt.net\/de\/resources\/sueleyman-karaman-begruesst-plaene-der-bundesnetzagentur-kooperationen-fuer-glasfaserausbau-sinnvoll-und-notwendig\/"},"wordCount":390,"publisher":{"@id":"https:\/\/legacy.colt.net\/#organization"},"image":{"@id":"https:\/\/legacy.colt.net\/de\/resources\/sueleyman-karaman-begruesst-plaene-der-bundesnetzagentur-kooperationen-fuer-glasfaserausbau-sinnvoll-und-notwendig\/#primaryimage"},"thumbnailUrl":"https:\/\/legacy.colt.net\/wp-content\/uploads\/2019\/03\/Colt_Sueleyman_Karaman_Web.jpg","inLanguage":"de-DE"},{"@type":"WebPage","@id":"https:\/\/legacy.colt.net\/de\/resources\/sueleyman-karaman-begruesst-plaene-der-bundesnetzagentur-kooperationen-fuer-glasfaserausbau-sinnvoll-und-notwendig\/","url":"https:\/\/legacy.colt.net\/de\/resources\/sueleyman-karaman-begruesst-plaene-der-bundesnetzagentur-kooperationen-fuer-glasfaserausbau-sinnvoll-und-notwendig\/","name":"\u201eKooperationen f\u00fcr Glasfaserausbau sinnvoll und notwendig\u201c - Colt Technology Services","isPartOf":{"@id":"https:\/\/legacy.colt.net\/#website"},"primaryImageOfPage":{"@id":"https:\/\/legacy.colt.net\/de\/resources\/sueleyman-karaman-begruesst-plaene-der-bundesnetzagentur-kooperationen-fuer-glasfaserausbau-sinnvoll-und-notwendig\/#primaryimage"},"image":{"@id":"https:\/\/legacy.colt.net\/de\/resources\/sueleyman-karaman-begruesst-plaene-der-bundesnetzagentur-kooperationen-fuer-glasfaserausbau-sinnvoll-und-notwendig\/#primaryimage"},"thumbnailUrl":"https:\/\/legacy.colt.net\/wp-content\/uploads\/2019\/03\/Colt_Sueleyman_Karaman_Web.jpg","datePublished":"2019-05-29T08:01:48+00:00","dateModified":"2019-05-29T08:50:46+00:00","description":"S\u00fcleyman Karaman nimmt Stellung zur Entscheidung der Bundesnetzagentur, die Regulierung von Glasfasernetzen \u201eauf das absolute Mindestma\u00df\u201c zu beschr\u00e4nken.","breadcrumb":{"@id":"https:\/\/legacy.colt.net\/de\/resources\/sueleyman-karaman-begruesst-plaene-der-bundesnetzagentur-kooperationen-fuer-glasfaserausbau-sinnvoll-und-notwendig\/#breadcrumb"},"inLanguage":"de-DE","potentialAction":[{"@type":"ReadAction","target":["https:\/\/legacy.colt.net\/de\/resources\/sueleyman-karaman-begruesst-plaene-der-bundesnetzagentur-kooperationen-fuer-glasfaserausbau-sinnvoll-und-notwendig\/"]}]},{"@type":"ImageObject","inLanguage":"de-DE","@id":"https:\/\/legacy.colt.net\/de\/resources\/sueleyman-karaman-begruesst-plaene-der-bundesnetzagentur-kooperationen-fuer-glasfaserausbau-sinnvoll-und-notwendig\/#primaryimage","url":"https:\/\/legacy.colt.net\/wp-content\/uploads\/2019\/03\/Colt_Sueleyman_Karaman_Web.jpg","contentUrl":"https:\/\/legacy.colt.net\/wp-content\/uploads\/2019\/03\/Colt_Sueleyman_Karaman_Web.jpg","width":1024,"height":683},{"@type":"BreadcrumbList","@id":"https:\/\/legacy.colt.net\/de\/resources\/sueleyman-karaman-begruesst-plaene-der-bundesnetzagentur-kooperationen-fuer-glasfaserausbau-sinnvoll-und-notwendig\/#breadcrumb","itemListElement":[{"@type":"ListItem","position":1,"name":"Home","item":"https:\/\/legacy.colt.net\/de\/"},{"@type":"ListItem","position":2,"name":"News","item":"https:\/\/legacy.colt.net\/de\/resources\/type\/news-de\/"},{"@type":"ListItem","position":3,"name":"\u201eKooperationen f\u00fcr Glasfaserausbau sinnvoll und notwendig\u201c"}]},{"@type":"WebSite","@id":"https:\/\/legacy.colt.net\/#website","url":"https:\/\/legacy.colt.net\/","name":"Colt\u30c6\u30af\u30ce\u30ed\u30b8\u30fc\u30b5\u30fc\u30d3\u30b9\u682a\u5f0f\u4f1a\u793e","description":"Managed Network &amp; Voice Services Provider","publisher":{"@id":"https:\/\/legacy.colt.net\/#organization"},"potentialAction":[{"@type":"SearchAction","target":{"@type":"EntryPoint","urlTemplate":"https:\/\/legacy.colt.net\/?s={search_term_string}"},"query-input":{"@type":"PropertyValueSpecification","valueRequired":true,"valueName":"search_term_string"}}],"inLanguage":"de-DE"},{"@type":"Organization","@id":"https:\/\/legacy.colt.net\/#organization","name":"Colt Technology Services","url":"https:\/\/legacy.colt.net\/","logo":{"@type":"ImageObject","inLanguage":"de-DE","@id":"https:\/\/legacy.colt.net\/#\/schema\/logo\/image\/","url":"https:\/\/legacy.colt.net\/wp-content\/uploads\/2019\/02\/Colt-Logo.png","contentUrl":"https:\/\/legacy.colt.net\/wp-content\/uploads\/2019\/02\/Colt-Logo.png","width":195,"height":77,"caption":"Colt Technology Services"},"image":{"@id":"https:\/\/legacy.colt.net\/#\/schema\/logo\/image\/"},"sameAs":["https:\/\/www.facebook.com\/ColtTechnologyServices\/","https:\/\/x.com\/colt_technology","https:\/\/www.instagram.com\/colttechnologyservices\/","https:\/\/www.linkedin.com\/company\/colt-technology-services","https:\/\/www.youtube.com\/user\/ColtTechnology"]},{"@type":"Person","@id":"https:\/\/legacy.colt.net\/#\/schema\/person\/51d93677433c644cebd2e188a39f408c","name":"Colt Technology Services","image":{"@type":"ImageObject","inLanguage":"de-DE","@id":"https:\/\/legacy.colt.net\/#\/schema\/person\/image\/","url":"https:\/\/secure.gravatar.com\/avatar\/da955e1f4d3d16640f8f02837628dfd989b81c4cd9c4f0dbc6c258b0f599616f?s=96&d=mm&r=g","contentUrl":"https:\/\/secure.gravatar.com\/avatar\/da955e1f4d3d16640f8f02837628dfd989b81c4cd9c4f0dbc6c258b0f599616f?s=96&d=mm&r=g","caption":"Colt Technology Services"},"sameAs":["https:\/\/Fauth%20Gundlach%20&amp;%20Hubl"],"url":"https:\/\/legacy.colt.net\/de\/resources\/author\/florianstrube\/"}]}},"_links":{"self":[{"href":"https:\/\/legacy.colt.net\/de\/wp-json\/wp\/v2\/posts\/56301","targetHints":{"allow":["GET"]}}],"collection":[{"href":"https:\/\/legacy.colt.net\/de\/wp-json\/wp\/v2\/posts"}],"about":[{"href":"https:\/\/legacy.colt.net\/de\/wp-json\/wp\/v2\/types\/post"}],"author":[{"embeddable":true,"href":"https:\/\/legacy.colt.net\/de\/wp-json\/wp\/v2\/users\/57"}],"replies":[{"embeddable":true,"href":"https:\/\/legacy.colt.net\/de\/wp-json\/wp\/v2\/comments?post=56301"}],"version-history":[{"count":0,"href":"https:\/\/legacy.colt.net\/de\/wp-json\/wp\/v2\/posts\/56301\/revisions"}],"wp:featuredmedia":[{"embeddable":true,"href":"https:\/\/legacy.colt.net\/de\/wp-json\/wp\/v2\/media\/45448"}],"wp:attachment":[{"href":"https:\/\/legacy.colt.net\/de\/wp-json\/wp\/v2\/media?parent=56301"}],"wp:term":[{"taxonomy":"colt_type","embeddable":true,"href":"https:\/\/legacy.colt.net\/de\/wp-json\/wp\/v2\/colt_type?post=56301"},{"taxonomy":"colt_ind","embeddable":true,"href":"https:\/\/legacy.colt.net\/de\/wp-json\/wp\/v2\/colt_ind?post=56301"},{"taxonomy":"colt_products","embeddable":true,"href":"https:\/\/legacy.colt.net\/de\/wp-json\/wp\/v2\/colt_products?post=56301"},{"taxonomy":"colt_solutions","embeddable":true,"href":"https:\/\/legacy.colt.net\/de\/wp-json\/wp\/v2\/colt_solutions?post=56301"}],"curies":[{"name":"wp","href":"https:\/\/api.w.org\/{rel}","templated":true}]}}