{"id":52802,"date":"2019-05-08T15:38:35","date_gmt":"2019-05-08T14:38:35","guid":{"rendered":"https:\/\/www.colt.net\/?p=52802"},"modified":"2019-05-29T09:55:11","modified_gmt":"2019-05-29T08:55:11","slug":"colt-ernennt-melanie-halsey-zur-neuen-executive-vice-president-fuer-human-resources","status":"publish","type":"post","link":"https:\/\/legacy.colt.net\/de\/resources\/colt-ernennt-melanie-halsey-zur-neuen-executive-vice-president-fuer-human-resources\/","title":{"rendered":"Colt ernennt Melanie Halsey zur neuen Executive Vice President f\u00fcr Human Resources"},"content":{"rendered":"<p>Frankfurt, 08. Mai 2019, Colt Technology Services hat Melanie Halsey zur Executive Vice President (EVP) f\u00fcr Human Resources ernannt. Als Mitglied des Executive Leadership Teams berichtet Halsey an Carl Grivner, Chief Executive Officer (CEO) von Colt Technology Services, und wird die global ausgerichtete Personalstrategie von Colt vorantreiben.<\/p>\n<p>\u201eColt hat den Anspruch, das kundenorientierteste Unternehmen der Branche zu sein. Daf\u00fcr ben\u00f6tigen wir talentierte und qualifizierte Fachkr\u00e4fte\u201c, sagt Grivner. \u201eIch freue mich sehr, dass Melanie Halsey jetzt zu unserem Team geh\u00f6rt. Wir werden eng zusammenarbeiten, um unsere Mitarbeiter weltweit in die Lage zu versetzen, den Status quo der Telekommunikationsbranche zum Vorteil unserer Kunden herauszufordern.\u201c<\/p>\n<p>Halsey verf\u00fcgt \u00fcber 20 Jahre Erfahrung im Personalwesen. Zuletzt war sie bei Eight Roads t\u00e4tig, einem Investmentbereich von Fidelity International. Dort verantwortete sie sechs Jahre lang als Leiterin die Personalabteilung und baute eine angesehene, weltweit operierende Gesch\u00e4ftseinheit auf. Diese unterst\u00fctzte neben dem Kerngesch\u00e4ft auch das schnell wachsende Anlageportfolio des Unternehmens. Vor ihrer T\u00e4tigkeit bei Eight Roads war Halsey als Head of HR, UK Financial Services bei Fidelity International t\u00e4tig.<\/p>\n<p>Zu ihrer Ernennung sagt Halsey, die ihren Sitz im Colt House, der Londoner Zentrale des Unternehmens, hat: \u201eIch freue mich sehr, f\u00fcr Colt t\u00e4tig zu werden, vor allem weil hier die Zusammenarbeit im Mittelpunkt steht. Das Unternehmen hat bereits eine starke Personalstrategie. Gemeinsam mit Carl Grivner und seinem Team will ich sicherstellen, dass Colt weiterhin exzellente Fachkr\u00e4fte aus der Branche gewinnt und langj\u00e4hrig f\u00fcr das Unternehmen begeistert.\u201c<\/p>\n<p><strong>\u00dcber Colt<br \/>\n<\/strong>Colt unterst\u00fctzt Unternehmen bei ihrer digitalen Transformation mit agilen und On Demand L\u00f6sungen mit hoher Bandbreite. Das Colt IQ Network verbindet mehr als 850 Rechenzentren in den Wirtschaftszentren Europas, Asiens und Nordamerikas mit mehr als 27.500 Geb\u00e4uden, die an das Netzwerk angeschlossen sind \u2013 und t\u00e4glich werden es mehr.<\/p>\n<p>Colt hat einen ausgezeichneten Ruf sowie die branchenweit h\u00f6chste Kundenzufriedenheit. Zu den Kunden geh\u00f6ren Unternehmen aus datenintensiven Branchen in mehr als 213 St\u00e4dten in rund 32 L\u00e4ndern. Colt ist Innovationsf\u00fchrer bei den Themen Software Defined Networking (SDN) und Network Functions Virtualization (NFV). Colt ist in Privatbesitz, z\u00e4hlt zu den finanziell am besten aufgestellten Unternehmen der Branche und bietet den besten Kundenservice zu einem wettbewerbsf\u00e4higen Preis.<\/p>\n<p>Um mehr \u00fcber Colt zu erfahren, besuchen Sie <a href=\"https:\/\/legacy.colt.net\/de\/\">legacy.colt.net\/de<\/a> oder folgen Sie uns auf LinkedIn und Xing.<\/p>\n<p><strong>Pressekontakt:<br \/>\n<\/strong>Fauth Gundlach &amp; H\u00fcbl<br \/>\nMathias Gundlach<br \/>\nTel.: +49 (0) 611 172142 00<br \/>\nE-Mail: <a href=\"mailto:gundlach@fgundh.de\">gundlach@fgundh.de<\/a><\/p>\n<p>Colt Technology Services GmbH<br \/>\nGervinusstra\u00dfe 18-22<br \/>\n60322 Frankfurt am Main<br \/>\n<a href=\"https:\/\/legacy.colt.net\/de\">legacy.colt.net\/de<\/a><br \/>\nSitz und Registergericht: Amtsgericht Frankfurt\/Main HRB 46123<br \/>\nGesch\u00e4ftsf\u00fchrer: S\u00fcleyman Karaman, Richard Tilbrook, Pieter Veenman<\/p>\n","protected":false},"excerpt":{"rendered":"<p>Colt Technology Services hat Melanie Halsey zur Executive Vice President (EVP) f\u00fcr Human Resources ernannt. Sie wird die global ausgerichtete Personalstrategie von Colt vorantreiben.<\/p>\n","protected":false},"author":57,"featured_media":52853,"comment_status":"closed","ping_status":"closed","sticky":false,"template":"","format":"standard","meta":{"_acf_changed":false,"footnotes":""},"colt_type":[1180],"colt_ind":[],"colt_products":[1261],"colt_solutions":[],"class_list":["post-52802","post","type-post","status-publish","format-standard","has-post-thumbnail","hentry","colt_type-news-de","colt_products-business-connect-de"],"acf":[],"yoast_head":"<!-- This site is optimized with the Yoast SEO plugin v26.8 - https:\/\/yoast.com\/product\/yoast-seo-wordpress\/ -->\n<title>Colt ernennt Melanie Halsey zur neuen Executive Vice President f\u00fcr Human Resources - Colt Technology Services<\/title>\n<meta name=\"description\" content=\"Als neue Executive Vice President (EVP) f\u00fcr Human Resources wird Melanie Halsey die global ausgerichtete Personalstrategie von Colt vorantreiben.\" \/>\n<meta name=\"robots\" content=\"noindex, follow, max-snippet:-1, max-image-preview:large, max-video-preview:-1\" \/>\n<meta property=\"og:locale\" content=\"de_DE\" \/>\n<meta property=\"og:type\" content=\"article\" \/>\n<meta property=\"og:title\" content=\"Colt ernennt Melanie Halsey zur neuen Executive Vice President f\u00fcr Human Resources - Colt Technology Services\" \/>\n<meta property=\"og:description\" content=\"Als neue Executive Vice President (EVP) f\u00fcr Human Resources wird Melanie Halsey die global ausgerichtete Personalstrategie von Colt vorantreiben.\" \/>\n<meta property=\"og:url\" content=\"https:\/\/legacy.colt.net\/de\/resources\/colt-ernennt-melanie-halsey-zur-neuen-executive-vice-president-fuer-human-resources\/\" \/>\n<meta property=\"og:site_name\" content=\"Colt Technology Services\" \/>\n<meta property=\"article:publisher\" content=\"https:\/\/www.facebook.com\/ColtTechnologyServices\/\" \/>\n<meta property=\"article:published_time\" content=\"2019-05-08T14:38:35+00:00\" \/>\n<meta property=\"article:modified_time\" content=\"2019-05-29T08:55:11+00:00\" \/>\n<meta property=\"og:image\" content=\"https:\/\/legacy.colt.net\/wp-content\/uploads\/2019\/05\/Photo-Melanie-Halsey_New-ColtHR-EVP_Blog_2.jpg\" \/>\n\t<meta property=\"og:image:width\" content=\"720\" \/>\n\t<meta property=\"og:image:height\" content=\"450\" \/>\n\t<meta property=\"og:image:type\" content=\"image\/jpeg\" \/>\n<meta name=\"author\" content=\"Colt Technology Services\" \/>\n<meta name=\"twitter:card\" content=\"summary_large_image\" \/>\n<meta name=\"twitter:image\" content=\"https:\/\/legacy.colt.net\/wp-content\/uploads\/2019\/05\/Photo-Melanie-Halsey_New-ColtHR-EVP_Blog_2.jpg\" \/>\n<meta name=\"twitter:creator\" content=\"@colt_technology\" \/>\n<meta name=\"twitter:site\" content=\"@colt_technology\" \/>\n<meta name=\"twitter:label1\" content=\"Written by\" \/>\n\t<meta name=\"twitter:data1\" content=\"Colt Technology Services\" \/>\n\t<meta name=\"twitter:label2\" content=\"Est. reading time\" \/>\n\t<meta name=\"twitter:data2\" content=\"2 minutes\" \/>\n<script type=\"application\/ld+json\" class=\"yoast-schema-graph\">{\"@context\":\"https:\/\/schema.org\",\"@graph\":[{\"@type\":\"Article\",\"@id\":\"https:\/\/legacy.colt.net\/de\/resources\/colt-ernennt-melanie-halsey-zur-neuen-executive-vice-president-fuer-human-resources\/#article\",\"isPartOf\":{\"@id\":\"https:\/\/legacy.colt.net\/de\/resources\/colt-ernennt-melanie-halsey-zur-neuen-executive-vice-president-fuer-human-resources\/\"},\"author\":{\"name\":\"Colt Technology Services\",\"@id\":\"https:\/\/legacy.colt.net\/#\/schema\/person\/51d93677433c644cebd2e188a39f408c\"},\"headline\":\"Colt ernennt Melanie Halsey zur neuen Executive Vice President f\u00fcr Human Resources\",\"datePublished\":\"2019-05-08T14:38:35+00:00\",\"dateModified\":\"2019-05-29T08:55:11+00:00\",\"mainEntityOfPage\":{\"@id\":\"https:\/\/legacy.colt.net\/de\/resources\/colt-ernennt-melanie-halsey-zur-neuen-executive-vice-president-fuer-human-resources\/\"},\"wordCount\":451,\"publisher\":{\"@id\":\"https:\/\/legacy.colt.net\/#organization\"},\"image\":{\"@id\":\"https:\/\/legacy.colt.net\/de\/resources\/colt-ernennt-melanie-halsey-zur-neuen-executive-vice-president-fuer-human-resources\/#primaryimage\"},\"thumbnailUrl\":\"https:\/\/legacy.colt.net\/wp-content\/uploads\/2019\/05\/Photo-Melanie-Halsey_New-ColtHR-EVP_Blog_2.jpg\",\"inLanguage\":\"de-DE\"},{\"@type\":\"WebPage\",\"@id\":\"https:\/\/legacy.colt.net\/de\/resources\/colt-ernennt-melanie-halsey-zur-neuen-executive-vice-president-fuer-human-resources\/\",\"url\":\"https:\/\/legacy.colt.net\/de\/resources\/colt-ernennt-melanie-halsey-zur-neuen-executive-vice-president-fuer-human-resources\/\",\"name\":\"Colt ernennt Melanie Halsey zur neuen Executive Vice President f\u00fcr Human Resources - Colt Technology Services\",\"isPartOf\":{\"@id\":\"https:\/\/legacy.colt.net\/#website\"},\"primaryImageOfPage\":{\"@id\":\"https:\/\/legacy.colt.net\/de\/resources\/colt-ernennt-melanie-halsey-zur-neuen-executive-vice-president-fuer-human-resources\/#primaryimage\"},\"image\":{\"@id\":\"https:\/\/legacy.colt.net\/de\/resources\/colt-ernennt-melanie-halsey-zur-neuen-executive-vice-president-fuer-human-resources\/#primaryimage\"},\"thumbnailUrl\":\"https:\/\/legacy.colt.net\/wp-content\/uploads\/2019\/05\/Photo-Melanie-Halsey_New-ColtHR-EVP_Blog_2.jpg\",\"datePublished\":\"2019-05-08T14:38:35+00:00\",\"dateModified\":\"2019-05-29T08:55:11+00:00\",\"description\":\"Als neue Executive Vice President (EVP) f\u00fcr Human Resources wird Melanie Halsey die global ausgerichtete Personalstrategie von Colt vorantreiben.\",\"breadcrumb\":{\"@id\":\"https:\/\/legacy.colt.net\/de\/resources\/colt-ernennt-melanie-halsey-zur-neuen-executive-vice-president-fuer-human-resources\/#breadcrumb\"},\"inLanguage\":\"de-DE\",\"potentialAction\":[{\"@type\":\"ReadAction\",\"target\":[\"https:\/\/legacy.colt.net\/de\/resources\/colt-ernennt-melanie-halsey-zur-neuen-executive-vice-president-fuer-human-resources\/\"]}]},{\"@type\":\"ImageObject\",\"inLanguage\":\"de-DE\",\"@id\":\"https:\/\/legacy.colt.net\/de\/resources\/colt-ernennt-melanie-halsey-zur-neuen-executive-vice-president-fuer-human-resources\/#primaryimage\",\"url\":\"https:\/\/legacy.colt.net\/wp-content\/uploads\/2019\/05\/Photo-Melanie-Halsey_New-ColtHR-EVP_Blog_2.jpg\",\"contentUrl\":\"https:\/\/legacy.colt.net\/wp-content\/uploads\/2019\/05\/Photo-Melanie-Halsey_New-ColtHR-EVP_Blog_2.jpg\",\"width\":720,\"height\":450},{\"@type\":\"BreadcrumbList\",\"@id\":\"https:\/\/legacy.colt.net\/de\/resources\/colt-ernennt-melanie-halsey-zur-neuen-executive-vice-president-fuer-human-resources\/#breadcrumb\",\"itemListElement\":[{\"@type\":\"ListItem\",\"position\":1,\"name\":\"Home\",\"item\":\"https:\/\/legacy.colt.net\/de\/\"},{\"@type\":\"ListItem\",\"position\":2,\"name\":\"News\",\"item\":\"https:\/\/legacy.colt.net\/de\/resources\/type\/news-de\/\"},{\"@type\":\"ListItem\",\"position\":3,\"name\":\"Colt ernennt Melanie Halsey zur neuen Executive Vice President f\u00fcr Human Resources\"}]},{\"@type\":\"WebSite\",\"@id\":\"https:\/\/legacy.colt.net\/#website\",\"url\":\"https:\/\/legacy.colt.net\/\",\"name\":\"Colt\u30c6\u30af\u30ce\u30ed\u30b8\u30fc\u30b5\u30fc\u30d3\u30b9\u682a\u5f0f\u4f1a\u793e\",\"description\":\"Managed Network &amp; Voice Services Provider\",\"publisher\":{\"@id\":\"https:\/\/legacy.colt.net\/#organization\"},\"potentialAction\":[{\"@type\":\"SearchAction\",\"target\":{\"@type\":\"EntryPoint\",\"urlTemplate\":\"https:\/\/legacy.colt.net\/?s={search_term_string}\"},\"query-input\":{\"@type\":\"PropertyValueSpecification\",\"valueRequired\":true,\"valueName\":\"search_term_string\"}}],\"inLanguage\":\"de-DE\"},{\"@type\":\"Organization\",\"@id\":\"https:\/\/legacy.colt.net\/#organization\",\"name\":\"Colt Technology Services\",\"url\":\"https:\/\/legacy.colt.net\/\",\"logo\":{\"@type\":\"ImageObject\",\"inLanguage\":\"de-DE\",\"@id\":\"https:\/\/legacy.colt.net\/#\/schema\/logo\/image\/\",\"url\":\"https:\/\/legacy.colt.net\/wp-content\/uploads\/2019\/02\/Colt-Logo.png\",\"contentUrl\":\"https:\/\/legacy.colt.net\/wp-content\/uploads\/2019\/02\/Colt-Logo.png\",\"width\":195,\"height\":77,\"caption\":\"Colt Technology Services\"},\"image\":{\"@id\":\"https:\/\/legacy.colt.net\/#\/schema\/logo\/image\/\"},\"sameAs\":[\"https:\/\/www.facebook.com\/ColtTechnologyServices\/\",\"https:\/\/x.com\/colt_technology\",\"https:\/\/www.instagram.com\/colttechnologyservices\/\",\"https:\/\/www.linkedin.com\/company\/colt-technology-services\",\"https:\/\/www.youtube.com\/user\/ColtTechnology\"]},{\"@type\":\"Person\",\"@id\":\"https:\/\/legacy.colt.net\/#\/schema\/person\/51d93677433c644cebd2e188a39f408c\",\"name\":\"Colt Technology Services\",\"image\":{\"@type\":\"ImageObject\",\"inLanguage\":\"de-DE\",\"@id\":\"https:\/\/legacy.colt.net\/#\/schema\/person\/image\/\",\"url\":\"https:\/\/secure.gravatar.com\/avatar\/da955e1f4d3d16640f8f02837628dfd989b81c4cd9c4f0dbc6c258b0f599616f?s=96&d=mm&r=g\",\"contentUrl\":\"https:\/\/secure.gravatar.com\/avatar\/da955e1f4d3d16640f8f02837628dfd989b81c4cd9c4f0dbc6c258b0f599616f?s=96&d=mm&r=g\",\"caption\":\"Colt Technology Services\"},\"sameAs\":[\"https:\/\/Fauth%20Gundlach%20&amp;%20Hubl\"],\"url\":\"https:\/\/legacy.colt.net\/de\/resources\/author\/florianstrube\/\"}]}<\/script>\n<!-- \/ Yoast SEO plugin. -->","yoast_head_json":{"title":"Colt ernennt Melanie Halsey zur neuen Executive Vice President f\u00fcr Human Resources - Colt Technology Services","description":"Als neue Executive Vice President (EVP) f\u00fcr Human Resources wird Melanie Halsey die global ausgerichtete Personalstrategie von Colt vorantreiben.","robots":{"index":"noindex","follow":"follow","max-snippet":"max-snippet:-1","max-image-preview":"max-image-preview:large","max-video-preview":"max-video-preview:-1"},"og_locale":"de_DE","og_type":"article","og_title":"Colt ernennt Melanie Halsey zur neuen Executive Vice President f\u00fcr Human Resources - Colt Technology Services","og_description":"Als neue Executive Vice President (EVP) f\u00fcr Human Resources wird Melanie Halsey die global ausgerichtete Personalstrategie von Colt vorantreiben.","og_url":"https:\/\/legacy.colt.net\/de\/resources\/colt-ernennt-melanie-halsey-zur-neuen-executive-vice-president-fuer-human-resources\/","og_site_name":"Colt Technology Services","article_publisher":"https:\/\/www.facebook.com\/ColtTechnologyServices\/","article_published_time":"2019-05-08T14:38:35+00:00","article_modified_time":"2019-05-29T08:55:11+00:00","og_image":[{"width":720,"height":450,"url":"https:\/\/legacy.colt.net\/wp-content\/uploads\/2019\/05\/Photo-Melanie-Halsey_New-ColtHR-EVP_Blog_2.jpg","type":"image\/jpeg"}],"author":"Colt Technology Services","twitter_card":"summary_large_image","twitter_image":"https:\/\/legacy.colt.net\/wp-content\/uploads\/2019\/05\/Photo-Melanie-Halsey_New-ColtHR-EVP_Blog_2.jpg","twitter_creator":"@colt_technology","twitter_site":"@colt_technology","twitter_misc":{"Written by":"Colt Technology Services","Est. reading time":"2 minutes"},"schema":{"@context":"https:\/\/schema.org","@graph":[{"@type":"Article","@id":"https:\/\/legacy.colt.net\/de\/resources\/colt-ernennt-melanie-halsey-zur-neuen-executive-vice-president-fuer-human-resources\/#article","isPartOf":{"@id":"https:\/\/legacy.colt.net\/de\/resources\/colt-ernennt-melanie-halsey-zur-neuen-executive-vice-president-fuer-human-resources\/"},"author":{"name":"Colt Technology Services","@id":"https:\/\/legacy.colt.net\/#\/schema\/person\/51d93677433c644cebd2e188a39f408c"},"headline":"Colt ernennt Melanie Halsey zur neuen Executive Vice President f\u00fcr Human Resources","datePublished":"2019-05-08T14:38:35+00:00","dateModified":"2019-05-29T08:55:11+00:00","mainEntityOfPage":{"@id":"https:\/\/legacy.colt.net\/de\/resources\/colt-ernennt-melanie-halsey-zur-neuen-executive-vice-president-fuer-human-resources\/"},"wordCount":451,"publisher":{"@id":"https:\/\/legacy.colt.net\/#organization"},"image":{"@id":"https:\/\/legacy.colt.net\/de\/resources\/colt-ernennt-melanie-halsey-zur-neuen-executive-vice-president-fuer-human-resources\/#primaryimage"},"thumbnailUrl":"https:\/\/legacy.colt.net\/wp-content\/uploads\/2019\/05\/Photo-Melanie-Halsey_New-ColtHR-EVP_Blog_2.jpg","inLanguage":"de-DE"},{"@type":"WebPage","@id":"https:\/\/legacy.colt.net\/de\/resources\/colt-ernennt-melanie-halsey-zur-neuen-executive-vice-president-fuer-human-resources\/","url":"https:\/\/legacy.colt.net\/de\/resources\/colt-ernennt-melanie-halsey-zur-neuen-executive-vice-president-fuer-human-resources\/","name":"Colt ernennt Melanie Halsey zur neuen Executive Vice President f\u00fcr Human Resources - Colt Technology Services","isPartOf":{"@id":"https:\/\/legacy.colt.net\/#website"},"primaryImageOfPage":{"@id":"https:\/\/legacy.colt.net\/de\/resources\/colt-ernennt-melanie-halsey-zur-neuen-executive-vice-president-fuer-human-resources\/#primaryimage"},"image":{"@id":"https:\/\/legacy.colt.net\/de\/resources\/colt-ernennt-melanie-halsey-zur-neuen-executive-vice-president-fuer-human-resources\/#primaryimage"},"thumbnailUrl":"https:\/\/legacy.colt.net\/wp-content\/uploads\/2019\/05\/Photo-Melanie-Halsey_New-ColtHR-EVP_Blog_2.jpg","datePublished":"2019-05-08T14:38:35+00:00","dateModified":"2019-05-29T08:55:11+00:00","description":"Als neue Executive Vice President (EVP) f\u00fcr Human Resources wird Melanie Halsey die global ausgerichtete Personalstrategie von Colt vorantreiben.","breadcrumb":{"@id":"https:\/\/legacy.colt.net\/de\/resources\/colt-ernennt-melanie-halsey-zur-neuen-executive-vice-president-fuer-human-resources\/#breadcrumb"},"inLanguage":"de-DE","potentialAction":[{"@type":"ReadAction","target":["https:\/\/legacy.colt.net\/de\/resources\/colt-ernennt-melanie-halsey-zur-neuen-executive-vice-president-fuer-human-resources\/"]}]},{"@type":"ImageObject","inLanguage":"de-DE","@id":"https:\/\/legacy.colt.net\/de\/resources\/colt-ernennt-melanie-halsey-zur-neuen-executive-vice-president-fuer-human-resources\/#primaryimage","url":"https:\/\/legacy.colt.net\/wp-content\/uploads\/2019\/05\/Photo-Melanie-Halsey_New-ColtHR-EVP_Blog_2.jpg","contentUrl":"https:\/\/legacy.colt.net\/wp-content\/uploads\/2019\/05\/Photo-Melanie-Halsey_New-ColtHR-EVP_Blog_2.jpg","width":720,"height":450},{"@type":"BreadcrumbList","@id":"https:\/\/legacy.colt.net\/de\/resources\/colt-ernennt-melanie-halsey-zur-neuen-executive-vice-president-fuer-human-resources\/#breadcrumb","itemListElement":[{"@type":"ListItem","position":1,"name":"Home","item":"https:\/\/legacy.colt.net\/de\/"},{"@type":"ListItem","position":2,"name":"News","item":"https:\/\/legacy.colt.net\/de\/resources\/type\/news-de\/"},{"@type":"ListItem","position":3,"name":"Colt ernennt Melanie Halsey zur neuen Executive Vice President f\u00fcr Human Resources"}]},{"@type":"WebSite","@id":"https:\/\/legacy.colt.net\/#website","url":"https:\/\/legacy.colt.net\/","name":"Colt\u30c6\u30af\u30ce\u30ed\u30b8\u30fc\u30b5\u30fc\u30d3\u30b9\u682a\u5f0f\u4f1a\u793e","description":"Managed Network &amp; Voice Services Provider","publisher":{"@id":"https:\/\/legacy.colt.net\/#organization"},"potentialAction":[{"@type":"SearchAction","target":{"@type":"EntryPoint","urlTemplate":"https:\/\/legacy.colt.net\/?s={search_term_string}"},"query-input":{"@type":"PropertyValueSpecification","valueRequired":true,"valueName":"search_term_string"}}],"inLanguage":"de-DE"},{"@type":"Organization","@id":"https:\/\/legacy.colt.net\/#organization","name":"Colt Technology Services","url":"https:\/\/legacy.colt.net\/","logo":{"@type":"ImageObject","inLanguage":"de-DE","@id":"https:\/\/legacy.colt.net\/#\/schema\/logo\/image\/","url":"https:\/\/legacy.colt.net\/wp-content\/uploads\/2019\/02\/Colt-Logo.png","contentUrl":"https:\/\/legacy.colt.net\/wp-content\/uploads\/2019\/02\/Colt-Logo.png","width":195,"height":77,"caption":"Colt Technology Services"},"image":{"@id":"https:\/\/legacy.colt.net\/#\/schema\/logo\/image\/"},"sameAs":["https:\/\/www.facebook.com\/ColtTechnologyServices\/","https:\/\/x.com\/colt_technology","https:\/\/www.instagram.com\/colttechnologyservices\/","https:\/\/www.linkedin.com\/company\/colt-technology-services","https:\/\/www.youtube.com\/user\/ColtTechnology"]},{"@type":"Person","@id":"https:\/\/legacy.colt.net\/#\/schema\/person\/51d93677433c644cebd2e188a39f408c","name":"Colt Technology Services","image":{"@type":"ImageObject","inLanguage":"de-DE","@id":"https:\/\/legacy.colt.net\/#\/schema\/person\/image\/","url":"https:\/\/secure.gravatar.com\/avatar\/da955e1f4d3d16640f8f02837628dfd989b81c4cd9c4f0dbc6c258b0f599616f?s=96&d=mm&r=g","contentUrl":"https:\/\/secure.gravatar.com\/avatar\/da955e1f4d3d16640f8f02837628dfd989b81c4cd9c4f0dbc6c258b0f599616f?s=96&d=mm&r=g","caption":"Colt Technology Services"},"sameAs":["https:\/\/Fauth%20Gundlach%20&amp;%20Hubl"],"url":"https:\/\/legacy.colt.net\/de\/resources\/author\/florianstrube\/"}]}},"_links":{"self":[{"href":"https:\/\/legacy.colt.net\/de\/wp-json\/wp\/v2\/posts\/52802","targetHints":{"allow":["GET"]}}],"collection":[{"href":"https:\/\/legacy.colt.net\/de\/wp-json\/wp\/v2\/posts"}],"about":[{"href":"https:\/\/legacy.colt.net\/de\/wp-json\/wp\/v2\/types\/post"}],"author":[{"embeddable":true,"href":"https:\/\/legacy.colt.net\/de\/wp-json\/wp\/v2\/users\/57"}],"replies":[{"embeddable":true,"href":"https:\/\/legacy.colt.net\/de\/wp-json\/wp\/v2\/comments?post=52802"}],"version-history":[{"count":0,"href":"https:\/\/legacy.colt.net\/de\/wp-json\/wp\/v2\/posts\/52802\/revisions"}],"wp:featuredmedia":[{"embeddable":true,"href":"https:\/\/legacy.colt.net\/de\/wp-json\/wp\/v2\/media\/52853"}],"wp:attachment":[{"href":"https:\/\/legacy.colt.net\/de\/wp-json\/wp\/v2\/media?parent=52802"}],"wp:term":[{"taxonomy":"colt_type","embeddable":true,"href":"https:\/\/legacy.colt.net\/de\/wp-json\/wp\/v2\/colt_type?post=52802"},{"taxonomy":"colt_ind","embeddable":true,"href":"https:\/\/legacy.colt.net\/de\/wp-json\/wp\/v2\/colt_ind?post=52802"},{"taxonomy":"colt_products","embeddable":true,"href":"https:\/\/legacy.colt.net\/de\/wp-json\/wp\/v2\/colt_products?post=52802"},{"taxonomy":"colt_solutions","embeddable":true,"href":"https:\/\/legacy.colt.net\/de\/wp-json\/wp\/v2\/colt_solutions?post=52802"}],"curies":[{"name":"wp","href":"https:\/\/api.w.org\/{rel}","templated":true}]}}