{"id":45447,"date":"2016-11-17T00:00:00","date_gmt":"2016-11-17T00:00:00","guid":{"rendered":"https:\/\/www.colt.net\/resources\/suleyman-karaman-ab-2017-geschaftsfuhrer-und-regional-sales-director-dach\/"},"modified":"2021-04-07T20:55:43","modified_gmt":"2021-04-07T19:55:43","slug":"suleyman-karaman-ab-2017-geschaftsfuhrer-und-regional-sales-director-dach","status":"publish","type":"post","link":"https:\/\/legacy.colt.net\/de\/resources\/suleyman-karaman-ab-2017-geschaftsfuhrer-und-regional-sales-director-dach\/","title":{"rendered":"S\u00fcleyman Karaman ab 2017 neuer Gesch\u00e4ftsf\u00fchrer"},"content":{"rendered":"<p>Frankfurt, 17. November 2016, S\u00fcleyman Karaman ist ab Januar 2017 neuer Gesch\u00e4ftsf\u00fchrer der Colt Technology Services GmbH in Deutschland und gleichzeitig neuer Regional Sales Director f\u00fcr Deutschland, \u00d6sterreich und die Schweiz (DACH-Region). Im Team Enterprise &amp; Partner Sales Europe berichtet er an Paula Cogan, Vice President Enterprise &amp; Partner Sales Europe.<\/p>\n<p>Karaman kommt von euNetworks, wo er \u00fcber f\u00fcnf Jahre als Gesch\u00e4ftsf\u00fchrer t\u00e4tig war und die umsatzst\u00e4rkste Region mit der erfolgreichen Integration von zwei deutschen Infrastruktur-Anbietern in das Unternehmen verantwortete. Dabei legte er den Schwerpunkt auf die Produktfokussierung, Erweiterung der Netze und die Bereitstellung hoher Bandbreiten, um die Kunden bei der Digitalisierung ihrer Gesch\u00e4ftsprozesse zu unterst\u00fctzen.<\/p>\n<p><img loading=\"lazy\" decoding=\"async\" class=\"size-medium wp-image-14605 aligncenter\" src=\"https:\/\/legacy.colt.net\/wp-content\/uploads\/2019\/03\/Colt_Sueleyman_Karaman_Web-300x200.jpg\" alt=\"colt_sueleyman_karaman_web\" width=\"300\" height=\"200\" \/><\/p>\n<p>Der international erfahrene, fr\u00fchere Siemens-Manager freut sich auf die neue Aufgabe: \u201eDurch meine T\u00e4tigkeiten in den vergangenen 16 Jahren bei zwei Wettbewerbern von Colt kann ich die f\u00fchrende Marktposition des Unternehmens im deutschsprachigen und europ\u00e4ischen Umfeld einsch\u00e4tzen. Mich begeistert insbesondere die gro\u00dfe Anzahl an Geb\u00e4uden und Rechenzentren, die mittels eigener Glasfaserkabel an das <a href=\"https:\/\/legacy.colt.net\/de\/our-network\/\">Colt Netzwerk<\/a> angeschlossen sind. Hiermit sind gro\u00dfe Servicevorteile f\u00fcr Kunden verbunden, insbesondere da die Nachfrage nach hohen Breitbandverbindungen zwischen B\u00fcrogeb\u00e4uden, Rechenzentren und Cloud-Anbietern immer schneller steigt. In der Vergangenheit war Colt f\u00fcr neue Carrier stets Vorbild f\u00fcr Glasfaser- und Metro-Netze mit dedizierten VPN f\u00fcr B2B-Kunden. Dieses globale Netz mit fast 25.000 erschlossenen Geb\u00e4uden in 28 L\u00e4ndern und \u00fcber 200 St\u00e4dten wird weiter ausgebaut. Hierauf k\u00f6nnen die Kunden auch in Zukunft bauen.\u201c<\/p>\n<p>Seine Karriere begann Karaman (48) nach seinem Studium der Nachrichtentechnik am Hauptsitz von Siemens in M\u00fcnchen. Er half internationalen Service Providern dabei, von der Liberalisierung ihrer nationalen M\u00e4rkte zu profitieren und sich auf die Umsatzm\u00f6glichkeiten mit \u201eNext Generation Networks\u201c (NGN) vorzubereiten. Unter anderem war er General Manager einer wachstumsstarken Landesorganisation in S\u00fcdostasien und europaweit verantwortlich f\u00fcr IP-Netzbetreiber. Seinen kaufm\u00e4nnischen Abschluss machte der Diplom-Ingenieur an der WHU \u2013 Otto Beisheim School of Management in Vallendar sowie der Northwestern University \u2013 Kellogg School of Management in den Vereinigten Staaten von Amerika.<\/p>\n<p>Bildmaterial: Ein druckf\u00e4higes Foto von S\u00fcleyman Karaman finden Sie unter <a href=\"https:\/\/bit.ly\/2g17KQp\">https:\/\/bit.ly\/2g17KQp<\/a> (Quelle: Colt Technology Services).<\/p>\n<p>\u00dcber Colt<br \/>\nColt bietet Unternehmen in Europa und Asien auf deren Bedarf zugeschnittene Netzwerk- und Kommunikationsservices mit hoher Bandbreite. Zu den Kunden geh\u00f6ren 18 der 25 f\u00fchrenden Banken und Finanzdienstleistungsunternehmen sowie je 19 der 25 f\u00fchrenden Unternehmen in der Medien- und der Telekommunikationsbranche. (Forbes 2000-Liste, 2014). Dar\u00fcber hinaus arbeitet Colt mit mehr als 50 B\u00f6rsenstandorten und 13 nationalen Zentralbanken in Europa zusammen.<\/p>\n<p>Colt-Kunden profitieren von einem einzigartigen intelligenten Netzwerk, das vollst\u00e4ndig in die Cloud integriert ist. Rund um den Globus sind bereits 500 Rechenzentren und \u00fcber 24.000 Geb\u00e4ude direkt an das Netz angeschlossen und der Ausbau wird kontinuierlich fortgef\u00fchrt. F\u00fcr Colt arbeiten weltweit erfahrene und hochqualifizierte Mitarbeiter, sodass Kunden vom lokalen Fachwissen ihrer Ansprechpartner profitieren.<\/p>\n<p>Colt ist eines der finanziell am besten aufgestellten Unternehmen der Branche dank des Hauptanteilseigners Fidelity Investments. All das bedeutet, dass Colt beste Kundenerfahrung zu einem wettbewerbsf\u00e4higen Preis anbietet.<\/p>\n<p>Pressekontakt:<br \/>\nColt<br \/>\nMargit Wehning<br \/>\nTel.: +49 (0) 69 56606 3531<br \/>\nE-Mail: margit.wehning@colt.net<\/p>\n<p>Fauth Gundlach &amp; H\u00fcbl<br \/>\nMathias Gundlach<br \/>\nTel.: +49 (0) 611 172142 00<br \/>\nE-Mail: gundlach@fgundh.de<\/p>\n<p>Colt Technology Services GmbH<br \/>\nGervinusstra\u00dfe 18-22<br \/>\n60322 Frankfurt am Main<br \/>\nlegacy.colt.net\/de<br \/>\nSitz und Registergericht: Amtsgericht Frankfurt\/Main HRB 46123<br \/>\nGesch\u00e4ftsf\u00fchrer: Ludwig Fl\u00f6rchinger<\/p>\n","protected":false},"excerpt":{"rendered":"<p>S\u00fcleyman Karaman ist ab Januar 2017 neuer Gesch\u00e4ftsf\u00fchrer der Colt Technology Services GmbH in Deutschland und gleichzeitig neuer Regional Sales DACH.<\/p>\n","protected":false},"author":112,"featured_media":45448,"comment_status":"closed","ping_status":"closed","sticky":false,"template":"","format":"standard","meta":{"_acf_changed":false,"footnotes":""},"colt_type":[],"colt_ind":[1257],"colt_products":[],"colt_solutions":[],"class_list":["post-45447","post","type-post","status-publish","format-standard","has-post-thumbnail","hentry","colt_ind-telecoms-de"],"acf":[],"yoast_head":"<!-- This site is optimized with the Yoast SEO plugin v26.8 - https:\/\/yoast.com\/product\/yoast-seo-wordpress\/ -->\n<title>S\u00fcleyman Karaman ab 2017 neuer Gesch\u00e4ftsf\u00fchrer - Colt Technology Services<\/title>\n<meta name=\"description\" content=\"S\u00fcleyman Karaman ist ab Januar 2017 neuer Gesch\u00e4ftsf\u00fchrer der Colt Technology Services GmbH in Deutschland und gleichzeitig neuer Regional Sales DACH.\" \/>\n<meta name=\"robots\" content=\"noindex, follow, max-snippet:-1, max-image-preview:large, max-video-preview:-1\" \/>\n<meta property=\"og:locale\" content=\"de_DE\" \/>\n<meta property=\"og:type\" content=\"article\" \/>\n<meta property=\"og:title\" content=\"S\u00fcleyman Karaman ab 2017 neuer Gesch\u00e4ftsf\u00fchrer - Colt Technology Services\" \/>\n<meta property=\"og:description\" content=\"S\u00fcleyman Karaman ist ab Januar 2017 neuer Gesch\u00e4ftsf\u00fchrer der Colt Technology Services GmbH in Deutschland und gleichzeitig neuer Regional Sales DACH.\" \/>\n<meta property=\"og:url\" content=\"https:\/\/legacy.colt.net\/de\/resources\/suleyman-karaman-ab-2017-geschaftsfuhrer-und-regional-sales-director-dach\/\" \/>\n<meta property=\"og:site_name\" content=\"Colt Technology Services\" \/>\n<meta property=\"article:publisher\" content=\"https:\/\/www.facebook.com\/ColtTechnologyServices\/\" \/>\n<meta property=\"article:published_time\" content=\"2016-11-17T00:00:00+00:00\" \/>\n<meta property=\"article:modified_time\" content=\"2021-04-07T19:55:43+00:00\" \/>\n<meta property=\"og:image\" content=\"https:\/\/legacy.colt.net\/wp-content\/uploads\/2019\/03\/Colt_Sueleyman_Karaman_Web.jpg\" \/>\n\t<meta property=\"og:image:width\" content=\"1024\" \/>\n\t<meta property=\"og:image:height\" content=\"683\" \/>\n\t<meta property=\"og:image:type\" content=\"image\/jpeg\" \/>\n<meta name=\"author\" content=\"Make Do\" \/>\n<meta name=\"twitter:card\" content=\"summary_large_image\" \/>\n<meta name=\"twitter:image\" content=\"https:\/\/legacy.colt.net\/wp-content\/uploads\/2019\/03\/Colt_Sueleyman_Karaman_Web.jpg\" \/>\n<meta name=\"twitter:creator\" content=\"@colt_technology\" \/>\n<meta name=\"twitter:site\" content=\"@colt_technology\" \/>\n<meta name=\"twitter:label1\" content=\"Written by\" \/>\n\t<meta name=\"twitter:data1\" content=\"Make Do\" \/>\n\t<meta name=\"twitter:label2\" content=\"Est. reading time\" \/>\n\t<meta name=\"twitter:data2\" content=\"3 minutes\" \/>\n<script type=\"application\/ld+json\" class=\"yoast-schema-graph\">{\"@context\":\"https:\/\/schema.org\",\"@graph\":[{\"@type\":\"Article\",\"@id\":\"https:\/\/legacy.colt.net\/de\/resources\/suleyman-karaman-ab-2017-geschaftsfuhrer-und-regional-sales-director-dach\/#article\",\"isPartOf\":{\"@id\":\"https:\/\/legacy.colt.net\/de\/resources\/suleyman-karaman-ab-2017-geschaftsfuhrer-und-regional-sales-director-dach\/\"},\"author\":{\"name\":\"Make Do\",\"@id\":\"https:\/\/legacy.colt.net\/#\/schema\/person\/71cb803a99c6757c1c6940a6f0683e57\"},\"headline\":\"S\u00fcleyman Karaman ab 2017 neuer Gesch\u00e4ftsf\u00fchrer\",\"datePublished\":\"2016-11-17T00:00:00+00:00\",\"dateModified\":\"2021-04-07T19:55:43+00:00\",\"mainEntityOfPage\":{\"@id\":\"https:\/\/legacy.colt.net\/de\/resources\/suleyman-karaman-ab-2017-geschaftsfuhrer-und-regional-sales-director-dach\/\"},\"wordCount\":567,\"publisher\":{\"@id\":\"https:\/\/legacy.colt.net\/#organization\"},\"image\":{\"@id\":\"https:\/\/legacy.colt.net\/de\/resources\/suleyman-karaman-ab-2017-geschaftsfuhrer-und-regional-sales-director-dach\/#primaryimage\"},\"thumbnailUrl\":\"https:\/\/legacy.colt.net\/wp-content\/uploads\/2019\/03\/Colt_Sueleyman_Karaman_Web.jpg\",\"inLanguage\":\"de-DE\"},{\"@type\":\"WebPage\",\"@id\":\"https:\/\/legacy.colt.net\/de\/resources\/suleyman-karaman-ab-2017-geschaftsfuhrer-und-regional-sales-director-dach\/\",\"url\":\"https:\/\/legacy.colt.net\/de\/resources\/suleyman-karaman-ab-2017-geschaftsfuhrer-und-regional-sales-director-dach\/\",\"name\":\"S\u00fcleyman Karaman ab 2017 neuer Gesch\u00e4ftsf\u00fchrer - Colt Technology Services\",\"isPartOf\":{\"@id\":\"https:\/\/legacy.colt.net\/#website\"},\"primaryImageOfPage\":{\"@id\":\"https:\/\/legacy.colt.net\/de\/resources\/suleyman-karaman-ab-2017-geschaftsfuhrer-und-regional-sales-director-dach\/#primaryimage\"},\"image\":{\"@id\":\"https:\/\/legacy.colt.net\/de\/resources\/suleyman-karaman-ab-2017-geschaftsfuhrer-und-regional-sales-director-dach\/#primaryimage\"},\"thumbnailUrl\":\"https:\/\/legacy.colt.net\/wp-content\/uploads\/2019\/03\/Colt_Sueleyman_Karaman_Web.jpg\",\"datePublished\":\"2016-11-17T00:00:00+00:00\",\"dateModified\":\"2021-04-07T19:55:43+00:00\",\"description\":\"S\u00fcleyman Karaman ist ab Januar 2017 neuer Gesch\u00e4ftsf\u00fchrer der Colt Technology Services GmbH in Deutschland und gleichzeitig neuer Regional Sales DACH.\",\"breadcrumb\":{\"@id\":\"https:\/\/legacy.colt.net\/de\/resources\/suleyman-karaman-ab-2017-geschaftsfuhrer-und-regional-sales-director-dach\/#breadcrumb\"},\"inLanguage\":\"de-DE\",\"potentialAction\":[{\"@type\":\"ReadAction\",\"target\":[\"https:\/\/legacy.colt.net\/de\/resources\/suleyman-karaman-ab-2017-geschaftsfuhrer-und-regional-sales-director-dach\/\"]}]},{\"@type\":\"ImageObject\",\"inLanguage\":\"de-DE\",\"@id\":\"https:\/\/legacy.colt.net\/de\/resources\/suleyman-karaman-ab-2017-geschaftsfuhrer-und-regional-sales-director-dach\/#primaryimage\",\"url\":\"https:\/\/legacy.colt.net\/wp-content\/uploads\/2019\/03\/Colt_Sueleyman_Karaman_Web.jpg\",\"contentUrl\":\"https:\/\/legacy.colt.net\/wp-content\/uploads\/2019\/03\/Colt_Sueleyman_Karaman_Web.jpg\",\"width\":1024,\"height\":683},{\"@type\":\"BreadcrumbList\",\"@id\":\"https:\/\/legacy.colt.net\/de\/resources\/suleyman-karaman-ab-2017-geschaftsfuhrer-und-regional-sales-director-dach\/#breadcrumb\",\"itemListElement\":[{\"@type\":\"ListItem\",\"position\":1,\"name\":\"Home\",\"item\":\"https:\/\/legacy.colt.net\/de\/\"},{\"@type\":\"ListItem\",\"position\":2,\"name\":\"S\u00fcleyman Karaman ab 2017 neuer Gesch\u00e4ftsf\u00fchrer\"}]},{\"@type\":\"WebSite\",\"@id\":\"https:\/\/legacy.colt.net\/#website\",\"url\":\"https:\/\/legacy.colt.net\/\",\"name\":\"Colt\u30c6\u30af\u30ce\u30ed\u30b8\u30fc\u30b5\u30fc\u30d3\u30b9\u682a\u5f0f\u4f1a\u793e\",\"description\":\"Managed Network &amp; Voice Services Provider\",\"publisher\":{\"@id\":\"https:\/\/legacy.colt.net\/#organization\"},\"potentialAction\":[{\"@type\":\"SearchAction\",\"target\":{\"@type\":\"EntryPoint\",\"urlTemplate\":\"https:\/\/legacy.colt.net\/?s={search_term_string}\"},\"query-input\":{\"@type\":\"PropertyValueSpecification\",\"valueRequired\":true,\"valueName\":\"search_term_string\"}}],\"inLanguage\":\"de-DE\"},{\"@type\":\"Organization\",\"@id\":\"https:\/\/legacy.colt.net\/#organization\",\"name\":\"Colt Technology Services\",\"url\":\"https:\/\/legacy.colt.net\/\",\"logo\":{\"@type\":\"ImageObject\",\"inLanguage\":\"de-DE\",\"@id\":\"https:\/\/legacy.colt.net\/#\/schema\/logo\/image\/\",\"url\":\"https:\/\/legacy.colt.net\/wp-content\/uploads\/2019\/02\/Colt-Logo.png\",\"contentUrl\":\"https:\/\/legacy.colt.net\/wp-content\/uploads\/2019\/02\/Colt-Logo.png\",\"width\":195,\"height\":77,\"caption\":\"Colt Technology Services\"},\"image\":{\"@id\":\"https:\/\/legacy.colt.net\/#\/schema\/logo\/image\/\"},\"sameAs\":[\"https:\/\/www.facebook.com\/ColtTechnologyServices\/\",\"https:\/\/x.com\/colt_technology\",\"https:\/\/www.instagram.com\/colttechnologyservices\/\",\"https:\/\/www.linkedin.com\/company\/colt-technology-services\",\"https:\/\/www.youtube.com\/user\/ColtTechnology\"]},{\"@type\":\"Person\",\"@id\":\"https:\/\/legacy.colt.net\/#\/schema\/person\/71cb803a99c6757c1c6940a6f0683e57\",\"name\":\"Make Do\",\"image\":{\"@type\":\"ImageObject\",\"inLanguage\":\"de-DE\",\"@id\":\"https:\/\/legacy.colt.net\/#\/schema\/person\/image\/\",\"url\":\"https:\/\/secure.gravatar.com\/avatar\/fe73597d3286e48e5f95eb7e1bd97ea091a03336686cad88ca44eadaa6287761?s=96&d=mm&r=g\",\"contentUrl\":\"https:\/\/secure.gravatar.com\/avatar\/fe73597d3286e48e5f95eb7e1bd97ea091a03336686cad88ca44eadaa6287761?s=96&d=mm&r=g\",\"caption\":\"Make Do\"},\"sameAs\":[\"https:\/\/makedo.net\"],\"url\":\"https:\/\/legacy.colt.net\/de\/resources\/author\/makedo\/\"}]}<\/script>\n<!-- \/ Yoast SEO plugin. -->","yoast_head_json":{"title":"S\u00fcleyman Karaman ab 2017 neuer Gesch\u00e4ftsf\u00fchrer - Colt Technology Services","description":"S\u00fcleyman Karaman ist ab Januar 2017 neuer Gesch\u00e4ftsf\u00fchrer der Colt Technology Services GmbH in Deutschland und gleichzeitig neuer Regional Sales DACH.","robots":{"index":"noindex","follow":"follow","max-snippet":"max-snippet:-1","max-image-preview":"max-image-preview:large","max-video-preview":"max-video-preview:-1"},"og_locale":"de_DE","og_type":"article","og_title":"S\u00fcleyman Karaman ab 2017 neuer Gesch\u00e4ftsf\u00fchrer - Colt Technology Services","og_description":"S\u00fcleyman Karaman ist ab Januar 2017 neuer Gesch\u00e4ftsf\u00fchrer der Colt Technology Services GmbH in Deutschland und gleichzeitig neuer Regional Sales DACH.","og_url":"https:\/\/legacy.colt.net\/de\/resources\/suleyman-karaman-ab-2017-geschaftsfuhrer-und-regional-sales-director-dach\/","og_site_name":"Colt Technology Services","article_publisher":"https:\/\/www.facebook.com\/ColtTechnologyServices\/","article_published_time":"2016-11-17T00:00:00+00:00","article_modified_time":"2021-04-07T19:55:43+00:00","og_image":[{"width":1024,"height":683,"url":"https:\/\/legacy.colt.net\/wp-content\/uploads\/2019\/03\/Colt_Sueleyman_Karaman_Web.jpg","type":"image\/jpeg"}],"author":"Make Do","twitter_card":"summary_large_image","twitter_image":"https:\/\/legacy.colt.net\/wp-content\/uploads\/2019\/03\/Colt_Sueleyman_Karaman_Web.jpg","twitter_creator":"@colt_technology","twitter_site":"@colt_technology","twitter_misc":{"Written by":"Make Do","Est. reading time":"3 minutes"},"schema":{"@context":"https:\/\/schema.org","@graph":[{"@type":"Article","@id":"https:\/\/legacy.colt.net\/de\/resources\/suleyman-karaman-ab-2017-geschaftsfuhrer-und-regional-sales-director-dach\/#article","isPartOf":{"@id":"https:\/\/legacy.colt.net\/de\/resources\/suleyman-karaman-ab-2017-geschaftsfuhrer-und-regional-sales-director-dach\/"},"author":{"name":"Make Do","@id":"https:\/\/legacy.colt.net\/#\/schema\/person\/71cb803a99c6757c1c6940a6f0683e57"},"headline":"S\u00fcleyman Karaman ab 2017 neuer Gesch\u00e4ftsf\u00fchrer","datePublished":"2016-11-17T00:00:00+00:00","dateModified":"2021-04-07T19:55:43+00:00","mainEntityOfPage":{"@id":"https:\/\/legacy.colt.net\/de\/resources\/suleyman-karaman-ab-2017-geschaftsfuhrer-und-regional-sales-director-dach\/"},"wordCount":567,"publisher":{"@id":"https:\/\/legacy.colt.net\/#organization"},"image":{"@id":"https:\/\/legacy.colt.net\/de\/resources\/suleyman-karaman-ab-2017-geschaftsfuhrer-und-regional-sales-director-dach\/#primaryimage"},"thumbnailUrl":"https:\/\/legacy.colt.net\/wp-content\/uploads\/2019\/03\/Colt_Sueleyman_Karaman_Web.jpg","inLanguage":"de-DE"},{"@type":"WebPage","@id":"https:\/\/legacy.colt.net\/de\/resources\/suleyman-karaman-ab-2017-geschaftsfuhrer-und-regional-sales-director-dach\/","url":"https:\/\/legacy.colt.net\/de\/resources\/suleyman-karaman-ab-2017-geschaftsfuhrer-und-regional-sales-director-dach\/","name":"S\u00fcleyman Karaman ab 2017 neuer Gesch\u00e4ftsf\u00fchrer - Colt Technology Services","isPartOf":{"@id":"https:\/\/legacy.colt.net\/#website"},"primaryImageOfPage":{"@id":"https:\/\/legacy.colt.net\/de\/resources\/suleyman-karaman-ab-2017-geschaftsfuhrer-und-regional-sales-director-dach\/#primaryimage"},"image":{"@id":"https:\/\/legacy.colt.net\/de\/resources\/suleyman-karaman-ab-2017-geschaftsfuhrer-und-regional-sales-director-dach\/#primaryimage"},"thumbnailUrl":"https:\/\/legacy.colt.net\/wp-content\/uploads\/2019\/03\/Colt_Sueleyman_Karaman_Web.jpg","datePublished":"2016-11-17T00:00:00+00:00","dateModified":"2021-04-07T19:55:43+00:00","description":"S\u00fcleyman Karaman ist ab Januar 2017 neuer Gesch\u00e4ftsf\u00fchrer der Colt Technology Services GmbH in Deutschland und gleichzeitig neuer Regional Sales DACH.","breadcrumb":{"@id":"https:\/\/legacy.colt.net\/de\/resources\/suleyman-karaman-ab-2017-geschaftsfuhrer-und-regional-sales-director-dach\/#breadcrumb"},"inLanguage":"de-DE","potentialAction":[{"@type":"ReadAction","target":["https:\/\/legacy.colt.net\/de\/resources\/suleyman-karaman-ab-2017-geschaftsfuhrer-und-regional-sales-director-dach\/"]}]},{"@type":"ImageObject","inLanguage":"de-DE","@id":"https:\/\/legacy.colt.net\/de\/resources\/suleyman-karaman-ab-2017-geschaftsfuhrer-und-regional-sales-director-dach\/#primaryimage","url":"https:\/\/legacy.colt.net\/wp-content\/uploads\/2019\/03\/Colt_Sueleyman_Karaman_Web.jpg","contentUrl":"https:\/\/legacy.colt.net\/wp-content\/uploads\/2019\/03\/Colt_Sueleyman_Karaman_Web.jpg","width":1024,"height":683},{"@type":"BreadcrumbList","@id":"https:\/\/legacy.colt.net\/de\/resources\/suleyman-karaman-ab-2017-geschaftsfuhrer-und-regional-sales-director-dach\/#breadcrumb","itemListElement":[{"@type":"ListItem","position":1,"name":"Home","item":"https:\/\/legacy.colt.net\/de\/"},{"@type":"ListItem","position":2,"name":"S\u00fcleyman Karaman ab 2017 neuer Gesch\u00e4ftsf\u00fchrer"}]},{"@type":"WebSite","@id":"https:\/\/legacy.colt.net\/#website","url":"https:\/\/legacy.colt.net\/","name":"Colt\u30c6\u30af\u30ce\u30ed\u30b8\u30fc\u30b5\u30fc\u30d3\u30b9\u682a\u5f0f\u4f1a\u793e","description":"Managed Network &amp; Voice Services Provider","publisher":{"@id":"https:\/\/legacy.colt.net\/#organization"},"potentialAction":[{"@type":"SearchAction","target":{"@type":"EntryPoint","urlTemplate":"https:\/\/legacy.colt.net\/?s={search_term_string}"},"query-input":{"@type":"PropertyValueSpecification","valueRequired":true,"valueName":"search_term_string"}}],"inLanguage":"de-DE"},{"@type":"Organization","@id":"https:\/\/legacy.colt.net\/#organization","name":"Colt Technology Services","url":"https:\/\/legacy.colt.net\/","logo":{"@type":"ImageObject","inLanguage":"de-DE","@id":"https:\/\/legacy.colt.net\/#\/schema\/logo\/image\/","url":"https:\/\/legacy.colt.net\/wp-content\/uploads\/2019\/02\/Colt-Logo.png","contentUrl":"https:\/\/legacy.colt.net\/wp-content\/uploads\/2019\/02\/Colt-Logo.png","width":195,"height":77,"caption":"Colt Technology Services"},"image":{"@id":"https:\/\/legacy.colt.net\/#\/schema\/logo\/image\/"},"sameAs":["https:\/\/www.facebook.com\/ColtTechnologyServices\/","https:\/\/x.com\/colt_technology","https:\/\/www.instagram.com\/colttechnologyservices\/","https:\/\/www.linkedin.com\/company\/colt-technology-services","https:\/\/www.youtube.com\/user\/ColtTechnology"]},{"@type":"Person","@id":"https:\/\/legacy.colt.net\/#\/schema\/person\/71cb803a99c6757c1c6940a6f0683e57","name":"Make Do","image":{"@type":"ImageObject","inLanguage":"de-DE","@id":"https:\/\/legacy.colt.net\/#\/schema\/person\/image\/","url":"https:\/\/secure.gravatar.com\/avatar\/fe73597d3286e48e5f95eb7e1bd97ea091a03336686cad88ca44eadaa6287761?s=96&d=mm&r=g","contentUrl":"https:\/\/secure.gravatar.com\/avatar\/fe73597d3286e48e5f95eb7e1bd97ea091a03336686cad88ca44eadaa6287761?s=96&d=mm&r=g","caption":"Make Do"},"sameAs":["https:\/\/makedo.net"],"url":"https:\/\/legacy.colt.net\/de\/resources\/author\/makedo\/"}]}},"_links":{"self":[{"href":"https:\/\/legacy.colt.net\/de\/wp-json\/wp\/v2\/posts\/45447","targetHints":{"allow":["GET"]}}],"collection":[{"href":"https:\/\/legacy.colt.net\/de\/wp-json\/wp\/v2\/posts"}],"about":[{"href":"https:\/\/legacy.colt.net\/de\/wp-json\/wp\/v2\/types\/post"}],"author":[{"embeddable":true,"href":"https:\/\/legacy.colt.net\/de\/wp-json\/wp\/v2\/users\/112"}],"replies":[{"embeddable":true,"href":"https:\/\/legacy.colt.net\/de\/wp-json\/wp\/v2\/comments?post=45447"}],"version-history":[{"count":0,"href":"https:\/\/legacy.colt.net\/de\/wp-json\/wp\/v2\/posts\/45447\/revisions"}],"wp:featuredmedia":[{"embeddable":true,"href":"https:\/\/legacy.colt.net\/de\/wp-json\/wp\/v2\/media\/45448"}],"wp:attachment":[{"href":"https:\/\/legacy.colt.net\/de\/wp-json\/wp\/v2\/media?parent=45447"}],"wp:term":[{"taxonomy":"colt_type","embeddable":true,"href":"https:\/\/legacy.colt.net\/de\/wp-json\/wp\/v2\/colt_type?post=45447"},{"taxonomy":"colt_ind","embeddable":true,"href":"https:\/\/legacy.colt.net\/de\/wp-json\/wp\/v2\/colt_ind?post=45447"},{"taxonomy":"colt_products","embeddable":true,"href":"https:\/\/legacy.colt.net\/de\/wp-json\/wp\/v2\/colt_products?post=45447"},{"taxonomy":"colt_solutions","embeddable":true,"href":"https:\/\/legacy.colt.net\/de\/wp-json\/wp\/v2\/colt_solutions?post=45447"}],"curies":[{"name":"wp","href":"https:\/\/api.w.org\/{rel}","templated":true}]}}