{"id":45346,"date":"2016-09-16T00:00:00","date_gmt":"2016-09-15T23:00:00","guid":{"rendered":"https:\/\/www.colt.net\/resources\/colt-bike-ride-wir-radeln-fur-den-guten-zweck\/"},"modified":"2021-04-09T00:06:01","modified_gmt":"2021-04-08T23:06:01","slug":"colt-bike-ride-wir-radeln-fur-den-guten-zweck","status":"publish","type":"post","link":"https:\/\/legacy.colt.net\/de\/resources\/colt-bike-ride-wir-radeln-fur-den-guten-zweck\/","title":{"rendered":"Colt Bike Ride: Wir radeln f\u00fcr den guten Zweck"},"content":{"rendered":"<p>Vadim Bobrow hat sich auf den Colt Bike Ride erfolgreich vorbereitet. \u201eMittlerweile habe ich die St\u00fctzr\u00e4der abmontiert\u201c, scherzt er. \u00dcber hundert Fahrer starten am 16. September ihre Radtour von Marseille nach Barcelona. Sie fahren 580 Kilometer durch Frankreich und Spanien und sammeln daf\u00fcr Spenden f\u00fcr den guten Zweck.<\/p>\n<p><img loading=\"lazy\" decoding=\"async\" class=\"alignnone size-medium wp-image-11543\" src=\"https:\/\/legacy.colt.net\/wp-content\/uploads\/2019\/03\/Colt-Bike-Ride-Fahrer-Frieling-Max-300x150.jpg\" alt=\"Colt-Bike-Ride-Fahrer-Frieling-Max\" width=\"300\" height=\"150\" \/> <img loading=\"lazy\" decoding=\"async\" class=\"alignnone size-medium wp-image-11542\" src=\"https:\/\/legacy.colt.net\/wp-content\/uploads\/2019\/03\/Colt-Bike-Ride-Fahrer-Boes-Thorsten-300x150.jpg\" alt=\"Colt-Bike-Ride-Fahrer-Boes-Thorsten\" width=\"300\" height=\"150\" \/> <img loading=\"lazy\" decoding=\"async\" class=\"alignnone size-medium wp-image-11541\" src=\"https:\/\/legacy.colt.net\/wp-content\/uploads\/2019\/03\/Colt-Bike-Ride-Fahrer-Bobrow-Vadim-300x150.jpg\" alt=\"Colt-Bike-Ride-Fahrer-Bobrow-Vadim\" width=\"300\" height=\"150\" \/> <img loading=\"lazy\" decoding=\"async\" class=\"alignnone size-medium wp-image-11540\" src=\"https:\/\/legacy.colt.net\/wp-content\/uploads\/2019\/03\/Colt-Bike-Ride-Emrich-Martina-300x150.jpg\" alt=\"Colt-Bike-Ride-Emrich-Martina\" width=\"300\" height=\"150\" \/><\/p>\n<p>Die Radler unterst\u00fctzen mit ihrem Einsatz die gr\u00f6\u00dfte \u201eCorporate Social Responsibility\u201c-Aktion (CSR) von Colt. Das Unternehmen veranstaltet den Bike Ride bereits zum f\u00fcnften Mal in Folge. Die Erl\u00f6se der deutschen Fahrer gehen in diesem Jahr an HandicapAid. Die Stiftung aus Frankfurt am Main hilft Menschen mit Behinderung sowie deren Familien, denn die F\u00f6rderm\u00f6glichkeiten gerade f\u00fcr Jugendliche und junge Erwachsene mit geistigen Behinderungen sind sehr gering. Dies f\u00fchrte zur Gr\u00fcndung der Stiftung durch eine nahe Verwandte von Dr. Joachim Sinzig, der selbst mitradelt und sagt:\u201eDaher habe ich eine sehr pers\u00f6nliche Verbindung zu unserer Spendenaktion\u201c.<\/p>\n<p>F\u00fcr Joachim Sinzig ist es wichtig, dass nicht nur private Initiativen Hilfsaktionen organisieren, sondern auch Unternehmen ihre gesellschaftliche Verantwortung wahrnehmen. Das sehen auch die anderen Colt-Radler so. \u201eKunden richten ihr Kaufverhalten zunehmend darauf aus, ob ein Unternehmen seiner CSR gen\u00fcgt und wie es sich ,moralisch\u2018 verh\u00e4lt. Deshalb gibt es ein unternehmerisches Interesse, Aufwendungen und Kosten auch f\u00fcr gesellschaftliches Handeln einzusetzen und dar\u00fcber zu sprechen. Es ist schlussendlich eine Situation, von der alle Beteiligten profitieren\u201c, sagt J\u00fcrgen Mellinghoff. Oliver Wei\u00df erg\u00e4nzt: \u201eDie Kraft eines Unternehmens wie Colt ist nicht nur in den Kernwirtschaftsbereichen, sondern auch bei sozialen Projekten nutzbar.\u201c<\/p>\n<p><img loading=\"lazy\" decoding=\"async\" class=\"alignnone size-medium wp-image-11544\" src=\"https:\/\/legacy.colt.net\/wp-content\/uploads\/2019\/03\/Colt-Bike-Ride-Fahrer-Helffer-Claire-300x150.jpg\" alt=\"Colt-Bike-Ride-Fahrer-Helffer-Claire\" width=\"300\" height=\"150\" \/> <img loading=\"lazy\" decoding=\"async\" class=\"alignnone size-medium wp-image-11545\" src=\"https:\/\/legacy.colt.net\/wp-content\/uploads\/2019\/03\/Colt-Bike-Ride-Fahrer-Sinzig-Joachim-300x150.jpg\" alt=\"Colt-Bike-Ride-Fahrer-Sinzig-Joachim\" width=\"300\" height=\"150\" \/> <img loading=\"lazy\" decoding=\"async\" class=\"alignnone size-medium wp-image-11546\" src=\"https:\/\/legacy.colt.net\/wp-content\/uploads\/2019\/03\/Colt-Bike-Ride-Fahrer-Wiese-Marek-300x150.jpg\" alt=\"Colt-Bike-Ride-Fahrer-Wiese-Marek\" width=\"300\" height=\"150\" \/><\/p>\n<p>Beim Colt Bike Ride fahren wie in den Vorjahren Mitarbeiter aller Positionen aus allen Gesch\u00e4ftsbereichen mit &#8211; vom Vorstand bis zum Account Manager. Dieses Jahr treten zus\u00e4tzlich erstmals auch zwei Partner in die Pedale. F\u00fcr Oliver Baumann bedeutet Rad fahren \u201eFitness-Training und Entspannung gleichzeitig.\u201c Marek Wiese freut sich darauf, neue Kollegen kennenzulernen, mit denen er normalerweise nicht zusammenarbeitet. Einige der deutschen Fahrer nehmen zum zweiten Mal am Bike Ride teil, andere feiern ihre Premiere. Eins haben sie jedoch alle gemeinsam: Mit St\u00fctzr\u00e4dern ist keiner unterwegs. Alle haben sich auf die 580 Kilometer gewissenhaft vorbereitet. Max Frieling \u201everbrachte scheinbar endlose Stunden und Kilometer auf dem Rad\u201c. Thorsten B\u00f6s ist dieses Jahr bereits \u00fcber 2.500 Kilometer geradelt. Bei 13 Radtourenfahrten und einem Rad-Marathon sind die zusammengekommen. Martina Emrich f\u00e4hrt seit Wochen regelm\u00e4\u00dfig Rennrad und absolvierte ebenso erfolgreich einen Rad-Marathon \u00fcber 200 Kilometer. Claire Helffer ist mit ihrem Mountainbike durch den Berliner Grunewald und in den Alpen gefahren. Seit einigen Wochen trainiert sie mit ihrem j\u00fcngsten Sohn im Anh\u00e4nger.<\/p>\n<p><img loading=\"lazy\" decoding=\"async\" class=\"alignnone size-medium wp-image-11547\" src=\"https:\/\/legacy.colt.net\/wp-content\/uploads\/2019\/03\/Colt-Bike-Ride-Partner-Helle-Richard-300x150.jpg\" alt=\"Colt-Bike-Ride-Partner-Helle-Richard\" width=\"300\" height=\"150\" \/> <img loading=\"lazy\" decoding=\"async\" class=\"alignnone size-medium wp-image-11548\" src=\"https:\/\/legacy.colt.net\/wp-content\/uploads\/2019\/03\/Colt-Bike-Ride-Partner-Krueger-Daniel-300x150.jpg\" alt=\"Colt-Bike-Ride-Partner-Krueger-Daniel\" width=\"300\" height=\"150\" \/><\/p>\n<p>Thorsten B\u00f6s bringt die Motivation aller Mitarbeiter auf den Punkt: \u201eIch kann beim Bike Ride das, was ich wirklich gerne tue, mit etwas N\u00fctzlichem und sozialen Engagement verbinden.\u201c Um ein m\u00f6glichst hohes Spendenaufkommen zu gew\u00e4hrleisten, hat sich jeder Teilnehmer verpflichtet, mindestens 650 Euro zu sammeln. Daf\u00fcr r\u00fchren alle Radler im Bekanntenkreis sowie in sozialen Netzwerken kr\u00e4ftig die Werbetrommel, auch Marek Wiese: \u201eIch appelliere an die soziale Verpflichtung, etwas Gutes zu tun, wenn es einem selbst gut geht.\u201c Auch Sie k\u00f6nnen unsere Fahrer unterst\u00fctzen und spenden. HandicapAid investiert das gespendete Geld in Sportkurse f\u00fcr Menschen mit Behinderung.<\/p>\n<p>Hier gibt es <a href=\"https:\/\/www.youcaring.com\/handicapaid-606040\" target=\"_blank\" rel=\"noopener noreferrer\">weitere Informationen zum Projekt.<\/a><\/p>\n","protected":false},"excerpt":{"rendered":"<p>\u00dcber 100 Fahrer starten beim Colt Bike Ride, um Spenden f\u00fcr die Stiftung HandicapAid zu sammeln.<\/p>\n","protected":false},"author":112,"featured_media":0,"comment_status":"closed","ping_status":"closed","sticky":false,"template":"","format":"standard","meta":{"_acf_changed":false,"footnotes":""},"colt_type":[1170],"colt_ind":[1211],"colt_products":[],"colt_solutions":[],"class_list":["post-45346","post","type-post","status-publish","format-standard","hentry","colt_type-blog-de","colt_ind-business-de"],"acf":[],"yoast_head":"<!-- This site is optimized with the Yoast SEO plugin v26.8 - https:\/\/yoast.com\/product\/yoast-seo-wordpress\/ -->\n<title>Colt Bike Ride: Wir radeln f\u00fcr den guten Zweck - Colt Technology Services<\/title>\n<meta name=\"description\" content=\"\u00dcber 100 Fahrer starten beim Colt Bike Ride, um Spenden f\u00fcr die Stiftung HandicapAid zu sammeln.\" \/>\n<meta name=\"robots\" content=\"noindex, follow, max-snippet:-1, max-image-preview:large, max-video-preview:-1\" \/>\n<meta property=\"og:locale\" content=\"de_DE\" \/>\n<meta property=\"og:type\" content=\"article\" \/>\n<meta property=\"og:title\" content=\"Colt Bike Ride: Wir radeln f\u00fcr den guten Zweck - Colt Technology Services\" \/>\n<meta property=\"og:description\" content=\"\u00dcber 100 Fahrer starten beim Colt Bike Ride, um Spenden f\u00fcr die Stiftung HandicapAid zu sammeln.\" \/>\n<meta property=\"og:url\" content=\"https:\/\/legacy.colt.net\/de\/resources\/colt-bike-ride-wir-radeln-fur-den-guten-zweck\/\" \/>\n<meta property=\"og:site_name\" content=\"Colt Technology Services\" \/>\n<meta property=\"article:publisher\" content=\"https:\/\/www.facebook.com\/ColtTechnologyServices\/\" \/>\n<meta property=\"article:published_time\" content=\"2016-09-15T23:00:00+00:00\" \/>\n<meta property=\"article:modified_time\" content=\"2021-04-08T23:06:01+00:00\" \/>\n<meta property=\"og:image\" content=\"https:\/\/legacy.colt.net\/wp-content\/uploads\/2021\/01\/Brand-2021-Stock-43.jpg\" \/>\n\t<meta property=\"og:image:width\" content=\"1000\" \/>\n\t<meta property=\"og:image:height\" content=\"667\" \/>\n\t<meta property=\"og:image:type\" content=\"image\/jpeg\" \/>\n<meta name=\"author\" content=\"Make Do\" \/>\n<meta name=\"twitter:card\" content=\"summary_large_image\" \/>\n<meta name=\"twitter:creator\" content=\"@colt_technology\" \/>\n<meta name=\"twitter:site\" content=\"@colt_technology\" \/>\n<meta name=\"twitter:label1\" content=\"Written by\" \/>\n\t<meta name=\"twitter:data1\" content=\"Make Do\" \/>\n\t<meta name=\"twitter:label2\" content=\"Est. reading time\" \/>\n\t<meta name=\"twitter:data2\" content=\"5 minutes\" \/>\n<script type=\"application\/ld+json\" class=\"yoast-schema-graph\">{\"@context\":\"https:\/\/schema.org\",\"@graph\":[{\"@type\":\"Article\",\"@id\":\"https:\/\/legacy.colt.net\/de\/resources\/colt-bike-ride-wir-radeln-fur-den-guten-zweck\/#article\",\"isPartOf\":{\"@id\":\"https:\/\/legacy.colt.net\/de\/resources\/colt-bike-ride-wir-radeln-fur-den-guten-zweck\/\"},\"author\":{\"name\":\"Make Do\",\"@id\":\"https:\/\/legacy.colt.net\/#\/schema\/person\/71cb803a99c6757c1c6940a6f0683e57\"},\"headline\":\"Colt Bike Ride: Wir radeln f\u00fcr den guten Zweck\",\"datePublished\":\"2016-09-15T23:00:00+00:00\",\"dateModified\":\"2021-04-08T23:06:01+00:00\",\"mainEntityOfPage\":{\"@id\":\"https:\/\/legacy.colt.net\/de\/resources\/colt-bike-ride-wir-radeln-fur-den-guten-zweck\/\"},\"wordCount\":554,\"publisher\":{\"@id\":\"https:\/\/legacy.colt.net\/#organization\"},\"image\":{\"@id\":\"https:\/\/legacy.colt.net\/de\/resources\/colt-bike-ride-wir-radeln-fur-den-guten-zweck\/#primaryimage\"},\"thumbnailUrl\":\"https:\/\/legacy.colt.net\/wp-content\/uploads\/2019\/03\/Colt-Bike-Ride-Fahrer-Frieling-Max-300x150.jpg\",\"articleSection\":[\"General\"],\"inLanguage\":\"de-DE\"},{\"@type\":\"WebPage\",\"@id\":\"https:\/\/legacy.colt.net\/de\/resources\/colt-bike-ride-wir-radeln-fur-den-guten-zweck\/\",\"url\":\"https:\/\/legacy.colt.net\/de\/resources\/colt-bike-ride-wir-radeln-fur-den-guten-zweck\/\",\"name\":\"Colt Bike Ride: Wir radeln f\u00fcr den guten Zweck - Colt Technology Services\",\"isPartOf\":{\"@id\":\"https:\/\/legacy.colt.net\/#website\"},\"primaryImageOfPage\":{\"@id\":\"https:\/\/legacy.colt.net\/de\/resources\/colt-bike-ride-wir-radeln-fur-den-guten-zweck\/#primaryimage\"},\"image\":{\"@id\":\"https:\/\/legacy.colt.net\/de\/resources\/colt-bike-ride-wir-radeln-fur-den-guten-zweck\/#primaryimage\"},\"thumbnailUrl\":\"https:\/\/legacy.colt.net\/wp-content\/uploads\/2019\/03\/Colt-Bike-Ride-Fahrer-Frieling-Max-300x150.jpg\",\"datePublished\":\"2016-09-15T23:00:00+00:00\",\"dateModified\":\"2021-04-08T23:06:01+00:00\",\"description\":\"\u00dcber 100 Fahrer starten beim Colt Bike Ride, um Spenden f\u00fcr die Stiftung HandicapAid zu sammeln.\",\"breadcrumb\":{\"@id\":\"https:\/\/legacy.colt.net\/de\/resources\/colt-bike-ride-wir-radeln-fur-den-guten-zweck\/#breadcrumb\"},\"inLanguage\":\"de-DE\",\"potentialAction\":[{\"@type\":\"ReadAction\",\"target\":[\"https:\/\/legacy.colt.net\/de\/resources\/colt-bike-ride-wir-radeln-fur-den-guten-zweck\/\"]}]},{\"@type\":\"ImageObject\",\"inLanguage\":\"de-DE\",\"@id\":\"https:\/\/legacy.colt.net\/de\/resources\/colt-bike-ride-wir-radeln-fur-den-guten-zweck\/#primaryimage\",\"url\":\"https:\/\/legacy.colt.net\/wp-content\/uploads\/2019\/03\/Colt-Bike-Ride-Fahrer-Frieling-Max-300x150.jpg\",\"contentUrl\":\"https:\/\/legacy.colt.net\/wp-content\/uploads\/2019\/03\/Colt-Bike-Ride-Fahrer-Frieling-Max-300x150.jpg\"},{\"@type\":\"BreadcrumbList\",\"@id\":\"https:\/\/legacy.colt.net\/de\/resources\/colt-bike-ride-wir-radeln-fur-den-guten-zweck\/#breadcrumb\",\"itemListElement\":[{\"@type\":\"ListItem\",\"position\":1,\"name\":\"Home\",\"item\":\"https:\/\/legacy.colt.net\/de\/\"},{\"@type\":\"ListItem\",\"position\":2,\"name\":\"Blogs\",\"item\":\"https:\/\/legacy.colt.net\/de\/resources\/type\/blog-de\/\"},{\"@type\":\"ListItem\",\"position\":3,\"name\":\"Colt Bike Ride: Wir radeln f\u00fcr den guten Zweck\"}]},{\"@type\":\"WebSite\",\"@id\":\"https:\/\/legacy.colt.net\/#website\",\"url\":\"https:\/\/legacy.colt.net\/\",\"name\":\"Colt\u30c6\u30af\u30ce\u30ed\u30b8\u30fc\u30b5\u30fc\u30d3\u30b9\u682a\u5f0f\u4f1a\u793e\",\"description\":\"Managed Network &amp; Voice Services Provider\",\"publisher\":{\"@id\":\"https:\/\/legacy.colt.net\/#organization\"},\"potentialAction\":[{\"@type\":\"SearchAction\",\"target\":{\"@type\":\"EntryPoint\",\"urlTemplate\":\"https:\/\/legacy.colt.net\/?s={search_term_string}\"},\"query-input\":{\"@type\":\"PropertyValueSpecification\",\"valueRequired\":true,\"valueName\":\"search_term_string\"}}],\"inLanguage\":\"de-DE\"},{\"@type\":\"Organization\",\"@id\":\"https:\/\/legacy.colt.net\/#organization\",\"name\":\"Colt Technology Services\",\"url\":\"https:\/\/legacy.colt.net\/\",\"logo\":{\"@type\":\"ImageObject\",\"inLanguage\":\"de-DE\",\"@id\":\"https:\/\/legacy.colt.net\/#\/schema\/logo\/image\/\",\"url\":\"https:\/\/legacy.colt.net\/wp-content\/uploads\/2019\/02\/Colt-Logo.png\",\"contentUrl\":\"https:\/\/legacy.colt.net\/wp-content\/uploads\/2019\/02\/Colt-Logo.png\",\"width\":195,\"height\":77,\"caption\":\"Colt Technology Services\"},\"image\":{\"@id\":\"https:\/\/legacy.colt.net\/#\/schema\/logo\/image\/\"},\"sameAs\":[\"https:\/\/www.facebook.com\/ColtTechnologyServices\/\",\"https:\/\/x.com\/colt_technology\",\"https:\/\/www.instagram.com\/colttechnologyservices\/\",\"https:\/\/www.linkedin.com\/company\/colt-technology-services\",\"https:\/\/www.youtube.com\/user\/ColtTechnology\"]},{\"@type\":\"Person\",\"@id\":\"https:\/\/legacy.colt.net\/#\/schema\/person\/71cb803a99c6757c1c6940a6f0683e57\",\"name\":\"Make Do\",\"image\":{\"@type\":\"ImageObject\",\"inLanguage\":\"de-DE\",\"@id\":\"https:\/\/legacy.colt.net\/#\/schema\/person\/image\/\",\"url\":\"https:\/\/secure.gravatar.com\/avatar\/fe73597d3286e48e5f95eb7e1bd97ea091a03336686cad88ca44eadaa6287761?s=96&d=mm&r=g\",\"contentUrl\":\"https:\/\/secure.gravatar.com\/avatar\/fe73597d3286e48e5f95eb7e1bd97ea091a03336686cad88ca44eadaa6287761?s=96&d=mm&r=g\",\"caption\":\"Make Do\"},\"sameAs\":[\"https:\/\/makedo.net\"],\"url\":\"https:\/\/legacy.colt.net\/de\/resources\/author\/makedo\/\"}]}<\/script>\n<!-- \/ Yoast SEO plugin. -->","yoast_head_json":{"title":"Colt Bike Ride: Wir radeln f\u00fcr den guten Zweck - Colt Technology Services","description":"\u00dcber 100 Fahrer starten beim Colt Bike Ride, um Spenden f\u00fcr die Stiftung HandicapAid zu sammeln.","robots":{"index":"noindex","follow":"follow","max-snippet":"max-snippet:-1","max-image-preview":"max-image-preview:large","max-video-preview":"max-video-preview:-1"},"og_locale":"de_DE","og_type":"article","og_title":"Colt Bike Ride: Wir radeln f\u00fcr den guten Zweck - Colt Technology Services","og_description":"\u00dcber 100 Fahrer starten beim Colt Bike Ride, um Spenden f\u00fcr die Stiftung HandicapAid zu sammeln.","og_url":"https:\/\/legacy.colt.net\/de\/resources\/colt-bike-ride-wir-radeln-fur-den-guten-zweck\/","og_site_name":"Colt Technology Services","article_publisher":"https:\/\/www.facebook.com\/ColtTechnologyServices\/","article_published_time":"2016-09-15T23:00:00+00:00","article_modified_time":"2021-04-08T23:06:01+00:00","og_image":[{"width":1000,"height":667,"url":"https:\/\/legacy.colt.net\/wp-content\/uploads\/2021\/01\/Brand-2021-Stock-43.jpg","type":"image\/jpeg"}],"author":"Make Do","twitter_card":"summary_large_image","twitter_creator":"@colt_technology","twitter_site":"@colt_technology","twitter_misc":{"Written by":"Make Do","Est. reading time":"5 minutes"},"schema":{"@context":"https:\/\/schema.org","@graph":[{"@type":"Article","@id":"https:\/\/legacy.colt.net\/de\/resources\/colt-bike-ride-wir-radeln-fur-den-guten-zweck\/#article","isPartOf":{"@id":"https:\/\/legacy.colt.net\/de\/resources\/colt-bike-ride-wir-radeln-fur-den-guten-zweck\/"},"author":{"name":"Make Do","@id":"https:\/\/legacy.colt.net\/#\/schema\/person\/71cb803a99c6757c1c6940a6f0683e57"},"headline":"Colt Bike Ride: Wir radeln f\u00fcr den guten Zweck","datePublished":"2016-09-15T23:00:00+00:00","dateModified":"2021-04-08T23:06:01+00:00","mainEntityOfPage":{"@id":"https:\/\/legacy.colt.net\/de\/resources\/colt-bike-ride-wir-radeln-fur-den-guten-zweck\/"},"wordCount":554,"publisher":{"@id":"https:\/\/legacy.colt.net\/#organization"},"image":{"@id":"https:\/\/legacy.colt.net\/de\/resources\/colt-bike-ride-wir-radeln-fur-den-guten-zweck\/#primaryimage"},"thumbnailUrl":"https:\/\/legacy.colt.net\/wp-content\/uploads\/2019\/03\/Colt-Bike-Ride-Fahrer-Frieling-Max-300x150.jpg","articleSection":["General"],"inLanguage":"de-DE"},{"@type":"WebPage","@id":"https:\/\/legacy.colt.net\/de\/resources\/colt-bike-ride-wir-radeln-fur-den-guten-zweck\/","url":"https:\/\/legacy.colt.net\/de\/resources\/colt-bike-ride-wir-radeln-fur-den-guten-zweck\/","name":"Colt Bike Ride: Wir radeln f\u00fcr den guten Zweck - Colt Technology Services","isPartOf":{"@id":"https:\/\/legacy.colt.net\/#website"},"primaryImageOfPage":{"@id":"https:\/\/legacy.colt.net\/de\/resources\/colt-bike-ride-wir-radeln-fur-den-guten-zweck\/#primaryimage"},"image":{"@id":"https:\/\/legacy.colt.net\/de\/resources\/colt-bike-ride-wir-radeln-fur-den-guten-zweck\/#primaryimage"},"thumbnailUrl":"https:\/\/legacy.colt.net\/wp-content\/uploads\/2019\/03\/Colt-Bike-Ride-Fahrer-Frieling-Max-300x150.jpg","datePublished":"2016-09-15T23:00:00+00:00","dateModified":"2021-04-08T23:06:01+00:00","description":"\u00dcber 100 Fahrer starten beim Colt Bike Ride, um Spenden f\u00fcr die Stiftung HandicapAid zu sammeln.","breadcrumb":{"@id":"https:\/\/legacy.colt.net\/de\/resources\/colt-bike-ride-wir-radeln-fur-den-guten-zweck\/#breadcrumb"},"inLanguage":"de-DE","potentialAction":[{"@type":"ReadAction","target":["https:\/\/legacy.colt.net\/de\/resources\/colt-bike-ride-wir-radeln-fur-den-guten-zweck\/"]}]},{"@type":"ImageObject","inLanguage":"de-DE","@id":"https:\/\/legacy.colt.net\/de\/resources\/colt-bike-ride-wir-radeln-fur-den-guten-zweck\/#primaryimage","url":"https:\/\/legacy.colt.net\/wp-content\/uploads\/2019\/03\/Colt-Bike-Ride-Fahrer-Frieling-Max-300x150.jpg","contentUrl":"https:\/\/legacy.colt.net\/wp-content\/uploads\/2019\/03\/Colt-Bike-Ride-Fahrer-Frieling-Max-300x150.jpg"},{"@type":"BreadcrumbList","@id":"https:\/\/legacy.colt.net\/de\/resources\/colt-bike-ride-wir-radeln-fur-den-guten-zweck\/#breadcrumb","itemListElement":[{"@type":"ListItem","position":1,"name":"Home","item":"https:\/\/legacy.colt.net\/de\/"},{"@type":"ListItem","position":2,"name":"Blogs","item":"https:\/\/legacy.colt.net\/de\/resources\/type\/blog-de\/"},{"@type":"ListItem","position":3,"name":"Colt Bike Ride: Wir radeln f\u00fcr den guten Zweck"}]},{"@type":"WebSite","@id":"https:\/\/legacy.colt.net\/#website","url":"https:\/\/legacy.colt.net\/","name":"Colt\u30c6\u30af\u30ce\u30ed\u30b8\u30fc\u30b5\u30fc\u30d3\u30b9\u682a\u5f0f\u4f1a\u793e","description":"Managed Network &amp; Voice Services Provider","publisher":{"@id":"https:\/\/legacy.colt.net\/#organization"},"potentialAction":[{"@type":"SearchAction","target":{"@type":"EntryPoint","urlTemplate":"https:\/\/legacy.colt.net\/?s={search_term_string}"},"query-input":{"@type":"PropertyValueSpecification","valueRequired":true,"valueName":"search_term_string"}}],"inLanguage":"de-DE"},{"@type":"Organization","@id":"https:\/\/legacy.colt.net\/#organization","name":"Colt Technology Services","url":"https:\/\/legacy.colt.net\/","logo":{"@type":"ImageObject","inLanguage":"de-DE","@id":"https:\/\/legacy.colt.net\/#\/schema\/logo\/image\/","url":"https:\/\/legacy.colt.net\/wp-content\/uploads\/2019\/02\/Colt-Logo.png","contentUrl":"https:\/\/legacy.colt.net\/wp-content\/uploads\/2019\/02\/Colt-Logo.png","width":195,"height":77,"caption":"Colt Technology Services"},"image":{"@id":"https:\/\/legacy.colt.net\/#\/schema\/logo\/image\/"},"sameAs":["https:\/\/www.facebook.com\/ColtTechnologyServices\/","https:\/\/x.com\/colt_technology","https:\/\/www.instagram.com\/colttechnologyservices\/","https:\/\/www.linkedin.com\/company\/colt-technology-services","https:\/\/www.youtube.com\/user\/ColtTechnology"]},{"@type":"Person","@id":"https:\/\/legacy.colt.net\/#\/schema\/person\/71cb803a99c6757c1c6940a6f0683e57","name":"Make Do","image":{"@type":"ImageObject","inLanguage":"de-DE","@id":"https:\/\/legacy.colt.net\/#\/schema\/person\/image\/","url":"https:\/\/secure.gravatar.com\/avatar\/fe73597d3286e48e5f95eb7e1bd97ea091a03336686cad88ca44eadaa6287761?s=96&d=mm&r=g","contentUrl":"https:\/\/secure.gravatar.com\/avatar\/fe73597d3286e48e5f95eb7e1bd97ea091a03336686cad88ca44eadaa6287761?s=96&d=mm&r=g","caption":"Make Do"},"sameAs":["https:\/\/makedo.net"],"url":"https:\/\/legacy.colt.net\/de\/resources\/author\/makedo\/"}]}},"_links":{"self":[{"href":"https:\/\/legacy.colt.net\/de\/wp-json\/wp\/v2\/posts\/45346","targetHints":{"allow":["GET"]}}],"collection":[{"href":"https:\/\/legacy.colt.net\/de\/wp-json\/wp\/v2\/posts"}],"about":[{"href":"https:\/\/legacy.colt.net\/de\/wp-json\/wp\/v2\/types\/post"}],"author":[{"embeddable":true,"href":"https:\/\/legacy.colt.net\/de\/wp-json\/wp\/v2\/users\/112"}],"replies":[{"embeddable":true,"href":"https:\/\/legacy.colt.net\/de\/wp-json\/wp\/v2\/comments?post=45346"}],"version-history":[{"count":0,"href":"https:\/\/legacy.colt.net\/de\/wp-json\/wp\/v2\/posts\/45346\/revisions"}],"wp:attachment":[{"href":"https:\/\/legacy.colt.net\/de\/wp-json\/wp\/v2\/media?parent=45346"}],"wp:term":[{"taxonomy":"colt_type","embeddable":true,"href":"https:\/\/legacy.colt.net\/de\/wp-json\/wp\/v2\/colt_type?post=45346"},{"taxonomy":"colt_ind","embeddable":true,"href":"https:\/\/legacy.colt.net\/de\/wp-json\/wp\/v2\/colt_ind?post=45346"},{"taxonomy":"colt_products","embeddable":true,"href":"https:\/\/legacy.colt.net\/de\/wp-json\/wp\/v2\/colt_products?post=45346"},{"taxonomy":"colt_solutions","embeddable":true,"href":"https:\/\/legacy.colt.net\/de\/wp-json\/wp\/v2\/colt_solutions?post=45346"}],"curies":[{"name":"wp","href":"https:\/\/api.w.org\/{rel}","templated":true}]}}