{"id":44759,"date":"2009-05-11T00:00:00","date_gmt":"2009-05-10T23:00:00","guid":{"rendered":"https:\/\/www.colt.net\/resources\/dr-juergen-hernichel-ist-neues-mitglied-des-vatm-praesidiums\/"},"modified":"2009-05-11T00:00:00","modified_gmt":"2009-05-10T23:00:00","slug":"dr-juergen-hernichel-ist-neues-mitglied-des-vatm-praesidiums","status":"publish","type":"post","link":"https:\/\/legacy.colt.net\/de\/resources\/dr-juergen-hernichel-ist-neues-mitglied-des-vatm-praesidiums\/","title":{"rendered":"Dr.J\u00fcrgen Hernichel ist neues Mitglied des VATM-Pr\u00e4sidiums"},"content":{"rendered":"<div class=\"show_bullets\">\n<p>Dr. J\u00fcrgen Hernichel, Vorsitzender der Gesch\u00e4ftsf\u00fchrung von COLT Telecom in Deutschland, wurde zum neuen Pr\u00e4sidiumsmitglied des Verbandes der Anbieter von Telekommunikations- und Mehrwertdiensten e.V. (VATM) gew\u00e4hlt. Die Entscheidung fiel bei der Mitgliederversammlung des Branchenverbandes am 7. Mai 2009. Hernichel vertritt im VATM-Pr\u00e4sidium ab sofort die Interessen der TK-Anbieter aus dem Gesch\u00e4ftskunden-Bereich.<\/p>\n<p>COLT ist langj\u00e4hriges Mitglied des VATM und unterst\u00fctzt den Verband nachhaltig bei seinem Anliegen, Wettbewerbsbedingungen zu schaffen, die allen Unternehmen im TK-Markt eine faire Chance, Planungssicherheit und Investitionssicherheit bieten. Dies steht im Zusammenhang mit dem Engagement von COLT f\u00fcr eine europaweit einheitliche Regulierung des Telekommunikationsmarktes.<\/p>\n<p>&quot;Ich freue mich auf die neue Aufgabe, denn mit seinem hohen Organisationsgrad ist der VATM einer der einflussreichsten Verb\u00e4nde der deutschen Telekommunikationsbranche&quot;, sagt Dr. J\u00fcrgen Hernichel. &quot;F\u00fcr das Ziel des VATM, faire Rahmenbedingungen f\u00fcr alle Wettbewerber zu schaffen, steht auch COLT Telecom. Ich werde daher mit gro\u00dfem Engagement als Sprachrohr f\u00fcr die Anliegen der ITK-Anbieter agieren.&quot;<\/p>\n<p>Dr. J\u00fcrgen Hernichel ist seit November 2008 als Vorsitzender der Gesch\u00e4ftsf\u00fchrung von COLT Telecom in Deutschland t\u00e4tig. Er verf\u00fcgt \u00fcber 20 Jahre Erfahrung in der IT- und TK-Branche und war vor seinem Engagement f\u00fcr COLT unter anderem \u00fcber sieben Jahre in verschiedenen Gesch\u00e4ftsleitungs- und Gesch\u00e4ftsf\u00fchrungspositionen bei T-Systems t\u00e4tig, dem Gesch\u00e4ftskundenbereich der Deutschen Telekom AG.<\/p>\n<p><strong><font color=\"#008080\"><br \/>\u00dcber COLT Telecom<\/font><\/strong><\/p>\n<p>COLT ist einer der f\u00fchrenden Anbieter von ITK-L\u00f6sungen f\u00fcr Gro\u00dfunternehmen, kleine und mittlere Unternehmen (SME) sowie Wholesale-Kunden in Europa und bietet ihnen ein breites Portfolio an Daten-, Sprach- und Managed Services. COLT betreibt ein 25.000 Kilometer langes Glasfasernetz, das sich \u00fcber 13 L\u00e4nder erstreckt. Das Netz umfasst eigene Stadtnetze in den 34 wichtigsten europ\u00e4ischen Metropolen mit direkten Glasfaserverbindungen in 16.000 Geb\u00e4ude und 18 eigene Rechenzentren.<\/p>\n<p>Die Muttergesellschaft COLT Telecom Group S.A. ist an der London Stock Exchange (COLT) gelistet. Mehr Informationen \u00fcber das Unternehmen und seine Dienstleistungen unter <a href=\"https:\/\/legacy.colt.net\">https:\/\/legacy.colt.net<\/a><\/p>\n<p><strong><font color=\"#008080\">Pressekontakt COLT Telecom:<\/font><\/strong><\/p>\n<p>COLT Telecom GmbH<br \/>Attila Molnar<br \/>Herriotstra\u00dfe 4<br \/>60528 Frankfurt\/Main<br \/>t + 49 (0) 69 \/ 5 66 06 \u2013 0<br \/>f + 49 (0) 69 \/ 5 66 06 \u2013 2000<br \/><a href=\"https:\/\/legacy.colt.net\">legacy.colt.net<\/a><br \/><a href=\"mailto:attila.molnar@colt.net\">attila.molnar@colt.net<\/a><\/p>\n<p>Trimedia Communications Deutschland GmbH<br \/>Marc Pedack<br \/>Rather Stra\u00dfe 49d<br \/>40476 D\u00fcsseldorf<br \/>t + 49 (0) 211 \/ 9 64 85 \u2013 52<br \/>f + 49 (0) 211 \/ 9 64 85 \u2013 45<br \/><a href=\"mailto:colt@dus.trimedia.de\">colt@dus.trimedia.de<\/a><\/p>\n<\/p><\/div>\n","protected":false},"excerpt":{"rendered":"<p>Dr. J\u00fcrgen Hernichel, Vorsitzender der Gesch\u00e4ftsf\u00fchrung von COLT Telecom in Deutschland, wurde zum neuen Pr\u00e4sidiumsmitglied des Verbandes der Anbieter von Telekommunikations- und Mehrwertdiensten e.V. (VATM) gew\u00e4hlt. Die Entscheidung fiel bei der Mitgliederversammlung des Branchenverbandes am 7. Mai 2009. Hernichel vertritt im VATM-Pr\u00e4sidium ab sofort die Interessen der TK-Anbieter aus dem Gesch\u00e4ftskunden-Bereich. COLT ist langj\u00e4hriges Mitglied&#8230;<\/p>\n","protected":false},"author":112,"featured_media":0,"comment_status":"closed","ping_status":"closed","sticky":false,"template":"","format":"standard","meta":{"_acf_changed":false,"footnotes":""},"colt_type":[1180],"colt_ind":[],"colt_products":[],"colt_solutions":[],"class_list":["post-44759","post","type-post","status-publish","format-standard","hentry","colt_type-news-de"],"acf":[],"yoast_head":"<!-- This site is optimized with the Yoast SEO plugin v26.8 - https:\/\/yoast.com\/product\/yoast-seo-wordpress\/ -->\n<title>Dr.J\u00fcrgen Hernichel ist neues Mitglied des VATM-Pr\u00e4sidiums - Colt Technology Services<\/title>\n<meta name=\"description\" content=\"Dr.J\u00fcrgen Hernichel ist neues Mitglied des VATM-Pr\u00e4sidiums Colt Technology Services\" \/>\n<meta name=\"robots\" content=\"noindex, follow, max-snippet:-1, max-image-preview:large, max-video-preview:-1\" \/>\n<meta property=\"og:locale\" content=\"de_DE\" \/>\n<meta property=\"og:type\" content=\"article\" \/>\n<meta property=\"og:title\" content=\"Dr.J\u00fcrgen Hernichel ist neues Mitglied des VATM-Pr\u00e4sidiums - Colt Technology Services\" \/>\n<meta property=\"og:description\" content=\"Dr.J\u00fcrgen Hernichel ist neues Mitglied des VATM-Pr\u00e4sidiums Colt Technology Services\" \/>\n<meta property=\"og:url\" content=\"https:\/\/legacy.colt.net\/de\/resources\/dr-juergen-hernichel-ist-neues-mitglied-des-vatm-praesidiums\/\" \/>\n<meta property=\"og:site_name\" content=\"Colt Technology Services\" \/>\n<meta property=\"article:publisher\" content=\"https:\/\/www.facebook.com\/ColtTechnologyServices\/\" \/>\n<meta property=\"article:published_time\" content=\"2009-05-10T23:00:00+00:00\" \/>\n<meta property=\"og:image\" content=\"https:\/\/legacy.colt.net\/wp-content\/uploads\/2021\/01\/Brand-2021-Stock-16.jpg\" \/>\n\t<meta property=\"og:image:width\" content=\"1000\" \/>\n\t<meta property=\"og:image:height\" content=\"667\" \/>\n\t<meta property=\"og:image:type\" content=\"image\/jpeg\" \/>\n<meta name=\"author\" content=\"Make Do\" \/>\n<meta name=\"twitter:card\" content=\"summary_large_image\" \/>\n<meta name=\"twitter:creator\" content=\"@colt_technology\" \/>\n<meta name=\"twitter:site\" content=\"@colt_technology\" \/>\n<meta name=\"twitter:label1\" content=\"Written by\" \/>\n\t<meta name=\"twitter:data1\" content=\"Make Do\" \/>\n\t<meta name=\"twitter:label2\" content=\"Est. reading time\" \/>\n\t<meta name=\"twitter:data2\" content=\"2 minutes\" \/>\n<script type=\"application\/ld+json\" class=\"yoast-schema-graph\">{\"@context\":\"https:\/\/schema.org\",\"@graph\":[{\"@type\":\"Article\",\"@id\":\"https:\/\/legacy.colt.net\/de\/resources\/dr-juergen-hernichel-ist-neues-mitglied-des-vatm-praesidiums\/#article\",\"isPartOf\":{\"@id\":\"https:\/\/legacy.colt.net\/de\/resources\/dr-juergen-hernichel-ist-neues-mitglied-des-vatm-praesidiums\/\"},\"author\":{\"name\":\"Make Do\",\"@id\":\"https:\/\/legacy.colt.net\/#\/schema\/person\/71cb803a99c6757c1c6940a6f0683e57\"},\"headline\":\"Dr.J\u00fcrgen Hernichel ist neues Mitglied des VATM-Pr\u00e4sidiums\",\"datePublished\":\"2009-05-10T23:00:00+00:00\",\"mainEntityOfPage\":{\"@id\":\"https:\/\/legacy.colt.net\/de\/resources\/dr-juergen-hernichel-ist-neues-mitglied-des-vatm-praesidiums\/\"},\"wordCount\":375,\"publisher\":{\"@id\":\"https:\/\/legacy.colt.net\/#organization\"},\"inLanguage\":\"de-DE\"},{\"@type\":\"WebPage\",\"@id\":\"https:\/\/legacy.colt.net\/de\/resources\/dr-juergen-hernichel-ist-neues-mitglied-des-vatm-praesidiums\/\",\"url\":\"https:\/\/legacy.colt.net\/de\/resources\/dr-juergen-hernichel-ist-neues-mitglied-des-vatm-praesidiums\/\",\"name\":\"Dr.J\u00fcrgen Hernichel ist neues Mitglied des VATM-Pr\u00e4sidiums - Colt Technology Services\",\"isPartOf\":{\"@id\":\"https:\/\/legacy.colt.net\/#website\"},\"datePublished\":\"2009-05-10T23:00:00+00:00\",\"description\":\"Dr.J\u00fcrgen Hernichel ist neues Mitglied des VATM-Pr\u00e4sidiums Colt Technology Services\",\"breadcrumb\":{\"@id\":\"https:\/\/legacy.colt.net\/de\/resources\/dr-juergen-hernichel-ist-neues-mitglied-des-vatm-praesidiums\/#breadcrumb\"},\"inLanguage\":\"de-DE\",\"potentialAction\":[{\"@type\":\"ReadAction\",\"target\":[\"https:\/\/legacy.colt.net\/de\/resources\/dr-juergen-hernichel-ist-neues-mitglied-des-vatm-praesidiums\/\"]}]},{\"@type\":\"BreadcrumbList\",\"@id\":\"https:\/\/legacy.colt.net\/de\/resources\/dr-juergen-hernichel-ist-neues-mitglied-des-vatm-praesidiums\/#breadcrumb\",\"itemListElement\":[{\"@type\":\"ListItem\",\"position\":1,\"name\":\"Home\",\"item\":\"https:\/\/legacy.colt.net\/de\/\"},{\"@type\":\"ListItem\",\"position\":2,\"name\":\"News\",\"item\":\"https:\/\/legacy.colt.net\/de\/resources\/type\/news-de\/\"},{\"@type\":\"ListItem\",\"position\":3,\"name\":\"Dr.J\u00fcrgen Hernichel ist neues Mitglied des VATM-Pr\u00e4sidiums\"}]},{\"@type\":\"WebSite\",\"@id\":\"https:\/\/legacy.colt.net\/#website\",\"url\":\"https:\/\/legacy.colt.net\/\",\"name\":\"Colt\u30c6\u30af\u30ce\u30ed\u30b8\u30fc\u30b5\u30fc\u30d3\u30b9\u682a\u5f0f\u4f1a\u793e\",\"description\":\"Managed Network &amp; Voice Services Provider\",\"publisher\":{\"@id\":\"https:\/\/legacy.colt.net\/#organization\"},\"potentialAction\":[{\"@type\":\"SearchAction\",\"target\":{\"@type\":\"EntryPoint\",\"urlTemplate\":\"https:\/\/legacy.colt.net\/?s={search_term_string}\"},\"query-input\":{\"@type\":\"PropertyValueSpecification\",\"valueRequired\":true,\"valueName\":\"search_term_string\"}}],\"inLanguage\":\"de-DE\"},{\"@type\":\"Organization\",\"@id\":\"https:\/\/legacy.colt.net\/#organization\",\"name\":\"Colt Technology Services\",\"url\":\"https:\/\/legacy.colt.net\/\",\"logo\":{\"@type\":\"ImageObject\",\"inLanguage\":\"de-DE\",\"@id\":\"https:\/\/legacy.colt.net\/#\/schema\/logo\/image\/\",\"url\":\"https:\/\/legacy.colt.net\/wp-content\/uploads\/2019\/02\/Colt-Logo.png\",\"contentUrl\":\"https:\/\/legacy.colt.net\/wp-content\/uploads\/2019\/02\/Colt-Logo.png\",\"width\":195,\"height\":77,\"caption\":\"Colt Technology Services\"},\"image\":{\"@id\":\"https:\/\/legacy.colt.net\/#\/schema\/logo\/image\/\"},\"sameAs\":[\"https:\/\/www.facebook.com\/ColtTechnologyServices\/\",\"https:\/\/x.com\/colt_technology\",\"https:\/\/www.instagram.com\/colttechnologyservices\/\",\"https:\/\/www.linkedin.com\/company\/colt-technology-services\",\"https:\/\/www.youtube.com\/user\/ColtTechnology\"]},{\"@type\":\"Person\",\"@id\":\"https:\/\/legacy.colt.net\/#\/schema\/person\/71cb803a99c6757c1c6940a6f0683e57\",\"name\":\"Make Do\",\"image\":{\"@type\":\"ImageObject\",\"inLanguage\":\"de-DE\",\"@id\":\"https:\/\/legacy.colt.net\/#\/schema\/person\/image\/\",\"url\":\"https:\/\/secure.gravatar.com\/avatar\/fe73597d3286e48e5f95eb7e1bd97ea091a03336686cad88ca44eadaa6287761?s=96&d=mm&r=g\",\"contentUrl\":\"https:\/\/secure.gravatar.com\/avatar\/fe73597d3286e48e5f95eb7e1bd97ea091a03336686cad88ca44eadaa6287761?s=96&d=mm&r=g\",\"caption\":\"Make Do\"},\"sameAs\":[\"https:\/\/makedo.net\"],\"url\":\"https:\/\/legacy.colt.net\/de\/resources\/author\/makedo\/\"}]}<\/script>\n<!-- \/ Yoast SEO plugin. -->","yoast_head_json":{"title":"Dr.J\u00fcrgen Hernichel ist neues Mitglied des VATM-Pr\u00e4sidiums - Colt Technology Services","description":"Dr.J\u00fcrgen Hernichel ist neues Mitglied des VATM-Pr\u00e4sidiums Colt Technology Services","robots":{"index":"noindex","follow":"follow","max-snippet":"max-snippet:-1","max-image-preview":"max-image-preview:large","max-video-preview":"max-video-preview:-1"},"og_locale":"de_DE","og_type":"article","og_title":"Dr.J\u00fcrgen Hernichel ist neues Mitglied des VATM-Pr\u00e4sidiums - Colt Technology Services","og_description":"Dr.J\u00fcrgen Hernichel ist neues Mitglied des VATM-Pr\u00e4sidiums Colt Technology Services","og_url":"https:\/\/legacy.colt.net\/de\/resources\/dr-juergen-hernichel-ist-neues-mitglied-des-vatm-praesidiums\/","og_site_name":"Colt Technology Services","article_publisher":"https:\/\/www.facebook.com\/ColtTechnologyServices\/","article_published_time":"2009-05-10T23:00:00+00:00","og_image":[{"width":1000,"height":667,"url":"https:\/\/legacy.colt.net\/wp-content\/uploads\/2021\/01\/Brand-2021-Stock-16.jpg","type":"image\/jpeg"}],"author":"Make Do","twitter_card":"summary_large_image","twitter_creator":"@colt_technology","twitter_site":"@colt_technology","twitter_misc":{"Written by":"Make Do","Est. reading time":"2 minutes"},"schema":{"@context":"https:\/\/schema.org","@graph":[{"@type":"Article","@id":"https:\/\/legacy.colt.net\/de\/resources\/dr-juergen-hernichel-ist-neues-mitglied-des-vatm-praesidiums\/#article","isPartOf":{"@id":"https:\/\/legacy.colt.net\/de\/resources\/dr-juergen-hernichel-ist-neues-mitglied-des-vatm-praesidiums\/"},"author":{"name":"Make Do","@id":"https:\/\/legacy.colt.net\/#\/schema\/person\/71cb803a99c6757c1c6940a6f0683e57"},"headline":"Dr.J\u00fcrgen Hernichel ist neues Mitglied des VATM-Pr\u00e4sidiums","datePublished":"2009-05-10T23:00:00+00:00","mainEntityOfPage":{"@id":"https:\/\/legacy.colt.net\/de\/resources\/dr-juergen-hernichel-ist-neues-mitglied-des-vatm-praesidiums\/"},"wordCount":375,"publisher":{"@id":"https:\/\/legacy.colt.net\/#organization"},"inLanguage":"de-DE"},{"@type":"WebPage","@id":"https:\/\/legacy.colt.net\/de\/resources\/dr-juergen-hernichel-ist-neues-mitglied-des-vatm-praesidiums\/","url":"https:\/\/legacy.colt.net\/de\/resources\/dr-juergen-hernichel-ist-neues-mitglied-des-vatm-praesidiums\/","name":"Dr.J\u00fcrgen Hernichel ist neues Mitglied des VATM-Pr\u00e4sidiums - Colt Technology Services","isPartOf":{"@id":"https:\/\/legacy.colt.net\/#website"},"datePublished":"2009-05-10T23:00:00+00:00","description":"Dr.J\u00fcrgen Hernichel ist neues Mitglied des VATM-Pr\u00e4sidiums Colt Technology Services","breadcrumb":{"@id":"https:\/\/legacy.colt.net\/de\/resources\/dr-juergen-hernichel-ist-neues-mitglied-des-vatm-praesidiums\/#breadcrumb"},"inLanguage":"de-DE","potentialAction":[{"@type":"ReadAction","target":["https:\/\/legacy.colt.net\/de\/resources\/dr-juergen-hernichel-ist-neues-mitglied-des-vatm-praesidiums\/"]}]},{"@type":"BreadcrumbList","@id":"https:\/\/legacy.colt.net\/de\/resources\/dr-juergen-hernichel-ist-neues-mitglied-des-vatm-praesidiums\/#breadcrumb","itemListElement":[{"@type":"ListItem","position":1,"name":"Home","item":"https:\/\/legacy.colt.net\/de\/"},{"@type":"ListItem","position":2,"name":"News","item":"https:\/\/legacy.colt.net\/de\/resources\/type\/news-de\/"},{"@type":"ListItem","position":3,"name":"Dr.J\u00fcrgen Hernichel ist neues Mitglied des VATM-Pr\u00e4sidiums"}]},{"@type":"WebSite","@id":"https:\/\/legacy.colt.net\/#website","url":"https:\/\/legacy.colt.net\/","name":"Colt\u30c6\u30af\u30ce\u30ed\u30b8\u30fc\u30b5\u30fc\u30d3\u30b9\u682a\u5f0f\u4f1a\u793e","description":"Managed Network &amp; Voice Services Provider","publisher":{"@id":"https:\/\/legacy.colt.net\/#organization"},"potentialAction":[{"@type":"SearchAction","target":{"@type":"EntryPoint","urlTemplate":"https:\/\/legacy.colt.net\/?s={search_term_string}"},"query-input":{"@type":"PropertyValueSpecification","valueRequired":true,"valueName":"search_term_string"}}],"inLanguage":"de-DE"},{"@type":"Organization","@id":"https:\/\/legacy.colt.net\/#organization","name":"Colt Technology Services","url":"https:\/\/legacy.colt.net\/","logo":{"@type":"ImageObject","inLanguage":"de-DE","@id":"https:\/\/legacy.colt.net\/#\/schema\/logo\/image\/","url":"https:\/\/legacy.colt.net\/wp-content\/uploads\/2019\/02\/Colt-Logo.png","contentUrl":"https:\/\/legacy.colt.net\/wp-content\/uploads\/2019\/02\/Colt-Logo.png","width":195,"height":77,"caption":"Colt Technology Services"},"image":{"@id":"https:\/\/legacy.colt.net\/#\/schema\/logo\/image\/"},"sameAs":["https:\/\/www.facebook.com\/ColtTechnologyServices\/","https:\/\/x.com\/colt_technology","https:\/\/www.instagram.com\/colttechnologyservices\/","https:\/\/www.linkedin.com\/company\/colt-technology-services","https:\/\/www.youtube.com\/user\/ColtTechnology"]},{"@type":"Person","@id":"https:\/\/legacy.colt.net\/#\/schema\/person\/71cb803a99c6757c1c6940a6f0683e57","name":"Make Do","image":{"@type":"ImageObject","inLanguage":"de-DE","@id":"https:\/\/legacy.colt.net\/#\/schema\/person\/image\/","url":"https:\/\/secure.gravatar.com\/avatar\/fe73597d3286e48e5f95eb7e1bd97ea091a03336686cad88ca44eadaa6287761?s=96&d=mm&r=g","contentUrl":"https:\/\/secure.gravatar.com\/avatar\/fe73597d3286e48e5f95eb7e1bd97ea091a03336686cad88ca44eadaa6287761?s=96&d=mm&r=g","caption":"Make Do"},"sameAs":["https:\/\/makedo.net"],"url":"https:\/\/legacy.colt.net\/de\/resources\/author\/makedo\/"}]}},"_links":{"self":[{"href":"https:\/\/legacy.colt.net\/de\/wp-json\/wp\/v2\/posts\/44759","targetHints":{"allow":["GET"]}}],"collection":[{"href":"https:\/\/legacy.colt.net\/de\/wp-json\/wp\/v2\/posts"}],"about":[{"href":"https:\/\/legacy.colt.net\/de\/wp-json\/wp\/v2\/types\/post"}],"author":[{"embeddable":true,"href":"https:\/\/legacy.colt.net\/de\/wp-json\/wp\/v2\/users\/112"}],"replies":[{"embeddable":true,"href":"https:\/\/legacy.colt.net\/de\/wp-json\/wp\/v2\/comments?post=44759"}],"version-history":[{"count":0,"href":"https:\/\/legacy.colt.net\/de\/wp-json\/wp\/v2\/posts\/44759\/revisions"}],"wp:attachment":[{"href":"https:\/\/legacy.colt.net\/de\/wp-json\/wp\/v2\/media?parent=44759"}],"wp:term":[{"taxonomy":"colt_type","embeddable":true,"href":"https:\/\/legacy.colt.net\/de\/wp-json\/wp\/v2\/colt_type?post=44759"},{"taxonomy":"colt_ind","embeddable":true,"href":"https:\/\/legacy.colt.net\/de\/wp-json\/wp\/v2\/colt_ind?post=44759"},{"taxonomy":"colt_products","embeddable":true,"href":"https:\/\/legacy.colt.net\/de\/wp-json\/wp\/v2\/colt_products?post=44759"},{"taxonomy":"colt_solutions","embeddable":true,"href":"https:\/\/legacy.colt.net\/de\/wp-json\/wp\/v2\/colt_solutions?post=44759"}],"curies":[{"name":"wp","href":"https:\/\/api.w.org\/{rel}","templated":true}]}}