{"id":102727,"date":"2021-09-29T13:52:51","date_gmt":"2021-09-29T12:52:51","guid":{"rendered":"https:\/\/www.colt.net\/?p=102727"},"modified":"2021-09-29T13:58:24","modified_gmt":"2021-09-29T12:58:24","slug":"colt-technology-services-gibt-zwei-ernennungen-in-das-executive-leadership-team-bekannt","status":"publish","type":"post","link":"https:\/\/legacy.colt.net\/de\/resources\/colt-technology-services-gibt-zwei-ernennungen-in-das-executive-leadership-team-bekannt\/","title":{"rendered":"Colt Technology Services gibt zwei Ernennungen in das Executive Leadership Team bekannt"},"content":{"rendered":"<p><em>Positionen EVP Sales, Marketing and Customer Relationship Management und Chief of Staff to the CEO machen F\u00fchrungsteam komplett<\/em><\/p>\n<p>Frankfurt, 29.09.2021, Colt Technology Services hat die Ernennung von Andrew Edison zum Executive Vice President (EVP), Sales, Marketing und Customer Relationship Management bekannt gegeben, sowie von Mark Beeden zum Chief of Staff to the CEO. Damit ist das Executive Leadership Team (ELT) des Unternehmens erneut komplett.<\/p>\n<p>Andrew Edison ist daf\u00fcr verantwortlich, die Gesch\u00e4ftsstrategie von Colt weiterzuentwickeln und globale Teams in den Bereichen Vertrieb, Presales, Marketing und Customer Relationship Management zu leiten. Dabei bringt er die entscheidenden Schnittstellen im gesamten Unternehmen zusammen, damit Colt seine Vision umsetzt, die Art und Weise wie Menschen global zusammenarbeiten durch hochleistungsf\u00e4hige Netzwerkverbindungen umzugestalten.<\/p>\n<p>Edison kam 2018 zu Colt und war bisher Vice President, Global Enterprise, nachdem er verschiedene F\u00fchrungspositionen bei Telekommunikationsunternehmen in der EMEA-Region und den USA innehatte.<\/p>\n<p>Mark Beeden wird am 1. Oktober seine Position als Chief of Staff des CEO antreten. In dieser Funktion ist er f\u00fcr die weitere Entwicklung der Digital- und Customer-Experience-Strategie von Colt verantwortlich und arbeitet bei einer Vielzahl von Projekten und Initiativen eng mit CEO Keri Gilder und dem weiteren F\u00fchrungsteam zusammen.<\/p>\n<p>Er ist seit 2012 bei Colt t\u00e4tig, zun\u00e4chst als Chief Marketing Officer und zuletzt als Vice President (VP) Customer Experience and Service Management. Vor seinem Eintritt in das Unternehmen nahm er eine Reihe von F\u00fchrungspositionen in den Bereichen Finanzdienstleistungen, Logistik, Konsumg\u00fcter und Telekommunikation ein.<\/p>\n<p>Andrew Edison, EVP Sales, Marketing und Customer Relationship Management, sagt: \u201eDie vergangenen Monate haben gezeigt, wie entscheidend zuverl\u00e4ssige und flexible Verbindungen sind. Ich freue mich darauf, mit unserem Team zusammenzuarbeiten und das umfangreiche Netzwerk sowie die Kompetenzen und F\u00e4higkeiten von Colt einzusetzen, um unsere Kunden bei ihrer Transformation und der Erreichung ihrer Nachhaltigkeitsziele zu unterst\u00fctzen.\u201c<\/p>\n<p>Mark Beeden, Chief of Staff des CEO, erkl\u00e4rt: \u201eEs ist eine spannende Zeit, in der ich Teil des Colt-F\u00fchrungsteams werden darf. Viele Themen wie Diversity, Nachhaltigkeit, technologische Innovationen und Service sind bereits auf den Weg gebracht. Das ist f\u00fcr uns eine sehr gute Ausgangsposition mit dem Ziel eine Vorreiterrolle einzunehmen.<\/p>\n<p>Keri Gilder, CEO von Colt, sagt: \u201eMit der Ernennung von Andrew Edison und Mark Beeden sind nicht nur wichtige Positionen besetzt, sondern auch unser strategisches F\u00fchrungsteam vollst\u00e4ndig. Edison und Beeden werden eine Schl\u00fcsselrolle im Unternehmen spielen, sowohl durch die Zusammenarbeit mit Einzelpersonen als auch mit ganzen Teams. Ihre Expertise wird dazu beitragen unsere Vision umzusetzen, ein Telekommunikationsunternehmen der n\u00e4chsten Generation aufzubauen.&#8221;<\/p>\n<p>Colt wurde als Vision\u00e4r im Gartner 2021 Magic Quadrant for Network Services ausgezeichnet und erhielt au\u00dferdem den 2021 European Customer Value Leadership Award von Frost &amp; Sullivan. Die j\u00fcngsten branchenf\u00fchrenden <a href=\"https:\/\/legacy.colt.net\/de\/resources\/kundenzufriedenheit-colt-weiterhin-fuehrend-im-net-promotor-score\/\">Net Promotor Scores (NPS)<\/a> des Unternehmens spiegeln die hohe Kundenorientierung der Colt-Mitarbeiter wider. In der Diversity-Leaders-Liste der Financial Times wurde Colt auf den ersten Platz in der Telekommunikationsbranche gesetzt.<\/p>\n<p><em><br \/>\nPressekontakt:<br \/>\n<\/em>Fauth Gundlach &amp; H\u00fcbl<br \/>\nLea Friedmann<br \/>\nTel.: +49 (0) 611 172142 00<br \/>\nE-Mail: <a href=\"mailto:friedmann@fgundh.de\">friedmann@fgundh.de<\/a><\/p>\n","protected":false},"excerpt":{"rendered":"<p>Colt Technology Services hat die Ernennung von Andrew Edison zum Executive Vice President (EVP), Sales, Marketing und Customer Relationship Management bekannt gegeben, sowie von Mark Beeden zum Chief of Staff to the CEO. Damit ist das Executive Leadership Team (ELT) des Unternehmens erneut komplett.<\/p>\n","protected":false},"author":57,"featured_media":102477,"comment_status":"closed","ping_status":"closed","sticky":false,"template":"","format":"standard","meta":{"_acf_changed":false,"footnotes":""},"colt_type":[1180],"colt_ind":[],"colt_products":[],"colt_solutions":[],"class_list":["post-102727","post","type-post","status-publish","format-standard","has-post-thumbnail","hentry","colt_type-news-de"],"acf":[],"yoast_head":"<!-- This site is optimized with the Yoast SEO plugin v26.8 - https:\/\/yoast.com\/product\/yoast-seo-wordpress\/ -->\n<title>Colt Technology Services gibt zwei Ernennungen in das Executive Leadership Team bekannt - Colt Technology Services<\/title>\n<meta name=\"description\" content=\"Colt Technology Services gibt zwei Ernennungen in das Executive Leadership Team bekannt Colt Technology Services\" \/>\n<meta name=\"robots\" content=\"noindex, follow, max-snippet:-1, max-image-preview:large, max-video-preview:-1\" \/>\n<meta property=\"og:locale\" content=\"de_DE\" \/>\n<meta property=\"og:type\" content=\"article\" \/>\n<meta property=\"og:title\" content=\"Colt Technology Services gibt zwei Ernennungen in das Executive Leadership Team bekannt - Colt Technology Services\" \/>\n<meta property=\"og:description\" content=\"Colt Technology Services gibt zwei Ernennungen in das Executive Leadership Team bekannt Colt Technology Services\" \/>\n<meta property=\"og:url\" content=\"https:\/\/legacy.colt.net\/de\/resources\/colt-technology-services-gibt-zwei-ernennungen-in-das-executive-leadership-team-bekannt\/\" \/>\n<meta property=\"og:site_name\" content=\"Colt Technology Services\" \/>\n<meta property=\"article:publisher\" content=\"https:\/\/www.facebook.com\/ColtTechnologyServices\/\" \/>\n<meta property=\"article:published_time\" content=\"2021-09-29T12:52:51+00:00\" \/>\n<meta property=\"article:modified_time\" content=\"2021-09-29T12:58:24+00:00\" \/>\n<meta property=\"og:image\" content=\"https:\/\/legacy.colt.net\/wp-content\/uploads\/2021\/09\/Andrew-Edison_092021.png\" \/>\n\t<meta property=\"og:image:width\" content=\"622\" \/>\n\t<meta property=\"og:image:height\" content=\"458\" \/>\n\t<meta property=\"og:image:type\" content=\"image\/png\" \/>\n<meta name=\"author\" content=\"Colt Technology Services\" \/>\n<meta name=\"twitter:card\" content=\"summary_large_image\" \/>\n<meta name=\"twitter:image\" content=\"https:\/\/legacy.colt.net\/wp-content\/uploads\/2021\/09\/Andrew-Edison_092021.png\" \/>\n<meta name=\"twitter:creator\" content=\"@colt_technology\" \/>\n<meta name=\"twitter:site\" content=\"@colt_technology\" \/>\n<meta name=\"twitter:label1\" content=\"Written by\" \/>\n\t<meta name=\"twitter:data1\" content=\"Colt Technology Services\" \/>\n\t<meta name=\"twitter:label2\" content=\"Est. reading time\" \/>\n\t<meta name=\"twitter:data2\" content=\"2 minutes\" \/>\n<script type=\"application\/ld+json\" class=\"yoast-schema-graph\">{\"@context\":\"https:\/\/schema.org\",\"@graph\":[{\"@type\":\"Article\",\"@id\":\"https:\/\/legacy.colt.net\/de\/resources\/colt-technology-services-gibt-zwei-ernennungen-in-das-executive-leadership-team-bekannt\/#article\",\"isPartOf\":{\"@id\":\"https:\/\/legacy.colt.net\/de\/resources\/colt-technology-services-gibt-zwei-ernennungen-in-das-executive-leadership-team-bekannt\/\"},\"author\":{\"name\":\"Colt Technology Services\",\"@id\":\"https:\/\/legacy.colt.net\/#\/schema\/person\/51d93677433c644cebd2e188a39f408c\"},\"headline\":\"Colt Technology Services gibt zwei Ernennungen in das Executive Leadership Team bekannt\",\"datePublished\":\"2021-09-29T12:52:51+00:00\",\"dateModified\":\"2021-09-29T12:58:24+00:00\",\"mainEntityOfPage\":{\"@id\":\"https:\/\/legacy.colt.net\/de\/resources\/colt-technology-services-gibt-zwei-ernennungen-in-das-executive-leadership-team-bekannt\/\"},\"wordCount\":504,\"publisher\":{\"@id\":\"https:\/\/legacy.colt.net\/#organization\"},\"image\":{\"@id\":\"https:\/\/legacy.colt.net\/de\/resources\/colt-technology-services-gibt-zwei-ernennungen-in-das-executive-leadership-team-bekannt\/#primaryimage\"},\"thumbnailUrl\":\"https:\/\/legacy.colt.net\/wp-content\/uploads\/2021\/09\/Andrew-Edison_092021.png\",\"inLanguage\":\"de-DE\"},{\"@type\":\"WebPage\",\"@id\":\"https:\/\/legacy.colt.net\/de\/resources\/colt-technology-services-gibt-zwei-ernennungen-in-das-executive-leadership-team-bekannt\/\",\"url\":\"https:\/\/legacy.colt.net\/de\/resources\/colt-technology-services-gibt-zwei-ernennungen-in-das-executive-leadership-team-bekannt\/\",\"name\":\"Colt Technology Services gibt zwei Ernennungen in das Executive Leadership Team bekannt - Colt Technology Services\",\"isPartOf\":{\"@id\":\"https:\/\/legacy.colt.net\/#website\"},\"primaryImageOfPage\":{\"@id\":\"https:\/\/legacy.colt.net\/de\/resources\/colt-technology-services-gibt-zwei-ernennungen-in-das-executive-leadership-team-bekannt\/#primaryimage\"},\"image\":{\"@id\":\"https:\/\/legacy.colt.net\/de\/resources\/colt-technology-services-gibt-zwei-ernennungen-in-das-executive-leadership-team-bekannt\/#primaryimage\"},\"thumbnailUrl\":\"https:\/\/legacy.colt.net\/wp-content\/uploads\/2021\/09\/Andrew-Edison_092021.png\",\"datePublished\":\"2021-09-29T12:52:51+00:00\",\"dateModified\":\"2021-09-29T12:58:24+00:00\",\"description\":\"Colt Technology Services gibt zwei Ernennungen in das Executive Leadership Team bekannt Colt Technology Services\",\"breadcrumb\":{\"@id\":\"https:\/\/legacy.colt.net\/de\/resources\/colt-technology-services-gibt-zwei-ernennungen-in-das-executive-leadership-team-bekannt\/#breadcrumb\"},\"inLanguage\":\"de-DE\",\"potentialAction\":[{\"@type\":\"ReadAction\",\"target\":[\"https:\/\/legacy.colt.net\/de\/resources\/colt-technology-services-gibt-zwei-ernennungen-in-das-executive-leadership-team-bekannt\/\"]}]},{\"@type\":\"ImageObject\",\"inLanguage\":\"de-DE\",\"@id\":\"https:\/\/legacy.colt.net\/de\/resources\/colt-technology-services-gibt-zwei-ernennungen-in-das-executive-leadership-team-bekannt\/#primaryimage\",\"url\":\"https:\/\/legacy.colt.net\/wp-content\/uploads\/2021\/09\/Andrew-Edison_092021.png\",\"contentUrl\":\"https:\/\/legacy.colt.net\/wp-content\/uploads\/2021\/09\/Andrew-Edison_092021.png\",\"width\":622,\"height\":458},{\"@type\":\"BreadcrumbList\",\"@id\":\"https:\/\/legacy.colt.net\/de\/resources\/colt-technology-services-gibt-zwei-ernennungen-in-das-executive-leadership-team-bekannt\/#breadcrumb\",\"itemListElement\":[{\"@type\":\"ListItem\",\"position\":1,\"name\":\"Home\",\"item\":\"https:\/\/legacy.colt.net\/de\/\"},{\"@type\":\"ListItem\",\"position\":2,\"name\":\"News\",\"item\":\"https:\/\/legacy.colt.net\/de\/resources\/type\/news-de\/\"},{\"@type\":\"ListItem\",\"position\":3,\"name\":\"Colt Technology Services gibt zwei Ernennungen in das Executive Leadership Team bekannt\"}]},{\"@type\":\"WebSite\",\"@id\":\"https:\/\/legacy.colt.net\/#website\",\"url\":\"https:\/\/legacy.colt.net\/\",\"name\":\"Colt\u30c6\u30af\u30ce\u30ed\u30b8\u30fc\u30b5\u30fc\u30d3\u30b9\u682a\u5f0f\u4f1a\u793e\",\"description\":\"Managed Network &amp; Voice Services Provider\",\"publisher\":{\"@id\":\"https:\/\/legacy.colt.net\/#organization\"},\"potentialAction\":[{\"@type\":\"SearchAction\",\"target\":{\"@type\":\"EntryPoint\",\"urlTemplate\":\"https:\/\/legacy.colt.net\/?s={search_term_string}\"},\"query-input\":{\"@type\":\"PropertyValueSpecification\",\"valueRequired\":true,\"valueName\":\"search_term_string\"}}],\"inLanguage\":\"de-DE\"},{\"@type\":\"Organization\",\"@id\":\"https:\/\/legacy.colt.net\/#organization\",\"name\":\"Colt Technology Services\",\"url\":\"https:\/\/legacy.colt.net\/\",\"logo\":{\"@type\":\"ImageObject\",\"inLanguage\":\"de-DE\",\"@id\":\"https:\/\/legacy.colt.net\/#\/schema\/logo\/image\/\",\"url\":\"https:\/\/legacy.colt.net\/wp-content\/uploads\/2019\/02\/Colt-Logo.png\",\"contentUrl\":\"https:\/\/legacy.colt.net\/wp-content\/uploads\/2019\/02\/Colt-Logo.png\",\"width\":195,\"height\":77,\"caption\":\"Colt Technology Services\"},\"image\":{\"@id\":\"https:\/\/legacy.colt.net\/#\/schema\/logo\/image\/\"},\"sameAs\":[\"https:\/\/www.facebook.com\/ColtTechnologyServices\/\",\"https:\/\/x.com\/colt_technology\",\"https:\/\/www.instagram.com\/colttechnologyservices\/\",\"https:\/\/www.linkedin.com\/company\/colt-technology-services\",\"https:\/\/www.youtube.com\/user\/ColtTechnology\"]},{\"@type\":\"Person\",\"@id\":\"https:\/\/legacy.colt.net\/#\/schema\/person\/51d93677433c644cebd2e188a39f408c\",\"name\":\"Colt Technology Services\",\"image\":{\"@type\":\"ImageObject\",\"inLanguage\":\"de-DE\",\"@id\":\"https:\/\/legacy.colt.net\/#\/schema\/person\/image\/\",\"url\":\"https:\/\/secure.gravatar.com\/avatar\/da955e1f4d3d16640f8f02837628dfd989b81c4cd9c4f0dbc6c258b0f599616f?s=96&d=mm&r=g\",\"contentUrl\":\"https:\/\/secure.gravatar.com\/avatar\/da955e1f4d3d16640f8f02837628dfd989b81c4cd9c4f0dbc6c258b0f599616f?s=96&d=mm&r=g\",\"caption\":\"Colt Technology Services\"},\"sameAs\":[\"https:\/\/Fauth%20Gundlach%20&amp;%20Hubl\"],\"url\":\"https:\/\/legacy.colt.net\/de\/resources\/author\/florianstrube\/\"}]}<\/script>\n<!-- \/ Yoast SEO plugin. -->","yoast_head_json":{"title":"Colt Technology Services gibt zwei Ernennungen in das Executive Leadership Team bekannt - Colt Technology Services","description":"Colt Technology Services gibt zwei Ernennungen in das Executive Leadership Team bekannt Colt Technology Services","robots":{"index":"noindex","follow":"follow","max-snippet":"max-snippet:-1","max-image-preview":"max-image-preview:large","max-video-preview":"max-video-preview:-1"},"og_locale":"de_DE","og_type":"article","og_title":"Colt Technology Services gibt zwei Ernennungen in das Executive Leadership Team bekannt - Colt Technology Services","og_description":"Colt Technology Services gibt zwei Ernennungen in das Executive Leadership Team bekannt Colt Technology Services","og_url":"https:\/\/legacy.colt.net\/de\/resources\/colt-technology-services-gibt-zwei-ernennungen-in-das-executive-leadership-team-bekannt\/","og_site_name":"Colt Technology Services","article_publisher":"https:\/\/www.facebook.com\/ColtTechnologyServices\/","article_published_time":"2021-09-29T12:52:51+00:00","article_modified_time":"2021-09-29T12:58:24+00:00","og_image":[{"width":622,"height":458,"url":"https:\/\/legacy.colt.net\/wp-content\/uploads\/2021\/09\/Andrew-Edison_092021.png","type":"image\/png"}],"author":"Colt Technology Services","twitter_card":"summary_large_image","twitter_image":"https:\/\/legacy.colt.net\/wp-content\/uploads\/2021\/09\/Andrew-Edison_092021.png","twitter_creator":"@colt_technology","twitter_site":"@colt_technology","twitter_misc":{"Written by":"Colt Technology Services","Est. reading time":"2 minutes"},"schema":{"@context":"https:\/\/schema.org","@graph":[{"@type":"Article","@id":"https:\/\/legacy.colt.net\/de\/resources\/colt-technology-services-gibt-zwei-ernennungen-in-das-executive-leadership-team-bekannt\/#article","isPartOf":{"@id":"https:\/\/legacy.colt.net\/de\/resources\/colt-technology-services-gibt-zwei-ernennungen-in-das-executive-leadership-team-bekannt\/"},"author":{"name":"Colt Technology Services","@id":"https:\/\/legacy.colt.net\/#\/schema\/person\/51d93677433c644cebd2e188a39f408c"},"headline":"Colt Technology Services gibt zwei Ernennungen in das Executive Leadership Team bekannt","datePublished":"2021-09-29T12:52:51+00:00","dateModified":"2021-09-29T12:58:24+00:00","mainEntityOfPage":{"@id":"https:\/\/legacy.colt.net\/de\/resources\/colt-technology-services-gibt-zwei-ernennungen-in-das-executive-leadership-team-bekannt\/"},"wordCount":504,"publisher":{"@id":"https:\/\/legacy.colt.net\/#organization"},"image":{"@id":"https:\/\/legacy.colt.net\/de\/resources\/colt-technology-services-gibt-zwei-ernennungen-in-das-executive-leadership-team-bekannt\/#primaryimage"},"thumbnailUrl":"https:\/\/legacy.colt.net\/wp-content\/uploads\/2021\/09\/Andrew-Edison_092021.png","inLanguage":"de-DE"},{"@type":"WebPage","@id":"https:\/\/legacy.colt.net\/de\/resources\/colt-technology-services-gibt-zwei-ernennungen-in-das-executive-leadership-team-bekannt\/","url":"https:\/\/legacy.colt.net\/de\/resources\/colt-technology-services-gibt-zwei-ernennungen-in-das-executive-leadership-team-bekannt\/","name":"Colt Technology Services gibt zwei Ernennungen in das Executive Leadership Team bekannt - Colt Technology Services","isPartOf":{"@id":"https:\/\/legacy.colt.net\/#website"},"primaryImageOfPage":{"@id":"https:\/\/legacy.colt.net\/de\/resources\/colt-technology-services-gibt-zwei-ernennungen-in-das-executive-leadership-team-bekannt\/#primaryimage"},"image":{"@id":"https:\/\/legacy.colt.net\/de\/resources\/colt-technology-services-gibt-zwei-ernennungen-in-das-executive-leadership-team-bekannt\/#primaryimage"},"thumbnailUrl":"https:\/\/legacy.colt.net\/wp-content\/uploads\/2021\/09\/Andrew-Edison_092021.png","datePublished":"2021-09-29T12:52:51+00:00","dateModified":"2021-09-29T12:58:24+00:00","description":"Colt Technology Services gibt zwei Ernennungen in das Executive Leadership Team bekannt Colt Technology Services","breadcrumb":{"@id":"https:\/\/legacy.colt.net\/de\/resources\/colt-technology-services-gibt-zwei-ernennungen-in-das-executive-leadership-team-bekannt\/#breadcrumb"},"inLanguage":"de-DE","potentialAction":[{"@type":"ReadAction","target":["https:\/\/legacy.colt.net\/de\/resources\/colt-technology-services-gibt-zwei-ernennungen-in-das-executive-leadership-team-bekannt\/"]}]},{"@type":"ImageObject","inLanguage":"de-DE","@id":"https:\/\/legacy.colt.net\/de\/resources\/colt-technology-services-gibt-zwei-ernennungen-in-das-executive-leadership-team-bekannt\/#primaryimage","url":"https:\/\/legacy.colt.net\/wp-content\/uploads\/2021\/09\/Andrew-Edison_092021.png","contentUrl":"https:\/\/legacy.colt.net\/wp-content\/uploads\/2021\/09\/Andrew-Edison_092021.png","width":622,"height":458},{"@type":"BreadcrumbList","@id":"https:\/\/legacy.colt.net\/de\/resources\/colt-technology-services-gibt-zwei-ernennungen-in-das-executive-leadership-team-bekannt\/#breadcrumb","itemListElement":[{"@type":"ListItem","position":1,"name":"Home","item":"https:\/\/legacy.colt.net\/de\/"},{"@type":"ListItem","position":2,"name":"News","item":"https:\/\/legacy.colt.net\/de\/resources\/type\/news-de\/"},{"@type":"ListItem","position":3,"name":"Colt Technology Services gibt zwei Ernennungen in das Executive Leadership Team bekannt"}]},{"@type":"WebSite","@id":"https:\/\/legacy.colt.net\/#website","url":"https:\/\/legacy.colt.net\/","name":"Colt\u30c6\u30af\u30ce\u30ed\u30b8\u30fc\u30b5\u30fc\u30d3\u30b9\u682a\u5f0f\u4f1a\u793e","description":"Managed Network &amp; Voice Services Provider","publisher":{"@id":"https:\/\/legacy.colt.net\/#organization"},"potentialAction":[{"@type":"SearchAction","target":{"@type":"EntryPoint","urlTemplate":"https:\/\/legacy.colt.net\/?s={search_term_string}"},"query-input":{"@type":"PropertyValueSpecification","valueRequired":true,"valueName":"search_term_string"}}],"inLanguage":"de-DE"},{"@type":"Organization","@id":"https:\/\/legacy.colt.net\/#organization","name":"Colt Technology Services","url":"https:\/\/legacy.colt.net\/","logo":{"@type":"ImageObject","inLanguage":"de-DE","@id":"https:\/\/legacy.colt.net\/#\/schema\/logo\/image\/","url":"https:\/\/legacy.colt.net\/wp-content\/uploads\/2019\/02\/Colt-Logo.png","contentUrl":"https:\/\/legacy.colt.net\/wp-content\/uploads\/2019\/02\/Colt-Logo.png","width":195,"height":77,"caption":"Colt Technology Services"},"image":{"@id":"https:\/\/legacy.colt.net\/#\/schema\/logo\/image\/"},"sameAs":["https:\/\/www.facebook.com\/ColtTechnologyServices\/","https:\/\/x.com\/colt_technology","https:\/\/www.instagram.com\/colttechnologyservices\/","https:\/\/www.linkedin.com\/company\/colt-technology-services","https:\/\/www.youtube.com\/user\/ColtTechnology"]},{"@type":"Person","@id":"https:\/\/legacy.colt.net\/#\/schema\/person\/51d93677433c644cebd2e188a39f408c","name":"Colt Technology Services","image":{"@type":"ImageObject","inLanguage":"de-DE","@id":"https:\/\/legacy.colt.net\/#\/schema\/person\/image\/","url":"https:\/\/secure.gravatar.com\/avatar\/da955e1f4d3d16640f8f02837628dfd989b81c4cd9c4f0dbc6c258b0f599616f?s=96&d=mm&r=g","contentUrl":"https:\/\/secure.gravatar.com\/avatar\/da955e1f4d3d16640f8f02837628dfd989b81c4cd9c4f0dbc6c258b0f599616f?s=96&d=mm&r=g","caption":"Colt Technology Services"},"sameAs":["https:\/\/Fauth%20Gundlach%20&amp;%20Hubl"],"url":"https:\/\/legacy.colt.net\/de\/resources\/author\/florianstrube\/"}]}},"_links":{"self":[{"href":"https:\/\/legacy.colt.net\/de\/wp-json\/wp\/v2\/posts\/102727","targetHints":{"allow":["GET"]}}],"collection":[{"href":"https:\/\/legacy.colt.net\/de\/wp-json\/wp\/v2\/posts"}],"about":[{"href":"https:\/\/legacy.colt.net\/de\/wp-json\/wp\/v2\/types\/post"}],"author":[{"embeddable":true,"href":"https:\/\/legacy.colt.net\/de\/wp-json\/wp\/v2\/users\/57"}],"replies":[{"embeddable":true,"href":"https:\/\/legacy.colt.net\/de\/wp-json\/wp\/v2\/comments?post=102727"}],"version-history":[{"count":0,"href":"https:\/\/legacy.colt.net\/de\/wp-json\/wp\/v2\/posts\/102727\/revisions"}],"wp:featuredmedia":[{"embeddable":true,"href":"https:\/\/legacy.colt.net\/de\/wp-json\/wp\/v2\/media\/102477"}],"wp:attachment":[{"href":"https:\/\/legacy.colt.net\/de\/wp-json\/wp\/v2\/media?parent=102727"}],"wp:term":[{"taxonomy":"colt_type","embeddable":true,"href":"https:\/\/legacy.colt.net\/de\/wp-json\/wp\/v2\/colt_type?post=102727"},{"taxonomy":"colt_ind","embeddable":true,"href":"https:\/\/legacy.colt.net\/de\/wp-json\/wp\/v2\/colt_ind?post=102727"},{"taxonomy":"colt_products","embeddable":true,"href":"https:\/\/legacy.colt.net\/de\/wp-json\/wp\/v2\/colt_products?post=102727"},{"taxonomy":"colt_solutions","embeddable":true,"href":"https:\/\/legacy.colt.net\/de\/wp-json\/wp\/v2\/colt_solutions?post=102727"}],"curies":[{"name":"wp","href":"https:\/\/api.w.org\/{rel}","templated":true}]}}